{"id":1005,"date":"2021-06-04T21:32:19","date_gmt":"2021-06-04T20:32:19","guid":{"rendered":"https:\/\/www.agrotecrally.cz\/?p=1005"},"modified":"2021-06-07T10:39:07","modified_gmt":"2021-06-07T09:39:07","slug":"posledni-dny-do-uzaverky-hustopecske-rally-mezi-vinicemi","status":"publish","type":"post","link":"https:\/\/www.agrotecrally.cz\/en\/rally-hustopece\/posledni-dny-do-uzaverky-hustopecske-rally-mezi-vinicemi\/","title":{"rendered":"Uz\u00e1v\u011brka hustope\u010dsk\u00e9 \u201erally mezi vinicemi\u201c ve st\u0159edu o p\u016flnoci"},"content":{"rendered":"<p><strong>\u0160estn\u00e1ct\u00fd ro\u010dn\u00edk AGROTEC PETRONAS rally se ne\u00faprosn\u011b bl\u00ed\u017e\u00ed. Sout\u011b\u017e na Hustope\u010dsku se odjede 18. \u2013 19. \u010dervna 2021. Aktu\u00e1ln\u011b po\u0159adatel\u00e9 eviduj\u00ed v\u00edce ne\u017e p\u011bt des\u00edtek p\u0159ihl\u00e1\u0161en\u00fdch, dal\u0161\u00ed z\u00e1jemci maj\u00ed \u010das nov\u011b do st\u0159ede\u010dn\u00ed p\u016flnoci 9. \u010dervna.<\/strong><\/p>\n<p>Z\u00e1po\u010det sout\u011b\u017ee do SONAX Mistrovstv\u00ed \u010cR v rally u\u017e nyn\u00ed p\u0159il\u00e1kal k registraci na t\u0159et\u00ed z\u00e1vod \u010desk\u00e9ho \u0161ampion\u00e1tu t\u00e9m\u011b\u0159 kompletn\u00ed dom\u00e1c\u00ed \u0161pi\u010dku v \u010dele s l\u00eddrem Janem Kopeck\u00fdm. Pr\u00e1v\u011b tento pilot spole\u010dn\u011b s navig\u00e1torem Janem Hlou\u0161kem letos reprezentuj\u00ed barvy \u201edom\u00e1c\u00edho\u201c AGROTEC \u0160koda Rally Teamu a jist\u011b budou cht\u00edt nav\u00e1zat na s\u00e9rii v\u00edt\u011bzstv\u00ed p\u0159ed rokem 2019. P\u0159i posledn\u00edm kl\u00e1n\u00ed v Hustope\u010d\u00edch toti\u017e Jan Kopeck\u00fd kv\u016fli kolizi se startem na z\u00e1vod\u011b WRC chyb\u011bl, v roli obh\u00e1jce prvenstv\u00ed tak \u201emezi vinice\u201c p\u0159ijede Filip Mare\u0161. Oba jezdci povedou vozy \u0160koda Fabia Rally2 evo. Stejnou zna\u010dku pak p\u0159i z\u00e1vod\u011bn\u00ed na jihu Moravy vyu\u017eit\u00ed Jan \u010cern\u00e1, Miroslav Jake\u0161, V\u011broslav Cvr\u010dek \u010di Adam B\u0159ez\u00edk. Konkuren\u010dn\u00ed \u201eer p\u011btky\u201c zat\u00edm reprezentuj\u00ed t\u0159eba Martin Vl\u010dek (Hyundai i20) \u010di Ond\u0159ej \u0160imek (Ford Fiesta R5).<br \/>\nPozornost v\u0161ak jist\u011b bude soust\u0159ed\u011bna i na \u00fa\u0159aduj\u00edc\u00edho \u0161ampi\u00f3na V\u00e1clava Pecha, jeho\u017e leto\u0161n\u00ed v\u00fdsledky jsou ur\u010dit\u011b zat\u00edm vzd\u00e1leny o\u010dek\u00e1v\u00e1n\u00ed jezdce, t\u00fdmu i fanou\u0161k\u016f.<br \/>\nZ\u00e1vodem v Hustope\u010d\u00edch bude pokra\u010dovat t\u0159et\u00edm z\u00e1vodem i slovensk\u00fd \u0161ampion\u00e1t, kde zat\u00edm kraluje Grzegorz Grzyb. Posledn\u00ed z\u00e1vod v Tatr\u00e1ch opanoval p\u0159ed Tom\u00e1\u0161em Ondrejem a Jaroslavem Melich\u00e1rkem.<br \/>\nSout\u011b\u017e je i sou\u010d\u00e1st\u00ed Mistrovstv\u00ed SR v rally historick\u00fdch automobil\u016f, stejn\u011b jako \u010cesk\u00e9 Trofeje v rally historick\u00fdch automobil\u016f, tak\u017ee ve v\u00fd\u010dtu p\u0159ihl\u00e1\u0161en\u00fdch u\u017e nechyb\u00ed ani skvosty ned\u00e1vn\u00e9 minulosti.<\/p>\n<p><strong><em>\u201eNen\u00ed jednoduch\u00e9 v sou\u010dasn\u00e9 situaci dva t\u00fddny p\u0159ed z\u00e1vodem jednozna\u010dn\u011b potvrdit mo\u017enost varianty s \u00fa\u010dast\u00ed div\u00e1k\u016f. Pln\u011b respektujeme podm\u00ednky stanoven\u00e9 MZ \u010cR a rozhodnut\u00ed na\u0161\u00ed KHS. V\u011b\u0159\u00edme, \u017ee sou\u010dasn\u00e1 zlep\u0161uj\u00edc\u00ed se situace a postupn\u00e9 uvol\u0148ov\u00e1n\u00ed vl\u00e1dn\u00edch na\u0159\u00edzen\u00ed se m\u016f\u017ee projevit v kone\u010dn\u00e9m rozhodnut\u00ed,\u201c<\/em><\/strong> nazna\u010duje \u0161\u00e9f organiza\u010dn\u00edho t\u00fdmu Martin Rada.<\/p>\n<p><strong><em>\u201eJedn\u00e1n\u00ed s p\u0159\u00edslu\u0161nou KHS prob\u00edhaj\u00ed, nyn\u00ed je je\u0161t\u011b p\u0159ed\u010dasn\u00e9 cokoli p\u0159edpov\u011bd\u011bt. P\u0159ipravujeme se na v\u0161echny varianty, jasno asi budeme m\u00edt koncem p\u0159\u00ed\u0161t\u00edho t\u00fddne. Na\u0161t\u011bst\u00ed se spole\u010dn\u011b SAM\u0160em se u\u017e vy\u0159e\u0161il bezprobl\u00e9mov\u00fd p\u0159\u00edjezd i odjezd slovensk\u00fdch pos\u00e1dek z rally. V\u0161e tak bude pro na\u0161e slovensk\u00e9 hosty mnohem jednodu\u0161\u0161\u00ed,\u201c<\/em> <\/strong>dopl\u0148uje \u0159editel Rudolf Kou\u0159il.<\/p>\n<p>Ofici\u00e1ln\u00ed start AGROTEC PETRONAS rally prob\u011bhne v Hustope\u010d\u00edch v p\u00e1tek 18. \u010dervna kr\u00e1tce po 17. hodin\u011b. Celkov\u00e1 d\u00e9lka rally je navr\u017eena na 361 km, rychlostn\u00ed zkou\u0161ky tvo\u0159\u00ed t\u00e9m\u011b\u0159 \u010dty\u0159icet procent (142,59 km). Sobotn\u00ed program za\u010dne kr\u00e1tce p\u0159ed des\u00e1tou hodinou, prvn\u00ed vozy lze o\u010dek\u00e1vat v c\u00edli z\u00e1vodu po 17. hodin\u011b.<br \/>\nServisn\u00ed z\u00e1zem\u00ed je um\u00edst\u011bno do nov\u00e9ho are\u00e1lu spole\u010dnosti MOSS logistics, na Bratislavsk\u00e9 ulici v Hustope\u010d\u00edch. Tato spole\u010dnost je dlouholet\u00fdm partnerem a podporovatelem na\u0161\u00ed rally.<\/p>\n<p>V\u00edce informac\u00ed k sout\u011b\u017ei bude postupn\u011b zve\u0159ejn\u011bno na ofici\u00e1ln\u00ed str\u00e1nce www.agrotecrally.cz, \u0159ada novinek bude dostupn\u00e1 i na facebookov\u00e9m profilu Agrotec rally Hustope\u010de.<\/p>\n<p>AGROTEC PETRONAS rally Hustope\u010de 2021, tiskov\u00fd servis<br \/>\nTom\u00e1\u0161 Plach\u00fd<\/p>","protected":false},"excerpt":{"rendered":"<p>\u0160estn\u00e1ct\u00fd ro\u010dn\u00edk AGROTEC PETRONAS rally se ne\u00faprosn\u011b bl\u00ed\u017e\u00ed. Sout\u011b\u017e na Hustope\u010dsku se odjede 18. \u2013 19. \u010dervna 2021. Aktu\u00e1ln\u011b po\u0159adatel\u00e9 eviduj\u00ed v\u00edce ne\u017e p\u011bt des\u00edtek p\u0159ihl\u00e1\u0161en\u00fdch, dal\u0161\u00ed z\u00e1jemci maj\u00ed \u010das nov\u011b do st\u0159ede\u010dn\u00ed p\u016flnoci 9. \u010dervna. Z\u00e1po\u010det sout\u011b\u017ee do SONAX Mistrovstv\u00ed \u010cR v rally u\u017e nyn\u00ed p\u0159il\u00e1kal k registraci na t\u0159et\u00ed z\u00e1vod \u010desk\u00e9ho \u0161ampion\u00e1tu t\u00e9m\u011b\u0159 [&hellip;]<\/p>","protected":false},"author":2,"featured_media":1006,"comment_status":"open","ping_status":"open","sticky":false,"template":"","format":"standard","meta":{"_et_pb_use_builder":"","_et_pb_old_content":"","_et_gb_content_width":"","footnotes":""},"categories":[10,9],"tags":[18,19,41,42,20],"yoast_head":"<!-- This site is optimized with the Yoast SEO plugin v21.9.1 - https:\/\/yoast.com\/wordpress\/plugins\/seo\/ -->\n<title>Uz\u00e1v\u011brka hustope\u010dsk\u00e9 \u201erally mezi vinicemi\u201c ve st\u0159edu o p\u016flnoci | AGROTEC Petronas Rally<\/title>\n<meta name=\"robots\" content=\"index, follow, max-snippet:-1, max-image-preview:large, max-video-preview:-1\" \/>\n<link rel=\"canonical\" href=\"https:\/\/www.agrotecrally.cz\/en\/rally-hustopece\/posledni-dny-do-uzaverky-hustopecske-rally-mezi-vinicemi\/\" \/>\n<meta property=\"og:locale\" content=\"en_GB\" \/>\n<meta property=\"og:type\" content=\"article\" \/>\n<meta property=\"og:title\" content=\"Uz\u00e1v\u011brka hustope\u010dsk\u00e9 \u201erally mezi vinicemi\u201c ve st\u0159edu o p\u016flnoci | AGROTEC Petronas Rally\" \/>\n<meta property=\"og:description\" content=\"\u0160estn\u00e1ct\u00fd ro\u010dn\u00edk AGROTEC PETRONAS rally se ne\u00faprosn\u011b bl\u00ed\u017e\u00ed. Sout\u011b\u017e na Hustope\u010dsku se odjede 18. \u2013 19. \u010dervna 2021. Aktu\u00e1ln\u011b po\u0159adatel\u00e9 eviduj\u00ed v\u00edce ne\u017e p\u011bt des\u00edtek p\u0159ihl\u00e1\u0161en\u00fdch, dal\u0161\u00ed z\u00e1jemci maj\u00ed \u010das nov\u011b do st\u0159ede\u010dn\u00ed p\u016flnoci 9. \u010dervna. Z\u00e1po\u010det sout\u011b\u017ee do SONAX Mistrovstv\u00ed \u010cR v rally u\u017e nyn\u00ed p\u0159il\u00e1kal k registraci na t\u0159et\u00ed z\u00e1vod \u010desk\u00e9ho \u0161ampion\u00e1tu t\u00e9m\u011b\u0159 [&hellip;]\" \/>\n<meta property=\"og:url\" content=\"https:\/\/www.agrotecrally.cz\/en\/rally-hustopece\/posledni-dny-do-uzaverky-hustopecske-rally-mezi-vinicemi\/\" \/>\n<meta property=\"og:site_name\" content=\"AGROTEC Petronas Rally\" \/>\n<meta property=\"article:publisher\" content=\"https:\/\/www.facebook.com\/agrotecrally\" \/>\n<meta property=\"article:published_time\" content=\"2021-06-04T20:32:19+00:00\" \/>\n<meta property=\"article:modified_time\" content=\"2021-06-07T09:39:07+00:00\" \/>\n<meta property=\"og:image\" content=\"https:\/\/www.agrotecrally.cz\/wp-content\/uploads\/2021\/06\/Valasska_Rally_2021_034-1.jpg\" \/>\n\t<meta property=\"og:image:width\" content=\"1000\" \/>\n\t<meta property=\"og:image:height\" content=\"667\" \/>\n\t<meta property=\"og:image:type\" content=\"image\/jpeg\" \/>\n<meta name=\"author\" content=\"Tom\u00e1\u0161 Plach\u00fd\" \/>\n<meta name=\"twitter:card\" content=\"summary_large_image\" \/>\n<meta name=\"twitter:label1\" content=\"Written by\" \/>\n\t<meta name=\"twitter:data1\" content=\"Tom\u00e1\u0161 Plach\u00fd\" \/>\n\t<meta name=\"twitter:label2\" content=\"Estimated reading time\" \/>\n\t<meta name=\"twitter:data2\" content=\"2 minutes\" \/>\n<script type=\"application\/ld+json\" class=\"yoast-schema-graph\">{\"@context\":\"https:\/\/schema.org\",\"@graph\":[{\"@type\":\"Article\",\"@id\":\"https:\/\/www.agrotecrally.cz\/en\/rally-hustopece\/posledni-dny-do-uzaverky-hustopecske-rally-mezi-vinicemi\/#article\",\"isPartOf\":{\"@id\":\"https:\/\/www.agrotecrally.cz\/en\/rally-hustopece\/posledni-dny-do-uzaverky-hustopecske-rally-mezi-vinicemi\/\"},\"author\":{\"name\":\"Tom\u00e1\u0161 Plach\u00fd\",\"@id\":\"https:\/\/www.agrotecrally.cz\/#\/schema\/person\/38a02deaa1f019e278fc735d03d83f85\"},\"headline\":\"Uz\u00e1v\u011brka hustope\u010dsk\u00e9 \u201erally mezi vinicemi\u201c ve st\u0159edu o p\u016flnoci\",\"datePublished\":\"2021-06-04T20:32:19+00:00\",\"dateModified\":\"2021-06-07T09:39:07+00:00\",\"mainEntityOfPage\":{\"@id\":\"https:\/\/www.agrotecrally.cz\/en\/rally-hustopece\/posledni-dny-do-uzaverky-hustopecske-rally-mezi-vinicemi\/\"},\"wordCount\":640,\"commentCount\":0,\"publisher\":{\"@id\":\"https:\/\/www.agrotecrally.cz\/#organization\"},\"keywords\":[\"Agrotec rally\",\"Hustope\u010de\",\"M\u010cR\",\"MSR\",\"rally mezi vinicemi\"],\"articleSection\":[\"AGROTEC rally Hustope\u010de\",\"Rally mezi vinicemi\"],\"inLanguage\":\"en-GB\",\"potentialAction\":[{\"@type\":\"CommentAction\",\"name\":\"Comment\",\"target\":[\"https:\/\/www.agrotecrally.cz\/en\/rally-hustopece\/posledni-dny-do-uzaverky-hustopecske-rally-mezi-vinicemi\/#respond\"]}]},{\"@type\":\"WebPage\",\"@id\":\"https:\/\/www.agrotecrally.cz\/en\/rally-hustopece\/posledni-dny-do-uzaverky-hustopecske-rally-mezi-vinicemi\/\",\"url\":\"https:\/\/www.agrotecrally.cz\/en\/rally-hustopece\/posledni-dny-do-uzaverky-hustopecske-rally-mezi-vinicemi\/\",\"name\":\"Uz\u00e1v\u011brka hustope\u010dsk\u00e9 \u201erally mezi vinicemi\u201c ve st\u0159edu o p\u016flnoci | AGROTEC Petronas Rally\",\"isPartOf\":{\"@id\":\"https:\/\/www.agrotecrally.cz\/#website\"},\"datePublished\":\"2021-06-04T20:32:19+00:00\",\"dateModified\":\"2021-06-07T09:39:07+00:00\",\"breadcrumb\":{\"@id\":\"https:\/\/www.agrotecrally.cz\/en\/rally-hustopece\/posledni-dny-do-uzaverky-hustopecske-rally-mezi-vinicemi\/#breadcrumb\"},\"inLanguage\":\"en-GB\",\"potentialAction\":[{\"@type\":\"ReadAction\",\"target\":[\"https:\/\/www.agrotecrally.cz\/en\/rally-hustopece\/posledni-dny-do-uzaverky-hustopecske-rally-mezi-vinicemi\/\"]}]},{\"@type\":\"BreadcrumbList\",\"@id\":\"https:\/\/www.agrotecrally.cz\/en\/rally-hustopece\/posledni-dny-do-uzaverky-hustopecske-rally-mezi-vinicemi\/#breadcrumb\",\"itemListElement\":[{\"@type\":\"ListItem\",\"position\":1,\"name\":\"Dom\u016f\",\"item\":\"https:\/\/www.agrotecrally.cz\/\"},{\"@type\":\"ListItem\",\"position\":2,\"name\":\"Uz\u00e1v\u011brka hustope\u010dsk\u00e9 \u201erally mezi vinicemi\u201c ve st\u0159edu o p\u016flnoci\"}]},{\"@type\":\"WebSite\",\"@id\":\"https:\/\/www.agrotecrally.cz\/#website\",\"url\":\"https:\/\/www.agrotecrally.cz\/\",\"name\":\"AGROTEC Petronas rally\",\"description\":\"Rally mezi vinicemi\",\"publisher\":{\"@id\":\"https:\/\/www.agrotecrally.cz\/#organization\"},\"potentialAction\":[{\"@type\":\"SearchAction\",\"target\":{\"@type\":\"EntryPoint\",\"urlTemplate\":\"https:\/\/www.agrotecrally.cz\/?s={search_term_string}\"},\"query-input\":\"required name=search_term_string\"}],\"inLanguage\":\"en-GB\"},{\"@type\":\"Organization\",\"@id\":\"https:\/\/www.agrotecrally.cz\/#organization\",\"name\":\"AGROTEC Petronas rally\",\"url\":\"https:\/\/www.agrotecrally.cz\/\",\"logo\":{\"@type\":\"ImageObject\",\"inLanguage\":\"en-GB\",\"@id\":\"https:\/\/www.agrotecrally.cz\/#\/schema\/logo\/image\/\",\"url\":\"https:\/\/www.agrotecrally.cz\/wp-content\/uploads\/2021\/05\/AGROTEC-RALLY_16-01-web-2.png\",\"contentUrl\":\"https:\/\/www.agrotecrally.cz\/wp-content\/uploads\/2021\/05\/AGROTEC-RALLY_16-01-web-2.png\",\"width\":459,\"height\":222,\"caption\":\"AGROTEC Petronas rally\"},\"image\":{\"@id\":\"https:\/\/www.agrotecrally.cz\/#\/schema\/logo\/image\/\"},\"sameAs\":[\"https:\/\/www.facebook.com\/agrotecrally\"]},{\"@type\":\"Person\",\"@id\":\"https:\/\/www.agrotecrally.cz\/#\/schema\/person\/38a02deaa1f019e278fc735d03d83f85\",\"name\":\"Tom\u00e1\u0161 Plach\u00fd\",\"image\":{\"@type\":\"ImageObject\",\"inLanguage\":\"en-GB\",\"@id\":\"https:\/\/www.agrotecrally.cz\/#\/schema\/person\/image\/\",\"url\":\"https:\/\/secure.gravatar.com\/avatar\/a7a68eee7fdb2b4f0975cdc024983e22?s=96&d=mm&r=g\",\"contentUrl\":\"https:\/\/secure.gravatar.com\/avatar\/a7a68eee7fdb2b4f0975cdc024983e22?s=96&d=mm&r=g\",\"caption\":\"Tom\u00e1\u0161 Plach\u00fd\"},\"url\":\"https:\/\/www.agrotecrally.cz\/en\/author\/topmediaseznam-cz\/\"}]}<\/script>\n<!-- \/ Yoast SEO plugin. -->","yoast_head_json":{"title":"Uz\u00e1v\u011brka hustope\u010dsk\u00e9 \u201erally mezi vinicemi\u201c ve st\u0159edu o p\u016flnoci | AGROTEC Petronas Rally","robots":{"index":"index","follow":"follow","max-snippet":"max-snippet:-1","max-image-preview":"max-image-preview:large","max-video-preview":"max-video-preview:-1"},"canonical":"https:\/\/www.agrotecrally.cz\/en\/rally-hustopece\/posledni-dny-do-uzaverky-hustopecske-rally-mezi-vinicemi\/","og_locale":"en_GB","og_type":"article","og_title":"Uz\u00e1v\u011brka hustope\u010dsk\u00e9 \u201erally mezi vinicemi\u201c ve st\u0159edu o p\u016flnoci | AGROTEC Petronas Rally","og_description":"\u0160estn\u00e1ct\u00fd ro\u010dn\u00edk AGROTEC PETRONAS rally se ne\u00faprosn\u011b bl\u00ed\u017e\u00ed. Sout\u011b\u017e na Hustope\u010dsku se odjede 18. \u2013 19. \u010dervna 2021. Aktu\u00e1ln\u011b po\u0159adatel\u00e9 eviduj\u00ed v\u00edce ne\u017e p\u011bt des\u00edtek p\u0159ihl\u00e1\u0161en\u00fdch, dal\u0161\u00ed z\u00e1jemci maj\u00ed \u010das nov\u011b do st\u0159ede\u010dn\u00ed p\u016flnoci 9. \u010dervna. Z\u00e1po\u010det sout\u011b\u017ee do SONAX Mistrovstv\u00ed \u010cR v rally u\u017e nyn\u00ed p\u0159il\u00e1kal k registraci na t\u0159et\u00ed z\u00e1vod \u010desk\u00e9ho \u0161ampion\u00e1tu t\u00e9m\u011b\u0159 [&hellip;]","og_url":"https:\/\/www.agrotecrally.cz\/en\/rally-hustopece\/posledni-dny-do-uzaverky-hustopecske-rally-mezi-vinicemi\/","og_site_name":"AGROTEC Petronas Rally","article_publisher":"https:\/\/www.facebook.com\/agrotecrally","article_published_time":"2021-06-04T20:32:19+00:00","article_modified_time":"2021-06-07T09:39:07+00:00","og_image":[{"width":1000,"height":667,"url":"https:\/\/www.agrotecrally.cz\/wp-content\/uploads\/2021\/06\/Valasska_Rally_2021_034-1.jpg","type":"image\/jpeg"}],"author":"Tom\u00e1\u0161 Plach\u00fd","twitter_card":"summary_large_image","twitter_misc":{"Written by":"Tom\u00e1\u0161 Plach\u00fd","Estimated reading time":"2 minutes"},"schema":{"@context":"https:\/\/schema.org","@graph":[{"@type":"Article","@id":"https:\/\/www.agrotecrally.cz\/en\/rally-hustopece\/posledni-dny-do-uzaverky-hustopecske-rally-mezi-vinicemi\/#article","isPartOf":{"@id":"https:\/\/www.agrotecrally.cz\/en\/rally-hustopece\/posledni-dny-do-uzaverky-hustopecske-rally-mezi-vinicemi\/"},"author":{"name":"Tom\u00e1\u0161 Plach\u00fd","@id":"https:\/\/www.agrotecrally.cz\/#\/schema\/person\/38a02deaa1f019e278fc735d03d83f85"},"headline":"Uz\u00e1v\u011brka hustope\u010dsk\u00e9 \u201erally mezi vinicemi\u201c ve st\u0159edu o p\u016flnoci","datePublished":"2021-06-04T20:32:19+00:00","dateModified":"2021-06-07T09:39:07+00:00","mainEntityOfPage":{"@id":"https:\/\/www.agrotecrally.cz\/en\/rally-hustopece\/posledni-dny-do-uzaverky-hustopecske-rally-mezi-vinicemi\/"},"wordCount":640,"commentCount":0,"publisher":{"@id":"https:\/\/www.agrotecrally.cz\/#organization"},"keywords":["Agrotec rally","Hustope\u010de","M\u010cR","MSR","rally mezi vinicemi"],"articleSection":["AGROTEC rally Hustope\u010de","Rally mezi vinicemi"],"inLanguage":"en-GB","potentialAction":[{"@type":"CommentAction","name":"Comment","target":["https:\/\/www.agrotecrally.cz\/en\/rally-hustopece\/posledni-dny-do-uzaverky-hustopecske-rally-mezi-vinicemi\/#respond"]}]},{"@type":"WebPage","@id":"https:\/\/www.agrotecrally.cz\/en\/rally-hustopece\/posledni-dny-do-uzaverky-hustopecske-rally-mezi-vinicemi\/","url":"https:\/\/www.agrotecrally.cz\/en\/rally-hustopece\/posledni-dny-do-uzaverky-hustopecske-rally-mezi-vinicemi\/","name":"Uz\u00e1v\u011brka hustope\u010dsk\u00e9 \u201erally mezi vinicemi\u201c ve st\u0159edu o p\u016flnoci | AGROTEC Petronas Rally","isPartOf":{"@id":"https:\/\/www.agrotecrally.cz\/#website"},"datePublished":"2021-06-04T20:32:19+00:00","dateModified":"2021-06-07T09:39:07+00:00","breadcrumb":{"@id":"https:\/\/www.agrotecrally.cz\/en\/rally-hustopece\/posledni-dny-do-uzaverky-hustopecske-rally-mezi-vinicemi\/#breadcrumb"},"inLanguage":"en-GB","potentialAction":[{"@type":"ReadAction","target":["https:\/\/www.agrotecrally.cz\/en\/rally-hustopece\/posledni-dny-do-uzaverky-hustopecske-rally-mezi-vinicemi\/"]}]},{"@type":"BreadcrumbList","@id":"https:\/\/www.agrotecrally.cz\/en\/rally-hustopece\/posledni-dny-do-uzaverky-hustopecske-rally-mezi-vinicemi\/#breadcrumb","itemListElement":[{"@type":"ListItem","position":1,"name":"Dom\u016f","item":"https:\/\/www.agrotecrally.cz\/"},{"@type":"ListItem","position":2,"name":"Uz\u00e1v\u011brka hustope\u010dsk\u00e9 \u201erally mezi vinicemi\u201c ve st\u0159edu o p\u016flnoci"}]},{"@type":"WebSite","@id":"https:\/\/www.agrotecrally.cz\/#website","url":"https:\/\/www.agrotecrally.cz\/","name":"AGROTEC Petronas rally","description":"Rally mezi vinicemi","publisher":{"@id":"https:\/\/www.agrotecrally.cz\/#organization"},"potentialAction":[{"@type":"SearchAction","target":{"@type":"EntryPoint","urlTemplate":"https:\/\/www.agrotecrally.cz\/?s={search_term_string}"},"query-input":"required name=search_term_string"}],"inLanguage":"en-GB"},{"@type":"Organization","@id":"https:\/\/www.agrotecrally.cz\/#organization","name":"AGROTEC Petronas rally","url":"https:\/\/www.agrotecrally.cz\/","logo":{"@type":"ImageObject","inLanguage":"en-GB","@id":"https:\/\/www.agrotecrally.cz\/#\/schema\/logo\/image\/","url":"https:\/\/www.agrotecrally.cz\/wp-content\/uploads\/2021\/05\/AGROTEC-RALLY_16-01-web-2.png","contentUrl":"https:\/\/www.agrotecrally.cz\/wp-content\/uploads\/2021\/05\/AGROTEC-RALLY_16-01-web-2.png","width":459,"height":222,"caption":"AGROTEC Petronas rally"},"image":{"@id":"https:\/\/www.agrotecrally.cz\/#\/schema\/logo\/image\/"},"sameAs":["https:\/\/www.facebook.com\/agrotecrally"]},{"@type":"Person","@id":"https:\/\/www.agrotecrally.cz\/#\/schema\/person\/38a02deaa1f019e278fc735d03d83f85","name":"Tom\u00e1\u0161 Plach\u00fd","image":{"@type":"ImageObject","inLanguage":"en-GB","@id":"https:\/\/www.agrotecrally.cz\/#\/schema\/person\/image\/","url":"https:\/\/secure.gravatar.com\/avatar\/a7a68eee7fdb2b4f0975cdc024983e22?s=96&d=mm&r=g","contentUrl":"https:\/\/secure.gravatar.com\/avatar\/a7a68eee7fdb2b4f0975cdc024983e22?s=96&d=mm&r=g","caption":"Tom\u00e1\u0161 Plach\u00fd"},"url":"https:\/\/www.agrotecrally.cz\/en\/author\/topmediaseznam-cz\/"}]}},"_links":{"self":[{"href":"https:\/\/www.agrotecrally.cz\/en\/wp-json\/wp\/v2\/posts\/1005"}],"collection":[{"href":"https:\/\/www.agrotecrally.cz\/en\/wp-json\/wp\/v2\/posts"}],"about":[{"href":"https:\/\/www.agrotecrally.cz\/en\/wp-json\/wp\/v2\/types\/post"}],"author":[{"embeddable":true,"href":"https:\/\/www.agrotecrally.cz\/en\/wp-json\/wp\/v2\/users\/2"}],"replies":[{"embeddable":true,"href":"https:\/\/www.agrotecrally.cz\/en\/wp-json\/wp\/v2\/comments?post=1005"}],"version-history":[{"count":3,"href":"https:\/\/www.agrotecrally.cz\/en\/wp-json\/wp\/v2\/posts\/1005\/revisions"}],"predecessor-version":[{"id":1010,"href":"https:\/\/www.agrotecrally.cz\/en\/wp-json\/wp\/v2\/posts\/1005\/revisions\/1010"}],"wp:featuredmedia":[{"embeddable":true,"href":"https:\/\/www.agrotecrally.cz\/en\/wp-json\/wp\/v2\/media\/1006"}],"wp:attachment":[{"href":"https:\/\/www.agrotecrally.cz\/en\/wp-json\/wp\/v2\/media?parent=1005"}],"wp:term":[{"taxonomy":"category","embeddable":true,"href":"https:\/\/www.agrotecrally.cz\/en\/wp-json\/wp\/v2\/categories?post=1005"},{"taxonomy":"post_tag","embeddable":true,"href":"https:\/\/www.agrotecrally.cz\/en\/wp-json\/wp\/v2\/tags?post=1005"}],"curies":[{"name":"wp","href":"https:\/\/api.w.org\/{rel}","templated":true}]}}