{"id":1075,"date":"2021-06-11T12:58:14","date_gmt":"2021-06-11T11:58:14","guid":{"rendered":"https:\/\/www.agrotecrally.cz\/?p=1075"},"modified":"2021-06-11T12:58:14","modified_gmt":"2021-06-11T11:58:14","slug":"dobre-zpravy-z-hustopeci-jedeme-s-divaky","status":"publish","type":"post","link":"https:\/\/www.agrotecrally.cz\/en\/rally-hustopece\/dobre-zpravy-z-hustopeci-jedeme-s-divaky\/","title":{"rendered":"Dobr\u00e9 zpr\u00e1vy z Hustope\u010d\u00ed \u2013 jedeme s div\u00e1ky"},"content":{"rendered":"<p><strong>AGROTEC PETRONAS rally v\u00a0Hustope\u010d\u00edch je d\u00edky sv\u00fdm specifick\u00fdm \u00fasek\u016fm s\u00a0nezpevn\u011bn\u00fdm povrchem obl\u00edben\u00fdm c\u00edlem fanou\u0161k\u016f rallysportu. Proto pr\u00e1v\u011b oni netrp\u011bliv\u011b \u010dekaj\u00ed, jak to s\u00a0jejich n\u00e1v\u0161t\u011bvou \u201erally mezi vinicemi\u201c bude. A v\u00a0tomto sm\u011bru m\u00e1me pozitivn\u00ed zpr\u00e1vy, na\u0161e sout\u011b\u017e se ve dnech 18. \u2013 19. \u010dervna 2021 pojede s\u00a0div\u00e1ky!<\/strong><\/p>\n<p><strong>\u00a0<\/strong><\/p>\n<p>Po\u0159adatel v\u00a0r\u00e1mci 16. AGROTEC PETRONAS rally umo\u017en\u00ed vstup do servisn\u00ed z\u00f3ny v\u00a0term\u00ednu 18. 6. 2021 (od 15 hod.) &#8211;\u00a0 19. 6. (do 18. hod.) p\u0159i respektov\u00e1n\u00ed a dodr\u017een\u00ed n\u00ed\u017ee uveden\u00fdch podm\u00ednek:<\/p>\n<p><strong>Ve stejn\u00fd okam\u017eik m\u016f\u017ee b\u00fdt p\u0159\u00edtomno v servisn\u00ed z\u00f3n\u011b sou\u010dasn\u011b maxim\u00e1ln\u011b 1000 div\u00e1k\u016f. Po celou dobu pohybu v are\u00e1lu servisn\u00edho centra maj\u00ed div\u00e1ci povinnost pou\u017e\u00edvat ochrann\u00fd prost\u0159edek d\u00fdchac\u00edch cest a dodr\u017eovat minim\u00e1ln\u00ed 2 m vzd\u00e1lenost. Div\u00e1k bude ochoten podrobit se na vyzv\u00e1n\u00ed po\u0159adatele bezkontaktn\u00edmu m\u011b\u0159en\u00ed teploty \u2013 podm\u00ednkou \u00fa\u010dasti je t\u011blesn\u00e1 teplota ni\u017e\u0161\u00ed ne\u017e 37\u00b0C. V are\u00e1lu servisn\u00ed z\u00f3ny je zak\u00e1z\u00e1na konzumace j\u00eddla a n\u00e1poj\u016f.<\/strong><\/p>\n<p><strong>Vstup div\u00e1k\u016fm do servisn\u00ed z\u00f3ny bude umo\u017en\u011bn jen s<\/strong> <strong>ozna\u010den\u00edm REGISTRA\u010cN\u00cd P\u00c1SKOU<\/strong>, kter\u00e1 je nep\u0159enosn\u00e1. Tu div\u00e1k obdr\u017e\u00ed v\u00a0<strong>REGISTRA\u010cN\u00cdM DIV\u00c1CK\u00c9M CENTRU<\/strong>, kter\u00e9 bude \u0159\u00e1dn\u011b ozna\u010deno a um\u00edst\u011bno v\u00a0bl\u00edzkosti servisn\u00ed z\u00f3ny. Jeho provozn\u00ed doba je <strong>18. 6. 2021 v\u00a0\u010dase 15:00 \u2013 20:00 a 19. 6. 2021 v\u00a0\u010dase 8:00 \u2013 15:00<\/strong> hodin.<\/p>\n<p><strong>PODM\u00cdNKY pro p\u0159id\u011blen\u00ed registra\u010dn\u00ed p\u00e1sky se z\u00e1sadn\u011b neli\u0161\u00ed od sou\u010dasn\u00fdch zvyklost\u00ed. <\/strong>Div\u00e1k vypln\u00ed sv\u00e9 jm\u00e9no a p\u0159\u00edjmen\u00ed, dolo\u017e\u00ed absolvov\u00e1n\u00ed testu RT-PCR (nejd\u00e9le p\u0159ed 7 dny) a POC testu (p\u0159ed 72 hodinami) na p\u0159\u00edtomnost antigenu viru SARS-CoV-2 s negativn\u00edm v\u00fdsledkem nebo m\u00e1 k\u00a0dispozici n\u00e1rodn\u00ed certifik\u00e1t o o\u010dkov\u00e1n\u00ed.<\/p>\n<p>Dal\u0161\u00edmi mo\u017enostmi je doklad o prod\u011blan\u00e9 nemoci (neuplynulo v\u00edce ne\u017e 180 dn\u00ed) a posledn\u00ed mo\u017enost\u00ed je podstoupen\u00ed preventivn\u00edho antigenn\u00edho testu na stanoven\u00ed p\u0159\u00edtomnosti antigenu viru SARS-CoV-2 s negativn\u00edm v\u00fdsledkem na m\u00edst\u011b. Toto testov\u00e1n\u00ed zajist\u00ed organiz\u00e1tor.<\/p>\n<p><strong>Ostatn\u00ed m\u00edsta v\u00a0r\u00e1mci automobilov\u00e9 sout\u011b\u017ee nejsou po\u0159adatelem organizov\u00e1na. P\u0159\u00edtomnost div\u00e1k\u016f v\u00a0okol\u00ed trat\u011b 16. AGROTEC PETRONAS rally je na jejich vlastn\u00ed osobn\u00ed odpov\u011bdnost, v\u010detn\u011b respektov\u00e1n\u00ed a dodr\u017eov\u00e1n\u00ed aktu\u00e1ln\u00edch hygienicko-protiepidemick\u00fdch opat\u0159en\u00ed vydan\u00fdch Ministerstvem zdravotnictv\u00ed \u010cesk\u00e9 republiky.\u00a0 <\/strong><\/p>\n<p>Ofici\u00e1ln\u00ed start AGROTEC PETRONAS rally prob\u011bhne v\u00a0Hustope\u010d\u00edch v\u00a0p\u00e1tek 18. \u010dervna kr\u00e1tce po 17. hodin\u011b. Sobotn\u00ed program za\u010dne kr\u00e1tce p\u0159ed des\u00e1tou hodinou, prvn\u00ed vozy lze o\u010dek\u00e1vat v\u00a0c\u00edli z\u00e1vodu po 17. hodin\u011b.<\/p>\n<p>Servisn\u00ed z\u00e1zem\u00ed je um\u00edst\u011bno do nov\u00e9ho \u00a0are\u00e1lu spole\u010dnosti MOSS logistics, na Bratislavsk\u00e9 ulici v\u00a0Hustope\u010d\u00edch. Tato spole\u010dnost je dlouholet\u00fdm partnerem a podporovatelem na\u0161\u00ed rally.<\/p>\n<p>V\u00edce informac\u00ed k\u00a0sout\u011b\u017ei bude postupn\u011b zve\u0159ejn\u011bno na ofici\u00e1ln\u00ed str\u00e1nce www.agrotecrally.cz, \u0159ada novinek bude dostupn\u00e1 i na facebookov\u00e9m profilu <strong>Agrotec rally Hustope\u010de<\/strong>.<\/p>\n<p>&nbsp;<\/p>\n<p>AGROTEC PETRONAS rally Hustope\u010de 2021, tiskov\u00fd servis<\/p>\n<p>Tom\u00e1\u0161 Plach\u00fd<\/p>","protected":false},"excerpt":{"rendered":"<p>AGROTEC PETRONAS rally v\u00a0Hustope\u010d\u00edch je d\u00edky sv\u00fdm specifick\u00fdm \u00fasek\u016fm s\u00a0nezpevn\u011bn\u00fdm povrchem obl\u00edben\u00fdm c\u00edlem fanou\u0161k\u016f rallysportu. Proto pr\u00e1v\u011b oni netrp\u011bliv\u011b \u010dekaj\u00ed, jak to s\u00a0jejich n\u00e1v\u0161t\u011bvou \u201erally mezi vinicemi\u201c bude. A v\u00a0tomto sm\u011bru m\u00e1me pozitivn\u00ed zpr\u00e1vy, na\u0161e sout\u011b\u017e se ve dnech 18. \u2013 19. \u010dervna 2021 pojede s\u00a0div\u00e1ky! \u00a0 Po\u0159adatel v\u00a0r\u00e1mci 16. AGROTEC PETRONAS rally umo\u017en\u00ed vstup [&hellip;]<\/p>","protected":false},"author":2,"featured_media":1076,"comment_status":"open","ping_status":"open","sticky":false,"template":"","format":"standard","meta":{"_et_pb_use_builder":"","_et_pb_old_content":"","_et_gb_content_width":"","footnotes":""},"categories":[10,9],"tags":[18,19,41,42,20],"yoast_head":"<!-- This site is optimized with the Yoast SEO plugin v21.9.1 - https:\/\/yoast.com\/wordpress\/plugins\/seo\/ -->\n<title>Dobr\u00e9 zpr\u00e1vy z Hustope\u010d\u00ed \u2013 jedeme s div\u00e1ky | AGROTEC Petronas Rally<\/title>\n<meta name=\"robots\" content=\"index, follow, max-snippet:-1, max-image-preview:large, max-video-preview:-1\" \/>\n<link rel=\"canonical\" href=\"https:\/\/www.agrotecrally.cz\/en\/rally-hustopece\/dobre-zpravy-z-hustopeci-jedeme-s-divaky\/\" \/>\n<meta property=\"og:locale\" content=\"en_GB\" \/>\n<meta property=\"og:type\" content=\"article\" \/>\n<meta property=\"og:title\" content=\"Dobr\u00e9 zpr\u00e1vy z Hustope\u010d\u00ed \u2013 jedeme s div\u00e1ky | AGROTEC Petronas Rally\" \/>\n<meta property=\"og:description\" content=\"AGROTEC PETRONAS rally v\u00a0Hustope\u010d\u00edch je d\u00edky sv\u00fdm specifick\u00fdm \u00fasek\u016fm s\u00a0nezpevn\u011bn\u00fdm povrchem obl\u00edben\u00fdm c\u00edlem fanou\u0161k\u016f rallysportu. Proto pr\u00e1v\u011b oni netrp\u011bliv\u011b \u010dekaj\u00ed, jak to s\u00a0jejich n\u00e1v\u0161t\u011bvou \u201erally mezi vinicemi\u201c bude. A v\u00a0tomto sm\u011bru m\u00e1me pozitivn\u00ed zpr\u00e1vy, na\u0161e sout\u011b\u017e se ve dnech 18. \u2013 19. \u010dervna 2021 pojede s\u00a0div\u00e1ky! \u00a0 Po\u0159adatel v\u00a0r\u00e1mci 16. AGROTEC PETRONAS rally umo\u017en\u00ed vstup [&hellip;]\" \/>\n<meta property=\"og:url\" content=\"https:\/\/www.agrotecrally.cz\/en\/rally-hustopece\/dobre-zpravy-z-hustopeci-jedeme-s-divaky\/\" \/>\n<meta property=\"og:site_name\" content=\"AGROTEC Petronas Rally\" \/>\n<meta property=\"article:publisher\" content=\"https:\/\/www.facebook.com\/agrotecrally\" \/>\n<meta property=\"article:published_time\" content=\"2021-06-11T11:58:14+00:00\" \/>\n<meta property=\"og:image\" content=\"https:\/\/www.agrotecrally.cz\/wp-content\/uploads\/2021\/06\/Copy-1-of-Sumava_2021_011-scaled.jpg\" \/>\n\t<meta property=\"og:image:width\" content=\"2560\" \/>\n\t<meta property=\"og:image:height\" content=\"1707\" \/>\n\t<meta property=\"og:image:type\" content=\"image\/jpeg\" \/>\n<meta name=\"author\" content=\"Tom\u00e1\u0161 Plach\u00fd\" \/>\n<meta name=\"twitter:card\" content=\"summary_large_image\" \/>\n<meta name=\"twitter:label1\" content=\"Written by\" \/>\n\t<meta name=\"twitter:data1\" content=\"Tom\u00e1\u0161 Plach\u00fd\" \/>\n\t<meta name=\"twitter:label2\" content=\"Estimated reading time\" \/>\n\t<meta name=\"twitter:data2\" content=\"2 minutes\" \/>\n<script type=\"application\/ld+json\" class=\"yoast-schema-graph\">{\"@context\":\"https:\/\/schema.org\",\"@graph\":[{\"@type\":\"Article\",\"@id\":\"https:\/\/www.agrotecrally.cz\/en\/rally-hustopece\/dobre-zpravy-z-hustopeci-jedeme-s-divaky\/#article\",\"isPartOf\":{\"@id\":\"https:\/\/www.agrotecrally.cz\/en\/rally-hustopece\/dobre-zpravy-z-hustopeci-jedeme-s-divaky\/\"},\"author\":{\"name\":\"Tom\u00e1\u0161 Plach\u00fd\",\"@id\":\"https:\/\/www.agrotecrally.cz\/#\/schema\/person\/38a02deaa1f019e278fc735d03d83f85\"},\"headline\":\"Dobr\u00e9 zpr\u00e1vy z Hustope\u010d\u00ed \u2013 jedeme s div\u00e1ky\",\"datePublished\":\"2021-06-11T11:58:14+00:00\",\"dateModified\":\"2021-06-11T11:58:14+00:00\",\"mainEntityOfPage\":{\"@id\":\"https:\/\/www.agrotecrally.cz\/en\/rally-hustopece\/dobre-zpravy-z-hustopeci-jedeme-s-divaky\/\"},\"wordCount\":552,\"commentCount\":0,\"publisher\":{\"@id\":\"https:\/\/www.agrotecrally.cz\/#organization\"},\"keywords\":[\"Agrotec rally\",\"Hustope\u010de\",\"M\u010cR\",\"MSR\",\"rally mezi vinicemi\"],\"articleSection\":[\"AGROTEC rally Hustope\u010de\",\"Rally mezi vinicemi\"],\"inLanguage\":\"en-GB\",\"potentialAction\":[{\"@type\":\"CommentAction\",\"name\":\"Comment\",\"target\":[\"https:\/\/www.agrotecrally.cz\/en\/rally-hustopece\/dobre-zpravy-z-hustopeci-jedeme-s-divaky\/#respond\"]}]},{\"@type\":\"WebPage\",\"@id\":\"https:\/\/www.agrotecrally.cz\/en\/rally-hustopece\/dobre-zpravy-z-hustopeci-jedeme-s-divaky\/\",\"url\":\"https:\/\/www.agrotecrally.cz\/en\/rally-hustopece\/dobre-zpravy-z-hustopeci-jedeme-s-divaky\/\",\"name\":\"Dobr\u00e9 zpr\u00e1vy z Hustope\u010d\u00ed \u2013 jedeme s div\u00e1ky | AGROTEC Petronas Rally\",\"isPartOf\":{\"@id\":\"https:\/\/www.agrotecrally.cz\/#website\"},\"datePublished\":\"2021-06-11T11:58:14+00:00\",\"dateModified\":\"2021-06-11T11:58:14+00:00\",\"breadcrumb\":{\"@id\":\"https:\/\/www.agrotecrally.cz\/en\/rally-hustopece\/dobre-zpravy-z-hustopeci-jedeme-s-divaky\/#breadcrumb\"},\"inLanguage\":\"en-GB\",\"potentialAction\":[{\"@type\":\"ReadAction\",\"target\":[\"https:\/\/www.agrotecrally.cz\/en\/rally-hustopece\/dobre-zpravy-z-hustopeci-jedeme-s-divaky\/\"]}]},{\"@type\":\"BreadcrumbList\",\"@id\":\"https:\/\/www.agrotecrally.cz\/en\/rally-hustopece\/dobre-zpravy-z-hustopeci-jedeme-s-divaky\/#breadcrumb\",\"itemListElement\":[{\"@type\":\"ListItem\",\"position\":1,\"name\":\"Dom\u016f\",\"item\":\"https:\/\/www.agrotecrally.cz\/\"},{\"@type\":\"ListItem\",\"position\":2,\"name\":\"Dobr\u00e9 zpr\u00e1vy z Hustope\u010d\u00ed \u2013 jedeme s div\u00e1ky\"}]},{\"@type\":\"WebSite\",\"@id\":\"https:\/\/www.agrotecrally.cz\/#website\",\"url\":\"https:\/\/www.agrotecrally.cz\/\",\"name\":\"AGROTEC Petronas rally\",\"description\":\"Rally mezi vinicemi\",\"publisher\":{\"@id\":\"https:\/\/www.agrotecrally.cz\/#organization\"},\"potentialAction\":[{\"@type\":\"SearchAction\",\"target\":{\"@type\":\"EntryPoint\",\"urlTemplate\":\"https:\/\/www.agrotecrally.cz\/?s={search_term_string}\"},\"query-input\":\"required name=search_term_string\"}],\"inLanguage\":\"en-GB\"},{\"@type\":\"Organization\",\"@id\":\"https:\/\/www.agrotecrally.cz\/#organization\",\"name\":\"AGROTEC Petronas rally\",\"url\":\"https:\/\/www.agrotecrally.cz\/\",\"logo\":{\"@type\":\"ImageObject\",\"inLanguage\":\"en-GB\",\"@id\":\"https:\/\/www.agrotecrally.cz\/#\/schema\/logo\/image\/\",\"url\":\"https:\/\/www.agrotecrally.cz\/wp-content\/uploads\/2021\/05\/AGROTEC-RALLY_16-01-web-2.png\",\"contentUrl\":\"https:\/\/www.agrotecrally.cz\/wp-content\/uploads\/2021\/05\/AGROTEC-RALLY_16-01-web-2.png\",\"width\":459,\"height\":222,\"caption\":\"AGROTEC Petronas rally\"},\"image\":{\"@id\":\"https:\/\/www.agrotecrally.cz\/#\/schema\/logo\/image\/\"},\"sameAs\":[\"https:\/\/www.facebook.com\/agrotecrally\"]},{\"@type\":\"Person\",\"@id\":\"https:\/\/www.agrotecrally.cz\/#\/schema\/person\/38a02deaa1f019e278fc735d03d83f85\",\"name\":\"Tom\u00e1\u0161 Plach\u00fd\",\"image\":{\"@type\":\"ImageObject\",\"inLanguage\":\"en-GB\",\"@id\":\"https:\/\/www.agrotecrally.cz\/#\/schema\/person\/image\/\",\"url\":\"https:\/\/secure.gravatar.com\/avatar\/a7a68eee7fdb2b4f0975cdc024983e22?s=96&d=mm&r=g\",\"contentUrl\":\"https:\/\/secure.gravatar.com\/avatar\/a7a68eee7fdb2b4f0975cdc024983e22?s=96&d=mm&r=g\",\"caption\":\"Tom\u00e1\u0161 Plach\u00fd\"},\"url\":\"https:\/\/www.agrotecrally.cz\/en\/author\/topmediaseznam-cz\/\"}]}<\/script>\n<!-- \/ Yoast SEO plugin. -->","yoast_head_json":{"title":"Dobr\u00e9 zpr\u00e1vy z Hustope\u010d\u00ed \u2013 jedeme s div\u00e1ky | AGROTEC Petronas Rally","robots":{"index":"index","follow":"follow","max-snippet":"max-snippet:-1","max-image-preview":"max-image-preview:large","max-video-preview":"max-video-preview:-1"},"canonical":"https:\/\/www.agrotecrally.cz\/en\/rally-hustopece\/dobre-zpravy-z-hustopeci-jedeme-s-divaky\/","og_locale":"en_GB","og_type":"article","og_title":"Dobr\u00e9 zpr\u00e1vy z Hustope\u010d\u00ed \u2013 jedeme s div\u00e1ky | AGROTEC Petronas Rally","og_description":"AGROTEC PETRONAS rally v\u00a0Hustope\u010d\u00edch je d\u00edky sv\u00fdm specifick\u00fdm \u00fasek\u016fm s\u00a0nezpevn\u011bn\u00fdm povrchem obl\u00edben\u00fdm c\u00edlem fanou\u0161k\u016f rallysportu. Proto pr\u00e1v\u011b oni netrp\u011bliv\u011b \u010dekaj\u00ed, jak to s\u00a0jejich n\u00e1v\u0161t\u011bvou \u201erally mezi vinicemi\u201c bude. A v\u00a0tomto sm\u011bru m\u00e1me pozitivn\u00ed zpr\u00e1vy, na\u0161e sout\u011b\u017e se ve dnech 18. \u2013 19. \u010dervna 2021 pojede s\u00a0div\u00e1ky! \u00a0 Po\u0159adatel v\u00a0r\u00e1mci 16. AGROTEC PETRONAS rally umo\u017en\u00ed vstup [&hellip;]","og_url":"https:\/\/www.agrotecrally.cz\/en\/rally-hustopece\/dobre-zpravy-z-hustopeci-jedeme-s-divaky\/","og_site_name":"AGROTEC Petronas Rally","article_publisher":"https:\/\/www.facebook.com\/agrotecrally","article_published_time":"2021-06-11T11:58:14+00:00","og_image":[{"width":2560,"height":1707,"url":"https:\/\/www.agrotecrally.cz\/wp-content\/uploads\/2021\/06\/Copy-1-of-Sumava_2021_011-scaled.jpg","type":"image\/jpeg"}],"author":"Tom\u00e1\u0161 Plach\u00fd","twitter_card":"summary_large_image","twitter_misc":{"Written by":"Tom\u00e1\u0161 Plach\u00fd","Estimated reading time":"2 minutes"},"schema":{"@context":"https:\/\/schema.org","@graph":[{"@type":"Article","@id":"https:\/\/www.agrotecrally.cz\/en\/rally-hustopece\/dobre-zpravy-z-hustopeci-jedeme-s-divaky\/#article","isPartOf":{"@id":"https:\/\/www.agrotecrally.cz\/en\/rally-hustopece\/dobre-zpravy-z-hustopeci-jedeme-s-divaky\/"},"author":{"name":"Tom\u00e1\u0161 Plach\u00fd","@id":"https:\/\/www.agrotecrally.cz\/#\/schema\/person\/38a02deaa1f019e278fc735d03d83f85"},"headline":"Dobr\u00e9 zpr\u00e1vy z Hustope\u010d\u00ed \u2013 jedeme s div\u00e1ky","datePublished":"2021-06-11T11:58:14+00:00","dateModified":"2021-06-11T11:58:14+00:00","mainEntityOfPage":{"@id":"https:\/\/www.agrotecrally.cz\/en\/rally-hustopece\/dobre-zpravy-z-hustopeci-jedeme-s-divaky\/"},"wordCount":552,"commentCount":0,"publisher":{"@id":"https:\/\/www.agrotecrally.cz\/#organization"},"keywords":["Agrotec rally","Hustope\u010de","M\u010cR","MSR","rally mezi vinicemi"],"articleSection":["AGROTEC rally Hustope\u010de","Rally mezi vinicemi"],"inLanguage":"en-GB","potentialAction":[{"@type":"CommentAction","name":"Comment","target":["https:\/\/www.agrotecrally.cz\/en\/rally-hustopece\/dobre-zpravy-z-hustopeci-jedeme-s-divaky\/#respond"]}]},{"@type":"WebPage","@id":"https:\/\/www.agrotecrally.cz\/en\/rally-hustopece\/dobre-zpravy-z-hustopeci-jedeme-s-divaky\/","url":"https:\/\/www.agrotecrally.cz\/en\/rally-hustopece\/dobre-zpravy-z-hustopeci-jedeme-s-divaky\/","name":"Dobr\u00e9 zpr\u00e1vy z Hustope\u010d\u00ed \u2013 jedeme s div\u00e1ky | AGROTEC Petronas Rally","isPartOf":{"@id":"https:\/\/www.agrotecrally.cz\/#website"},"datePublished":"2021-06-11T11:58:14+00:00","dateModified":"2021-06-11T11:58:14+00:00","breadcrumb":{"@id":"https:\/\/www.agrotecrally.cz\/en\/rally-hustopece\/dobre-zpravy-z-hustopeci-jedeme-s-divaky\/#breadcrumb"},"inLanguage":"en-GB","potentialAction":[{"@type":"ReadAction","target":["https:\/\/www.agrotecrally.cz\/en\/rally-hustopece\/dobre-zpravy-z-hustopeci-jedeme-s-divaky\/"]}]},{"@type":"BreadcrumbList","@id":"https:\/\/www.agrotecrally.cz\/en\/rally-hustopece\/dobre-zpravy-z-hustopeci-jedeme-s-divaky\/#breadcrumb","itemListElement":[{"@type":"ListItem","position":1,"name":"Dom\u016f","item":"https:\/\/www.agrotecrally.cz\/"},{"@type":"ListItem","position":2,"name":"Dobr\u00e9 zpr\u00e1vy z Hustope\u010d\u00ed \u2013 jedeme s div\u00e1ky"}]},{"@type":"WebSite","@id":"https:\/\/www.agrotecrally.cz\/#website","url":"https:\/\/www.agrotecrally.cz\/","name":"AGROTEC Petronas rally","description":"Rally mezi vinicemi","publisher":{"@id":"https:\/\/www.agrotecrally.cz\/#organization"},"potentialAction":[{"@type":"SearchAction","target":{"@type":"EntryPoint","urlTemplate":"https:\/\/www.agrotecrally.cz\/?s={search_term_string}"},"query-input":"required name=search_term_string"}],"inLanguage":"en-GB"},{"@type":"Organization","@id":"https:\/\/www.agrotecrally.cz\/#organization","name":"AGROTEC Petronas rally","url":"https:\/\/www.agrotecrally.cz\/","logo":{"@type":"ImageObject","inLanguage":"en-GB","@id":"https:\/\/www.agrotecrally.cz\/#\/schema\/logo\/image\/","url":"https:\/\/www.agrotecrally.cz\/wp-content\/uploads\/2021\/05\/AGROTEC-RALLY_16-01-web-2.png","contentUrl":"https:\/\/www.agrotecrally.cz\/wp-content\/uploads\/2021\/05\/AGROTEC-RALLY_16-01-web-2.png","width":459,"height":222,"caption":"AGROTEC Petronas rally"},"image":{"@id":"https:\/\/www.agrotecrally.cz\/#\/schema\/logo\/image\/"},"sameAs":["https:\/\/www.facebook.com\/agrotecrally"]},{"@type":"Person","@id":"https:\/\/www.agrotecrally.cz\/#\/schema\/person\/38a02deaa1f019e278fc735d03d83f85","name":"Tom\u00e1\u0161 Plach\u00fd","image":{"@type":"ImageObject","inLanguage":"en-GB","@id":"https:\/\/www.agrotecrally.cz\/#\/schema\/person\/image\/","url":"https:\/\/secure.gravatar.com\/avatar\/a7a68eee7fdb2b4f0975cdc024983e22?s=96&d=mm&r=g","contentUrl":"https:\/\/secure.gravatar.com\/avatar\/a7a68eee7fdb2b4f0975cdc024983e22?s=96&d=mm&r=g","caption":"Tom\u00e1\u0161 Plach\u00fd"},"url":"https:\/\/www.agrotecrally.cz\/en\/author\/topmediaseznam-cz\/"}]}},"_links":{"self":[{"href":"https:\/\/www.agrotecrally.cz\/en\/wp-json\/wp\/v2\/posts\/1075"}],"collection":[{"href":"https:\/\/www.agrotecrally.cz\/en\/wp-json\/wp\/v2\/posts"}],"about":[{"href":"https:\/\/www.agrotecrally.cz\/en\/wp-json\/wp\/v2\/types\/post"}],"author":[{"embeddable":true,"href":"https:\/\/www.agrotecrally.cz\/en\/wp-json\/wp\/v2\/users\/2"}],"replies":[{"embeddable":true,"href":"https:\/\/www.agrotecrally.cz\/en\/wp-json\/wp\/v2\/comments?post=1075"}],"version-history":[{"count":1,"href":"https:\/\/www.agrotecrally.cz\/en\/wp-json\/wp\/v2\/posts\/1075\/revisions"}],"predecessor-version":[{"id":1077,"href":"https:\/\/www.agrotecrally.cz\/en\/wp-json\/wp\/v2\/posts\/1075\/revisions\/1077"}],"wp:featuredmedia":[{"embeddable":true,"href":"https:\/\/www.agrotecrally.cz\/en\/wp-json\/wp\/v2\/media\/1076"}],"wp:attachment":[{"href":"https:\/\/www.agrotecrally.cz\/en\/wp-json\/wp\/v2\/media?parent=1075"}],"wp:term":[{"taxonomy":"category","embeddable":true,"href":"https:\/\/www.agrotecrally.cz\/en\/wp-json\/wp\/v2\/categories?post=1075"},{"taxonomy":"post_tag","embeddable":true,"href":"https:\/\/www.agrotecrally.cz\/en\/wp-json\/wp\/v2\/tags?post=1075"}],"curies":[{"name":"wp","href":"https:\/\/api.w.org\/{rel}","templated":true}]}}