{"id":1112,"date":"2021-06-14T12:09:53","date_gmt":"2021-06-14T11:09:53","guid":{"rendered":"https:\/\/www.agrotecrally.cz\/?p=1112"},"modified":"2021-06-14T12:11:30","modified_gmt":"2021-06-14T11:11:30","slug":"agrotec-petronas-rally-eviduje-107-prihlasek","status":"publish","type":"post","link":"https:\/\/www.agrotecrally.cz\/en\/rally-hustopece\/agrotec-petronas-rally-eviduje-107-prihlasek\/","title":{"rendered":"AGROTEC PETRONAS rally eviduje 107 p\u0159ihl\u00e1\u0161ek"},"content":{"rendered":"<p><strong>V\u00edce ne\u017e stovka p\u0159ihl\u00e1\u0161ek se se\u0161la po\u0159adatel\u016fm AGROTEC PETRONAS rally v\u00a0Hustope\u010d\u00edch &#8211; t\u0159et\u00edho kl\u00e1n\u00ed \u010desk\u00e9ho a slovensk\u00e9ho \u0161ampion\u00e1tu. P\u0159i \u201erally mezi vinicemi\u201c ve dnech 18. \u2013 19. \u010dervna 2021 se div\u00e1ci mohou t\u011b\u0161it na 22 speci\u00e1l\u016f Rally2 a Ford Focus WRC \u00fa\u0159aduj\u00edc\u00edho \u0161ampi\u00f3na V\u00e1clava Pecha!<\/strong><\/p>\n<p><strong>\u00a0<\/strong><\/p>\n<p>Seznam p\u0159ihl\u00e1\u0161en\u00fdch pos\u00e1dek hustope\u010dsk\u00e9 sout\u011b\u017ee napl\u0148uje o\u010dek\u00e1v\u00e1n\u00ed. Z \u010desk\u00e9 strany chyb\u00ed z prvn\u00ed patn\u00e1ctky pr\u016fb\u011b\u017en\u00e9ho po\u0159ad\u00ed \u010desk\u00e9ho \u0161ampion\u00e1tu pouze Erik Cais, kter\u00fd d\u00e1v\u00e1 p\u0159ednost startu na Rajdu Polsk\u00e9m. Do role hlavn\u00edho favorita je pasov\u00e1n sedmin\u00e1sobn\u00fd v\u00edt\u011bz sout\u011b\u017ee Jan Kopeck\u00fd. Ten nav\u00edc letos z\u00e1vod\u00ed v barv\u00e1ch dom\u00e1c\u00edho AGROTEC \u0160koda Rally Teamu.<\/p>\n<p><em>\u00a0\u201eP\u0159ed Hustope\u010demi prob\u011bhla p\u0159\u00edprava stejn\u011b jako na v\u0161echny p\u0159edchoz\u00ed z\u00e1vody. Auto jsme rozebrali, n\u011bkter\u00e9 v\u011bci jsme odvezli na kontrolu do t\u00fdmu \u0160koda Motorsport. Ve st\u0159edu p\u0159ed startem budeme m\u00edt kr\u00e1tk\u00fd test p\u0159\u00edmo v\u00a0Hustope\u010d\u00edch, abych se s\u00a0autem s\u017eil a na\u0161el nejlep\u0161\u00ed nastaven\u00ed pro m\u00edstn\u00ed trat\u011b.<\/em><\/p>\n<p><em>Hustope\u010de jsou specifick\u00e1 sout\u011b\u017e, jedin\u00e1 s\u00a0v\u00fdjime\u010dn\u00fdmi \u00faseky, kter\u00e9 \u010dasto zav\u00edtaj\u00ed do vinic. Cesty jsou zapr\u00e1\u0161en\u00e9 a uklouzan\u00e9, je tam i vysok\u00fd pom\u011br \u0161otolinov\u00fdch silni\u010dek, kter\u00e9 po\u0159adatel\u00e9 vyu\u017e\u00edvaj\u00ed. Sout\u011b\u017e se jede na opravdu mal\u00e9m pl\u00e1cku, je kompaktn\u00ed, s\u00a0n\u00e1dhern\u00fdmi rychlostkami a s\u00a0minim\u00e1ln\u00edmi p\u0159ejezdy. A z\u00a0m\u00e9ho pohledu tam snad ani \u017e\u00e1dn\u00e9 negativum nen\u00ed,\u201c <\/em>\u0159\u00edk\u00e1 p\u0159ed startem Jan Kopeck\u00fd.<\/p>\n<p>Jeho nejv\u011bt\u0161\u00edmi konkurenty jist\u011b budou trojn\u00e1sobn\u00fd v\u00edt\u011bz AGROTEC\u00a0rally V\u00e1clav Pech a obh\u00e1jce prvenstv\u00ed z roku 2019 Filip Mare\u0161. Z v\u00fd\u010dtu historick\u00fdch v\u00edt\u011bz\u016f m\u016f\u017eeme zm\u00ednit i Romana Odlo\u017eil\u00edka, um\u00edst\u011bn\u00ed na stupn\u00edch v\u00edt\u011bz\u016f evidujeme u Miroslava Jake\u0161e \u010di Jana \u010cern\u00e9ho. Po \u0161estn\u00e1ct\u00e9 se pak postav\u00ed na start dom\u00e1c\u00ed Martin Rada (Fiat 124 Abarth RGT), jen\u017e zat\u00edm nevynechal jedin\u00fd ro\u010dn\u00edk hustope\u010dsk\u00e9ho z\u00e1vodu.<\/p>\n<p><strong>SONAX M\u010cR <\/strong><strong>v rally (po Rally \u0160umava): <\/strong>1. Kopeck\u00fd 110, 2. Mare\u0161 95, 3. \u010cern\u00fd 73, 4. St\u0159\u00edtesk\u00fd 62, 5. Jake\u0161 43, 6. Cvr\u010dek jr. 31, 7. Cais 30, 8. Odlo\u017eil\u00edk 30, 9. Vl\u010dek 19, 10. Pech 18.<\/p>\n<p>Zat\u00edmco \u010desk\u00e1 \u0161pi\u010dka se v\u00a0Hustope\u010d\u00edch sejde kompletn\u00ed, o slovensk\u00e9 se to ned\u00e1 v\u016fbec \u0159\u00edci. Lo\u0148sk\u00fd v\u00edt\u011bz slovensk\u00e9 klasifikace v\u00a0Hustope\u010d\u00edch, \u00fa\u0159aduj\u00edc\u00ed \u0161ampi\u00f3n a i aktu\u00e1ln\u00ed l\u00eddr slovensk\u00e9 klasifikace Grzegorz Grzyb se stejn\u011b jako Cais objev\u00ed na \u201eEvrop\u011b\u201c, na Rajdu Polsk\u00e9m.<\/p>\n<p>Do Hustope\u010d\u00ed v\u0161ak nem\u00ed\u0159\u00ed ani Jaro Melich\u00e1rek, Tom\u00e1\u0161 Ondrej \u010di Igor Drot\u00e1r. Pre\u0161ovsk\u00fd veter\u00e1n d\u00e1v\u00e1 p\u0159ednost na startu v\u00a0z\u00e1vodu do vrchu v O\u017e\u010fanech. Nejv\u00fd\u0161e nasazen\u00fdm jezdcem se slovenskou licenc\u00ed tak je Peter Gavl\u00e1k, v\u00a0bl\u00edzk\u00e9m sledu ho n\u00e1sleduj\u00ed Vladim\u00edr Hanu\u0161 a Roman Popovi\u010d. Vlasto Majer\u010d\u00e1k pak p\u0159edstav\u00ed v\u00a0\u010desk\u00e9 premi\u00e9\u0159e v\u016fz Ford Fiesta Rally3.<\/p>\n<p><strong>MSR v rally (po Rally Tatry):<\/strong> 1. G. Grzyb 120, 2. J. Melich\u00e1rek 92, 3. I. Drot\u00e1r 78, 4. T. Ondrej 50, 5. A. Chwietczuk 38, 6. \u0160vec 38, 7. Chwist 36, 8. Kov\u00e1cs 34<\/p>\n<p>Po\u0159adatel 16. AGROTEC PETRONAS rally umo\u017en\u00ed fanou\u0161k\u016fm vstup do servisu na z\u00e1klad\u011b dolo\u017een\u00ed negativn\u00edch test\u016f nebo prod\u011blan\u00e9m o\u010dkov\u00e1n\u00ed v <strong>REGISTRA\u010cN\u00cdM DIV\u00c1CK\u00c9M CENTRU<\/strong>, kter\u00e9 bude v\u00a0provozu <strong>18. 6. 2021 v\u00a0\u010dase 15:00 \u2013 20:00 a 19. 6. 2021 v\u00a0\u010dase 8:00 \u2013 15:00<\/strong> hodin. P\u0159\u00edtomnost div\u00e1k\u016f pod\u00e9l rychlostn\u00edch zkou\u0161ek nebude po\u0159adatelem \u0159e\u0161ena, bude na osobn\u00ed odpov\u011bdnosti ka\u017ed\u00e9ho, v\u010detn\u011b <strong>respektov\u00e1n\u00ed a dodr\u017eov\u00e1n\u00ed aktu\u00e1ln\u00edch hygienicko-protiepidemick\u00fdch opat\u0159en\u00ed vydan\u00fdch MZ \u010cR.\u00a0 <\/strong><\/p>\n<p>V\u00edce informac\u00ed k\u00a0sout\u011b\u017ei bude postupn\u011b zve\u0159ejn\u011bno na ofici\u00e1ln\u00ed str\u00e1nce www.agrotecrally.cz, \u0159ada novinek bude dostupn\u00e1 i na facebookov\u00e9m profilu <strong>Agrotec rally Hustope\u010de<\/strong>.<\/p>\n<p>AGROTEC PETRONAS rally Hustope\u010de 2021, tiskov\u00fd servis<\/p>\n<p>Tom\u00e1\u0161 Plach\u00fd<\/p>","protected":false},"excerpt":{"rendered":"<p>V\u00edce ne\u017e stovka p\u0159ihl\u00e1\u0161ek se se\u0161la po\u0159adatel\u016fm AGROTEC PETRONAS rally v\u00a0Hustope\u010d\u00edch &#8211; t\u0159et\u00edho kl\u00e1n\u00ed \u010desk\u00e9ho a slovensk\u00e9ho \u0161ampion\u00e1tu. P\u0159i \u201erally mezi vinicemi\u201c ve dnech 18. \u2013 19. \u010dervna 2021 se div\u00e1ci mohou t\u011b\u0161it na 22 speci\u00e1l\u016f Rally2 a Ford Focus WRC \u00fa\u0159aduj\u00edc\u00edho \u0161ampi\u00f3na V\u00e1clava Pecha! \u00a0 Seznam p\u0159ihl\u00e1\u0161en\u00fdch pos\u00e1dek hustope\u010dsk\u00e9 sout\u011b\u017ee napl\u0148uje o\u010dek\u00e1v\u00e1n\u00ed. Z \u010desk\u00e9 [&hellip;]<\/p>","protected":false},"author":2,"featured_media":1113,"comment_status":"open","ping_status":"open","sticky":false,"template":"","format":"standard","meta":{"_et_pb_use_builder":"","_et_pb_old_content":"","_et_gb_content_width":"","footnotes":""},"categories":[10,9],"tags":[18,19,23,21,22,20],"yoast_head":"<!-- This site is optimized with the Yoast SEO plugin v21.9.1 - https:\/\/yoast.com\/wordpress\/plugins\/seo\/ -->\n<title>AGROTEC PETRONAS rally eviduje 107 p\u0159ihl\u00e1\u0161ek | AGROTEC Petronas Rally<\/title>\n<meta name=\"robots\" content=\"index, follow, max-snippet:-1, max-image-preview:large, max-video-preview:-1\" \/>\n<link rel=\"canonical\" href=\"https:\/\/www.agrotecrally.cz\/en\/rally-hustopece\/agrotec-petronas-rally-eviduje-107-prihlasek\/\" \/>\n<meta property=\"og:locale\" content=\"en_GB\" \/>\n<meta property=\"og:type\" content=\"article\" \/>\n<meta property=\"og:title\" content=\"AGROTEC PETRONAS rally eviduje 107 p\u0159ihl\u00e1\u0161ek | AGROTEC Petronas Rally\" \/>\n<meta property=\"og:description\" content=\"V\u00edce ne\u017e stovka p\u0159ihl\u00e1\u0161ek se se\u0161la po\u0159adatel\u016fm AGROTEC PETRONAS rally v\u00a0Hustope\u010d\u00edch &#8211; t\u0159et\u00edho kl\u00e1n\u00ed \u010desk\u00e9ho a slovensk\u00e9ho \u0161ampion\u00e1tu. P\u0159i \u201erally mezi vinicemi\u201c ve dnech 18. \u2013 19. \u010dervna 2021 se div\u00e1ci mohou t\u011b\u0161it na 22 speci\u00e1l\u016f Rally2 a Ford Focus WRC \u00fa\u0159aduj\u00edc\u00edho \u0161ampi\u00f3na V\u00e1clava Pecha! \u00a0 Seznam p\u0159ihl\u00e1\u0161en\u00fdch pos\u00e1dek hustope\u010dsk\u00e9 sout\u011b\u017ee napl\u0148uje o\u010dek\u00e1v\u00e1n\u00ed. Z \u010desk\u00e9 [&hellip;]\" \/>\n<meta property=\"og:url\" content=\"https:\/\/www.agrotecrally.cz\/en\/rally-hustopece\/agrotec-petronas-rally-eviduje-107-prihlasek\/\" \/>\n<meta property=\"og:site_name\" content=\"AGROTEC Petronas Rally\" \/>\n<meta property=\"article:publisher\" content=\"https:\/\/www.facebook.com\/agrotecrally\" \/>\n<meta property=\"article:published_time\" content=\"2021-06-14T11:09:53+00:00\" \/>\n<meta property=\"article:modified_time\" content=\"2021-06-14T11:11:30+00:00\" \/>\n<meta property=\"og:image\" content=\"https:\/\/www.agrotecrally.cz\/wp-content\/uploads\/2021\/06\/A7305681-scaled.jpg\" \/>\n\t<meta property=\"og:image:width\" content=\"2560\" \/>\n\t<meta property=\"og:image:height\" content=\"1707\" \/>\n\t<meta property=\"og:image:type\" content=\"image\/jpeg\" \/>\n<meta name=\"author\" content=\"Tom\u00e1\u0161 Plach\u00fd\" \/>\n<meta name=\"twitter:card\" content=\"summary_large_image\" \/>\n<meta name=\"twitter:label1\" content=\"Written by\" \/>\n\t<meta name=\"twitter:data1\" content=\"Tom\u00e1\u0161 Plach\u00fd\" \/>\n\t<meta name=\"twitter:label2\" content=\"Estimated reading time\" \/>\n\t<meta name=\"twitter:data2\" content=\"3 minutes\" \/>\n<script type=\"application\/ld+json\" class=\"yoast-schema-graph\">{\"@context\":\"https:\/\/schema.org\",\"@graph\":[{\"@type\":\"Article\",\"@id\":\"https:\/\/www.agrotecrally.cz\/rally-hustopece\/agrotec-petronas-rally-eviduje-107-prihlasek\/#article\",\"isPartOf\":{\"@id\":\"https:\/\/www.agrotecrally.cz\/rally-hustopece\/agrotec-petronas-rally-eviduje-107-prihlasek\/\"},\"author\":{\"name\":\"Tom\u00e1\u0161 Plach\u00fd\",\"@id\":\"https:\/\/www.agrotecrally.cz\/#\/schema\/person\/38a02deaa1f019e278fc735d03d83f85\"},\"headline\":\"AGROTEC PETRONAS rally eviduje 107 p\u0159ihl\u00e1\u0161ek\",\"datePublished\":\"2021-06-14T11:09:53+00:00\",\"dateModified\":\"2021-06-14T11:11:30+00:00\",\"mainEntityOfPage\":{\"@id\":\"https:\/\/www.agrotecrally.cz\/rally-hustopece\/agrotec-petronas-rally-eviduje-107-prihlasek\/\"},\"wordCount\":686,\"commentCount\":0,\"publisher\":{\"@id\":\"https:\/\/www.agrotecrally.cz\/#organization\"},\"keywords\":[\"Agrotec rally\",\"Hustope\u010de\",\"Hustope\u010dsko\",\"M\u010cR v rally\",\"MSR v rally\",\"rally mezi vinicemi\"],\"articleSection\":[\"AGROTEC rally Hustope\u010de\",\"Rally mezi vinicemi\"],\"inLanguage\":\"en-GB\",\"potentialAction\":[{\"@type\":\"CommentAction\",\"name\":\"Comment\",\"target\":[\"https:\/\/www.agrotecrally.cz\/rally-hustopece\/agrotec-petronas-rally-eviduje-107-prihlasek\/#respond\"]}]},{\"@type\":\"WebPage\",\"@id\":\"https:\/\/www.agrotecrally.cz\/rally-hustopece\/agrotec-petronas-rally-eviduje-107-prihlasek\/\",\"url\":\"https:\/\/www.agrotecrally.cz\/rally-hustopece\/agrotec-petronas-rally-eviduje-107-prihlasek\/\",\"name\":\"AGROTEC PETRONAS rally eviduje 107 p\u0159ihl\u00e1\u0161ek | AGROTEC Petronas Rally\",\"isPartOf\":{\"@id\":\"https:\/\/www.agrotecrally.cz\/#website\"},\"datePublished\":\"2021-06-14T11:09:53+00:00\",\"dateModified\":\"2021-06-14T11:11:30+00:00\",\"breadcrumb\":{\"@id\":\"https:\/\/www.agrotecrally.cz\/rally-hustopece\/agrotec-petronas-rally-eviduje-107-prihlasek\/#breadcrumb\"},\"inLanguage\":\"en-GB\",\"potentialAction\":[{\"@type\":\"ReadAction\",\"target\":[\"https:\/\/www.agrotecrally.cz\/rally-hustopece\/agrotec-petronas-rally-eviduje-107-prihlasek\/\"]}]},{\"@type\":\"BreadcrumbList\",\"@id\":\"https:\/\/www.agrotecrally.cz\/rally-hustopece\/agrotec-petronas-rally-eviduje-107-prihlasek\/#breadcrumb\",\"itemListElement\":[{\"@type\":\"ListItem\",\"position\":1,\"name\":\"Dom\u016f\",\"item\":\"https:\/\/www.agrotecrally.cz\/\"},{\"@type\":\"ListItem\",\"position\":2,\"name\":\"AGROTEC PETRONAS rally eviduje 107 p\u0159ihl\u00e1\u0161ek\"}]},{\"@type\":\"WebSite\",\"@id\":\"https:\/\/www.agrotecrally.cz\/#website\",\"url\":\"https:\/\/www.agrotecrally.cz\/\",\"name\":\"AGROTEC Petronas rally\",\"description\":\"Rally mezi vinicemi\",\"publisher\":{\"@id\":\"https:\/\/www.agrotecrally.cz\/#organization\"},\"potentialAction\":[{\"@type\":\"SearchAction\",\"target\":{\"@type\":\"EntryPoint\",\"urlTemplate\":\"https:\/\/www.agrotecrally.cz\/?s={search_term_string}\"},\"query-input\":\"required name=search_term_string\"}],\"inLanguage\":\"en-GB\"},{\"@type\":\"Organization\",\"@id\":\"https:\/\/www.agrotecrally.cz\/#organization\",\"name\":\"AGROTEC Petronas rally\",\"url\":\"https:\/\/www.agrotecrally.cz\/\",\"logo\":{\"@type\":\"ImageObject\",\"inLanguage\":\"en-GB\",\"@id\":\"https:\/\/www.agrotecrally.cz\/#\/schema\/logo\/image\/\",\"url\":\"https:\/\/www.agrotecrally.cz\/wp-content\/uploads\/2021\/05\/AGROTEC-RALLY_16-01-web-2.png\",\"contentUrl\":\"https:\/\/www.agrotecrally.cz\/wp-content\/uploads\/2021\/05\/AGROTEC-RALLY_16-01-web-2.png\",\"width\":459,\"height\":222,\"caption\":\"AGROTEC Petronas rally\"},\"image\":{\"@id\":\"https:\/\/www.agrotecrally.cz\/#\/schema\/logo\/image\/\"},\"sameAs\":[\"https:\/\/www.facebook.com\/agrotecrally\"]},{\"@type\":\"Person\",\"@id\":\"https:\/\/www.agrotecrally.cz\/#\/schema\/person\/38a02deaa1f019e278fc735d03d83f85\",\"name\":\"Tom\u00e1\u0161 Plach\u00fd\",\"image\":{\"@type\":\"ImageObject\",\"inLanguage\":\"en-GB\",\"@id\":\"https:\/\/www.agrotecrally.cz\/#\/schema\/person\/image\/\",\"url\":\"https:\/\/secure.gravatar.com\/avatar\/a7a68eee7fdb2b4f0975cdc024983e22?s=96&d=mm&r=g\",\"contentUrl\":\"https:\/\/secure.gravatar.com\/avatar\/a7a68eee7fdb2b4f0975cdc024983e22?s=96&d=mm&r=g\",\"caption\":\"Tom\u00e1\u0161 Plach\u00fd\"},\"url\":\"https:\/\/www.agrotecrally.cz\/en\/author\/topmediaseznam-cz\/\"}]}<\/script>\n<!-- \/ Yoast SEO plugin. -->","yoast_head_json":{"title":"AGROTEC PETRONAS rally eviduje 107 p\u0159ihl\u00e1\u0161ek | AGROTEC Petronas Rally","robots":{"index":"index","follow":"follow","max-snippet":"max-snippet:-1","max-image-preview":"max-image-preview:large","max-video-preview":"max-video-preview:-1"},"canonical":"https:\/\/www.agrotecrally.cz\/en\/rally-hustopece\/agrotec-petronas-rally-eviduje-107-prihlasek\/","og_locale":"en_GB","og_type":"article","og_title":"AGROTEC PETRONAS rally eviduje 107 p\u0159ihl\u00e1\u0161ek | AGROTEC Petronas Rally","og_description":"V\u00edce ne\u017e stovka p\u0159ihl\u00e1\u0161ek se se\u0161la po\u0159adatel\u016fm AGROTEC PETRONAS rally v\u00a0Hustope\u010d\u00edch &#8211; t\u0159et\u00edho kl\u00e1n\u00ed \u010desk\u00e9ho a slovensk\u00e9ho \u0161ampion\u00e1tu. P\u0159i \u201erally mezi vinicemi\u201c ve dnech 18. \u2013 19. \u010dervna 2021 se div\u00e1ci mohou t\u011b\u0161it na 22 speci\u00e1l\u016f Rally2 a Ford Focus WRC \u00fa\u0159aduj\u00edc\u00edho \u0161ampi\u00f3na V\u00e1clava Pecha! \u00a0 Seznam p\u0159ihl\u00e1\u0161en\u00fdch pos\u00e1dek hustope\u010dsk\u00e9 sout\u011b\u017ee napl\u0148uje o\u010dek\u00e1v\u00e1n\u00ed. Z \u010desk\u00e9 [&hellip;]","og_url":"https:\/\/www.agrotecrally.cz\/en\/rally-hustopece\/agrotec-petronas-rally-eviduje-107-prihlasek\/","og_site_name":"AGROTEC Petronas Rally","article_publisher":"https:\/\/www.facebook.com\/agrotecrally","article_published_time":"2021-06-14T11:09:53+00:00","article_modified_time":"2021-06-14T11:11:30+00:00","og_image":[{"width":2560,"height":1707,"url":"https:\/\/www.agrotecrally.cz\/wp-content\/uploads\/2021\/06\/A7305681-scaled.jpg","type":"image\/jpeg"}],"author":"Tom\u00e1\u0161 Plach\u00fd","twitter_card":"summary_large_image","twitter_misc":{"Written by":"Tom\u00e1\u0161 Plach\u00fd","Estimated reading time":"3 minutes"},"schema":{"@context":"https:\/\/schema.org","@graph":[{"@type":"Article","@id":"https:\/\/www.agrotecrally.cz\/rally-hustopece\/agrotec-petronas-rally-eviduje-107-prihlasek\/#article","isPartOf":{"@id":"https:\/\/www.agrotecrally.cz\/rally-hustopece\/agrotec-petronas-rally-eviduje-107-prihlasek\/"},"author":{"name":"Tom\u00e1\u0161 Plach\u00fd","@id":"https:\/\/www.agrotecrally.cz\/#\/schema\/person\/38a02deaa1f019e278fc735d03d83f85"},"headline":"AGROTEC PETRONAS rally eviduje 107 p\u0159ihl\u00e1\u0161ek","datePublished":"2021-06-14T11:09:53+00:00","dateModified":"2021-06-14T11:11:30+00:00","mainEntityOfPage":{"@id":"https:\/\/www.agrotecrally.cz\/rally-hustopece\/agrotec-petronas-rally-eviduje-107-prihlasek\/"},"wordCount":686,"commentCount":0,"publisher":{"@id":"https:\/\/www.agrotecrally.cz\/#organization"},"keywords":["Agrotec rally","Hustope\u010de","Hustope\u010dsko","M\u010cR v rally","MSR v rally","rally mezi vinicemi"],"articleSection":["AGROTEC rally Hustope\u010de","Rally mezi vinicemi"],"inLanguage":"en-GB","potentialAction":[{"@type":"CommentAction","name":"Comment","target":["https:\/\/www.agrotecrally.cz\/rally-hustopece\/agrotec-petronas-rally-eviduje-107-prihlasek\/#respond"]}]},{"@type":"WebPage","@id":"https:\/\/www.agrotecrally.cz\/rally-hustopece\/agrotec-petronas-rally-eviduje-107-prihlasek\/","url":"https:\/\/www.agrotecrally.cz\/rally-hustopece\/agrotec-petronas-rally-eviduje-107-prihlasek\/","name":"AGROTEC PETRONAS rally eviduje 107 p\u0159ihl\u00e1\u0161ek | AGROTEC Petronas Rally","isPartOf":{"@id":"https:\/\/www.agrotecrally.cz\/#website"},"datePublished":"2021-06-14T11:09:53+00:00","dateModified":"2021-06-14T11:11:30+00:00","breadcrumb":{"@id":"https:\/\/www.agrotecrally.cz\/rally-hustopece\/agrotec-petronas-rally-eviduje-107-prihlasek\/#breadcrumb"},"inLanguage":"en-GB","potentialAction":[{"@type":"ReadAction","target":["https:\/\/www.agrotecrally.cz\/rally-hustopece\/agrotec-petronas-rally-eviduje-107-prihlasek\/"]}]},{"@type":"BreadcrumbList","@id":"https:\/\/www.agrotecrally.cz\/rally-hustopece\/agrotec-petronas-rally-eviduje-107-prihlasek\/#breadcrumb","itemListElement":[{"@type":"ListItem","position":1,"name":"Dom\u016f","item":"https:\/\/www.agrotecrally.cz\/"},{"@type":"ListItem","position":2,"name":"AGROTEC PETRONAS rally eviduje 107 p\u0159ihl\u00e1\u0161ek"}]},{"@type":"WebSite","@id":"https:\/\/www.agrotecrally.cz\/#website","url":"https:\/\/www.agrotecrally.cz\/","name":"AGROTEC Petronas rally","description":"Rally mezi vinicemi","publisher":{"@id":"https:\/\/www.agrotecrally.cz\/#organization"},"potentialAction":[{"@type":"SearchAction","target":{"@type":"EntryPoint","urlTemplate":"https:\/\/www.agrotecrally.cz\/?s={search_term_string}"},"query-input":"required name=search_term_string"}],"inLanguage":"en-GB"},{"@type":"Organization","@id":"https:\/\/www.agrotecrally.cz\/#organization","name":"AGROTEC Petronas rally","url":"https:\/\/www.agrotecrally.cz\/","logo":{"@type":"ImageObject","inLanguage":"en-GB","@id":"https:\/\/www.agrotecrally.cz\/#\/schema\/logo\/image\/","url":"https:\/\/www.agrotecrally.cz\/wp-content\/uploads\/2021\/05\/AGROTEC-RALLY_16-01-web-2.png","contentUrl":"https:\/\/www.agrotecrally.cz\/wp-content\/uploads\/2021\/05\/AGROTEC-RALLY_16-01-web-2.png","width":459,"height":222,"caption":"AGROTEC Petronas rally"},"image":{"@id":"https:\/\/www.agrotecrally.cz\/#\/schema\/logo\/image\/"},"sameAs":["https:\/\/www.facebook.com\/agrotecrally"]},{"@type":"Person","@id":"https:\/\/www.agrotecrally.cz\/#\/schema\/person\/38a02deaa1f019e278fc735d03d83f85","name":"Tom\u00e1\u0161 Plach\u00fd","image":{"@type":"ImageObject","inLanguage":"en-GB","@id":"https:\/\/www.agrotecrally.cz\/#\/schema\/person\/image\/","url":"https:\/\/secure.gravatar.com\/avatar\/a7a68eee7fdb2b4f0975cdc024983e22?s=96&d=mm&r=g","contentUrl":"https:\/\/secure.gravatar.com\/avatar\/a7a68eee7fdb2b4f0975cdc024983e22?s=96&d=mm&r=g","caption":"Tom\u00e1\u0161 Plach\u00fd"},"url":"https:\/\/www.agrotecrally.cz\/en\/author\/topmediaseznam-cz\/"}]}},"_links":{"self":[{"href":"https:\/\/www.agrotecrally.cz\/en\/wp-json\/wp\/v2\/posts\/1112"}],"collection":[{"href":"https:\/\/www.agrotecrally.cz\/en\/wp-json\/wp\/v2\/posts"}],"about":[{"href":"https:\/\/www.agrotecrally.cz\/en\/wp-json\/wp\/v2\/types\/post"}],"author":[{"embeddable":true,"href":"https:\/\/www.agrotecrally.cz\/en\/wp-json\/wp\/v2\/users\/2"}],"replies":[{"embeddable":true,"href":"https:\/\/www.agrotecrally.cz\/en\/wp-json\/wp\/v2\/comments?post=1112"}],"version-history":[{"count":3,"href":"https:\/\/www.agrotecrally.cz\/en\/wp-json\/wp\/v2\/posts\/1112\/revisions"}],"predecessor-version":[{"id":1116,"href":"https:\/\/www.agrotecrally.cz\/en\/wp-json\/wp\/v2\/posts\/1112\/revisions\/1116"}],"wp:featuredmedia":[{"embeddable":true,"href":"https:\/\/www.agrotecrally.cz\/en\/wp-json\/wp\/v2\/media\/1113"}],"wp:attachment":[{"href":"https:\/\/www.agrotecrally.cz\/en\/wp-json\/wp\/v2\/media?parent=1112"}],"wp:term":[{"taxonomy":"category","embeddable":true,"href":"https:\/\/www.agrotecrally.cz\/en\/wp-json\/wp\/v2\/categories?post=1112"},{"taxonomy":"post_tag","embeddable":true,"href":"https:\/\/www.agrotecrally.cz\/en\/wp-json\/wp\/v2\/tags?post=1112"}],"curies":[{"name":"wp","href":"https:\/\/api.w.org\/{rel}","templated":true}]}}