{"id":1224,"date":"2021-06-16T20:54:12","date_gmt":"2021-06-16T19:54:12","guid":{"rendered":"https:\/\/www.agrotecrally.cz\/?p=1224"},"modified":"2021-06-16T20:58:17","modified_gmt":"2021-06-16T19:58:17","slug":"jan-kopecky-miri-do-vinic","status":"publish","type":"post","link":"https:\/\/www.agrotecrally.cz\/en\/rally-hustopece\/jan-kopecky-miri-do-vinic\/","title":{"rendered":"Jan Kopeck\u00fd m\u00ed\u0159\u00ed do vinic"},"content":{"rendered":"<p><strong>T\u0159et\u00ed start za Agrotec \u0160koda Rally Team \u010dek\u00e1 na Jana Kopeck\u00e9ho se spolujezdcem Janem Hlou\u0161kem na nadch\u00e1zej\u00edc\u00ed Agrotec Petronas Rally Hustope\u010de. Tedy v kraji pln\u00e9m n\u00e1dhern\u00fdch vinic a tak\u00e9 na sout\u011b\u017ei, kter\u00e1 je dom\u00e1c\u00ed pro dealersk\u00fd Agrotec \u0160koda Rally Team.<\/strong><\/p>\n<p>Honzovi Kopeck\u00e9mu se v Hustope\u010d\u00edch da\u0159\u00ed, od roku 2011 na sout\u011b\u017ei nebyl poko\u0159en. N\u011bkolikr\u00e1t ale chyb\u011bl, proto\u017ee v term\u00ednu sout\u011b\u017ee jel mistrovstv\u00ed sv\u011bta na Sard\u00ednii. Tak tomu bylo i p\u0159i posledn\u00edm ro\u010dn\u00edku v roce 2019. Loni byla sout\u011b\u017e zru\u0161ena vzhledem k pandemii covid-19.<\/p>\n<p>Do Hustope\u010d\u00ed se ale tradi\u010dn\u011b moc t\u011b\u0161\u00ed. <strong><em>\u201eRally Hustope\u010de m\u00e1m moc r\u00e1d. Oproti ostatn\u00edm sout\u011b\u017e\u00edm u n\u00e1s m\u00e1 v\u00fdrazn\u011b jin\u00fd charakter. Jede se doslova na p\u011btn\u00edku s minimem p\u0159ejezd\u016f, v kr\u00e1sn\u00e9m kraji pln\u00e9m vinic a \u0161otolinov\u00fdch \u00fasek\u016f. V \u010dervnu nav\u00edc b\u00fdv\u00e1 kr\u00e1sn\u00e9 po\u010das\u00ed,\u201c<\/em><\/strong> vyjmenov\u00e1v\u00e1 Honza p\u0159ednosti sout\u011b\u017ee. <em><strong>\u201eLetos je to oko\u0159en\u011bn\u00e9 i t\u00edm, \u017ee jezd\u00edme za dealersk\u00fd Agrotec \u0160koda Rally Team, kter\u00fd m\u00e1 v Hustope\u010d\u00edch s\u00eddlo. Kone\u010dn\u011b tak\u00e9 pojedeme (ofici\u00e1ln\u011b) s div\u00e1ky, moc se na n\u011b t\u011b\u0161\u00edme kolem trat\u00ed i v servisu a douf\u00e1me, \u017ee si souboje na trati po\u0159\u00e1dn\u011b u\u017eij\u00ed.\u201c<\/strong><\/em><\/p>\n<p>Hned n\u011bkolik funkc\u00ed najednou mus\u00ed ka\u017ed\u00fd rok na sout\u011b\u017ei stihnout i Martin Rada, gener\u00e1ln\u00ed \u0159editel AGROTEC a.s., vedouc\u00ed organiza\u010dn\u00edho t\u00fdmu sout\u011b\u017ee a tak\u00e9 jezdec rally. Letos se k tomu p\u0159id\u00e1v\u00e1 je\u0161t\u011b starost o v\u00fdsledek jeho dealersk\u00e9ho t\u00fdmu. <em><strong>\u201eV prvn\u00ed \u0159ad\u011b si p\u0159eji, aby se cel\u00e1 sout\u011b\u017e bez probl\u00e9m\u016f odjela, to je v\u017edy to hlavn\u00ed. V\u011b\u0159\u00edm, \u017ee si sout\u011b\u017e u\u017eiji i jako jezdec a moc bych si p\u0159\u00e1l i hezk\u00fd v\u00fdsledek od Honzy Kopeck\u00e9ho s Honzou Hlou\u0161kem. A moc se t\u011b\u0161\u00edme i na div\u00e1ky, p\u0159ij\u010fte pos\u00e1dky podpo\u0159it po oba dny, a\u0165 se ten sv\u011bt zase vr\u00e1t\u00ed do norm\u00e1lu.\u201c<\/strong><\/em><\/p>\n<p>Na startu t\u0159et\u00ed sout\u011b\u017ee Sonax Mistrovstv\u00ed \u010cesk\u00e9 republiky v rally se sejde kompletn\u00ed dom\u00e1c\u00ed \u0161pi\u010dka oko\u0159en\u011bn\u00e1 i o pos\u00e1dky slovensk\u00e9ho \u0161ampion\u00e1tu. Sout\u011b\u017e odstartuje v p\u00e1tek v podve\u010der a v\u00edt\u011bz sout\u011b\u017ee by m\u011bl b\u00fdt zn\u00e1m v sobotu kolem p\u00e1t\u00e9 hodiny odpoledn\u00ed.<\/p>\n<p>Pod\u011bkov\u00e1n\u00ed za podporu pat\u0159\u00ed v\u0161em partner\u016fm Agrotec \u0160koda Rally Teamu &#8211; EVROmat a.s., AGROTEC a.s., MOL \u010cesk\u00e1 republika, \u0160koda Auto, Franco Real Estate, Ekorent, Artifex a Uniprint.<\/p>","protected":false},"excerpt":{"rendered":"<p>T\u0159et\u00ed start za Agrotec \u0160koda Rally Team \u010dek\u00e1 na Jana Kopeck\u00e9ho se spolujezdcem Janem Hlou\u0161kem na nadch\u00e1zej\u00edc\u00ed Agrotec Petronas Rally Hustope\u010de. Tedy v kraji pln\u00e9m n\u00e1dhern\u00fdch vinic a tak\u00e9 na sout\u011b\u017ei, kter\u00e1 je dom\u00e1c\u00ed pro dealersk\u00fd Agrotec \u0160koda Rally Team. Honzovi Kopeck\u00e9mu se v Hustope\u010d\u00edch da\u0159\u00ed, od roku 2011 na sout\u011b\u017ei nebyl poko\u0159en. N\u011bkolikr\u00e1t ale [&hellip;]<\/p>","protected":false},"author":2,"featured_media":1225,"comment_status":"open","ping_status":"open","sticky":false,"template":"","format":"standard","meta":{"_et_pb_use_builder":"","_et_pb_old_content":"","_et_gb_content_width":"","footnotes":""},"categories":[10,9],"tags":[18,43,19,23,44],"yoast_head":"<!-- This site is optimized with the Yoast SEO plugin v21.9.1 - https:\/\/yoast.com\/wordpress\/plugins\/seo\/ -->\n<title>Jan Kopeck\u00fd m\u00ed\u0159\u00ed do vinic | AGROTEC Petronas Rally<\/title>\n<meta name=\"robots\" content=\"index, follow, max-snippet:-1, max-image-preview:large, max-video-preview:-1\" \/>\n<link rel=\"canonical\" href=\"https:\/\/www.agrotecrally.cz\/en\/rally-hustopece\/jan-kopecky-miri-do-vinic\/\" \/>\n<meta property=\"og:locale\" content=\"en_GB\" \/>\n<meta property=\"og:type\" content=\"article\" \/>\n<meta property=\"og:title\" content=\"Jan Kopeck\u00fd m\u00ed\u0159\u00ed do vinic | AGROTEC Petronas Rally\" \/>\n<meta property=\"og:description\" content=\"T\u0159et\u00ed start za Agrotec \u0160koda Rally Team \u010dek\u00e1 na Jana Kopeck\u00e9ho se spolujezdcem Janem Hlou\u0161kem na nadch\u00e1zej\u00edc\u00ed Agrotec Petronas Rally Hustope\u010de. Tedy v kraji pln\u00e9m n\u00e1dhern\u00fdch vinic a tak\u00e9 na sout\u011b\u017ei, kter\u00e1 je dom\u00e1c\u00ed pro dealersk\u00fd Agrotec \u0160koda Rally Team. Honzovi Kopeck\u00e9mu se v Hustope\u010d\u00edch da\u0159\u00ed, od roku 2011 na sout\u011b\u017ei nebyl poko\u0159en. N\u011bkolikr\u00e1t ale [&hellip;]\" \/>\n<meta property=\"og:url\" content=\"https:\/\/www.agrotecrally.cz\/en\/rally-hustopece\/jan-kopecky-miri-do-vinic\/\" \/>\n<meta property=\"og:site_name\" content=\"AGROTEC Petronas Rally\" \/>\n<meta property=\"article:publisher\" content=\"https:\/\/www.facebook.com\/agrotecrally\" \/>\n<meta property=\"article:published_time\" content=\"2021-06-16T19:54:12+00:00\" \/>\n<meta property=\"article:modified_time\" content=\"2021-06-16T19:58:17+00:00\" \/>\n<meta property=\"og:image\" content=\"https:\/\/www.agrotecrally.cz\/wp-content\/uploads\/2021\/06\/VAQ-59.jpg\" \/>\n\t<meta property=\"og:image:width\" content=\"2000\" \/>\n\t<meta property=\"og:image:height\" content=\"1335\" \/>\n\t<meta property=\"og:image:type\" content=\"image\/jpeg\" \/>\n<meta name=\"author\" content=\"Tom\u00e1\u0161 Plach\u00fd\" \/>\n<meta name=\"twitter:card\" content=\"summary_large_image\" \/>\n<meta name=\"twitter:label1\" content=\"Written by\" \/>\n\t<meta name=\"twitter:data1\" content=\"Tom\u00e1\u0161 Plach\u00fd\" \/>\n\t<meta name=\"twitter:label2\" content=\"Estimated reading time\" \/>\n\t<meta name=\"twitter:data2\" content=\"2 minutes\" \/>\n<script type=\"application\/ld+json\" class=\"yoast-schema-graph\">{\"@context\":\"https:\/\/schema.org\",\"@graph\":[{\"@type\":\"Article\",\"@id\":\"https:\/\/www.agrotecrally.cz\/en\/rally-hustopece\/jan-kopecky-miri-do-vinic\/#article\",\"isPartOf\":{\"@id\":\"https:\/\/www.agrotecrally.cz\/en\/rally-hustopece\/jan-kopecky-miri-do-vinic\/\"},\"author\":{\"name\":\"Tom\u00e1\u0161 Plach\u00fd\",\"@id\":\"https:\/\/www.agrotecrally.cz\/#\/schema\/person\/38a02deaa1f019e278fc735d03d83f85\"},\"headline\":\"Jan Kopeck\u00fd m\u00ed\u0159\u00ed do vinic\",\"datePublished\":\"2021-06-16T19:54:12+00:00\",\"dateModified\":\"2021-06-16T19:58:17+00:00\",\"mainEntityOfPage\":{\"@id\":\"https:\/\/www.agrotecrally.cz\/en\/rally-hustopece\/jan-kopecky-miri-do-vinic\/\"},\"wordCount\":461,\"commentCount\":0,\"publisher\":{\"@id\":\"https:\/\/www.agrotecrally.cz\/#organization\"},\"keywords\":[\"Agrotec rally\",\"Agrotec \u0160koda Rally Team\",\"Hustope\u010de\",\"Hustope\u010dsko\",\"\u0160koda\"],\"articleSection\":[\"AGROTEC rally Hustope\u010de\",\"Rally mezi vinicemi\"],\"inLanguage\":\"en-GB\",\"potentialAction\":[{\"@type\":\"CommentAction\",\"name\":\"Comment\",\"target\":[\"https:\/\/www.agrotecrally.cz\/en\/rally-hustopece\/jan-kopecky-miri-do-vinic\/#respond\"]}]},{\"@type\":\"WebPage\",\"@id\":\"https:\/\/www.agrotecrally.cz\/en\/rally-hustopece\/jan-kopecky-miri-do-vinic\/\",\"url\":\"https:\/\/www.agrotecrally.cz\/en\/rally-hustopece\/jan-kopecky-miri-do-vinic\/\",\"name\":\"Jan Kopeck\u00fd m\u00ed\u0159\u00ed do vinic | AGROTEC Petronas Rally\",\"isPartOf\":{\"@id\":\"https:\/\/www.agrotecrally.cz\/#website\"},\"datePublished\":\"2021-06-16T19:54:12+00:00\",\"dateModified\":\"2021-06-16T19:58:17+00:00\",\"breadcrumb\":{\"@id\":\"https:\/\/www.agrotecrally.cz\/en\/rally-hustopece\/jan-kopecky-miri-do-vinic\/#breadcrumb\"},\"inLanguage\":\"en-GB\",\"potentialAction\":[{\"@type\":\"ReadAction\",\"target\":[\"https:\/\/www.agrotecrally.cz\/en\/rally-hustopece\/jan-kopecky-miri-do-vinic\/\"]}]},{\"@type\":\"BreadcrumbList\",\"@id\":\"https:\/\/www.agrotecrally.cz\/en\/rally-hustopece\/jan-kopecky-miri-do-vinic\/#breadcrumb\",\"itemListElement\":[{\"@type\":\"ListItem\",\"position\":1,\"name\":\"Dom\u016f\",\"item\":\"https:\/\/www.agrotecrally.cz\/\"},{\"@type\":\"ListItem\",\"position\":2,\"name\":\"Jan Kopeck\u00fd m\u00ed\u0159\u00ed do vinic\"}]},{\"@type\":\"WebSite\",\"@id\":\"https:\/\/www.agrotecrally.cz\/#website\",\"url\":\"https:\/\/www.agrotecrally.cz\/\",\"name\":\"AGROTEC Petronas rally\",\"description\":\"Rally mezi vinicemi\",\"publisher\":{\"@id\":\"https:\/\/www.agrotecrally.cz\/#organization\"},\"potentialAction\":[{\"@type\":\"SearchAction\",\"target\":{\"@type\":\"EntryPoint\",\"urlTemplate\":\"https:\/\/www.agrotecrally.cz\/?s={search_term_string}\"},\"query-input\":\"required name=search_term_string\"}],\"inLanguage\":\"en-GB\"},{\"@type\":\"Organization\",\"@id\":\"https:\/\/www.agrotecrally.cz\/#organization\",\"name\":\"AGROTEC Petronas rally\",\"url\":\"https:\/\/www.agrotecrally.cz\/\",\"logo\":{\"@type\":\"ImageObject\",\"inLanguage\":\"en-GB\",\"@id\":\"https:\/\/www.agrotecrally.cz\/#\/schema\/logo\/image\/\",\"url\":\"https:\/\/www.agrotecrally.cz\/wp-content\/uploads\/2021\/05\/AGROTEC-RALLY_16-01-web-2.png\",\"contentUrl\":\"https:\/\/www.agrotecrally.cz\/wp-content\/uploads\/2021\/05\/AGROTEC-RALLY_16-01-web-2.png\",\"width\":459,\"height\":222,\"caption\":\"AGROTEC Petronas rally\"},\"image\":{\"@id\":\"https:\/\/www.agrotecrally.cz\/#\/schema\/logo\/image\/\"},\"sameAs\":[\"https:\/\/www.facebook.com\/agrotecrally\"]},{\"@type\":\"Person\",\"@id\":\"https:\/\/www.agrotecrally.cz\/#\/schema\/person\/38a02deaa1f019e278fc735d03d83f85\",\"name\":\"Tom\u00e1\u0161 Plach\u00fd\",\"image\":{\"@type\":\"ImageObject\",\"inLanguage\":\"en-GB\",\"@id\":\"https:\/\/www.agrotecrally.cz\/#\/schema\/person\/image\/\",\"url\":\"https:\/\/secure.gravatar.com\/avatar\/a7a68eee7fdb2b4f0975cdc024983e22?s=96&d=mm&r=g\",\"contentUrl\":\"https:\/\/secure.gravatar.com\/avatar\/a7a68eee7fdb2b4f0975cdc024983e22?s=96&d=mm&r=g\",\"caption\":\"Tom\u00e1\u0161 Plach\u00fd\"},\"url\":\"https:\/\/www.agrotecrally.cz\/en\/author\/topmediaseznam-cz\/\"}]}<\/script>\n<!-- \/ Yoast SEO plugin. -->","yoast_head_json":{"title":"Jan Kopeck\u00fd m\u00ed\u0159\u00ed do vinic | AGROTEC Petronas Rally","robots":{"index":"index","follow":"follow","max-snippet":"max-snippet:-1","max-image-preview":"max-image-preview:large","max-video-preview":"max-video-preview:-1"},"canonical":"https:\/\/www.agrotecrally.cz\/en\/rally-hustopece\/jan-kopecky-miri-do-vinic\/","og_locale":"en_GB","og_type":"article","og_title":"Jan Kopeck\u00fd m\u00ed\u0159\u00ed do vinic | AGROTEC Petronas Rally","og_description":"T\u0159et\u00ed start za Agrotec \u0160koda Rally Team \u010dek\u00e1 na Jana Kopeck\u00e9ho se spolujezdcem Janem Hlou\u0161kem na nadch\u00e1zej\u00edc\u00ed Agrotec Petronas Rally Hustope\u010de. Tedy v kraji pln\u00e9m n\u00e1dhern\u00fdch vinic a tak\u00e9 na sout\u011b\u017ei, kter\u00e1 je dom\u00e1c\u00ed pro dealersk\u00fd Agrotec \u0160koda Rally Team. Honzovi Kopeck\u00e9mu se v Hustope\u010d\u00edch da\u0159\u00ed, od roku 2011 na sout\u011b\u017ei nebyl poko\u0159en. N\u011bkolikr\u00e1t ale [&hellip;]","og_url":"https:\/\/www.agrotecrally.cz\/en\/rally-hustopece\/jan-kopecky-miri-do-vinic\/","og_site_name":"AGROTEC Petronas Rally","article_publisher":"https:\/\/www.facebook.com\/agrotecrally","article_published_time":"2021-06-16T19:54:12+00:00","article_modified_time":"2021-06-16T19:58:17+00:00","og_image":[{"width":2000,"height":1335,"url":"https:\/\/www.agrotecrally.cz\/wp-content\/uploads\/2021\/06\/VAQ-59.jpg","type":"image\/jpeg"}],"author":"Tom\u00e1\u0161 Plach\u00fd","twitter_card":"summary_large_image","twitter_misc":{"Written by":"Tom\u00e1\u0161 Plach\u00fd","Estimated reading time":"2 minutes"},"schema":{"@context":"https:\/\/schema.org","@graph":[{"@type":"Article","@id":"https:\/\/www.agrotecrally.cz\/en\/rally-hustopece\/jan-kopecky-miri-do-vinic\/#article","isPartOf":{"@id":"https:\/\/www.agrotecrally.cz\/en\/rally-hustopece\/jan-kopecky-miri-do-vinic\/"},"author":{"name":"Tom\u00e1\u0161 Plach\u00fd","@id":"https:\/\/www.agrotecrally.cz\/#\/schema\/person\/38a02deaa1f019e278fc735d03d83f85"},"headline":"Jan Kopeck\u00fd m\u00ed\u0159\u00ed do vinic","datePublished":"2021-06-16T19:54:12+00:00","dateModified":"2021-06-16T19:58:17+00:00","mainEntityOfPage":{"@id":"https:\/\/www.agrotecrally.cz\/en\/rally-hustopece\/jan-kopecky-miri-do-vinic\/"},"wordCount":461,"commentCount":0,"publisher":{"@id":"https:\/\/www.agrotecrally.cz\/#organization"},"keywords":["Agrotec rally","Agrotec \u0160koda Rally Team","Hustope\u010de","Hustope\u010dsko","\u0160koda"],"articleSection":["AGROTEC rally Hustope\u010de","Rally mezi vinicemi"],"inLanguage":"en-GB","potentialAction":[{"@type":"CommentAction","name":"Comment","target":["https:\/\/www.agrotecrally.cz\/en\/rally-hustopece\/jan-kopecky-miri-do-vinic\/#respond"]}]},{"@type":"WebPage","@id":"https:\/\/www.agrotecrally.cz\/en\/rally-hustopece\/jan-kopecky-miri-do-vinic\/","url":"https:\/\/www.agrotecrally.cz\/en\/rally-hustopece\/jan-kopecky-miri-do-vinic\/","name":"Jan Kopeck\u00fd m\u00ed\u0159\u00ed do vinic | AGROTEC Petronas Rally","isPartOf":{"@id":"https:\/\/www.agrotecrally.cz\/#website"},"datePublished":"2021-06-16T19:54:12+00:00","dateModified":"2021-06-16T19:58:17+00:00","breadcrumb":{"@id":"https:\/\/www.agrotecrally.cz\/en\/rally-hustopece\/jan-kopecky-miri-do-vinic\/#breadcrumb"},"inLanguage":"en-GB","potentialAction":[{"@type":"ReadAction","target":["https:\/\/www.agrotecrally.cz\/en\/rally-hustopece\/jan-kopecky-miri-do-vinic\/"]}]},{"@type":"BreadcrumbList","@id":"https:\/\/www.agrotecrally.cz\/en\/rally-hustopece\/jan-kopecky-miri-do-vinic\/#breadcrumb","itemListElement":[{"@type":"ListItem","position":1,"name":"Dom\u016f","item":"https:\/\/www.agrotecrally.cz\/"},{"@type":"ListItem","position":2,"name":"Jan Kopeck\u00fd m\u00ed\u0159\u00ed do vinic"}]},{"@type":"WebSite","@id":"https:\/\/www.agrotecrally.cz\/#website","url":"https:\/\/www.agrotecrally.cz\/","name":"AGROTEC Petronas rally","description":"Rally mezi vinicemi","publisher":{"@id":"https:\/\/www.agrotecrally.cz\/#organization"},"potentialAction":[{"@type":"SearchAction","target":{"@type":"EntryPoint","urlTemplate":"https:\/\/www.agrotecrally.cz\/?s={search_term_string}"},"query-input":"required name=search_term_string"}],"inLanguage":"en-GB"},{"@type":"Organization","@id":"https:\/\/www.agrotecrally.cz\/#organization","name":"AGROTEC Petronas rally","url":"https:\/\/www.agrotecrally.cz\/","logo":{"@type":"ImageObject","inLanguage":"en-GB","@id":"https:\/\/www.agrotecrally.cz\/#\/schema\/logo\/image\/","url":"https:\/\/www.agrotecrally.cz\/wp-content\/uploads\/2021\/05\/AGROTEC-RALLY_16-01-web-2.png","contentUrl":"https:\/\/www.agrotecrally.cz\/wp-content\/uploads\/2021\/05\/AGROTEC-RALLY_16-01-web-2.png","width":459,"height":222,"caption":"AGROTEC Petronas rally"},"image":{"@id":"https:\/\/www.agrotecrally.cz\/#\/schema\/logo\/image\/"},"sameAs":["https:\/\/www.facebook.com\/agrotecrally"]},{"@type":"Person","@id":"https:\/\/www.agrotecrally.cz\/#\/schema\/person\/38a02deaa1f019e278fc735d03d83f85","name":"Tom\u00e1\u0161 Plach\u00fd","image":{"@type":"ImageObject","inLanguage":"en-GB","@id":"https:\/\/www.agrotecrally.cz\/#\/schema\/person\/image\/","url":"https:\/\/secure.gravatar.com\/avatar\/a7a68eee7fdb2b4f0975cdc024983e22?s=96&d=mm&r=g","contentUrl":"https:\/\/secure.gravatar.com\/avatar\/a7a68eee7fdb2b4f0975cdc024983e22?s=96&d=mm&r=g","caption":"Tom\u00e1\u0161 Plach\u00fd"},"url":"https:\/\/www.agrotecrally.cz\/en\/author\/topmediaseznam-cz\/"}]}},"_links":{"self":[{"href":"https:\/\/www.agrotecrally.cz\/en\/wp-json\/wp\/v2\/posts\/1224"}],"collection":[{"href":"https:\/\/www.agrotecrally.cz\/en\/wp-json\/wp\/v2\/posts"}],"about":[{"href":"https:\/\/www.agrotecrally.cz\/en\/wp-json\/wp\/v2\/types\/post"}],"author":[{"embeddable":true,"href":"https:\/\/www.agrotecrally.cz\/en\/wp-json\/wp\/v2\/users\/2"}],"replies":[{"embeddable":true,"href":"https:\/\/www.agrotecrally.cz\/en\/wp-json\/wp\/v2\/comments?post=1224"}],"version-history":[{"count":3,"href":"https:\/\/www.agrotecrally.cz\/en\/wp-json\/wp\/v2\/posts\/1224\/revisions"}],"predecessor-version":[{"id":1228,"href":"https:\/\/www.agrotecrally.cz\/en\/wp-json\/wp\/v2\/posts\/1224\/revisions\/1228"}],"wp:featuredmedia":[{"embeddable":true,"href":"https:\/\/www.agrotecrally.cz\/en\/wp-json\/wp\/v2\/media\/1225"}],"wp:attachment":[{"href":"https:\/\/www.agrotecrally.cz\/en\/wp-json\/wp\/v2\/media?parent=1224"}],"wp:term":[{"taxonomy":"category","embeddable":true,"href":"https:\/\/www.agrotecrally.cz\/en\/wp-json\/wp\/v2\/categories?post=1224"},{"taxonomy":"post_tag","embeddable":true,"href":"https:\/\/www.agrotecrally.cz\/en\/wp-json\/wp\/v2\/tags?post=1224"}],"curies":[{"name":"wp","href":"https:\/\/api.w.org\/{rel}","templated":true}]}}