{"id":1247,"date":"2021-06-17T08:10:28","date_gmt":"2021-06-17T07:10:28","guid":{"rendered":"https:\/\/www.agrotecrally.cz\/?p=1247"},"modified":"2021-06-17T12:14:36","modified_gmt":"2021-06-17T11:14:36","slug":"hustopece-slibuji-zhave-souboje-v-peugeot-cupu","status":"publish","type":"post","link":"https:\/\/www.agrotecrally.cz\/en\/rally-hustopece\/hustopece-slibuji-zhave-souboje-v-peugeot-cupu\/","title":{"rendered":"Hustope\u010de slibuj\u00ed \u017ehav\u00e9 souboje v Peugeot Cupu"},"content":{"rendered":"<p><strong>Druh\u00fd leto\u0161n\u00ed podnik seri\u00e1lu Peugeot Rally Cup CZ je p\u0159ede dve\u0159mi a do jihomoravsk\u00fdch Hustope\u010d\u00ed se chyst\u00e1 dev\u011bt pos\u00e1dek s\u00a0rychl\u00fdmi \u201edv\u011bst\u011bosmi\u010dkami\u201c. Mezi vinicemi budou bojovat dva speci\u00e1ly Peugeot 208 Rally4, dopln\u011bn\u00e9 o sedm pos\u00e1dek s\u00a0p\u016fvodn\u00ed specifikac\u00ed R2. <\/strong><\/p>\n<p><strong>\u00a0<\/strong><\/p>\n<p>Po skv\u011bl\u00e9m v\u00fdsledku na \u0160umav\u011b se do Hustope\u010d\u00ed t\u011b\u0161\u00ed Ren\u00e9 Dohnal, kter\u00fd v\u00a0pond\u011bl\u00ed oslavil sv\u00e9 t\u0159ic\u00e1t\u00e9 narozeniny. \u00a0<strong><em>\u201eHustope\u010de jsou jednozna\u010dn\u011b moj\u00ed nejobl\u00edben\u011bj\u0161\u00ed sout\u011b\u017e\u00ed v\u00a0dom\u00e1c\u00edm mistrovstv\u00ed. Nejen pro sv\u016fj charakter, kompaktnost a prost\u0159ed\u00ed, ale je mi tak\u00e9 velmi bl\u00edzk\u00fd po\u0159adatelsk\u00fd t\u00fdm kolem Rudy Kou\u0159ila. Tak\u017ee se opravdu moc t\u011b\u0161\u00edm, a to i p\u0159es to, \u017ee se mi na t\u00e9to rally v\u017edy \u00fapln\u011b extra neda\u0159ilo. Po\u0159adatel\u00e9 n\u00e1m p\u0159id\u011blili startovn\u00ed \u010d\u00edslo t\u0159icet, kter\u00e9 se \u010derstv\u011b shoduje s\u00a0m\u00fdm v\u011bkem, tak\u017ee douf\u00e1m, \u017ee to bude \u0161\u0165astn\u00e1 volba. <\/em><\/strong><strong><em>\u00a0A co o\u010dek\u00e1v\u00e1m?? Hlavn\u011b op\u011bt brut\u00e1ln\u00ed vedro,&#8220;<\/em><\/strong> nechal se sly\u0161et Ren\u00e9 Dohnal.<\/p>\n<p>David \u0160tefan s\u00a0Ond\u0159ejem Vichtorou si odsko\u010dili do Chorvatska na INA Delta Rally, tak\u017ee do Hustope\u010d\u00ed doraz\u00ed s\u00a0dal\u0161\u00edmi zku\u0161enostmi a skv\u011bl\u00fdm v\u00fdsledkem na sv\u00e9m kont\u011b. <strong><em>\u201eDo Chorvatska jsme vyrazili hlavn\u011b pro zku\u0161enosti a dal\u0161\u00ed kilometry s\u00a0dv\u011bst\u011bosmi\u010dkou. Zjistili jsme, \u017ee mus\u00edme zapracovat na rozpisu, kde m\u00e1me celkem rezervy. Je\u0161t\u011b nev\u00edm, jestli ho uprav\u00edme u\u017e v\u00a0Hustope\u010d\u00edch, to uvid\u00edme a\u017e b\u011bhem seznamovac\u00edch j\u00edzd. Tuhle sout\u011b\u017e m\u00e1m moc r\u00e1d a u\u017e se t\u011b\u0161\u00edme na dal\u0161\u00ed svezen\u00ed s\u00a0turbem, i kdy\u017e n\u00e1s \u010dekaj\u00ed dva n\u00e1ro\u010dn\u00e9 dny, budeme jak v saun\u011b bez ochlazovny,\u201c <\/em><\/strong>uvedl David \u0160tefan.<\/p>\n<p>Dominik Bro\u017e s\u00a0Petrem T\u011b\u0161\u00ednsk\u00fdm zat\u00edm vedou v\u00a0hodnocen\u00ed R2 a s\u00a0velk\u00fdmi ambicemi m\u00ed\u0159\u00ed za dal\u0161\u00edm podnikem. <strong><em>\u201eM\u00e1m r\u00e1d \u0161otolinu, kter\u00e1 se u n\u00e1s u\u017e moc nejezd\u00ed, tak\u017ee si ka\u017ed\u00fd takov\u00fd \u00fasek opravdu u\u017e\u00edv\u00e1m. V\u00a0Hustope\u010d\u00edch jsem startoval dvakr\u00e1t, sv\u00fdm prost\u0159ed\u00edm a charakterem rychlostn\u00edch zkou\u0161ek jsou unik\u00e1tn\u00ed. Je to moc hezk\u00e1 sout\u011b\u017e a kone\u010dn\u011b m\u016f\u017eou p\u0159ij\u00edt i div\u00e1ci,\u201c <\/em><\/strong>\u0159ekl Dominik Bro\u017e<\/p>\n<p>Ji\u0159\u00ed Pohl\u00eddal odjel \u00favodn\u00ed podnik dom\u00e1c\u00edho \u0161ampion\u00e1tu s\u00a0vozem specifikace R5. \u0160umavu vynechal a te\u010f se vrac\u00ed se sv\u00fdm modr\u00fdm Peugeotem do dvoukolek. <strong><em>\u201eCht\u011bli jsme jet celou sez\u00f3nu s\u00a0er p\u011btkou, ale Covid n\u00e1m to siln\u011b zkomplikoval. Nakonec jsme se rozhodli, \u017ee odjedeme zbytek sez\u00f3ny s\u00a0na\u0161\u00ed dv\u011bst\u011bosmi\u010dkou. Do cupu se vrac\u00edm po kr\u00e1tk\u00e9 pauze a budeme muset doh\u00e1n\u011bt bodov\u00e9 manko. Hustope\u010de jsou kr\u00e1sn\u00e9, jel jsem tam dvakr\u00e1t, ale ani jednou nevid\u011bl c\u00edl. Poprv\u00e9 jsme se nedostali z\u00a0hromady \u0161t\u011brku, podruh\u00e9 n\u00e1m auto za\u010dalo ho\u0159et. Tak\u017ee v\u011b\u0159\u00edm, \u017ee do t\u0159etice sm\u016flu prolom\u00edme.\u201c<\/em><\/strong><\/p>\n<p>Poprv\u00e9 se v\u00a0Peugeot Rally Cupu p\u0159edstav\u00ed pos\u00e1dka Luk\u00e1\u0161 Eis \u2013 Ladislav Zuz\u00e1nek. <strong><em>\u201eN\u00e1s \u010dek\u00e1 premi\u00e9ra nejen v\u00a0cupu, ale tak\u00e9 na \u0161otolin\u011b a v\u00a0no\u010dn\u00edch pr\u016fjezdech. Sb\u00edr\u00e1me zku\u0161enosti, a pokud se n\u00e1m poda\u0159\u00ed \u010dasov\u011b p\u0159ibl\u00ed\u017eit k\u00a0soupe\u0159\u016fm, budu to pova\u017eovat za \u00fasp\u011bch. Oproti nim nem\u00e1me najeto t\u00e9m\u011b\u0159 nic. Spolupracujeme nad\u00e1le s\u00a0t\u00fdmem Brynda Racing, co\u017e je pro n\u00e1s z\u00e1rukou profesion\u00e1ln\u011b p\u0159ipraven\u00e9ho vozu a mnoha cenn\u00fdch rad. Pojedeme s\u00a0velk\u00fdm respektem,\u201c <\/em><\/strong>odhalil sv\u00e9 pl\u00e1ny Luk\u00e1\u0161 Eis.<\/p>\n<p>&nbsp;<\/p>\n<p>Dal\u0161\u00ed p\u0159edstartovn\u00ed ohlasy:<\/p>\n<p>Martin Narovec: <strong><em>\u201eMy jsme se letos zam\u011b\u0159ili nejen na \u010desk\u00e9 mistrovstv\u00ed, ale hlavn\u011b na evropsk\u00fd \u0161ampion\u00e1t ERT2. Hustope\u010de jsem nikdy nejel a jsem na to s\u00e1m zv\u011bdav\u00fd. Bude horko n\u00e1m i technice, nicm\u00e9n\u011b moc se t\u011b\u0161\u00edm, form\u00e1t p\u00e1tek a sobota je super. Kdy\u017e jsem se d\u00edval do startovky, mus\u00edm \u0159\u00edci, \u017ee na\u0161e t\u0159\u00edda je hodn\u011b nabit\u00e1. Tak\u017ee na Moravu odj\u00ed\u017ed\u00edm s\u00a0respektem k\u00a0trat\u00edm, konkurenci i po\u010das\u00ed.\u201c <\/em><\/strong><\/p>\n<p>David Sold\u00e1t: <strong><em>\u201eHustope\u010de jsem jel jednou a bylo to moje prvn\u00ed sezn\u00e1men\u00ed se\u00a0\u0161otolinou. M\u011bl jsem z\u00a0toho tenkr\u00e1t velmi sm\u00ed\u0161en\u00e9 pocity. Je to u\u017e p\u00e1r let, tak\u017ee jsem zv\u011bdav\u00fd, jak n\u00e1m to p\u016fjde letos. Mysl\u00edm si, \u017ee vzhledem k\u00a0po\u010das\u00ed bude hr\u00e1t velkou roli spolehlivost techniky. Extr\u00e9mn\u00ed z\u00e1t\u011b\u017e to ale bude i pro n\u00e1s\u201c.<\/em><\/strong><\/p>\n<p>Luk\u00e1\u0161 Krupi\u010dka: <strong><em>\u201eHustope\u010de jsou na\u0161e dal\u0161\u00ed premi\u00e9ra. Mus\u00edm se je\u0161t\u011b pod\u00edvat na n\u011bjak\u00e9 onboardy, abych m\u011bl alespo\u0148 n\u011bjakou p\u0159edstavu. Mysl\u00edm si, \u017ee to bude n\u011bco \u00fapln\u011b jin\u00e9ho, ne\u017e jsme zat\u00edm jeli. \u0160otolina m\u011b na \u0160umav\u011b bavila, tak\u017ee o to v\u00edc se t\u011b\u0161\u00edm. Jsem zv\u011bdav\u00fd na tu dvaadvaceti kilometrovou erzetu a na no\u010dn\u00ed pr\u016fjezdy. Bude to zase velk\u00e1 v\u00fdzva. M\u00e1m radost, \u017ee m\u016f\u017eou p\u0159ij\u00edt div\u00e1ci, to n\u00e1m moc chyb\u011blo.\u201c<\/em><\/strong><\/p>\n<p>Michal Va\u0148hara: <strong><em>\u201eV m\u00e9m v\u011bku u\u017e pochopiteln\u011b nem\u00e1m ambice jet hranu s\u00a0mla\u010fochy. Ale o to v\u00edc si z\u00e1vody u\u017e\u00edv\u00e1m, jedu pro z\u00e1bavu. A Hustope\u010de jsou pro m\u011b velkou sb\u00edrkou kr\u00e1sn\u00fdch vzpom\u00ednek. T\u0159eba na to, jak jsem se po zdej\u0161\u00edch erzet\u00e1ch nah\u00e1n\u011bl s\u00a0Martinem Radou. Je to prost\u011b srdcovka a v\u017edy se mezi vinice r\u00e1d vrac\u00edm.\u201c<\/em><\/strong><\/p>\n<p>Foto: Tom\u00e1\u0161 Ka\u0148a<\/p>","protected":false},"excerpt":{"rendered":"<p>Druh\u00fd leto\u0161n\u00ed podnik seri\u00e1lu Peugeot Rally Cup CZ je p\u0159ede dve\u0159mi a do jihomoravsk\u00fdch Hustope\u010d\u00ed se chyst\u00e1 dev\u011bt pos\u00e1dek s\u00a0rychl\u00fdmi \u201edv\u011bst\u011bosmi\u010dkami\u201c. Mezi vinicemi budou bojovat dva speci\u00e1ly Peugeot 208 Rally4, dopln\u011bn\u00e9 o sedm pos\u00e1dek s\u00a0p\u016fvodn\u00ed specifikac\u00ed R2. \u00a0 Po skv\u011bl\u00e9m v\u00fdsledku na \u0160umav\u011b se do Hustope\u010d\u00ed t\u011b\u0161\u00ed Ren\u00e9 Dohnal, kter\u00fd v\u00a0pond\u011bl\u00ed oslavil sv\u00e9 t\u0159ic\u00e1t\u00e9 narozeniny. [&hellip;]<\/p>","protected":false},"author":2,"featured_media":1248,"comment_status":"open","ping_status":"open","sticky":false,"template":"","format":"standard","meta":{"_et_pb_use_builder":"","_et_pb_old_content":"","_et_gb_content_width":"","footnotes":""},"categories":[10,9],"tags":[46,18,19,23,41,45,47],"yoast_head":"<!-- This site is optimized with the Yoast SEO plugin v21.9.1 - https:\/\/yoast.com\/wordpress\/plugins\/seo\/ -->\n<title>Hustope\u010de slibuj\u00ed \u017ehav\u00e9 souboje v Peugeot Cupu | AGROTEC Petronas Rally<\/title>\n<meta name=\"robots\" content=\"index, follow, max-snippet:-1, max-image-preview:large, max-video-preview:-1\" \/>\n<link rel=\"canonical\" href=\"https:\/\/www.agrotecrally.cz\/en\/rally-hustopece\/hustopece-slibuji-zhave-souboje-v-peugeot-cupu\/\" \/>\n<meta property=\"og:locale\" content=\"en_GB\" \/>\n<meta property=\"og:type\" content=\"article\" \/>\n<meta property=\"og:title\" content=\"Hustope\u010de slibuj\u00ed \u017ehav\u00e9 souboje v Peugeot Cupu | AGROTEC Petronas Rally\" \/>\n<meta property=\"og:description\" content=\"Druh\u00fd leto\u0161n\u00ed podnik seri\u00e1lu Peugeot Rally Cup CZ je p\u0159ede dve\u0159mi a do jihomoravsk\u00fdch Hustope\u010d\u00ed se chyst\u00e1 dev\u011bt pos\u00e1dek s\u00a0rychl\u00fdmi \u201edv\u011bst\u011bosmi\u010dkami\u201c. Mezi vinicemi budou bojovat dva speci\u00e1ly Peugeot 208 Rally4, dopln\u011bn\u00e9 o sedm pos\u00e1dek s\u00a0p\u016fvodn\u00ed specifikac\u00ed R2. \u00a0 Po skv\u011bl\u00e9m v\u00fdsledku na \u0160umav\u011b se do Hustope\u010d\u00ed t\u011b\u0161\u00ed Ren\u00e9 Dohnal, kter\u00fd v\u00a0pond\u011bl\u00ed oslavil sv\u00e9 t\u0159ic\u00e1t\u00e9 narozeniny. [&hellip;]\" \/>\n<meta property=\"og:url\" content=\"https:\/\/www.agrotecrally.cz\/en\/rally-hustopece\/hustopece-slibuji-zhave-souboje-v-peugeot-cupu\/\" \/>\n<meta property=\"og:site_name\" content=\"AGROTEC Petronas Rally\" \/>\n<meta property=\"article:publisher\" content=\"https:\/\/www.facebook.com\/agrotecrally\" \/>\n<meta property=\"article:published_time\" content=\"2021-06-17T07:10:28+00:00\" \/>\n<meta property=\"article:modified_time\" content=\"2021-06-17T11:14:36+00:00\" \/>\n<meta property=\"og:image\" content=\"https:\/\/www.agrotecrally.cz\/wp-content\/uploads\/2021\/06\/3TKA_9346.jpg\" \/>\n\t<meta property=\"og:image:width\" content=\"1024\" \/>\n\t<meta property=\"og:image:height\" content=\"684\" \/>\n\t<meta property=\"og:image:type\" content=\"image\/jpeg\" \/>\n<meta name=\"author\" content=\"Tom\u00e1\u0161 Plach\u00fd\" \/>\n<meta name=\"twitter:card\" content=\"summary_large_image\" \/>\n<meta name=\"twitter:label1\" content=\"Written by\" \/>\n\t<meta name=\"twitter:data1\" content=\"Tom\u00e1\u0161 Plach\u00fd\" \/>\n\t<meta name=\"twitter:label2\" content=\"Estimated reading time\" \/>\n\t<meta name=\"twitter:data2\" content=\"4 minutes\" \/>\n<script type=\"application\/ld+json\" class=\"yoast-schema-graph\">{\"@context\":\"https:\/\/schema.org\",\"@graph\":[{\"@type\":\"Article\",\"@id\":\"https:\/\/www.agrotecrally.cz\/rally-hustopece\/hustopece-slibuji-zhave-souboje-v-peugeot-cupu\/#article\",\"isPartOf\":{\"@id\":\"https:\/\/www.agrotecrally.cz\/rally-hustopece\/hustopece-slibuji-zhave-souboje-v-peugeot-cupu\/\"},\"author\":{\"name\":\"Tom\u00e1\u0161 Plach\u00fd\",\"@id\":\"https:\/\/www.agrotecrally.cz\/#\/schema\/person\/38a02deaa1f019e278fc735d03d83f85\"},\"headline\":\"Hustope\u010de slibuj\u00ed \u017ehav\u00e9 souboje v Peugeot Cupu\",\"datePublished\":\"2021-06-17T07:10:28+00:00\",\"dateModified\":\"2021-06-17T11:14:36+00:00\",\"mainEntityOfPage\":{\"@id\":\"https:\/\/www.agrotecrally.cz\/rally-hustopece\/hustopece-slibuji-zhave-souboje-v-peugeot-cupu\/\"},\"wordCount\":977,\"commentCount\":0,\"publisher\":{\"@id\":\"https:\/\/www.agrotecrally.cz\/#organization\"},\"keywords\":[\"2WD\",\"Agrotec rally\",\"Hustope\u010de\",\"Hustope\u010dsko\",\"M\u010cR\",\"Peugeot Rally Cup CZ\",\"Ren\u00e9 Dohnal\"],\"articleSection\":[\"AGROTEC rally Hustope\u010de\",\"Rally mezi vinicemi\"],\"inLanguage\":\"en-GB\",\"potentialAction\":[{\"@type\":\"CommentAction\",\"name\":\"Comment\",\"target\":[\"https:\/\/www.agrotecrally.cz\/rally-hustopece\/hustopece-slibuji-zhave-souboje-v-peugeot-cupu\/#respond\"]}]},{\"@type\":\"WebPage\",\"@id\":\"https:\/\/www.agrotecrally.cz\/rally-hustopece\/hustopece-slibuji-zhave-souboje-v-peugeot-cupu\/\",\"url\":\"https:\/\/www.agrotecrally.cz\/rally-hustopece\/hustopece-slibuji-zhave-souboje-v-peugeot-cupu\/\",\"name\":\"Hustope\u010de slibuj\u00ed \u017ehav\u00e9 souboje v Peugeot Cupu | AGROTEC Petronas Rally\",\"isPartOf\":{\"@id\":\"https:\/\/www.agrotecrally.cz\/#website\"},\"datePublished\":\"2021-06-17T07:10:28+00:00\",\"dateModified\":\"2021-06-17T11:14:36+00:00\",\"breadcrumb\":{\"@id\":\"https:\/\/www.agrotecrally.cz\/rally-hustopece\/hustopece-slibuji-zhave-souboje-v-peugeot-cupu\/#breadcrumb\"},\"inLanguage\":\"en-GB\",\"potentialAction\":[{\"@type\":\"ReadAction\",\"target\":[\"https:\/\/www.agrotecrally.cz\/rally-hustopece\/hustopece-slibuji-zhave-souboje-v-peugeot-cupu\/\"]}]},{\"@type\":\"BreadcrumbList\",\"@id\":\"https:\/\/www.agrotecrally.cz\/rally-hustopece\/hustopece-slibuji-zhave-souboje-v-peugeot-cupu\/#breadcrumb\",\"itemListElement\":[{\"@type\":\"ListItem\",\"position\":1,\"name\":\"Dom\u016f\",\"item\":\"https:\/\/www.agrotecrally.cz\/\"},{\"@type\":\"ListItem\",\"position\":2,\"name\":\"Hustope\u010de slibuj\u00ed \u017ehav\u00e9 souboje v Peugeot Cupu\"}]},{\"@type\":\"WebSite\",\"@id\":\"https:\/\/www.agrotecrally.cz\/#website\",\"url\":\"https:\/\/www.agrotecrally.cz\/\",\"name\":\"AGROTEC Petronas rally\",\"description\":\"Rally mezi vinicemi\",\"publisher\":{\"@id\":\"https:\/\/www.agrotecrally.cz\/#organization\"},\"potentialAction\":[{\"@type\":\"SearchAction\",\"target\":{\"@type\":\"EntryPoint\",\"urlTemplate\":\"https:\/\/www.agrotecrally.cz\/?s={search_term_string}\"},\"query-input\":\"required name=search_term_string\"}],\"inLanguage\":\"en-GB\"},{\"@type\":\"Organization\",\"@id\":\"https:\/\/www.agrotecrally.cz\/#organization\",\"name\":\"AGROTEC Petronas rally\",\"url\":\"https:\/\/www.agrotecrally.cz\/\",\"logo\":{\"@type\":\"ImageObject\",\"inLanguage\":\"en-GB\",\"@id\":\"https:\/\/www.agrotecrally.cz\/#\/schema\/logo\/image\/\",\"url\":\"https:\/\/www.agrotecrally.cz\/wp-content\/uploads\/2021\/05\/AGROTEC-RALLY_16-01-web-2.png\",\"contentUrl\":\"https:\/\/www.agrotecrally.cz\/wp-content\/uploads\/2021\/05\/AGROTEC-RALLY_16-01-web-2.png\",\"width\":459,\"height\":222,\"caption\":\"AGROTEC Petronas rally\"},\"image\":{\"@id\":\"https:\/\/www.agrotecrally.cz\/#\/schema\/logo\/image\/\"},\"sameAs\":[\"https:\/\/www.facebook.com\/agrotecrally\"]},{\"@type\":\"Person\",\"@id\":\"https:\/\/www.agrotecrally.cz\/#\/schema\/person\/38a02deaa1f019e278fc735d03d83f85\",\"name\":\"Tom\u00e1\u0161 Plach\u00fd\",\"image\":{\"@type\":\"ImageObject\",\"inLanguage\":\"en-GB\",\"@id\":\"https:\/\/www.agrotecrally.cz\/#\/schema\/person\/image\/\",\"url\":\"https:\/\/secure.gravatar.com\/avatar\/a7a68eee7fdb2b4f0975cdc024983e22?s=96&d=mm&r=g\",\"contentUrl\":\"https:\/\/secure.gravatar.com\/avatar\/a7a68eee7fdb2b4f0975cdc024983e22?s=96&d=mm&r=g\",\"caption\":\"Tom\u00e1\u0161 Plach\u00fd\"},\"url\":\"https:\/\/www.agrotecrally.cz\/en\/author\/topmediaseznam-cz\/\"}]}<\/script>\n<!-- \/ Yoast SEO plugin. -->","yoast_head_json":{"title":"Hustope\u010de slibuj\u00ed \u017ehav\u00e9 souboje v Peugeot Cupu | AGROTEC Petronas Rally","robots":{"index":"index","follow":"follow","max-snippet":"max-snippet:-1","max-image-preview":"max-image-preview:large","max-video-preview":"max-video-preview:-1"},"canonical":"https:\/\/www.agrotecrally.cz\/en\/rally-hustopece\/hustopece-slibuji-zhave-souboje-v-peugeot-cupu\/","og_locale":"en_GB","og_type":"article","og_title":"Hustope\u010de slibuj\u00ed \u017ehav\u00e9 souboje v Peugeot Cupu | AGROTEC Petronas Rally","og_description":"Druh\u00fd leto\u0161n\u00ed podnik seri\u00e1lu Peugeot Rally Cup CZ je p\u0159ede dve\u0159mi a do jihomoravsk\u00fdch Hustope\u010d\u00ed se chyst\u00e1 dev\u011bt pos\u00e1dek s\u00a0rychl\u00fdmi \u201edv\u011bst\u011bosmi\u010dkami\u201c. Mezi vinicemi budou bojovat dva speci\u00e1ly Peugeot 208 Rally4, dopln\u011bn\u00e9 o sedm pos\u00e1dek s\u00a0p\u016fvodn\u00ed specifikac\u00ed R2. \u00a0 Po skv\u011bl\u00e9m v\u00fdsledku na \u0160umav\u011b se do Hustope\u010d\u00ed t\u011b\u0161\u00ed Ren\u00e9 Dohnal, kter\u00fd v\u00a0pond\u011bl\u00ed oslavil sv\u00e9 t\u0159ic\u00e1t\u00e9 narozeniny. [&hellip;]","og_url":"https:\/\/www.agrotecrally.cz\/en\/rally-hustopece\/hustopece-slibuji-zhave-souboje-v-peugeot-cupu\/","og_site_name":"AGROTEC Petronas Rally","article_publisher":"https:\/\/www.facebook.com\/agrotecrally","article_published_time":"2021-06-17T07:10:28+00:00","article_modified_time":"2021-06-17T11:14:36+00:00","og_image":[{"width":1024,"height":684,"url":"https:\/\/www.agrotecrally.cz\/wp-content\/uploads\/2021\/06\/3TKA_9346.jpg","type":"image\/jpeg"}],"author":"Tom\u00e1\u0161 Plach\u00fd","twitter_card":"summary_large_image","twitter_misc":{"Written by":"Tom\u00e1\u0161 Plach\u00fd","Estimated reading time":"4 minutes"},"schema":{"@context":"https:\/\/schema.org","@graph":[{"@type":"Article","@id":"https:\/\/www.agrotecrally.cz\/rally-hustopece\/hustopece-slibuji-zhave-souboje-v-peugeot-cupu\/#article","isPartOf":{"@id":"https:\/\/www.agrotecrally.cz\/rally-hustopece\/hustopece-slibuji-zhave-souboje-v-peugeot-cupu\/"},"author":{"name":"Tom\u00e1\u0161 Plach\u00fd","@id":"https:\/\/www.agrotecrally.cz\/#\/schema\/person\/38a02deaa1f019e278fc735d03d83f85"},"headline":"Hustope\u010de slibuj\u00ed \u017ehav\u00e9 souboje v Peugeot Cupu","datePublished":"2021-06-17T07:10:28+00:00","dateModified":"2021-06-17T11:14:36+00:00","mainEntityOfPage":{"@id":"https:\/\/www.agrotecrally.cz\/rally-hustopece\/hustopece-slibuji-zhave-souboje-v-peugeot-cupu\/"},"wordCount":977,"commentCount":0,"publisher":{"@id":"https:\/\/www.agrotecrally.cz\/#organization"},"keywords":["2WD","Agrotec rally","Hustope\u010de","Hustope\u010dsko","M\u010cR","Peugeot Rally Cup CZ","Ren\u00e9 Dohnal"],"articleSection":["AGROTEC rally Hustope\u010de","Rally mezi vinicemi"],"inLanguage":"en-GB","potentialAction":[{"@type":"CommentAction","name":"Comment","target":["https:\/\/www.agrotecrally.cz\/rally-hustopece\/hustopece-slibuji-zhave-souboje-v-peugeot-cupu\/#respond"]}]},{"@type":"WebPage","@id":"https:\/\/www.agrotecrally.cz\/rally-hustopece\/hustopece-slibuji-zhave-souboje-v-peugeot-cupu\/","url":"https:\/\/www.agrotecrally.cz\/rally-hustopece\/hustopece-slibuji-zhave-souboje-v-peugeot-cupu\/","name":"Hustope\u010de slibuj\u00ed \u017ehav\u00e9 souboje v Peugeot Cupu | AGROTEC Petronas Rally","isPartOf":{"@id":"https:\/\/www.agrotecrally.cz\/#website"},"datePublished":"2021-06-17T07:10:28+00:00","dateModified":"2021-06-17T11:14:36+00:00","breadcrumb":{"@id":"https:\/\/www.agrotecrally.cz\/rally-hustopece\/hustopece-slibuji-zhave-souboje-v-peugeot-cupu\/#breadcrumb"},"inLanguage":"en-GB","potentialAction":[{"@type":"ReadAction","target":["https:\/\/www.agrotecrally.cz\/rally-hustopece\/hustopece-slibuji-zhave-souboje-v-peugeot-cupu\/"]}]},{"@type":"BreadcrumbList","@id":"https:\/\/www.agrotecrally.cz\/rally-hustopece\/hustopece-slibuji-zhave-souboje-v-peugeot-cupu\/#breadcrumb","itemListElement":[{"@type":"ListItem","position":1,"name":"Dom\u016f","item":"https:\/\/www.agrotecrally.cz\/"},{"@type":"ListItem","position":2,"name":"Hustope\u010de slibuj\u00ed \u017ehav\u00e9 souboje v Peugeot Cupu"}]},{"@type":"WebSite","@id":"https:\/\/www.agrotecrally.cz\/#website","url":"https:\/\/www.agrotecrally.cz\/","name":"AGROTEC Petronas rally","description":"Rally mezi vinicemi","publisher":{"@id":"https:\/\/www.agrotecrally.cz\/#organization"},"potentialAction":[{"@type":"SearchAction","target":{"@type":"EntryPoint","urlTemplate":"https:\/\/www.agrotecrally.cz\/?s={search_term_string}"},"query-input":"required name=search_term_string"}],"inLanguage":"en-GB"},{"@type":"Organization","@id":"https:\/\/www.agrotecrally.cz\/#organization","name":"AGROTEC Petronas rally","url":"https:\/\/www.agrotecrally.cz\/","logo":{"@type":"ImageObject","inLanguage":"en-GB","@id":"https:\/\/www.agrotecrally.cz\/#\/schema\/logo\/image\/","url":"https:\/\/www.agrotecrally.cz\/wp-content\/uploads\/2021\/05\/AGROTEC-RALLY_16-01-web-2.png","contentUrl":"https:\/\/www.agrotecrally.cz\/wp-content\/uploads\/2021\/05\/AGROTEC-RALLY_16-01-web-2.png","width":459,"height":222,"caption":"AGROTEC Petronas rally"},"image":{"@id":"https:\/\/www.agrotecrally.cz\/#\/schema\/logo\/image\/"},"sameAs":["https:\/\/www.facebook.com\/agrotecrally"]},{"@type":"Person","@id":"https:\/\/www.agrotecrally.cz\/#\/schema\/person\/38a02deaa1f019e278fc735d03d83f85","name":"Tom\u00e1\u0161 Plach\u00fd","image":{"@type":"ImageObject","inLanguage":"en-GB","@id":"https:\/\/www.agrotecrally.cz\/#\/schema\/person\/image\/","url":"https:\/\/secure.gravatar.com\/avatar\/a7a68eee7fdb2b4f0975cdc024983e22?s=96&d=mm&r=g","contentUrl":"https:\/\/secure.gravatar.com\/avatar\/a7a68eee7fdb2b4f0975cdc024983e22?s=96&d=mm&r=g","caption":"Tom\u00e1\u0161 Plach\u00fd"},"url":"https:\/\/www.agrotecrally.cz\/en\/author\/topmediaseznam-cz\/"}]}},"_links":{"self":[{"href":"https:\/\/www.agrotecrally.cz\/en\/wp-json\/wp\/v2\/posts\/1247"}],"collection":[{"href":"https:\/\/www.agrotecrally.cz\/en\/wp-json\/wp\/v2\/posts"}],"about":[{"href":"https:\/\/www.agrotecrally.cz\/en\/wp-json\/wp\/v2\/types\/post"}],"author":[{"embeddable":true,"href":"https:\/\/www.agrotecrally.cz\/en\/wp-json\/wp\/v2\/users\/2"}],"replies":[{"embeddable":true,"href":"https:\/\/www.agrotecrally.cz\/en\/wp-json\/wp\/v2\/comments?post=1247"}],"version-history":[{"count":1,"href":"https:\/\/www.agrotecrally.cz\/en\/wp-json\/wp\/v2\/posts\/1247\/revisions"}],"predecessor-version":[{"id":1249,"href":"https:\/\/www.agrotecrally.cz\/en\/wp-json\/wp\/v2\/posts\/1247\/revisions\/1249"}],"wp:featuredmedia":[{"embeddable":true,"href":"https:\/\/www.agrotecrally.cz\/en\/wp-json\/wp\/v2\/media\/1248"}],"wp:attachment":[{"href":"https:\/\/www.agrotecrally.cz\/en\/wp-json\/wp\/v2\/media?parent=1247"}],"wp:term":[{"taxonomy":"category","embeddable":true,"href":"https:\/\/www.agrotecrally.cz\/en\/wp-json\/wp\/v2\/categories?post=1247"},{"taxonomy":"post_tag","embeddable":true,"href":"https:\/\/www.agrotecrally.cz\/en\/wp-json\/wp\/v2\/tags?post=1247"}],"curies":[{"name":"wp","href":"https:\/\/api.w.org\/{rel}","templated":true}]}}