{"id":1290,"date":"2021-06-18T19:30:09","date_gmt":"2021-06-18T18:30:09","guid":{"rendered":"https:\/\/www.agrotecrally.cz\/?p=1290"},"modified":"2021-06-18T19:39:27","modified_gmt":"2021-06-18T18:39:27","slug":"hustopece-rozjeli-nejlepe-pech-s-uhlem","status":"publish","type":"post","link":"https:\/\/www.agrotecrally.cz\/en\/rally-hustopece\/hustopece-rozjeli-nejlepe-pech-s-uhlem\/","title":{"rendered":"Hustope\u010de rozjeli nejl\u00e9pe Pech s Uhlem"},"content":{"rendered":"<p><strong>P\u0159i teplot\u00e1ch nad t\u0159icet stupn\u016f se rozjel t\u0159et\u00ed d\u00edl \u010desk\u00e9ho \u0161ampion\u00e1tu &#8211; AGROTEC PETRONAS rally. Oba \u00favodn\u00ed testy sout\u011b\u017ee opanoval V\u00e1clav Pech, jeho n\u00e1skok v\u00a0\u010dele p\u0159ed druh\u00fdm Janem Kopeck\u00fdch je 2,2 vte\u0159iny. T\u0159et\u00ed p\u0159\u00ed\u010dka a t\u0159et\u00ed \u010dasy pat\u0159ily Filipovi Mare\u0161ovi, za n\u00edm se dr\u017eel Jan \u010cern\u00fd. B\u011bhem druh\u00e9ho testu si pak na p\u00e1tou p\u0159\u00ed\u010dku polep\u0161il Dominik St\u0159\u00edtesk\u00fd. Dvoukolk\u00e1m zat\u00edm v\u00e9vod\u00ed Jan Tala\u0161 p\u0159ed Ren\u00e9m Dohnalem a Janem Dohnalem.<\/strong><\/p>\n<p><strong>Ohlasy z\u00a0kontroly p\u0159eskupen\u00ed po RZ2:<\/strong><\/p>\n<p>&nbsp;<\/p>\n<p>V\u00e1clav Pech:<\/p>\n<p><strong><em>\u201eSt\u00e1li jsme p\u0159ed prvn\u00ed vlo\u017ekou, to by se tady st\u00e1vat nem\u011blo. Z\u00a0toho pak pramen\u00ed chyby, vystydnou gumy. Chce\u0161 se na vlo\u017eku maxim\u00e1ln\u011b p\u0159ipravit, pak tam \u010dek\u00e1\u0161 \u010dtvrt hodiny a po\u0159\u00e1dn\u011b ani nev\u00ed\u0161, co se d\u011bje. Organiza\u010dn\u011b je to trochu s\u00a0minusem. <\/em><\/strong><\/p>\n<p><strong><em>Jinak vlo\u017eky kr\u00e1sn\u00e9, s\u00a0v\u00fdkonem jsem spokojen. I kdy\u017e je to m\u00edsty divok\u00e9, co\u017e souvis\u00ed i s\u00a0t\u011bmi prodlevami. Nav\u00edc v\u00a0jin\u00fdch ro\u010dn\u00edc\u00edch byla kolem cest vysekan\u00e1 tr\u00e1va, byly vid\u011bt antikaty. Letos tomu tak nen\u00ed, v\u00a0metrov\u00e9 tr\u00e1v\u011b mus\u00ed\u0161 betony hledat, co\u017e je nep\u0159\u00edjemn\u00e9\u2026\u201c<\/em><\/strong><\/p>\n<p>Jan Kopeck\u00fd:<\/p>\n<p><strong><em>&#8222;Ud\u011blali jsme asi maximum mo\u017en\u00e9ho co se dalo. Mo\u017en\u00e1 tam byly drobn\u00e9 chybi\u010dky, ale sp\u00ed\u0161 kv\u016fli tomu, \u017ee jsem \u010dekal, \u017ee to v zat\u00e1\u010dk\u00e1ch bude v\u00edc dr\u017eet. Byl jsem ale del\u0161\u00ed sp\u00ed\u0161 v n\u00e1jezdu do pomalej\u0161\u00edch zat\u00e1\u010dek, tak ta ztr\u00e1ta byla men\u0161\u00ed. Po\u010d\u00edt\u00e1 se ale desetina k desetin\u011b. Je to slo\u017eit\u00e9, je to hodn\u011b zapr\u00e1\u0161en\u00e9 a je prakticky nemo\u017en\u00e9 odhadnout jak\u00e1 bude p\u0159ilnavost v dan\u00e9 zat\u00e1\u010dce. Mysl\u00edm, \u017ee s v\u00fdjimkou m\u00edst, kde jsou &#8218;katy&#8216;, to bude na druh\u00fd pr\u016fjezd \u010dist\u0161\u00ed a v\u011b\u0159\u00edm tomu, \u017ee ta p\u0159ilnavost bude lep\u0161\u00ed. Uvid\u00edme.&#8220;<\/em><\/strong><\/p>\n<p>Filip Mare\u0161:<\/p>\n<p><strong><em>\u201eZat\u00edm to jde dob\u0159e. M\u016fj v\u00fdkon byl v prvn\u00ed erzet\u011b poveden\u011bj\u0161\u00ed ne\u017e ve druh\u00e9, ale \u010dasy tomu neodpov\u00eddaj\u00ed. Zpoza volantu jsem nebyl \u00fapln\u011b spokojen. Mus\u00edme si to rozebrat, asi jsme nezvolili \u00fapln\u011b dob\u0159e pneumatiky. Jeli jsme tvrdou sm\u011bs a celkem dost to klouzalo.\u00a0<\/em><\/strong><\/p>\n<p><strong><em>Nav\u00edc prach i p\u0159es dvouminutov\u00fd odstup byl probl\u00e9m, asi to nebude v kombinaci s tmou ve\u010der \u00fapln\u011b sranda. Na t\u011bch \u0161otolin\u00e1ch se prach dr\u017e\u00ed, nikde moc nefouk\u00e1. Nav\u00edc te\u010f v kombinaci s t\u00edm slun\u00ed\u010dkem to nebylo nic jednoduch\u00e9ho, moc jsme toho v n\u011bkter\u00fdch m\u00edstech nevid\u011bli.\u201c<\/em><\/strong><\/p>\n<p>Jan \u010cern\u00fd:<\/p>\n<p><strong><em>&#8222;Pneumatiky fungovaly dob\u0159e, ale m\u011b to \u00fapln\u011b ne\u0161lo, jak bych cht\u011bl. Testovali jsme na super cest\u011b a byla tam daleko v\u011bt\u0161\u00ed p\u0159ilnavost ne\u017e tady, tak jsem z toho n\u011bjak\u00fd vyjukan\u00fd. Mus\u00edm se aklimatizovat. Ur\u010dit\u011b bychom m\u011bli zrychlit.&#8220;<\/em><\/strong><strong><em><br \/>\n<\/em><\/strong><\/p>\n<p>Dominik St\u0159\u00edtesk\u00fd:<\/p>\n<p><strong><em>&#8222;Mohlo to b\u00fdt je\u0161t\u011b lep\u0161\u00ed, ale na prvn\u00ed mi to zdechlo. Hned po startu, na prvn\u00edm odbo\u010den\u00ed na \u0161otolinu jsem byl dlouh\u00fd, musel jsem fabii znovu startovat. Na dvojce pak u\u017e jsme m\u011bli slu\u0161n\u00e9 tempo a ztr\u00e1ta na \u0161pi\u010dku byla snesiteln\u00e1. Tak se to budeme sna\u017eit udr\u017eet a propracov\u00e1vat se dop\u0159edu.\u00a0 Taky jsme jeli tvrdou sm\u011bs, taky to z m\u00e9ho pohledu nebyla \u00fapln\u011b nej volba. Ale je to o n\u011bjak\u00e9m kompromisu, jak moc jsou kde asfalty zapr\u00e1\u0161en\u00e9. Ve druh\u00e9 jsme pak m\u011bli p\u0159ed sebou velkou mezeru, tak\u017ee pro n\u00e1s byla pra\u0161nost v pohod\u011b.&#8220;<\/em><\/strong><\/p>\n<p>Miroslav Jake\u0161:<\/p>\n<p><strong><em>&#8222;Na p\u0159edku vezeme trochu tr\u00e1vy, ale to je prost\u011b jen z katov\u00e1n\u00ed a v\u00fdlet jsme nem\u011bli \u017e\u00e1dn\u00fd. V\u0161echno bylo v pohod\u011b. S autem ur\u010dit\u011b nebudeme nic d\u011blat, jen se budu sna\u017eit trochu zrychlit. Na jedni\u010dce to ur\u010dit\u011b \u0161lo jet rychleji. Na dvojce jsem se sna\u017eil, ale dostal jsem je\u0161t\u011b v\u00edc, tak mo\u017en\u00e1 tu snahu tolik nep\u0159eh\u00e1n\u011bt.&#8220;<\/em><\/strong><\/p>\n<p>Roman Odlo\u017eil\u00edk:<\/p>\n<p><strong><em>\u201eV Hustope\u010d\u00edch se v\u017edy jede velk\u00e9 tempo. My si jedeme to sv\u00e9, n\u011bjak se sna\u017e\u00edme dr\u017eel za M\u00edrou Jake\u0161em. Na prvn\u00ed jsme nem\u011bli \u017e\u00e1dn\u00fd grip, proto\u017ee jsme vsadili na tvrdou sm\u011bs. Nav\u00edc na dvojce jsem ud\u011blal chybu, rozsk\u00e1kalo se mi auto na hrbech a trefil jsem jeden beton, kter\u00fdch je tady po\u017eehnan\u011b. Trochu to bylo zn\u00e1t na \u0159\u00edzen\u00ed, b\u00e1l jsem se i o defekt, jeli jsme tak celou erzetu. Volba nejtvrd\u0161\u00ed sm\u011bsi nebyla \u00fapln\u011b optim\u00e1ln\u00ed.\u201c <\/em><\/strong><\/p>\n<p>Martin Ture\u010dek doplnil:<strong><em> \u201eM\u011bl jsem tady pozn\u00e1mky z\u00a0minul\u00fdch ro\u010dn\u00edk\u016f, \u017ee tady nen\u00ed vhodn\u00e9 jezdit tvrdou sm\u011bs, ale dejte p\u0159i takov\u00fdch teplot\u00e1ch n\u011bco jin\u00e9ho\u2026\u201c<\/em><\/strong><\/p>\n<p>V\u011broslav Cvr\u010dek:<\/p>\n<p><strong><em>&#8222;Tempo je asi tradi\u010dn\u00ed, v\u0161ichni vep\u0159edu jedou rychle. My se taky sna\u017eili, ale dali jsme tvrd\u00e9 gumy. Nebylo to \u00fapln\u011b \u0161patn\u011b, ale na prvn\u00ed zkou\u0161ce jsme po t\u011bch dvou zastaven\u00edch startovali na studen\u00fdch kolech a ten za\u010d\u00e1tek byl z m\u00e9 strany takov\u00fd nerv\u00f3zn\u00ed. Na druh\u00e9 zkou\u0161ce u\u017e to bylo docela dobr\u00e9. Pot\u0159ebujeme body do mistrovstv\u00ed, tak\u017ee nen\u00ed pot\u0159eba n\u011bjak \u0161\u00edlet ale sp\u00ed\u0161 v klidu zrychlovat. Na druhou sekci obujeme m\u011bk\u010d\u00ed sm\u011bs, to bylo i v pl\u00e1nu. Nav\u00edc chci ty tvrd\u00e9 pneu po\u0161et\u0159it na z\u00edt\u0159ek, kdyby byly t\u0159eba.&#8220;<\/em><\/strong><\/p>\n<p>Adam B\u0159ez\u00edk:<\/p>\n<p><strong><em>&#8222;Jedni\u010dka se mi l\u00edbila, neud\u011blali jsme tam \u017e\u00e1dnou chybu a v\u0161echno vy\u0161lo prakticky jak m\u011blo. Ale v t\u011bch rychl\u00fdch m\u00edstech, kde se d\u00e1 dr\u017eet, tak to nedr\u017e\u00edm. Nem\u011bl jsem stoprocentn\u00ed d\u016fv\u011bru a to sam\u00e9 platilo i o druh\u00e9 zkou\u0161ce, kter\u00e1 je je\u0161t\u011b rychlej\u0161\u00ed. Te\u010f jsme ztratili dost \u010dasu a v\u016fbec netu\u0161\u00edm kde. Chce to spoustu zku\u0161enost\u00ed, abysme dok\u00e1zali dr\u017eet krok. Pot\u0159ebuji v\u00edc v\u011b\u0159it autu a zap\u0159\u00edt se do pneumatik.&#8220;<\/em><\/strong><\/p>\n<p>Martin Vl\u010dek:<\/p>\n<p><strong><em>\u201eUr\u010dit\u011b je to zn\u00e1t, \u017ee jsem v tom nesed\u011bl, nav\u00edc kluci jedou hodn\u011b rychle a v\u00a0pades\u00e1ti u\u017e m\u00e1m n\u00e1rok na zpomalov\u00e1n\u00ed (sm\u00edch). Ale hlavn\u011b jsem ud\u011blal chybu ve volb\u011b gum. \u0158\u00edkal jsem si, kdy jindy m\u00e1m obout nejtvrd\u0161\u00ed sm\u011bs ne\u017e p\u0159i t\u0159icetistup\u0148ov\u00e9m vedru. Ale tady na t\u011bch zapr\u00e1\u0161en\u00fdch cest\u00e1ch to nebylo dobr\u00e9, na t\u0159ic\u00edtk\u00e1ch jsem byl jak \u00b4koza na led\u011b\u00b4.\u201c<\/em><\/strong><\/p>\n<p>Robert Adolf:<\/p>\n<p><strong><em>&#8222;Po r\u00e1n\u011b na \u0160umav\u011b to byla zkraje trochu nejistota, ale pak u\u017e jsme se chytili a bylo to dobr\u00e9. Dost to klou\u017ee, ten prach si sed\u00e1 zp\u00e1tky na cestu, ale asi je to stejn\u00e9 pro v\u0161echny. Auto funguje, tak d\u00e1me asi jen nov\u00e9 pneumatiky a pojedeme d\u00e1l.&#8220;<\/em><\/strong><\/p>\n<p>Karel Trn\u011bn\u00fd:<\/p>\n<p><strong><em>\u201eZtr\u00e1ta na jedni\u010dce vyplynula z\u00a0nefunk\u010dn\u00edho auta, proto jsme byli dvakr\u00e1t venku. Za\u010d\u00e1tek prost\u011b na nic, jako v\u017edycky\u2026\u201c<\/em><\/strong><\/p>\n<p>&nbsp;<\/p>\n<p>Informace k\u00a0sout\u011b\u017ei najdete na ofici\u00e1ln\u00ed str\u00e1nce www.agrotecrally.cz, \u0159ada novinek bude dostupn\u00e1 i na facebookov\u00e9m profilu <strong>Agrotec rally Hustope\u010de<\/strong>.<\/p>\n<p>AGROTEC PETRONAS rally Hustope\u010de 2021, tiskov\u00fd servis<\/p>\n<p>Tom\u00e1\u0161 Plach\u00fd, Jan Va\u0161kovi\u010d<\/p>\n<p>foto: Jan Va\u0161kovi\u010d<\/p>","protected":false},"excerpt":{"rendered":"<p>P\u0159i teplot\u00e1ch nad t\u0159icet stupn\u016f se rozjel t\u0159et\u00ed d\u00edl \u010desk\u00e9ho \u0161ampion\u00e1tu &#8211; AGROTEC PETRONAS rally. Oba \u00favodn\u00ed testy sout\u011b\u017ee opanoval V\u00e1clav Pech, jeho n\u00e1skok v\u00a0\u010dele p\u0159ed druh\u00fdm Janem Kopeck\u00fdch je 2,2 vte\u0159iny. T\u0159et\u00ed p\u0159\u00ed\u010dka a t\u0159et\u00ed \u010dasy pat\u0159ily Filipovi Mare\u0161ovi, za n\u00edm se dr\u017eel Jan \u010cern\u00fd. B\u011bhem druh\u00e9ho testu si pak na p\u00e1tou p\u0159\u00ed\u010dku polep\u0161il [&hellip;]<\/p>","protected":false},"author":2,"featured_media":1292,"comment_status":"open","ping_status":"open","sticky":false,"template":"","format":"standard","meta":{"_et_pb_use_builder":"","_et_pb_old_content":"","_et_gb_content_width":"","footnotes":""},"categories":[10,9],"tags":[18,19,23,20,52],"yoast_head":"<!-- This site is optimized with the Yoast SEO plugin v21.9.1 - https:\/\/yoast.com\/wordpress\/plugins\/seo\/ -->\n<title>Hustope\u010de rozjeli nejl\u00e9pe Pech s Uhlem | AGROTEC Petronas Rally<\/title>\n<meta name=\"robots\" content=\"index, follow, max-snippet:-1, max-image-preview:large, max-video-preview:-1\" \/>\n<link rel=\"canonical\" href=\"https:\/\/www.agrotecrally.cz\/en\/rally-hustopece\/hustopece-rozjeli-nejlepe-pech-s-uhlem\/\" \/>\n<meta property=\"og:locale\" content=\"en_GB\" \/>\n<meta property=\"og:type\" content=\"article\" \/>\n<meta property=\"og:title\" content=\"Hustope\u010de rozjeli nejl\u00e9pe Pech s Uhlem | AGROTEC Petronas Rally\" \/>\n<meta property=\"og:description\" content=\"P\u0159i teplot\u00e1ch nad t\u0159icet stupn\u016f se rozjel t\u0159et\u00ed d\u00edl \u010desk\u00e9ho \u0161ampion\u00e1tu &#8211; AGROTEC PETRONAS rally. Oba \u00favodn\u00ed testy sout\u011b\u017ee opanoval V\u00e1clav Pech, jeho n\u00e1skok v\u00a0\u010dele p\u0159ed druh\u00fdm Janem Kopeck\u00fdch je 2,2 vte\u0159iny. T\u0159et\u00ed p\u0159\u00ed\u010dka a t\u0159et\u00ed \u010dasy pat\u0159ily Filipovi Mare\u0161ovi, za n\u00edm se dr\u017eel Jan \u010cern\u00fd. B\u011bhem druh\u00e9ho testu si pak na p\u00e1tou p\u0159\u00ed\u010dku polep\u0161il [&hellip;]\" \/>\n<meta property=\"og:url\" content=\"https:\/\/www.agrotecrally.cz\/en\/rally-hustopece\/hustopece-rozjeli-nejlepe-pech-s-uhlem\/\" \/>\n<meta property=\"og:site_name\" content=\"AGROTEC Petronas Rally\" \/>\n<meta property=\"article:publisher\" content=\"https:\/\/www.facebook.com\/agrotecrally\" \/>\n<meta property=\"article:published_time\" content=\"2021-06-18T18:30:09+00:00\" \/>\n<meta property=\"article:modified_time\" content=\"2021-06-18T18:39:27+00:00\" \/>\n<meta property=\"og:image\" content=\"https:\/\/www.agrotecrally.cz\/wp-content\/uploads\/2021\/06\/pech_IMG_20210618_start-scaled.jpg\" \/>\n\t<meta property=\"og:image:width\" content=\"2560\" \/>\n\t<meta property=\"og:image:height\" content=\"1920\" \/>\n\t<meta property=\"og:image:type\" content=\"image\/jpeg\" \/>\n<meta name=\"author\" content=\"Tom\u00e1\u0161 Plach\u00fd\" \/>\n<meta name=\"twitter:card\" content=\"summary_large_image\" \/>\n<meta name=\"twitter:label1\" content=\"Written by\" \/>\n\t<meta name=\"twitter:data1\" content=\"Tom\u00e1\u0161 Plach\u00fd\" \/>\n\t<meta name=\"twitter:label2\" content=\"Estimated reading time\" \/>\n\t<meta name=\"twitter:data2\" content=\"5 minutes\" \/>\n<script type=\"application\/ld+json\" class=\"yoast-schema-graph\">{\"@context\":\"https:\/\/schema.org\",\"@graph\":[{\"@type\":\"Article\",\"@id\":\"https:\/\/www.agrotecrally.cz\/en\/rally-hustopece\/hustopece-rozjeli-nejlepe-pech-s-uhlem\/#article\",\"isPartOf\":{\"@id\":\"https:\/\/www.agrotecrally.cz\/en\/rally-hustopece\/hustopece-rozjeli-nejlepe-pech-s-uhlem\/\"},\"author\":{\"name\":\"Tom\u00e1\u0161 Plach\u00fd\",\"@id\":\"https:\/\/www.agrotecrally.cz\/#\/schema\/person\/38a02deaa1f019e278fc735d03d83f85\"},\"headline\":\"Hustope\u010de rozjeli nejl\u00e9pe Pech s Uhlem\",\"datePublished\":\"2021-06-18T18:30:09+00:00\",\"dateModified\":\"2021-06-18T18:39:27+00:00\",\"mainEntityOfPage\":{\"@id\":\"https:\/\/www.agrotecrally.cz\/en\/rally-hustopece\/hustopece-rozjeli-nejlepe-pech-s-uhlem\/\"},\"wordCount\":1263,\"commentCount\":0,\"publisher\":{\"@id\":\"https:\/\/www.agrotecrally.cz\/#organization\"},\"keywords\":[\"Agrotec rally\",\"Hustope\u010de\",\"Hustope\u010dsko\",\"rally mezi vinicemi\",\"V\u00e1clav Pech\"],\"articleSection\":[\"AGROTEC rally Hustope\u010de\",\"Rally mezi vinicemi\"],\"inLanguage\":\"en-GB\",\"potentialAction\":[{\"@type\":\"CommentAction\",\"name\":\"Comment\",\"target\":[\"https:\/\/www.agrotecrally.cz\/en\/rally-hustopece\/hustopece-rozjeli-nejlepe-pech-s-uhlem\/#respond\"]}]},{\"@type\":\"WebPage\",\"@id\":\"https:\/\/www.agrotecrally.cz\/en\/rally-hustopece\/hustopece-rozjeli-nejlepe-pech-s-uhlem\/\",\"url\":\"https:\/\/www.agrotecrally.cz\/en\/rally-hustopece\/hustopece-rozjeli-nejlepe-pech-s-uhlem\/\",\"name\":\"Hustope\u010de rozjeli nejl\u00e9pe Pech s Uhlem | AGROTEC Petronas Rally\",\"isPartOf\":{\"@id\":\"https:\/\/www.agrotecrally.cz\/#website\"},\"datePublished\":\"2021-06-18T18:30:09+00:00\",\"dateModified\":\"2021-06-18T18:39:27+00:00\",\"breadcrumb\":{\"@id\":\"https:\/\/www.agrotecrally.cz\/en\/rally-hustopece\/hustopece-rozjeli-nejlepe-pech-s-uhlem\/#breadcrumb\"},\"inLanguage\":\"en-GB\",\"potentialAction\":[{\"@type\":\"ReadAction\",\"target\":[\"https:\/\/www.agrotecrally.cz\/en\/rally-hustopece\/hustopece-rozjeli-nejlepe-pech-s-uhlem\/\"]}]},{\"@type\":\"BreadcrumbList\",\"@id\":\"https:\/\/www.agrotecrally.cz\/en\/rally-hustopece\/hustopece-rozjeli-nejlepe-pech-s-uhlem\/#breadcrumb\",\"itemListElement\":[{\"@type\":\"ListItem\",\"position\":1,\"name\":\"Dom\u016f\",\"item\":\"https:\/\/www.agrotecrally.cz\/\"},{\"@type\":\"ListItem\",\"position\":2,\"name\":\"Hustope\u010de rozjeli nejl\u00e9pe Pech s Uhlem\"}]},{\"@type\":\"WebSite\",\"@id\":\"https:\/\/www.agrotecrally.cz\/#website\",\"url\":\"https:\/\/www.agrotecrally.cz\/\",\"name\":\"AGROTEC Petronas rally\",\"description\":\"Rally mezi vinicemi\",\"publisher\":{\"@id\":\"https:\/\/www.agrotecrally.cz\/#organization\"},\"potentialAction\":[{\"@type\":\"SearchAction\",\"target\":{\"@type\":\"EntryPoint\",\"urlTemplate\":\"https:\/\/www.agrotecrally.cz\/?s={search_term_string}\"},\"query-input\":\"required name=search_term_string\"}],\"inLanguage\":\"en-GB\"},{\"@type\":\"Organization\",\"@id\":\"https:\/\/www.agrotecrally.cz\/#organization\",\"name\":\"AGROTEC Petronas rally\",\"url\":\"https:\/\/www.agrotecrally.cz\/\",\"logo\":{\"@type\":\"ImageObject\",\"inLanguage\":\"en-GB\",\"@id\":\"https:\/\/www.agrotecrally.cz\/#\/schema\/logo\/image\/\",\"url\":\"https:\/\/www.agrotecrally.cz\/wp-content\/uploads\/2021\/05\/AGROTEC-RALLY_16-01-web-2.png\",\"contentUrl\":\"https:\/\/www.agrotecrally.cz\/wp-content\/uploads\/2021\/05\/AGROTEC-RALLY_16-01-web-2.png\",\"width\":459,\"height\":222,\"caption\":\"AGROTEC Petronas rally\"},\"image\":{\"@id\":\"https:\/\/www.agrotecrally.cz\/#\/schema\/logo\/image\/\"},\"sameAs\":[\"https:\/\/www.facebook.com\/agrotecrally\"]},{\"@type\":\"Person\",\"@id\":\"https:\/\/www.agrotecrally.cz\/#\/schema\/person\/38a02deaa1f019e278fc735d03d83f85\",\"name\":\"Tom\u00e1\u0161 Plach\u00fd\",\"image\":{\"@type\":\"ImageObject\",\"inLanguage\":\"en-GB\",\"@id\":\"https:\/\/www.agrotecrally.cz\/#\/schema\/person\/image\/\",\"url\":\"https:\/\/secure.gravatar.com\/avatar\/a7a68eee7fdb2b4f0975cdc024983e22?s=96&d=mm&r=g\",\"contentUrl\":\"https:\/\/secure.gravatar.com\/avatar\/a7a68eee7fdb2b4f0975cdc024983e22?s=96&d=mm&r=g\",\"caption\":\"Tom\u00e1\u0161 Plach\u00fd\"},\"url\":\"https:\/\/www.agrotecrally.cz\/en\/author\/topmediaseznam-cz\/\"}]}<\/script>\n<!-- \/ Yoast SEO plugin. -->","yoast_head_json":{"title":"Hustope\u010de rozjeli nejl\u00e9pe Pech s Uhlem | AGROTEC Petronas Rally","robots":{"index":"index","follow":"follow","max-snippet":"max-snippet:-1","max-image-preview":"max-image-preview:large","max-video-preview":"max-video-preview:-1"},"canonical":"https:\/\/www.agrotecrally.cz\/en\/rally-hustopece\/hustopece-rozjeli-nejlepe-pech-s-uhlem\/","og_locale":"en_GB","og_type":"article","og_title":"Hustope\u010de rozjeli nejl\u00e9pe Pech s Uhlem | AGROTEC Petronas Rally","og_description":"P\u0159i teplot\u00e1ch nad t\u0159icet stupn\u016f se rozjel t\u0159et\u00ed d\u00edl \u010desk\u00e9ho \u0161ampion\u00e1tu &#8211; AGROTEC PETRONAS rally. Oba \u00favodn\u00ed testy sout\u011b\u017ee opanoval V\u00e1clav Pech, jeho n\u00e1skok v\u00a0\u010dele p\u0159ed druh\u00fdm Janem Kopeck\u00fdch je 2,2 vte\u0159iny. T\u0159et\u00ed p\u0159\u00ed\u010dka a t\u0159et\u00ed \u010dasy pat\u0159ily Filipovi Mare\u0161ovi, za n\u00edm se dr\u017eel Jan \u010cern\u00fd. B\u011bhem druh\u00e9ho testu si pak na p\u00e1tou p\u0159\u00ed\u010dku polep\u0161il [&hellip;]","og_url":"https:\/\/www.agrotecrally.cz\/en\/rally-hustopece\/hustopece-rozjeli-nejlepe-pech-s-uhlem\/","og_site_name":"AGROTEC Petronas Rally","article_publisher":"https:\/\/www.facebook.com\/agrotecrally","article_published_time":"2021-06-18T18:30:09+00:00","article_modified_time":"2021-06-18T18:39:27+00:00","og_image":[{"width":2560,"height":1920,"url":"https:\/\/www.agrotecrally.cz\/wp-content\/uploads\/2021\/06\/pech_IMG_20210618_start-scaled.jpg","type":"image\/jpeg"}],"author":"Tom\u00e1\u0161 Plach\u00fd","twitter_card":"summary_large_image","twitter_misc":{"Written by":"Tom\u00e1\u0161 Plach\u00fd","Estimated reading time":"5 minutes"},"schema":{"@context":"https:\/\/schema.org","@graph":[{"@type":"Article","@id":"https:\/\/www.agrotecrally.cz\/en\/rally-hustopece\/hustopece-rozjeli-nejlepe-pech-s-uhlem\/#article","isPartOf":{"@id":"https:\/\/www.agrotecrally.cz\/en\/rally-hustopece\/hustopece-rozjeli-nejlepe-pech-s-uhlem\/"},"author":{"name":"Tom\u00e1\u0161 Plach\u00fd","@id":"https:\/\/www.agrotecrally.cz\/#\/schema\/person\/38a02deaa1f019e278fc735d03d83f85"},"headline":"Hustope\u010de rozjeli nejl\u00e9pe Pech s Uhlem","datePublished":"2021-06-18T18:30:09+00:00","dateModified":"2021-06-18T18:39:27+00:00","mainEntityOfPage":{"@id":"https:\/\/www.agrotecrally.cz\/en\/rally-hustopece\/hustopece-rozjeli-nejlepe-pech-s-uhlem\/"},"wordCount":1263,"commentCount":0,"publisher":{"@id":"https:\/\/www.agrotecrally.cz\/#organization"},"keywords":["Agrotec rally","Hustope\u010de","Hustope\u010dsko","rally mezi vinicemi","V\u00e1clav Pech"],"articleSection":["AGROTEC rally Hustope\u010de","Rally mezi vinicemi"],"inLanguage":"en-GB","potentialAction":[{"@type":"CommentAction","name":"Comment","target":["https:\/\/www.agrotecrally.cz\/en\/rally-hustopece\/hustopece-rozjeli-nejlepe-pech-s-uhlem\/#respond"]}]},{"@type":"WebPage","@id":"https:\/\/www.agrotecrally.cz\/en\/rally-hustopece\/hustopece-rozjeli-nejlepe-pech-s-uhlem\/","url":"https:\/\/www.agrotecrally.cz\/en\/rally-hustopece\/hustopece-rozjeli-nejlepe-pech-s-uhlem\/","name":"Hustope\u010de rozjeli nejl\u00e9pe Pech s Uhlem | AGROTEC Petronas Rally","isPartOf":{"@id":"https:\/\/www.agrotecrally.cz\/#website"},"datePublished":"2021-06-18T18:30:09+00:00","dateModified":"2021-06-18T18:39:27+00:00","breadcrumb":{"@id":"https:\/\/www.agrotecrally.cz\/en\/rally-hustopece\/hustopece-rozjeli-nejlepe-pech-s-uhlem\/#breadcrumb"},"inLanguage":"en-GB","potentialAction":[{"@type":"ReadAction","target":["https:\/\/www.agrotecrally.cz\/en\/rally-hustopece\/hustopece-rozjeli-nejlepe-pech-s-uhlem\/"]}]},{"@type":"BreadcrumbList","@id":"https:\/\/www.agrotecrally.cz\/en\/rally-hustopece\/hustopece-rozjeli-nejlepe-pech-s-uhlem\/#breadcrumb","itemListElement":[{"@type":"ListItem","position":1,"name":"Dom\u016f","item":"https:\/\/www.agrotecrally.cz\/"},{"@type":"ListItem","position":2,"name":"Hustope\u010de rozjeli nejl\u00e9pe Pech s Uhlem"}]},{"@type":"WebSite","@id":"https:\/\/www.agrotecrally.cz\/#website","url":"https:\/\/www.agrotecrally.cz\/","name":"AGROTEC Petronas rally","description":"Rally mezi vinicemi","publisher":{"@id":"https:\/\/www.agrotecrally.cz\/#organization"},"potentialAction":[{"@type":"SearchAction","target":{"@type":"EntryPoint","urlTemplate":"https:\/\/www.agrotecrally.cz\/?s={search_term_string}"},"query-input":"required name=search_term_string"}],"inLanguage":"en-GB"},{"@type":"Organization","@id":"https:\/\/www.agrotecrally.cz\/#organization","name":"AGROTEC Petronas rally","url":"https:\/\/www.agrotecrally.cz\/","logo":{"@type":"ImageObject","inLanguage":"en-GB","@id":"https:\/\/www.agrotecrally.cz\/#\/schema\/logo\/image\/","url":"https:\/\/www.agrotecrally.cz\/wp-content\/uploads\/2021\/05\/AGROTEC-RALLY_16-01-web-2.png","contentUrl":"https:\/\/www.agrotecrally.cz\/wp-content\/uploads\/2021\/05\/AGROTEC-RALLY_16-01-web-2.png","width":459,"height":222,"caption":"AGROTEC Petronas rally"},"image":{"@id":"https:\/\/www.agrotecrally.cz\/#\/schema\/logo\/image\/"},"sameAs":["https:\/\/www.facebook.com\/agrotecrally"]},{"@type":"Person","@id":"https:\/\/www.agrotecrally.cz\/#\/schema\/person\/38a02deaa1f019e278fc735d03d83f85","name":"Tom\u00e1\u0161 Plach\u00fd","image":{"@type":"ImageObject","inLanguage":"en-GB","@id":"https:\/\/www.agrotecrally.cz\/#\/schema\/person\/image\/","url":"https:\/\/secure.gravatar.com\/avatar\/a7a68eee7fdb2b4f0975cdc024983e22?s=96&d=mm&r=g","contentUrl":"https:\/\/secure.gravatar.com\/avatar\/a7a68eee7fdb2b4f0975cdc024983e22?s=96&d=mm&r=g","caption":"Tom\u00e1\u0161 Plach\u00fd"},"url":"https:\/\/www.agrotecrally.cz\/en\/author\/topmediaseznam-cz\/"}]}},"_links":{"self":[{"href":"https:\/\/www.agrotecrally.cz\/en\/wp-json\/wp\/v2\/posts\/1290"}],"collection":[{"href":"https:\/\/www.agrotecrally.cz\/en\/wp-json\/wp\/v2\/posts"}],"about":[{"href":"https:\/\/www.agrotecrally.cz\/en\/wp-json\/wp\/v2\/types\/post"}],"author":[{"embeddable":true,"href":"https:\/\/www.agrotecrally.cz\/en\/wp-json\/wp\/v2\/users\/2"}],"replies":[{"embeddable":true,"href":"https:\/\/www.agrotecrally.cz\/en\/wp-json\/wp\/v2\/comments?post=1290"}],"version-history":[{"count":3,"href":"https:\/\/www.agrotecrally.cz\/en\/wp-json\/wp\/v2\/posts\/1290\/revisions"}],"predecessor-version":[{"id":1294,"href":"https:\/\/www.agrotecrally.cz\/en\/wp-json\/wp\/v2\/posts\/1290\/revisions\/1294"}],"wp:featuredmedia":[{"embeddable":true,"href":"https:\/\/www.agrotecrally.cz\/en\/wp-json\/wp\/v2\/media\/1292"}],"wp:attachment":[{"href":"https:\/\/www.agrotecrally.cz\/en\/wp-json\/wp\/v2\/media?parent=1290"}],"wp:term":[{"taxonomy":"category","embeddable":true,"href":"https:\/\/www.agrotecrally.cz\/en\/wp-json\/wp\/v2\/categories?post=1290"},{"taxonomy":"post_tag","embeddable":true,"href":"https:\/\/www.agrotecrally.cz\/en\/wp-json\/wp\/v2\/tags?post=1290"}],"curies":[{"name":"wp","href":"https:\/\/api.w.org\/{rel}","templated":true}]}}