{"id":1308,"date":"2021-06-19T18:41:33","date_gmt":"2021-06-19T17:41:33","guid":{"rendered":"https:\/\/www.agrotecrally.cz\/?p=1308"},"modified":"2021-06-19T18:54:53","modified_gmt":"2021-06-19T17:54:53","slug":"vitezi-agrotec-petronas-rally-pech-s-uhlem","status":"publish","type":"post","link":"https:\/\/www.agrotecrally.cz\/en\/rally-hustopece\/vitezi-agrotec-petronas-rally-pech-s-uhlem\/","title":{"rendered":"V\u00edt\u011bzi AGROTEC Petronas rally Pech s Uhlem"},"content":{"rendered":"<p><strong>Stylem start-c\u00edl opanoval 16. ro\u010dn\u00edk AGROTEC Petronas rally V\u00e1clav Pech. S navig\u00e1torem Petrem Uhlem vyhr\u00e1li v Hustope\u010d\u00edch po\u010dtvrt\u00e9, letos s vozem Ford Focus WRC. Druh\u00e1 p\u0159\u00ed\u010dka pat\u0159\u00ed Janu Kopeck\u00e9mu, t\u0159et\u00ed dokon\u010dil \u201erally mezi vinicemi\u201c Filip Mare\u0161. Za \u010dtvrt\u00fdm Janem \u010cern\u00fdm a\u017e posledn\u00ed rychlostka ur\u010dila jezdce na p\u00e1t\u00e9 p\u0159\u00ed\u010dce, dev\u011bt desetin m\u011bl k dobru Dominik St\u0159\u00edtesk\u00fd p\u0159ed Miroslavem Jake\u0161em.<\/strong><\/p>\n<p><strong>V\u00fdsledky 16. ro\u010dn\u00edku AGROTEC PETRONAS rally 2021<\/strong><\/p>\n<ol>\n<li>Pech V\u00e1clav \/ Uhel Petr (Ford Focus WRC) 1:16:54.0<\/li>\n<li>Kopeck\u00fd Jan \/ Hlou\u0161ek Jan (\u0160koda Fabia Rally2 Evo) + 6.1<\/li>\n<li>Mare\u0161 Filip \/ Bucha Radovan (\u0160koda Fabia Rally2 Evo) + 27.1<\/li>\n<li>\u010cern\u00fd Jan \/ \u010cernohorsk\u00fd Petr (\u0160koda Fabia Rally2 Evo) + 1:07.5<\/li>\n<li>St\u0159\u00edtesk\u00fd Dominik \/ Hovorka Ji\u0159\u00ed (\u0160koda Fabia R5) + 1:20.3<\/li>\n<li>Jake\u0161 Miroslav \/ Mach\u016f Petr (\u0160koda Fabia R5) + 1:21.2<\/li>\n<li>B\u0159ez\u00edk Adam \/ Kraj\u010da Ond\u0159ej (\u0160koda Fabia R5) + 1:44.8<\/li>\n<li>Odlo\u017eil\u00edk Roman \/ Ture\u010dek Martin (\u0160koda Fabia Rally2 Evo) + 1:56.8<\/li>\n<li>Cvr\u010dek V\u011broslav \/ Prokor\u00e1t Tom\u00e1\u0161 (\u0160koda Fabia R5) + 3:13.7<\/li>\n<li>Vl\u010dek Martin \/ Jugasov\u00e1 Karol\u00edna (Hyundai i20 R5) + 3:22.4<\/li>\n<\/ol>\n<p>Ohlasy z\u00a0c\u00edle AGROTEC PETRONAS rally 2021:<\/p>\n<p>V\u00e1clav Pech: &#8222;Leto\u0161n\u00ed Hustope\u010de byly jako v\u017edy t\u011b\u017ek\u00e9, bylo velk\u00e9 horko, ale rychlostn\u00ed vlo\u017eky tradi\u010dn\u011b moc hezk\u00e9. \u0160tvou m\u011b ty protikaty, je to dost nebezpe\u010dn\u00e9. Ka\u017ed\u00fd, kdo si o n\u011b jen trochu &#8218;l\u00edzne&#8216; m\u00e1 po z\u00e1vod\u011b. A hlavn\u011b by tam m\u011bl b\u00fdt po\u0159adatel, kter\u00fd je p\u0159\u00edpadn\u011b vr\u00e1t\u00ed zp\u011bt na m\u00edsto. V\u010dera vypadlo n\u011bkolik aut jen kv\u016fli tomu, \u017ee tam v prvn\u00edm pr\u016fjezdu chyb\u011bl a ve druh\u00e9m u\u017e tam zase byl. To jedin\u00e9 asi budu v\u0161em vyt\u00fdkat. Jinak jsem nad\u0161en\u00fd, je to rally jak m\u00e1 b\u00fdt. M\u011bn\u00ed se rytmus, klou\u017ee to, sk\u00e1\u010de to, jsou tu \u0161otoliny. Za m\u011b tedy tak jak to m\u00e1 b\u00fdt. Souboj s Honzou byl kr\u00e1sn\u00fd, mus\u00ed\u0161 jet od za\u010d\u00e1tku naplno a nem\u00e1\u0161 \u010das taktizovat, jestli n\u011bkde pojede\u0161 m\u00ed\u0148 nebo v\u00edc. Bu\u010f to vyjde nebo ne a n\u00e1m to te\u010f vy\u0161lo.&#8220;<\/p>\n<p>Jan Kopeck\u00fd: &#8222;Pro n\u00e1s to prakticky skon\u010dilo na druh\u00fdch Starovic\u00edch. Kilometr p\u0159ed c\u00edlem byl ve stop\u011b vyhozen\u00fd hodn\u011b ostr\u00fd k\u00e1men, jel jsem tam na p\u011btku a nemohl jsem se mu vyhnout. Trefil jsem ho, d\u00edra v pneumatice, a kolo bylo okam\u017eit\u011b pr\u00e1zdn\u00e9. Tam jsme nechali t\u011bch sedm vte\u0159in, jinak mysl\u00edm, \u017ee bychom erzetu jeli s Va\u0161kem a bylo by to o n\u011b\u010dem jin\u00e9m. Ale i tohle pat\u0159\u00ed k rally. Na jednu stranu jsem r\u00e1d, \u017ee se Va\u0161ek p\u0159iznal, \u017ee to m\u011bl \u010dist\u00e9 a ten k\u00e1men vyhodil p\u0159i katov\u00e1n\u00ed, ale mrz\u00ed m\u011b, \u017ee si u toho zabouchal na prsa jako King Kong. Nebre\u010d\u00edm, ale tohle mi p\u0159ijde trochu nesportovn\u00ed. Dal\u0161\u00ed dv\u011b vlo\u017eky jsem musel trochu v\u00edc koukat na cestu, abych je\u0161t\u011b n\u011bco netrefil, ale sna\u017eili jsme se. Sout\u011b\u017e kon\u010d\u00ed a\u017e v c\u00edli. Va\u0161ek byl ka\u017edop\u00e1dn\u011b dob\u0159e p\u0159ipraven\u00fd, tvrdil tempo od prvn\u00ed vlo\u017eky. My jsme to zkou\u0161eli, ale nevy\u0161lo to. Tak snad na p\u0159\u00ed\u0161t\u00edm z\u00e1vod\u011b. Sez\u00f3na bude letos dlouh\u00e1.&#8220;<\/p>\n<p>Filip Mare\u0161: &#8222;Jsem r\u00e1d, \u017ee jsme dneska v d\u00edl\u010d\u00edch erzet\u00e1ch dok\u00e1zali porazit bu\u010f Va\u0161ka Pecha nebo Honzu Kopeck\u00e9ho a v etap\u011b skon\u010dili \u010dty\u0159i vte\u0159iny za Honzou, co\u017e nen\u00ed moc. Ur\u010dit\u011b bych to n\u011bkde na\u0161el. Nesedla mi tu jedna erzeta, kde jsem ztratil hodn\u011b, pak u\u017e bych ty desetinky hledal v drobn\u00fdch chyb\u00e1ch, kter\u00e9 Honza ned\u011bl\u00e1. Jsem schopn\u00fd probrzdit jednu nebo dv\u011b odbo\u010dky, ud\u011blat smyk a v tomhle tempu to pak jsou t\u0159eba dv\u011b vte\u0159iny. S dne\u0161kem jsem tedy spokojen\u00fd a ur\u010dit\u011b i to t\u0159et\u00ed m\u00edsto jsme si vybojovali. V t\u00e9to konkurenci to nebylo jednoduch\u00e9 a mus\u00edme b\u00fdt spokojen\u00ed. Ur\u010dit\u011b to bylo n\u00e1ro\u010dn\u00e9 na pneumatiky, ale hlavn\u011b n\u00e1m tro\u0161ku motalo hlavu to horko s prachem. Ale fyzicky jsme byli p\u0159ipraven\u00ed a v\u011bd\u011bl jsem, \u017ee z toho tentokr\u00e1t m\u016f\u017eeme t\u011b\u017eit.&#8220;<\/p>\n<p>Dominik St\u0159\u00edtesk\u00fd: &#8222;Jsme r\u00e1di, \u017ee se n\u00e1m na posledn\u00ed zkou\u0161ce poda\u0159ilo p\u0159esko\u010dit o t\u011bch dev\u011bt desetin Mirka Jake\u0161e. Hustope\u010de se mi moc l\u00edbily. Na jednu stranu to pro m\u011b bylo hodn\u011b t\u011b\u017ek\u00e9, jsem vyznava\u010d sp\u00ed\u0161 hladk\u00fdch asfalt\u016f a tady to bylo na prachu a mezi vinicemi. Musel jsem si na to cel\u00fd prvn\u00ed den zvykat a byl to takov\u00fd k\u0159est ohn\u011bm. Ale mysl\u00edm, \u017ee na\u0161e v\u00fdkony u\u017e dneska nebyly v\u016fbec ostudou.&#8220;<\/p>\n<p>Jan Dohnal: &#8222;Bylo horko, kr\u00e1sn\u011b jsme se vysaunovali, ale bylo to p\u0159\u00edjemn\u00e9. Byl to zaj\u00edmav\u00fd z\u00e1vod, p\u011bkn\u00fd sport a jsem r\u00e1d, \u017ee se n\u00e1m povedl takov\u00fdto v\u00fdsledek. V\u010dera n\u00e1m je\u0161t\u011b ode\u0161el \u00fapln\u011b nov\u00fd start\u00e9r, bylo to nep\u0159\u00edjemn\u00e9. V servisu ho kluci na\u0161t\u011bst\u00ed vym\u011bnili. Dnes to bylo u\u017e bez komplikac\u00ed a cel\u00fd den jsme si hezky zaz\u00e1vodili. Sna\u017eil jsem se udr\u017eet koncentraci, proto\u017ee m\u011b to v\u010dera hned potrestalo. Nefl\u00e1kali jsme se a jeli, co um\u00edme a z\u0159ejm\u011b n\u00e1m to sedlo v\u00edc ne\u017e soupe\u0159\u016fm.&#8220;<\/p>\n<p>Vladim\u00edr Hanu\u0161: &#8222;Sout\u011b\u017e byla jako v\u017edy velmi n\u00e1ro\u010dn\u00e1. T\u011b\u017ek\u00e1 a nav\u00edc v tom obrovsk\u00e9m horku. Jsme r\u00e1di, \u017ee jsme v c\u00edli, nav\u00edc s dobr\u00fdm v\u00fdsledkem. Tak\u017ee za mn\u011b spokojenost. Pokud jde o dal\u0161\u00ed starty, dop\u0159edu si moc nepl\u00e1nuji, ale ur\u010dit\u011b se budeme cht\u00edt zase n\u011bkde sv\u00e9zt, mo\u017en\u00e1 ve Fulneku. Tyhle ot\u00e1zky \u0159e\u0161\u00edm v\u017edycky a\u017e za c\u00edlem aktu\u00e1ln\u00ed sout\u011b\u017ee.&#8220;<\/p>\n<p>Informace k\u00a0sout\u011b\u017ei najdete na ofici\u00e1ln\u00ed str\u00e1nce www.agrotecrally.cz, \u0159ada novinek bude dostupn\u00e1 i na facebookov\u00e9m profilu <strong>Agrotec rally Hustope\u010de<\/strong>.<\/p>\n<p>AGROTEC PETRONAS rally Hustope\u010de 2021, tiskov\u00fd servis<\/p>\n<p>Tom\u00e1\u0161 Plach\u00fd, Jan Va\u0161kovi\u010d<\/p>\n<p>Foto: Luk\u00e1\u0161 Urban\u00edk<\/p>","protected":false},"excerpt":{"rendered":"<p>Stylem start-c\u00edl opanoval 16. ro\u010dn\u00edk AGROTEC Petronas rally V\u00e1clav Pech. S navig\u00e1torem Petrem Uhlem vyhr\u00e1li v Hustope\u010d\u00edch po\u010dtvrt\u00e9, letos s vozem Ford Focus WRC. Druh\u00e1 p\u0159\u00ed\u010dka pat\u0159\u00ed Janu Kopeck\u00e9mu, t\u0159et\u00ed dokon\u010dil \u201erally mezi vinicemi\u201c Filip Mare\u0161. Za \u010dtvrt\u00fdm Janem \u010cern\u00fdm a\u017e posledn\u00ed rychlostka ur\u010dila jezdce na p\u00e1t\u00e9 p\u0159\u00ed\u010dce, dev\u011bt desetin m\u011bl k dobru Dominik St\u0159\u00edtesk\u00fd [&hellip;]<\/p>","protected":false},"author":2,"featured_media":1310,"comment_status":"open","ping_status":"open","sticky":false,"template":"","format":"standard","meta":{"_et_pb_use_builder":"","_et_pb_old_content":"","_et_gb_content_width":"","footnotes":""},"categories":[10,9],"tags":[18,50,21,20,52],"yoast_head":"<!-- This site is optimized with the Yoast SEO plugin v21.9.1 - https:\/\/yoast.com\/wordpress\/plugins\/seo\/ -->\n<title>V\u00edt\u011bzi AGROTEC Petronas rally Pech s Uhlem | AGROTEC Petronas Rally<\/title>\n<meta name=\"robots\" content=\"index, follow, max-snippet:-1, max-image-preview:large, max-video-preview:-1\" \/>\n<link rel=\"canonical\" href=\"https:\/\/www.agrotecrally.cz\/en\/rally-hustopece\/vitezi-agrotec-petronas-rally-pech-s-uhlem\/\" \/>\n<meta property=\"og:locale\" content=\"en_GB\" \/>\n<meta property=\"og:type\" content=\"article\" \/>\n<meta property=\"og:title\" content=\"V\u00edt\u011bzi AGROTEC Petronas rally Pech s Uhlem | AGROTEC Petronas Rally\" \/>\n<meta property=\"og:description\" content=\"Stylem start-c\u00edl opanoval 16. ro\u010dn\u00edk AGROTEC Petronas rally V\u00e1clav Pech. S navig\u00e1torem Petrem Uhlem vyhr\u00e1li v Hustope\u010d\u00edch po\u010dtvrt\u00e9, letos s vozem Ford Focus WRC. Druh\u00e1 p\u0159\u00ed\u010dka pat\u0159\u00ed Janu Kopeck\u00e9mu, t\u0159et\u00ed dokon\u010dil \u201erally mezi vinicemi\u201c Filip Mare\u0161. Za \u010dtvrt\u00fdm Janem \u010cern\u00fdm a\u017e posledn\u00ed rychlostka ur\u010dila jezdce na p\u00e1t\u00e9 p\u0159\u00ed\u010dce, dev\u011bt desetin m\u011bl k dobru Dominik St\u0159\u00edtesk\u00fd [&hellip;]\" \/>\n<meta property=\"og:url\" content=\"https:\/\/www.agrotecrally.cz\/en\/rally-hustopece\/vitezi-agrotec-petronas-rally-pech-s-uhlem\/\" \/>\n<meta property=\"og:site_name\" content=\"AGROTEC Petronas Rally\" \/>\n<meta property=\"article:publisher\" content=\"https:\/\/www.facebook.com\/agrotecrally\" \/>\n<meta property=\"article:published_time\" content=\"2021-06-19T17:41:33+00:00\" \/>\n<meta property=\"article:modified_time\" content=\"2021-06-19T17:54:53+00:00\" \/>\n<meta property=\"og:image\" content=\"https:\/\/www.agrotecrally.cz\/wp-content\/uploads\/2021\/06\/3FE1CE1D-lukas_urbanik.jpeg\" \/>\n\t<meta property=\"og:image:width\" content=\"1920\" \/>\n\t<meta property=\"og:image:height\" content=\"1280\" \/>\n\t<meta property=\"og:image:type\" content=\"image\/jpeg\" \/>\n<meta name=\"author\" content=\"Tom\u00e1\u0161 Plach\u00fd\" \/>\n<meta name=\"twitter:card\" content=\"summary_large_image\" \/>\n<meta name=\"twitter:label1\" content=\"Written by\" \/>\n\t<meta name=\"twitter:data1\" content=\"Tom\u00e1\u0161 Plach\u00fd\" \/>\n\t<meta name=\"twitter:label2\" content=\"Estimated reading time\" \/>\n\t<meta name=\"twitter:data2\" content=\"4 minutes\" \/>\n<script type=\"application\/ld+json\" class=\"yoast-schema-graph\">{\"@context\":\"https:\/\/schema.org\",\"@graph\":[{\"@type\":\"Article\",\"@id\":\"https:\/\/www.agrotecrally.cz\/en\/rally-hustopece\/vitezi-agrotec-petronas-rally-pech-s-uhlem\/#article\",\"isPartOf\":{\"@id\":\"https:\/\/www.agrotecrally.cz\/en\/rally-hustopece\/vitezi-agrotec-petronas-rally-pech-s-uhlem\/\"},\"author\":{\"name\":\"Tom\u00e1\u0161 Plach\u00fd\",\"@id\":\"https:\/\/www.agrotecrally.cz\/#\/schema\/person\/38a02deaa1f019e278fc735d03d83f85\"},\"headline\":\"V\u00edt\u011bzi AGROTEC Petronas rally Pech s Uhlem\",\"datePublished\":\"2021-06-19T17:41:33+00:00\",\"dateModified\":\"2021-06-19T17:54:53+00:00\",\"mainEntityOfPage\":{\"@id\":\"https:\/\/www.agrotecrally.cz\/en\/rally-hustopece\/vitezi-agrotec-petronas-rally-pech-s-uhlem\/\"},\"wordCount\":1059,\"commentCount\":0,\"publisher\":{\"@id\":\"https:\/\/www.agrotecrally.cz\/#organization\"},\"keywords\":[\"Agrotec rally\",\"Jan Kopeck\u00fd\",\"M\u010cR v rally\",\"rally mezi vinicemi\",\"V\u00e1clav Pech\"],\"articleSection\":[\"AGROTEC rally Hustope\u010de\",\"Rally mezi vinicemi\"],\"inLanguage\":\"en-GB\",\"potentialAction\":[{\"@type\":\"CommentAction\",\"name\":\"Comment\",\"target\":[\"https:\/\/www.agrotecrally.cz\/en\/rally-hustopece\/vitezi-agrotec-petronas-rally-pech-s-uhlem\/#respond\"]}]},{\"@type\":\"WebPage\",\"@id\":\"https:\/\/www.agrotecrally.cz\/en\/rally-hustopece\/vitezi-agrotec-petronas-rally-pech-s-uhlem\/\",\"url\":\"https:\/\/www.agrotecrally.cz\/en\/rally-hustopece\/vitezi-agrotec-petronas-rally-pech-s-uhlem\/\",\"name\":\"V\u00edt\u011bzi AGROTEC Petronas rally Pech s Uhlem | AGROTEC Petronas Rally\",\"isPartOf\":{\"@id\":\"https:\/\/www.agrotecrally.cz\/#website\"},\"datePublished\":\"2021-06-19T17:41:33+00:00\",\"dateModified\":\"2021-06-19T17:54:53+00:00\",\"breadcrumb\":{\"@id\":\"https:\/\/www.agrotecrally.cz\/en\/rally-hustopece\/vitezi-agrotec-petronas-rally-pech-s-uhlem\/#breadcrumb\"},\"inLanguage\":\"en-GB\",\"potentialAction\":[{\"@type\":\"ReadAction\",\"target\":[\"https:\/\/www.agrotecrally.cz\/en\/rally-hustopece\/vitezi-agrotec-petronas-rally-pech-s-uhlem\/\"]}]},{\"@type\":\"BreadcrumbList\",\"@id\":\"https:\/\/www.agrotecrally.cz\/en\/rally-hustopece\/vitezi-agrotec-petronas-rally-pech-s-uhlem\/#breadcrumb\",\"itemListElement\":[{\"@type\":\"ListItem\",\"position\":1,\"name\":\"Dom\u016f\",\"item\":\"https:\/\/www.agrotecrally.cz\/\"},{\"@type\":\"ListItem\",\"position\":2,\"name\":\"V\u00edt\u011bzi AGROTEC Petronas rally Pech s Uhlem\"}]},{\"@type\":\"WebSite\",\"@id\":\"https:\/\/www.agrotecrally.cz\/#website\",\"url\":\"https:\/\/www.agrotecrally.cz\/\",\"name\":\"AGROTEC Petronas rally\",\"description\":\"Rally mezi vinicemi\",\"publisher\":{\"@id\":\"https:\/\/www.agrotecrally.cz\/#organization\"},\"potentialAction\":[{\"@type\":\"SearchAction\",\"target\":{\"@type\":\"EntryPoint\",\"urlTemplate\":\"https:\/\/www.agrotecrally.cz\/?s={search_term_string}\"},\"query-input\":\"required name=search_term_string\"}],\"inLanguage\":\"en-GB\"},{\"@type\":\"Organization\",\"@id\":\"https:\/\/www.agrotecrally.cz\/#organization\",\"name\":\"AGROTEC Petronas rally\",\"url\":\"https:\/\/www.agrotecrally.cz\/\",\"logo\":{\"@type\":\"ImageObject\",\"inLanguage\":\"en-GB\",\"@id\":\"https:\/\/www.agrotecrally.cz\/#\/schema\/logo\/image\/\",\"url\":\"https:\/\/www.agrotecrally.cz\/wp-content\/uploads\/2021\/05\/AGROTEC-RALLY_16-01-web-2.png\",\"contentUrl\":\"https:\/\/www.agrotecrally.cz\/wp-content\/uploads\/2021\/05\/AGROTEC-RALLY_16-01-web-2.png\",\"width\":459,\"height\":222,\"caption\":\"AGROTEC Petronas rally\"},\"image\":{\"@id\":\"https:\/\/www.agrotecrally.cz\/#\/schema\/logo\/image\/\"},\"sameAs\":[\"https:\/\/www.facebook.com\/agrotecrally\"]},{\"@type\":\"Person\",\"@id\":\"https:\/\/www.agrotecrally.cz\/#\/schema\/person\/38a02deaa1f019e278fc735d03d83f85\",\"name\":\"Tom\u00e1\u0161 Plach\u00fd\",\"image\":{\"@type\":\"ImageObject\",\"inLanguage\":\"en-GB\",\"@id\":\"https:\/\/www.agrotecrally.cz\/#\/schema\/person\/image\/\",\"url\":\"https:\/\/secure.gravatar.com\/avatar\/a7a68eee7fdb2b4f0975cdc024983e22?s=96&d=mm&r=g\",\"contentUrl\":\"https:\/\/secure.gravatar.com\/avatar\/a7a68eee7fdb2b4f0975cdc024983e22?s=96&d=mm&r=g\",\"caption\":\"Tom\u00e1\u0161 Plach\u00fd\"},\"url\":\"https:\/\/www.agrotecrally.cz\/en\/author\/topmediaseznam-cz\/\"}]}<\/script>\n<!-- \/ Yoast SEO plugin. -->","yoast_head_json":{"title":"V\u00edt\u011bzi AGROTEC Petronas rally Pech s Uhlem | AGROTEC Petronas Rally","robots":{"index":"index","follow":"follow","max-snippet":"max-snippet:-1","max-image-preview":"max-image-preview:large","max-video-preview":"max-video-preview:-1"},"canonical":"https:\/\/www.agrotecrally.cz\/en\/rally-hustopece\/vitezi-agrotec-petronas-rally-pech-s-uhlem\/","og_locale":"en_GB","og_type":"article","og_title":"V\u00edt\u011bzi AGROTEC Petronas rally Pech s Uhlem | AGROTEC Petronas Rally","og_description":"Stylem start-c\u00edl opanoval 16. ro\u010dn\u00edk AGROTEC Petronas rally V\u00e1clav Pech. S navig\u00e1torem Petrem Uhlem vyhr\u00e1li v Hustope\u010d\u00edch po\u010dtvrt\u00e9, letos s vozem Ford Focus WRC. Druh\u00e1 p\u0159\u00ed\u010dka pat\u0159\u00ed Janu Kopeck\u00e9mu, t\u0159et\u00ed dokon\u010dil \u201erally mezi vinicemi\u201c Filip Mare\u0161. Za \u010dtvrt\u00fdm Janem \u010cern\u00fdm a\u017e posledn\u00ed rychlostka ur\u010dila jezdce na p\u00e1t\u00e9 p\u0159\u00ed\u010dce, dev\u011bt desetin m\u011bl k dobru Dominik St\u0159\u00edtesk\u00fd [&hellip;]","og_url":"https:\/\/www.agrotecrally.cz\/en\/rally-hustopece\/vitezi-agrotec-petronas-rally-pech-s-uhlem\/","og_site_name":"AGROTEC Petronas Rally","article_publisher":"https:\/\/www.facebook.com\/agrotecrally","article_published_time":"2021-06-19T17:41:33+00:00","article_modified_time":"2021-06-19T17:54:53+00:00","og_image":[{"width":1920,"height":1280,"url":"https:\/\/www.agrotecrally.cz\/wp-content\/uploads\/2021\/06\/3FE1CE1D-lukas_urbanik.jpeg","type":"image\/jpeg"}],"author":"Tom\u00e1\u0161 Plach\u00fd","twitter_card":"summary_large_image","twitter_misc":{"Written by":"Tom\u00e1\u0161 Plach\u00fd","Estimated reading time":"4 minutes"},"schema":{"@context":"https:\/\/schema.org","@graph":[{"@type":"Article","@id":"https:\/\/www.agrotecrally.cz\/en\/rally-hustopece\/vitezi-agrotec-petronas-rally-pech-s-uhlem\/#article","isPartOf":{"@id":"https:\/\/www.agrotecrally.cz\/en\/rally-hustopece\/vitezi-agrotec-petronas-rally-pech-s-uhlem\/"},"author":{"name":"Tom\u00e1\u0161 Plach\u00fd","@id":"https:\/\/www.agrotecrally.cz\/#\/schema\/person\/38a02deaa1f019e278fc735d03d83f85"},"headline":"V\u00edt\u011bzi AGROTEC Petronas rally Pech s Uhlem","datePublished":"2021-06-19T17:41:33+00:00","dateModified":"2021-06-19T17:54:53+00:00","mainEntityOfPage":{"@id":"https:\/\/www.agrotecrally.cz\/en\/rally-hustopece\/vitezi-agrotec-petronas-rally-pech-s-uhlem\/"},"wordCount":1059,"commentCount":0,"publisher":{"@id":"https:\/\/www.agrotecrally.cz\/#organization"},"keywords":["Agrotec rally","Jan Kopeck\u00fd","M\u010cR v rally","rally mezi vinicemi","V\u00e1clav Pech"],"articleSection":["AGROTEC rally Hustope\u010de","Rally mezi vinicemi"],"inLanguage":"en-GB","potentialAction":[{"@type":"CommentAction","name":"Comment","target":["https:\/\/www.agrotecrally.cz\/en\/rally-hustopece\/vitezi-agrotec-petronas-rally-pech-s-uhlem\/#respond"]}]},{"@type":"WebPage","@id":"https:\/\/www.agrotecrally.cz\/en\/rally-hustopece\/vitezi-agrotec-petronas-rally-pech-s-uhlem\/","url":"https:\/\/www.agrotecrally.cz\/en\/rally-hustopece\/vitezi-agrotec-petronas-rally-pech-s-uhlem\/","name":"V\u00edt\u011bzi AGROTEC Petronas rally Pech s Uhlem | AGROTEC Petronas Rally","isPartOf":{"@id":"https:\/\/www.agrotecrally.cz\/#website"},"datePublished":"2021-06-19T17:41:33+00:00","dateModified":"2021-06-19T17:54:53+00:00","breadcrumb":{"@id":"https:\/\/www.agrotecrally.cz\/en\/rally-hustopece\/vitezi-agrotec-petronas-rally-pech-s-uhlem\/#breadcrumb"},"inLanguage":"en-GB","potentialAction":[{"@type":"ReadAction","target":["https:\/\/www.agrotecrally.cz\/en\/rally-hustopece\/vitezi-agrotec-petronas-rally-pech-s-uhlem\/"]}]},{"@type":"BreadcrumbList","@id":"https:\/\/www.agrotecrally.cz\/en\/rally-hustopece\/vitezi-agrotec-petronas-rally-pech-s-uhlem\/#breadcrumb","itemListElement":[{"@type":"ListItem","position":1,"name":"Dom\u016f","item":"https:\/\/www.agrotecrally.cz\/"},{"@type":"ListItem","position":2,"name":"V\u00edt\u011bzi AGROTEC Petronas rally Pech s Uhlem"}]},{"@type":"WebSite","@id":"https:\/\/www.agrotecrally.cz\/#website","url":"https:\/\/www.agrotecrally.cz\/","name":"AGROTEC Petronas rally","description":"Rally mezi vinicemi","publisher":{"@id":"https:\/\/www.agrotecrally.cz\/#organization"},"potentialAction":[{"@type":"SearchAction","target":{"@type":"EntryPoint","urlTemplate":"https:\/\/www.agrotecrally.cz\/?s={search_term_string}"},"query-input":"required name=search_term_string"}],"inLanguage":"en-GB"},{"@type":"Organization","@id":"https:\/\/www.agrotecrally.cz\/#organization","name":"AGROTEC Petronas rally","url":"https:\/\/www.agrotecrally.cz\/","logo":{"@type":"ImageObject","inLanguage":"en-GB","@id":"https:\/\/www.agrotecrally.cz\/#\/schema\/logo\/image\/","url":"https:\/\/www.agrotecrally.cz\/wp-content\/uploads\/2021\/05\/AGROTEC-RALLY_16-01-web-2.png","contentUrl":"https:\/\/www.agrotecrally.cz\/wp-content\/uploads\/2021\/05\/AGROTEC-RALLY_16-01-web-2.png","width":459,"height":222,"caption":"AGROTEC Petronas rally"},"image":{"@id":"https:\/\/www.agrotecrally.cz\/#\/schema\/logo\/image\/"},"sameAs":["https:\/\/www.facebook.com\/agrotecrally"]},{"@type":"Person","@id":"https:\/\/www.agrotecrally.cz\/#\/schema\/person\/38a02deaa1f019e278fc735d03d83f85","name":"Tom\u00e1\u0161 Plach\u00fd","image":{"@type":"ImageObject","inLanguage":"en-GB","@id":"https:\/\/www.agrotecrally.cz\/#\/schema\/person\/image\/","url":"https:\/\/secure.gravatar.com\/avatar\/a7a68eee7fdb2b4f0975cdc024983e22?s=96&d=mm&r=g","contentUrl":"https:\/\/secure.gravatar.com\/avatar\/a7a68eee7fdb2b4f0975cdc024983e22?s=96&d=mm&r=g","caption":"Tom\u00e1\u0161 Plach\u00fd"},"url":"https:\/\/www.agrotecrally.cz\/en\/author\/topmediaseznam-cz\/"}]}},"_links":{"self":[{"href":"https:\/\/www.agrotecrally.cz\/en\/wp-json\/wp\/v2\/posts\/1308"}],"collection":[{"href":"https:\/\/www.agrotecrally.cz\/en\/wp-json\/wp\/v2\/posts"}],"about":[{"href":"https:\/\/www.agrotecrally.cz\/en\/wp-json\/wp\/v2\/types\/post"}],"author":[{"embeddable":true,"href":"https:\/\/www.agrotecrally.cz\/en\/wp-json\/wp\/v2\/users\/2"}],"replies":[{"embeddable":true,"href":"https:\/\/www.agrotecrally.cz\/en\/wp-json\/wp\/v2\/comments?post=1308"}],"version-history":[{"count":2,"href":"https:\/\/www.agrotecrally.cz\/en\/wp-json\/wp\/v2\/posts\/1308\/revisions"}],"predecessor-version":[{"id":1313,"href":"https:\/\/www.agrotecrally.cz\/en\/wp-json\/wp\/v2\/posts\/1308\/revisions\/1313"}],"wp:featuredmedia":[{"embeddable":true,"href":"https:\/\/www.agrotecrally.cz\/en\/wp-json\/wp\/v2\/media\/1310"}],"wp:attachment":[{"href":"https:\/\/www.agrotecrally.cz\/en\/wp-json\/wp\/v2\/media?parent=1308"}],"wp:term":[{"taxonomy":"category","embeddable":true,"href":"https:\/\/www.agrotecrally.cz\/en\/wp-json\/wp\/v2\/categories?post=1308"},{"taxonomy":"post_tag","embeddable":true,"href":"https:\/\/www.agrotecrally.cz\/en\/wp-json\/wp\/v2\/tags?post=1308"}],"curies":[{"name":"wp","href":"https:\/\/api.w.org\/{rel}","templated":true}]}}