{"id":1315,"date":"2021-06-21T11:39:53","date_gmt":"2021-06-21T10:39:53","guid":{"rendered":"https:\/\/www.agrotecrally.cz\/?p=1315"},"modified":"2021-08-26T08:39:09","modified_gmt":"2021-08-26T07:39:09","slug":"agrotec-skoda-rt-napinavy-souboj-mezi-vinicemi-rozhodl-defekt","status":"publish","type":"post","link":"https:\/\/www.agrotecrally.cz\/en\/rally-hustopece\/agrotec-skoda-rt-napinavy-souboj-mezi-vinicemi-rozhodl-defekt\/","title":{"rendered":"Agrotec \u0160koda RT: Nap\u00ednav\u00fd souboj mezi vinicemi rozhodl defekt"},"content":{"rendered":"<p>[et_pb_section][et_pb_row][et_pb_column type=&#8220;4_4&#8243;][et_pb_text]<strong>Pos\u00e1dka Agrotec \u0160koda Rally Teamu Jan Kopeck\u00fd \u2013 Jan Hlou\u0161ek obsadila na Agrotec Petronas Rally Hustope\u010de t\u011bsn\u011b druh\u00e9 m\u00edsto. I tak nav\u00fd\u0161ila veden\u00ed v Sonax Mistrovstv\u00ed \u010cesk\u00e9 republiky v rally.<\/strong><\/p>\n<p>Na t\u00e9m\u011b\u0159 stovku pos\u00e1dek \u010dekala n\u00e1ro\u010dn\u00e1 sout\u011b\u017e v okol\u00ed jihomoravsk\u00fdch Hustope\u010d\u00ed, kde se po\u0159adatel\u016fm op\u011bt poda\u0159ilo namotat zaj\u00edmav\u00e9 rychlostn\u00ed zkou\u0161ky. <em><strong>\u201eNejv\u00edce se mn\u011b l\u00edb\u00ed p\u00e1te\u010dn\u00ed N\u011bm\u010di\u010dky a sobotn\u00ed kr\u00e1lovsk\u00e1 rychlostn\u00ed zkou\u0161ka Hustope\u010dsko s t\u00e9m\u011b\u0159 23 kilometry,\u201c<\/strong><\/em> sv\u011b\u0159il se p\u0159ed startem sout\u011b\u017ee Jan Kopeck\u00fd.<\/p>\n<p>Sout\u011b\u017e odstartovala v p\u00e1te\u010dn\u00ed podve\u010der za \u00famorn\u00e9ho po\u010das\u00ed. Zat\u00edmco venkovn\u00ed teploty p\u0159ekro\u010dily 30 stup\u0148\u016f, v z\u00e1vodn\u00edch vozech bylo i p\u0159es 60 stup\u0148\u016f. Rychlostn\u00ed zkou\u0161ky byly doslova obsypan\u00e9 div\u00e1ky a pos\u00e1dky jim od za\u010d\u00e1tku serv\u00edrovaly zaj\u00edmavou pod\u00edvanou.<\/p>\n<p>Nejv\u00edce sledovan\u00fd byl od startu souboj o samotn\u00e9 v\u00edt\u011bzstv\u00ed mezi Janem Kopeck\u00fdm s vozem \u0160koda Fabia Rally2 evo a V\u00e1clavem Pechem s Fordem Focus WRC. Byl to boj veden\u00fd v desetin\u00e1ch vte\u0159in, a tak po 65 ostr\u00fdch kilometrech p\u00e1te\u010dn\u00ed etapy vedl Pech p\u0159ed Kopeck\u00fdm pouze o 4,5 sekundy. <em><strong>\u201eDnes jsme jeli opravdu naplno, t\u011b\u017eko bych na\u0161el n\u011bjak\u00e1 m\u00edsta, kde bych mohl bez velk\u00e9ho rizika nahnat n\u011bjak\u00e9 vte\u0159iny,\u201c<\/strong><\/em> hodnotil prvn\u00ed etapu Honza Kopeck\u00fd. <em><strong>\u201ePro z\u00edt\u0159ek je v\u0161e otev\u0159en\u00e9 a my budeme ur\u010dit\u011b bojovat ze v\u0161ech sil.\u201c<\/strong><\/em><\/p>\n<p>V sobotu \u010dekaly na pos\u00e1dky dva pr\u016fjezdy trojic\u00ed rychlostn\u00edch zkou\u0161ek \u2013 Starovice, \u0160itbo\u0159ice a nejn\u00e1ro\u010dn\u011bj\u0161\u00ed Hustope\u010dsko. D\u00edky skv\u011bl\u00e9mu v\u00fdkonu na prvn\u00edm pr\u016fjezdu Hustope\u010dskem se ztr\u00e1ta na prvn\u00ed m\u00edsto sn\u00ed\u017eila na rovn\u00e9 4 sekundy. Rozhodnout o v\u00edt\u011bzi m\u011bly druh\u00e9 pr\u016fjezdy.<\/p>\n<p>Jen\u017ee rozuzlen\u00ed p\u0159i\u0161lo u\u017e na druh\u00e9m pr\u016fjezdu Starovicemi. <em><strong>\u201eAsi kilometr p\u0159ed c\u00edlem byl najednou ve stop\u011b vyvalen\u00fd velk\u00fd ostr\u00fd k\u00e1men, nem\u011bl jsem \u0161anci se mu vyhnout. Do\u0161lo k okam\u017eit\u00e9 destrukci pneumatiky a my doj\u00ed\u017ed\u011bli na defektu,\u201c<\/strong><\/em> popisuje smolnou ud\u00e1lost Honza. V\u00edce ne\u017e sedmivte\u0159inov\u00e1 ztr\u00e1ta v\u00fdrazn\u011b sn\u00ed\u017eila nad\u011bje na v\u00edt\u011bzstv\u00ed v sout\u011b\u017ei. Ani skv\u011bl\u00fd v\u00fdkon na z\u00e1v\u011bre\u010dn\u00e9 rychlostn\u00ed zkou\u0161ce nesta\u010dil, v c\u00edli chyb\u011blo na v\u00edt\u011bzn\u00e9ho Pecha rovn\u00fdch 6 vte\u0159in.<\/p>\n<p><em><strong>\u201eNeb\u00fdt toho defektu, asi by se skute\u010dn\u011b rozhodovalo a\u017e na posledn\u00ed rychlostn\u00ed zkou\u0161ce,\u201c<\/strong><\/em> p\u0159em\u00edtal v c\u00edli Honza. <em><strong>\u201eAle i takov\u00e9 v\u011bci k rally pat\u0159\u00ed, ned\u00e1 se nic d\u011blat. S na\u0161\u00edm v\u00fdkonem jsme spokojeni, kr\u00e1sn\u011b jsme si zaz\u00e1vodili a snad i pot\u011b\u0161ili velk\u00e9 mno\u017estv\u00ed div\u00e1k\u016f, kter\u00fdm d\u011bkujeme za podporu. Pochv\u00e1lit mus\u00edm i m\u00edstn\u00ed po\u0159adatele, kter\u00fdm se op\u011bt poda\u0159ilo p\u0159ipravit kr\u00e1snou a n\u00e1ro\u010dnou sout\u011b\u017e,\u201c<\/strong><\/em> uzav\u00edr\u00e1 hodnocen\u00ed hustope\u010dsk\u00e9 sout\u011b\u017ee Jan Kopeck\u00fd.<\/p>\n<p>AGROTEC \u0160koda Rally Team<\/p>\n<p>Foto: Marek Musil[\/et_pb_text][\/et_pb_column][\/et_pb_row][\/et_pb_section]<\/p>","protected":false},"excerpt":{"rendered":"<p><div class=\"et_pb_section et_pb_section_0 et_section_regular\" >\n\t\t\t\t\n\t\t\t\t\n\t\t\t\t\n\t\t\t\t\n\t\t\t\t\n\t\t\t\t\n\t\t\t\t\n\t\t\t\t\n\t\t\t\t\n\t\t\t<\/div><div class=\"et_pb_row et_pb_row_0 et_pb_row_empty\">\n\t\t\t\t\n\t\t\t\t\n\t\t\t\t\n\t\t\t\t\n\t\t\t\t\n\t\t\t<\/div><div class=\"et_pb_module et_pb_text et_pb_text_0  et_pb_text_align_left et_pb_bg_layout_light\">\n\t\t\t\t\n\t\t\t\t\n\t\t\t\t\n\t\t\t\t\n\t\t\t\t\n\t\t\t<\/div>Pos\u00e1dka Agrotec \u0160koda Rally Teamu Jan Kopeck\u00fd \u2013 Jan Hlou\u0161ek obsadila na Agrotec Petronas Rally Hustope\u010de t\u011bsn\u011b druh\u00e9 m\u00edsto. I tak nav\u00fd\u0161ila veden\u00ed v Sonax Mistrovstv\u00ed \u010cesk\u00e9 republiky v rally. Na t\u00e9m\u011b\u0159 stovku pos\u00e1dek \u010dekala n\u00e1ro\u010dn\u00e1 sout\u011b\u017e v okol\u00ed jihomoravsk\u00fdch Hustope\u010d\u00ed, kde se po\u0159adatel\u016fm op\u011bt poda\u0159ilo namotat zaj\u00edmav\u00e9 rychlostn\u00ed zkou\u0161ky. \u201eNejv\u00edce se mn\u011b l\u00edb\u00ed p\u00e1te\u010dn\u00ed [&hellip;]<\/p>","protected":false},"author":2,"featured_media":1316,"comment_status":"open","ping_status":"open","sticky":false,"template":"","format":"standard","meta":{"_et_pb_use_builder":"on","_et_pb_old_content":"<strong>Pos\u00e1dka Agrotec \u0160koda Rally Teamu Jan Kopeck\u00fd \u2013 Jan Hlou\u0161ek obsadila na Agrotec Petronas Rally Hustope\u010de t\u011bsn\u011b druh\u00e9 m\u00edsto. I tak nav\u00fd\u0161ila veden\u00ed v Sonax Mistrovstv\u00ed \u010cesk\u00e9 republiky v rally.<\/strong>\r\n\r\nNa t\u00e9m\u011b\u0159 stovku pos\u00e1dek \u010dekala n\u00e1ro\u010dn\u00e1 sout\u011b\u017e v okol\u00ed jihomoravsk\u00fdch Hustope\u010d\u00ed, kde se po\u0159adatel\u016fm op\u011bt poda\u0159ilo namotat zaj\u00edmav\u00e9 rychlostn\u00ed zkou\u0161ky. <em><strong>\u201eNejv\u00edce se mn\u011b l\u00edb\u00ed p\u00e1te\u010dn\u00ed N\u011bm\u010di\u010dky a sobotn\u00ed kr\u00e1lovsk\u00e1 rychlostn\u00ed zkou\u0161ka Hustope\u010dsko s t\u00e9m\u011b\u0159 23 kilometry,\u201c<\/strong><\/em> sv\u011b\u0159il se p\u0159ed startem sout\u011b\u017ee Jan Kopeck\u00fd.\r\n\r\nSout\u011b\u017e odstartovala v p\u00e1te\u010dn\u00ed podve\u010der za \u00famorn\u00e9ho po\u010das\u00ed. Zat\u00edmco venkovn\u00ed teploty p\u0159ekro\u010dily 30 stup\u0148\u016f, v z\u00e1vodn\u00edch vozech bylo i p\u0159es 60 stup\u0148\u016f. Rychlostn\u00ed zkou\u0161ky byly doslova obsypan\u00e9 div\u00e1ky a pos\u00e1dky jim od za\u010d\u00e1tku serv\u00edrovaly zaj\u00edmavou pod\u00edvanou.\r\n\r\nNejv\u00edce sledovan\u00fd byl od startu souboj o samotn\u00e9 v\u00edt\u011bzstv\u00ed mezi Janem Kopeck\u00fdm s vozem \u0160koda Fabia Rally2 evo a V\u00e1clavem Pechem s Fordem Focus WRC. Byl to boj veden\u00fd v desetin\u00e1ch vte\u0159in, a tak po 65 ostr\u00fdch kilometrech p\u00e1te\u010dn\u00ed etapy vedl Pech p\u0159ed Kopeck\u00fdm pouze o 4,5 sekundy. <em><strong>\u201eDnes jsme jeli opravdu naplno, t\u011b\u017eko bych na\u0161el n\u011bjak\u00e1 m\u00edsta, kde bych mohl bez velk\u00e9ho rizika nahnat n\u011bjak\u00e9 vte\u0159iny,\u201c<\/strong><\/em> hodnotil prvn\u00ed etapu Honza Kopeck\u00fd. <em><strong>\u201ePro z\u00edt\u0159ek je v\u0161e otev\u0159en\u00e9 a my budeme ur\u010dit\u011b bojovat ze v\u0161ech sil.\u201c<\/strong><\/em>\r\n\r\nV sobotu \u010dekaly na pos\u00e1dky dva pr\u016fjezdy trojic\u00ed rychlostn\u00edch zkou\u0161ek \u2013 Starovice, \u0160itbo\u0159ice a nejn\u00e1ro\u010dn\u011bj\u0161\u00ed Hustope\u010dsko. D\u00edky skv\u011bl\u00e9mu v\u00fdkonu na prvn\u00edm pr\u016fjezdu Hustope\u010dskem se ztr\u00e1ta na prvn\u00ed m\u00edsto sn\u00ed\u017eila na rovn\u00e9 4 sekundy. Rozhodnout o v\u00edt\u011bzi m\u011bly druh\u00e9 pr\u016fjezdy.\r\n\r\nJen\u017ee rozuzlen\u00ed p\u0159i\u0161lo u\u017e na druh\u00e9m pr\u016fjezdu Starovicemi. <em><strong>\u201eAsi kilometr p\u0159ed c\u00edlem byl najednou ve stop\u011b vyvalen\u00fd velk\u00fd ostr\u00fd k\u00e1men, nem\u011bl jsem \u0161anci se mu vyhnout. Do\u0161lo k okam\u017eit\u00e9 destrukci pneumatiky a my doj\u00ed\u017ed\u011bli na defektu,\u201c<\/strong><\/em> popisuje smolnou ud\u00e1lost Honza. V\u00edce ne\u017e sedmivte\u0159inov\u00e1 ztr\u00e1ta v\u00fdrazn\u011b sn\u00ed\u017eila nad\u011bje na v\u00edt\u011bzstv\u00ed v sout\u011b\u017ei. Ani skv\u011bl\u00fd v\u00fdkon na z\u00e1v\u011bre\u010dn\u00e9 rychlostn\u00ed zkou\u0161ce nesta\u010dil, v c\u00edli chyb\u011blo na v\u00edt\u011bzn\u00e9ho Pecha rovn\u00fdch 6 vte\u0159in.\r\n\r\n<em><strong>\u201eNeb\u00fdt toho defektu, asi by se skute\u010dn\u011b rozhodovalo a\u017e na posledn\u00ed rychlostn\u00ed zkou\u0161ce,\u201c<\/strong><\/em> p\u0159em\u00edtal v c\u00edli Honza. <em><strong>\u201eAle i takov\u00e9 v\u011bci k rally pat\u0159\u00ed, ned\u00e1 se nic d\u011blat. S na\u0161\u00edm v\u00fdkonem jsme spokojeni, kr\u00e1sn\u011b jsme si zaz\u00e1vodili a snad i pot\u011b\u0161ili velk\u00e9 mno\u017estv\u00ed div\u00e1k\u016f, kter\u00fdm d\u011bkujeme za podporu. Pochv\u00e1lit mus\u00edm i m\u00edstn\u00ed po\u0159adatele, kter\u00fdm se op\u011bt poda\u0159ilo p\u0159ipravit kr\u00e1snou a n\u00e1ro\u010dnou sout\u011b\u017e,\u201c<\/strong><\/em> uzav\u00edr\u00e1 hodnocen\u00ed hustope\u010dsk\u00e9 sout\u011b\u017ee Jan Kopeck\u00fd.\r\n\r\nAGROTEC \u0160koda Rally Team\r\n\r\nFoto: Marek Musil","_et_gb_content_width":"","footnotes":""},"categories":[10,9],"tags":[18,43,51,50,56,20],"yoast_head":"<!-- This site is optimized with the Yoast SEO plugin v21.9.1 - https:\/\/yoast.com\/wordpress\/plugins\/seo\/ -->\n<title>Agrotec \u0160koda RT: Nap\u00ednav\u00fd souboj mezi vinicemi rozhodl defekt | AGROTEC Petronas Rally<\/title>\n<meta name=\"robots\" content=\"index, follow, max-snippet:-1, max-image-preview:large, max-video-preview:-1\" \/>\n<link rel=\"canonical\" href=\"https:\/\/www.agrotecrally.cz\/en\/rally-hustopece\/agrotec-skoda-rt-napinavy-souboj-mezi-vinicemi-rozhodl-defekt\/\" \/>\n<meta property=\"og:locale\" content=\"en_GB\" \/>\n<meta property=\"og:type\" content=\"article\" \/>\n<meta property=\"og:title\" content=\"Agrotec \u0160koda RT: Nap\u00ednav\u00fd souboj mezi vinicemi rozhodl defekt | AGROTEC Petronas Rally\" \/>\n<meta property=\"og:description\" content=\"Pos\u00e1dka Agrotec \u0160koda Rally Teamu Jan Kopeck\u00fd \u2013 Jan Hlou\u0161ek obsadila na Agrotec Petronas Rally Hustope\u010de t\u011bsn\u011b druh\u00e9 m\u00edsto. I tak nav\u00fd\u0161ila veden\u00ed v Sonax Mistrovstv\u00ed \u010cesk\u00e9 republiky v rally. Na t\u00e9m\u011b\u0159 stovku pos\u00e1dek \u010dekala n\u00e1ro\u010dn\u00e1 sout\u011b\u017e v okol\u00ed jihomoravsk\u00fdch Hustope\u010d\u00ed, kde se po\u0159adatel\u016fm op\u011bt poda\u0159ilo namotat zaj\u00edmav\u00e9 rychlostn\u00ed zkou\u0161ky. \u201eNejv\u00edce se mn\u011b l\u00edb\u00ed p\u00e1te\u010dn\u00ed [&hellip;]\" \/>\n<meta property=\"og:url\" content=\"https:\/\/www.agrotecrally.cz\/en\/rally-hustopece\/agrotec-skoda-rt-napinavy-souboj-mezi-vinicemi-rozhodl-defekt\/\" \/>\n<meta property=\"og:site_name\" content=\"AGROTEC Petronas Rally\" \/>\n<meta property=\"article:publisher\" content=\"https:\/\/www.facebook.com\/agrotecrally\" \/>\n<meta property=\"article:published_time\" content=\"2021-06-21T10:39:53+00:00\" \/>\n<meta property=\"article:modified_time\" content=\"2021-08-26T07:39:09+00:00\" \/>\n<meta property=\"og:image\" content=\"https:\/\/www.agrotecrally.cz\/wp-content\/uploads\/2021\/06\/AGT-P-r-sobota-9.jpg\" \/>\n\t<meta property=\"og:image:width\" content=\"2012\" \/>\n\t<meta property=\"og:image:height\" content=\"1341\" \/>\n\t<meta property=\"og:image:type\" content=\"image\/jpeg\" \/>\n<meta name=\"author\" content=\"Tom\u00e1\u0161 Plach\u00fd\" \/>\n<meta name=\"twitter:card\" content=\"summary_large_image\" \/>\n<meta name=\"twitter:label1\" content=\"Written by\" \/>\n\t<meta name=\"twitter:data1\" content=\"Tom\u00e1\u0161 Plach\u00fd\" \/>\n\t<meta name=\"twitter:label2\" content=\"Estimated reading time\" \/>\n\t<meta name=\"twitter:data2\" content=\"2 minutes\" \/>\n<script type=\"application\/ld+json\" class=\"yoast-schema-graph\">{\"@context\":\"https:\/\/schema.org\",\"@graph\":[{\"@type\":\"Article\",\"@id\":\"https:\/\/www.agrotecrally.cz\/en\/rally-hustopece\/agrotec-skoda-rt-napinavy-souboj-mezi-vinicemi-rozhodl-defekt\/#article\",\"isPartOf\":{\"@id\":\"https:\/\/www.agrotecrally.cz\/en\/rally-hustopece\/agrotec-skoda-rt-napinavy-souboj-mezi-vinicemi-rozhodl-defekt\/\"},\"author\":{\"name\":\"Tom\u00e1\u0161 Plach\u00fd\",\"@id\":\"https:\/\/www.agrotecrally.cz\/#\/schema\/person\/38a02deaa1f019e278fc735d03d83f85\"},\"headline\":\"Agrotec \u0160koda RT: Nap\u00ednav\u00fd souboj mezi vinicemi rozhodl defekt\",\"datePublished\":\"2021-06-21T10:39:53+00:00\",\"dateModified\":\"2021-08-26T07:39:09+00:00\",\"mainEntityOfPage\":{\"@id\":\"https:\/\/www.agrotecrally.cz\/en\/rally-hustopece\/agrotec-skoda-rt-napinavy-souboj-mezi-vinicemi-rozhodl-defekt\/\"},\"wordCount\":567,\"commentCount\":0,\"publisher\":{\"@id\":\"https:\/\/www.agrotecrally.cz\/#organization\"},\"keywords\":[\"Agrotec rally\",\"Agrotec \u0160koda Rally Team\",\"Jan Hlou\u0161ek\",\"Jan Kopeck\u00fd\",\"l\u00eddr M\u010cR\",\"rally mezi vinicemi\"],\"articleSection\":[\"AGROTEC rally Hustope\u010de\",\"Rally mezi vinicemi\"],\"inLanguage\":\"en-GB\",\"potentialAction\":[{\"@type\":\"CommentAction\",\"name\":\"Comment\",\"target\":[\"https:\/\/www.agrotecrally.cz\/en\/rally-hustopece\/agrotec-skoda-rt-napinavy-souboj-mezi-vinicemi-rozhodl-defekt\/#respond\"]}]},{\"@type\":\"WebPage\",\"@id\":\"https:\/\/www.agrotecrally.cz\/en\/rally-hustopece\/agrotec-skoda-rt-napinavy-souboj-mezi-vinicemi-rozhodl-defekt\/\",\"url\":\"https:\/\/www.agrotecrally.cz\/en\/rally-hustopece\/agrotec-skoda-rt-napinavy-souboj-mezi-vinicemi-rozhodl-defekt\/\",\"name\":\"Agrotec \u0160koda RT: Nap\u00ednav\u00fd souboj mezi vinicemi rozhodl defekt | AGROTEC Petronas Rally\",\"isPartOf\":{\"@id\":\"https:\/\/www.agrotecrally.cz\/#website\"},\"datePublished\":\"2021-06-21T10:39:53+00:00\",\"dateModified\":\"2021-08-26T07:39:09+00:00\",\"breadcrumb\":{\"@id\":\"https:\/\/www.agrotecrally.cz\/en\/rally-hustopece\/agrotec-skoda-rt-napinavy-souboj-mezi-vinicemi-rozhodl-defekt\/#breadcrumb\"},\"inLanguage\":\"en-GB\",\"potentialAction\":[{\"@type\":\"ReadAction\",\"target\":[\"https:\/\/www.agrotecrally.cz\/en\/rally-hustopece\/agrotec-skoda-rt-napinavy-souboj-mezi-vinicemi-rozhodl-defekt\/\"]}]},{\"@type\":\"BreadcrumbList\",\"@id\":\"https:\/\/www.agrotecrally.cz\/en\/rally-hustopece\/agrotec-skoda-rt-napinavy-souboj-mezi-vinicemi-rozhodl-defekt\/#breadcrumb\",\"itemListElement\":[{\"@type\":\"ListItem\",\"position\":1,\"name\":\"Dom\u016f\",\"item\":\"https:\/\/www.agrotecrally.cz\/\"},{\"@type\":\"ListItem\",\"position\":2,\"name\":\"Agrotec \u0160koda RT: Nap\u00ednav\u00fd souboj mezi vinicemi rozhodl defekt\"}]},{\"@type\":\"WebSite\",\"@id\":\"https:\/\/www.agrotecrally.cz\/#website\",\"url\":\"https:\/\/www.agrotecrally.cz\/\",\"name\":\"AGROTEC Petronas rally\",\"description\":\"Rally mezi vinicemi\",\"publisher\":{\"@id\":\"https:\/\/www.agrotecrally.cz\/#organization\"},\"potentialAction\":[{\"@type\":\"SearchAction\",\"target\":{\"@type\":\"EntryPoint\",\"urlTemplate\":\"https:\/\/www.agrotecrally.cz\/?s={search_term_string}\"},\"query-input\":\"required name=search_term_string\"}],\"inLanguage\":\"en-GB\"},{\"@type\":\"Organization\",\"@id\":\"https:\/\/www.agrotecrally.cz\/#organization\",\"name\":\"AGROTEC Petronas rally\",\"url\":\"https:\/\/www.agrotecrally.cz\/\",\"logo\":{\"@type\":\"ImageObject\",\"inLanguage\":\"en-GB\",\"@id\":\"https:\/\/www.agrotecrally.cz\/#\/schema\/logo\/image\/\",\"url\":\"https:\/\/www.agrotecrally.cz\/wp-content\/uploads\/2021\/05\/AGROTEC-RALLY_16-01-web-2.png\",\"contentUrl\":\"https:\/\/www.agrotecrally.cz\/wp-content\/uploads\/2021\/05\/AGROTEC-RALLY_16-01-web-2.png\",\"width\":459,\"height\":222,\"caption\":\"AGROTEC Petronas rally\"},\"image\":{\"@id\":\"https:\/\/www.agrotecrally.cz\/#\/schema\/logo\/image\/\"},\"sameAs\":[\"https:\/\/www.facebook.com\/agrotecrally\"]},{\"@type\":\"Person\",\"@id\":\"https:\/\/www.agrotecrally.cz\/#\/schema\/person\/38a02deaa1f019e278fc735d03d83f85\",\"name\":\"Tom\u00e1\u0161 Plach\u00fd\",\"image\":{\"@type\":\"ImageObject\",\"inLanguage\":\"en-GB\",\"@id\":\"https:\/\/www.agrotecrally.cz\/#\/schema\/person\/image\/\",\"url\":\"https:\/\/secure.gravatar.com\/avatar\/a7a68eee7fdb2b4f0975cdc024983e22?s=96&d=mm&r=g\",\"contentUrl\":\"https:\/\/secure.gravatar.com\/avatar\/a7a68eee7fdb2b4f0975cdc024983e22?s=96&d=mm&r=g\",\"caption\":\"Tom\u00e1\u0161 Plach\u00fd\"},\"url\":\"https:\/\/www.agrotecrally.cz\/en\/author\/topmediaseznam-cz\/\"}]}<\/script>\n<!-- \/ Yoast SEO plugin. -->","yoast_head_json":{"title":"Agrotec \u0160koda RT: Nap\u00ednav\u00fd souboj mezi vinicemi rozhodl defekt | AGROTEC Petronas Rally","robots":{"index":"index","follow":"follow","max-snippet":"max-snippet:-1","max-image-preview":"max-image-preview:large","max-video-preview":"max-video-preview:-1"},"canonical":"https:\/\/www.agrotecrally.cz\/en\/rally-hustopece\/agrotec-skoda-rt-napinavy-souboj-mezi-vinicemi-rozhodl-defekt\/","og_locale":"en_GB","og_type":"article","og_title":"Agrotec \u0160koda RT: Nap\u00ednav\u00fd souboj mezi vinicemi rozhodl defekt | AGROTEC Petronas Rally","og_description":"Pos\u00e1dka Agrotec \u0160koda Rally Teamu Jan Kopeck\u00fd \u2013 Jan Hlou\u0161ek obsadila na Agrotec Petronas Rally Hustope\u010de t\u011bsn\u011b druh\u00e9 m\u00edsto. I tak nav\u00fd\u0161ila veden\u00ed v Sonax Mistrovstv\u00ed \u010cesk\u00e9 republiky v rally. Na t\u00e9m\u011b\u0159 stovku pos\u00e1dek \u010dekala n\u00e1ro\u010dn\u00e1 sout\u011b\u017e v okol\u00ed jihomoravsk\u00fdch Hustope\u010d\u00ed, kde se po\u0159adatel\u016fm op\u011bt poda\u0159ilo namotat zaj\u00edmav\u00e9 rychlostn\u00ed zkou\u0161ky. \u201eNejv\u00edce se mn\u011b l\u00edb\u00ed p\u00e1te\u010dn\u00ed [&hellip;]","og_url":"https:\/\/www.agrotecrally.cz\/en\/rally-hustopece\/agrotec-skoda-rt-napinavy-souboj-mezi-vinicemi-rozhodl-defekt\/","og_site_name":"AGROTEC Petronas Rally","article_publisher":"https:\/\/www.facebook.com\/agrotecrally","article_published_time":"2021-06-21T10:39:53+00:00","article_modified_time":"2021-08-26T07:39:09+00:00","og_image":[{"width":2012,"height":1341,"url":"https:\/\/www.agrotecrally.cz\/wp-content\/uploads\/2021\/06\/AGT-P-r-sobota-9.jpg","type":"image\/jpeg"}],"author":"Tom\u00e1\u0161 Plach\u00fd","twitter_card":"summary_large_image","twitter_misc":{"Written by":"Tom\u00e1\u0161 Plach\u00fd","Estimated reading time":"2 minutes"},"schema":{"@context":"https:\/\/schema.org","@graph":[{"@type":"Article","@id":"https:\/\/www.agrotecrally.cz\/en\/rally-hustopece\/agrotec-skoda-rt-napinavy-souboj-mezi-vinicemi-rozhodl-defekt\/#article","isPartOf":{"@id":"https:\/\/www.agrotecrally.cz\/en\/rally-hustopece\/agrotec-skoda-rt-napinavy-souboj-mezi-vinicemi-rozhodl-defekt\/"},"author":{"name":"Tom\u00e1\u0161 Plach\u00fd","@id":"https:\/\/www.agrotecrally.cz\/#\/schema\/person\/38a02deaa1f019e278fc735d03d83f85"},"headline":"Agrotec \u0160koda RT: Nap\u00ednav\u00fd souboj mezi vinicemi rozhodl defekt","datePublished":"2021-06-21T10:39:53+00:00","dateModified":"2021-08-26T07:39:09+00:00","mainEntityOfPage":{"@id":"https:\/\/www.agrotecrally.cz\/en\/rally-hustopece\/agrotec-skoda-rt-napinavy-souboj-mezi-vinicemi-rozhodl-defekt\/"},"wordCount":567,"commentCount":0,"publisher":{"@id":"https:\/\/www.agrotecrally.cz\/#organization"},"keywords":["Agrotec rally","Agrotec \u0160koda Rally Team","Jan Hlou\u0161ek","Jan Kopeck\u00fd","l\u00eddr M\u010cR","rally mezi vinicemi"],"articleSection":["AGROTEC rally Hustope\u010de","Rally mezi vinicemi"],"inLanguage":"en-GB","potentialAction":[{"@type":"CommentAction","name":"Comment","target":["https:\/\/www.agrotecrally.cz\/en\/rally-hustopece\/agrotec-skoda-rt-napinavy-souboj-mezi-vinicemi-rozhodl-defekt\/#respond"]}]},{"@type":"WebPage","@id":"https:\/\/www.agrotecrally.cz\/en\/rally-hustopece\/agrotec-skoda-rt-napinavy-souboj-mezi-vinicemi-rozhodl-defekt\/","url":"https:\/\/www.agrotecrally.cz\/en\/rally-hustopece\/agrotec-skoda-rt-napinavy-souboj-mezi-vinicemi-rozhodl-defekt\/","name":"Agrotec \u0160koda RT: Nap\u00ednav\u00fd souboj mezi vinicemi rozhodl defekt | AGROTEC Petronas Rally","isPartOf":{"@id":"https:\/\/www.agrotecrally.cz\/#website"},"datePublished":"2021-06-21T10:39:53+00:00","dateModified":"2021-08-26T07:39:09+00:00","breadcrumb":{"@id":"https:\/\/www.agrotecrally.cz\/en\/rally-hustopece\/agrotec-skoda-rt-napinavy-souboj-mezi-vinicemi-rozhodl-defekt\/#breadcrumb"},"inLanguage":"en-GB","potentialAction":[{"@type":"ReadAction","target":["https:\/\/www.agrotecrally.cz\/en\/rally-hustopece\/agrotec-skoda-rt-napinavy-souboj-mezi-vinicemi-rozhodl-defekt\/"]}]},{"@type":"BreadcrumbList","@id":"https:\/\/www.agrotecrally.cz\/en\/rally-hustopece\/agrotec-skoda-rt-napinavy-souboj-mezi-vinicemi-rozhodl-defekt\/#breadcrumb","itemListElement":[{"@type":"ListItem","position":1,"name":"Dom\u016f","item":"https:\/\/www.agrotecrally.cz\/"},{"@type":"ListItem","position":2,"name":"Agrotec \u0160koda RT: Nap\u00ednav\u00fd souboj mezi vinicemi rozhodl defekt"}]},{"@type":"WebSite","@id":"https:\/\/www.agrotecrally.cz\/#website","url":"https:\/\/www.agrotecrally.cz\/","name":"AGROTEC Petronas rally","description":"Rally mezi vinicemi","publisher":{"@id":"https:\/\/www.agrotecrally.cz\/#organization"},"potentialAction":[{"@type":"SearchAction","target":{"@type":"EntryPoint","urlTemplate":"https:\/\/www.agrotecrally.cz\/?s={search_term_string}"},"query-input":"required name=search_term_string"}],"inLanguage":"en-GB"},{"@type":"Organization","@id":"https:\/\/www.agrotecrally.cz\/#organization","name":"AGROTEC Petronas rally","url":"https:\/\/www.agrotecrally.cz\/","logo":{"@type":"ImageObject","inLanguage":"en-GB","@id":"https:\/\/www.agrotecrally.cz\/#\/schema\/logo\/image\/","url":"https:\/\/www.agrotecrally.cz\/wp-content\/uploads\/2021\/05\/AGROTEC-RALLY_16-01-web-2.png","contentUrl":"https:\/\/www.agrotecrally.cz\/wp-content\/uploads\/2021\/05\/AGROTEC-RALLY_16-01-web-2.png","width":459,"height":222,"caption":"AGROTEC Petronas rally"},"image":{"@id":"https:\/\/www.agrotecrally.cz\/#\/schema\/logo\/image\/"},"sameAs":["https:\/\/www.facebook.com\/agrotecrally"]},{"@type":"Person","@id":"https:\/\/www.agrotecrally.cz\/#\/schema\/person\/38a02deaa1f019e278fc735d03d83f85","name":"Tom\u00e1\u0161 Plach\u00fd","image":{"@type":"ImageObject","inLanguage":"en-GB","@id":"https:\/\/www.agrotecrally.cz\/#\/schema\/person\/image\/","url":"https:\/\/secure.gravatar.com\/avatar\/a7a68eee7fdb2b4f0975cdc024983e22?s=96&d=mm&r=g","contentUrl":"https:\/\/secure.gravatar.com\/avatar\/a7a68eee7fdb2b4f0975cdc024983e22?s=96&d=mm&r=g","caption":"Tom\u00e1\u0161 Plach\u00fd"},"url":"https:\/\/www.agrotecrally.cz\/en\/author\/topmediaseznam-cz\/"}]}},"_links":{"self":[{"href":"https:\/\/www.agrotecrally.cz\/en\/wp-json\/wp\/v2\/posts\/1315"}],"collection":[{"href":"https:\/\/www.agrotecrally.cz\/en\/wp-json\/wp\/v2\/posts"}],"about":[{"href":"https:\/\/www.agrotecrally.cz\/en\/wp-json\/wp\/v2\/types\/post"}],"author":[{"embeddable":true,"href":"https:\/\/www.agrotecrally.cz\/en\/wp-json\/wp\/v2\/users\/2"}],"replies":[{"embeddable":true,"href":"https:\/\/www.agrotecrally.cz\/en\/wp-json\/wp\/v2\/comments?post=1315"}],"version-history":[{"count":3,"href":"https:\/\/www.agrotecrally.cz\/en\/wp-json\/wp\/v2\/posts\/1315\/revisions"}],"predecessor-version":[{"id":1332,"href":"https:\/\/www.agrotecrally.cz\/en\/wp-json\/wp\/v2\/posts\/1315\/revisions\/1332"}],"wp:featuredmedia":[{"embeddable":true,"href":"https:\/\/www.agrotecrally.cz\/en\/wp-json\/wp\/v2\/media\/1316"}],"wp:attachment":[{"href":"https:\/\/www.agrotecrally.cz\/en\/wp-json\/wp\/v2\/media?parent=1315"}],"wp:term":[{"taxonomy":"category","embeddable":true,"href":"https:\/\/www.agrotecrally.cz\/en\/wp-json\/wp\/v2\/categories?post=1315"},{"taxonomy":"post_tag","embeddable":true,"href":"https:\/\/www.agrotecrally.cz\/en\/wp-json\/wp\/v2\/tags?post=1315"}],"curies":[{"name":"wp","href":"https:\/\/api.w.org\/{rel}","templated":true}]}}