{"id":1508,"date":"2022-03-20T02:11:16","date_gmt":"2022-03-20T01:11:16","guid":{"rendered":"https:\/\/www.agrotecrally.cz\/?p=1508"},"modified":"2022-03-20T11:56:27","modified_gmt":"2022-03-20T10:56:27","slug":"zemrela-legenda-ceskeho-motorsportu-a-reditel-rally-hustopece-rudolf-kouril","status":"publish","type":"post","link":"https:\/\/www.agrotecrally.cz\/en\/rally-hustopece\/zemrela-legenda-ceskeho-motorsportu-a-reditel-rally-hustopece-rudolf-kouril\/","title":{"rendered":"Zem\u0159ela legenda \u010desk\u00e9ho motorsportu a \u0159editel Rally Hustope\u010de Rudolf Kou\u0159il"},"content":{"rendered":"<p>[et_pb_section fb_built=&#8220;1&#8243; _builder_version=&#8220;4.9.2&#8243; _module_preset=&#8220;default&#8220;][et_pb_row _builder_version=&#8220;4.9.2&#8243; _module_preset=&#8220;default&#8220;][et_pb_column type=&#8220;4_4&#8243; _builder_version=&#8220;4.9.2&#8243; _module_preset=&#8220;default&#8220;][et_pb_text _builder_version=&#8220;4.9.2&#8243; _module_preset=&#8220;default&#8220; width=&#8220;100%&#8220;]<\/p>\n<p>Zdroj: iDnes.cz \/ SPORT<\/p>\n<p><a href=\"https:\/\/www.idnes.cz\/sport\/motorsport\/rallye-slovakia-ring-nehoda-rudolf-kouril-smrt.A220319_142028_motorsport_par\">https:\/\/www.idnes.cz\/sport\/motorsport\/rallye-slovakia-ring-nehoda-rudolf-kouril-smrt.A220319_142028_motorsport_par<\/a><\/p>\n<div class=\"artmeta\">\n<div class=\"cell\">\n<div class=\"art-info\">\n<p><span class=\"time\"><span class=\"time-date\" itemprop=\"datePublished\" content=\"2022-03-19T14:20CET\">19. b\u0159ezna 2022<\/span> \u00a014:20<\/span><\/p>\n<p><span style=\"font-size: 14px;\">Trag\u00e9di\u00ed skon\u010dila Rallye Slovakia Ring, po nehod\u011b p\u0159i prvn\u00ed rychlostn\u00ed zkou\u0161ce zem\u0159el \u010desk\u00fd navig\u00e1tor Rudolf Kou\u0159il. Dlouholet\u00fd z\u00e1vodn\u00edk i funkcion\u00e1\u0159, kter\u00fd byl nap\u0159\u00edklad \u0159editelem Rallye Hustope\u010de nebo Vala\u0161sk\u00e9 rallye, na slovensk\u00e9m okruhu startoval v pos\u00e1dce s Ren\u00e9 Dohnalem.<\/span><\/p>\n<p><span style=\"font-size: 14px;\"><span>\u201e<\/span>N\u00e1\u0161 sport si bohu\u017eel ob\u010das vyb\u00edr\u00e1 krut\u00e9 ob\u011bti. Dnes n\u00e1s opustil Rudolf Kou\u0159il. Zku\u0161en\u00fd spolujezdec, kl\u00ed\u010dov\u00fd \u010dinovn\u00edk na\u0161eho rallysportu a hlavn\u011b skv\u011bl\u00fd \u010dlov\u011bk. Bude n\u00e1m moc a moc chyb\u011bt. \u010cest Rudov\u011b pam\u00e1tce,\u201c uvedl prezident Autoklubu \u010cesk\u00e9 republiky Jan \u0160\u0165ov\u00ed\u010dek na soci\u00e1ln\u00edch s\u00edt\u00edch.<\/span><\/p>\n<p><span style=\"font-size: 14px;\">Rallye, kter\u00e1 byla prvn\u00edm d\u00edlem slovensk\u00e9ho \u0161ampion\u00e1tu, byla po smrteln\u00e9 nehod\u011b t\u0159ia\u0161edes\u00e1tilet\u00e9ho navig\u00e1tora ukon\u010dena.<\/span><\/p>\n<\/div>\n<\/div>\n<\/div>\n<div class=\"opener\">\n<div class=\"text\" id=\"art-text\" itemprop=\"articleBody\">\n<div class=\"bbtext\">\n<p>&nbsp;<\/p>\n<div class=\"fc0\"><\/div>\n<\/div>\n<\/div>\n<div id=\"social-fix-stop\" class=\"fc0\"><\/div>\n<div class=\"authors\"><strong>Auto\u0159i:<\/strong><span>\u00a0<\/span><span class=\"medium\" itemprop=\"author\" itemscope=\"\" itemtype=\"https:\/\/schema.org\/Organization\"><span itemprop=\"name\">\u010cTK<\/span><\/span>,<span>\u00a0<\/span><span class=\"medium\" itemprop=\"author\" itemscope=\"\" itemtype=\"https:\/\/schema.org\/Organization\"><span itemprop=\"name\">iDNES.cz<\/span><\/span><\/div>\n<\/div>\n<p>&nbsp;<\/p>\n<p>[\/et_pb_text][\/et_pb_column][\/et_pb_row][et_pb_row _builder_version=&#8220;4.9.2&#8243; _module_preset=&#8220;default&#8220; min_height=&#8220;499.8px&#8220;][et_pb_column type=&#8220;4_4&#8243; _builder_version=&#8220;4.9.2&#8243; _module_preset=&#8220;default&#8220;][et_pb_image src=&#8220;https:\/\/www.agrotecrally.cz\/wp-content\/uploads\/2022\/03\/A7307712.jpg&#8220; title_text=&#8220;A7307712&#8243; _builder_version=&#8220;4.9.2&#8243; _module_preset=&#8220;default&#8220; background_color=&#8220;#efefef&#8220;][\/et_pb_image][et_pb_text _builder_version=&#8220;4.9.2&#8243; _module_preset=&#8220;default&#8220;]<\/p>\n<p style=\"text-align: center;\">Lo\u0148sk\u00e1 rally mezi vinohrady. Rudolf Kou\u0159il se fot\u00ed s Martinem Radou a cel\u00fdm AGROTEC t\u00fdmem<br \/>FOTO: Marek Musil<\/p>\n<p>[\/et_pb_text][\/et_pb_column][\/et_pb_row][et_pb_row _builder_version=&#8220;4.9.2&#8243; _module_preset=&#8220;default&#8220; min_height=&#8220;98.3px&#8220;][et_pb_column type=&#8220;4_4&#8243; _builder_version=&#8220;4.9.2&#8243; _module_preset=&#8220;default&#8220;][et_pb_text _builder_version=&#8220;4.9.2&#8243; _module_preset=&#8220;default&#8220; custom_margin=&#8220;-22px|||||&#8220;][\/et_pb_text][et_pb_text _builder_version=&#8220;4.9.2&#8243; _module_preset=&#8220;default&#8220; background_color=&#8220;#FFFFFF&#8220; min_height=&#8220;242.5px&#8220; custom_padding=&#8220;0px||0px|||&#8220; hover_enabled=&#8220;0&#8243; sticky_enabled=&#8220;0&#8243;]<\/p>\n<blockquote>\n<p><span style=\"font-size: medium;\">\u201e<span style=\"font-size: large;\"><em>Velkou ztr\u00e1tu jsme v\u010dera utrp\u011bli v\u0161ichni, kdo jsme Rudu znali. Ruda pro m\u011b byl nejen kamar\u00e1d, ale tak\u00e9 skv\u011bl\u00fd a spolehliv\u00fd spolupracovn\u00edk. Spolu jsme t\u00e9m\u011b\u0159 p\u0159ed dvaceti lety p\u0159ivedli rally na jih Moravy, mezi vinohrady. Stal se neodmyslitelnou sou\u010d\u00e1st\u00ed <span style=\"color: #666666;\">AGROTEC t\u00fdmu, kter\u00fd tuto rally od z\u00e1klad\u016f vybudoval. Ruda pro rally \u017eil a bohu\u017eel pro ni tak\u00e9 zem\u0159el. Zem\u0159el p\u0159i sportu, kter\u00fd m\u011bl r\u00e1d, miloval ho a v\u011bnoval mu cel\u00fd sv\u016fj \u017eivot, a\u0165 ji\u017e jako spolujezdec, organiz\u00e1tor a v<\/span> neposledn\u00ed \u0159ad\u011b tak\u00e9 \u010dinovn\u00edk. Rudo, pro m\u011b jsi nav\u017edy s n\u00e1mi a rally Hustope\u010de bude nav\u017edy spojena s tebou.<\/em><\/span>\u201d<\/span><\/p>\n<p>&nbsp;<\/p>\n<p><span style=\"font-size: medium;\"><\/span><\/p>\n<p><span style=\"font-size: medium;\"><\/span><\/p>\n<p><span style=\"font-size: medium;\"><\/span><\/p>\n<p style=\"text-align: left;\"><span style=\"font-size: medium;\">Martin Rada<\/span><\/p>\n<\/blockquote>\n<p>[\/et_pb_text][\/et_pb_column][\/et_pb_row][\/et_pb_section]<\/p>","protected":false},"excerpt":{"rendered":"<p>Zdroj: iDnes.cz \/ SPORT https:\/\/www.idnes.cz\/sport\/motorsport\/rallye-slovakia-ring-nehoda-rudolf-kouril-smrt.A220319_142028_motorsport_par 19. b\u0159ezna 2022 \u00a014:20 Trag\u00e9di\u00ed skon\u010dila Rallye Slovakia Ring, po nehod\u011b p\u0159i prvn\u00ed rychlostn\u00ed zkou\u0161ce zem\u0159el \u010desk\u00fd navig\u00e1tor Rudolf Kou\u0159il. Dlouholet\u00fd z\u00e1vodn\u00edk i funkcion\u00e1\u0159, kter\u00fd byl nap\u0159\u00edklad \u0159editelem Rallye Hustope\u010de nebo Vala\u0161sk\u00e9 rallye, na slovensk\u00e9m okruhu startoval v pos\u00e1dce s Ren\u00e9 Dohnalem. \u201eN\u00e1\u0161 sport si bohu\u017eel ob\u010das vyb\u00edr\u00e1 krut\u00e9 ob\u011bti. [&hellip;]<\/p>","protected":false},"author":5,"featured_media":1509,"comment_status":"open","ping_status":"open","sticky":false,"template":"","format":"standard","meta":{"_et_pb_use_builder":"on","_et_pb_old_content":"","_et_gb_content_width":"","footnotes":""},"categories":[10,9],"tags":[],"yoast_head":"<!-- This site is optimized with the Yoast SEO plugin v21.9.1 - https:\/\/yoast.com\/wordpress\/plugins\/seo\/ -->\n<title>Zem\u0159ela legenda \u010desk\u00e9ho motorsportu a \u0159editel Rally Hustope\u010de Rudolf Kou\u0159il | AGROTEC Petronas Rally<\/title>\n<meta name=\"robots\" content=\"index, follow, max-snippet:-1, max-image-preview:large, max-video-preview:-1\" \/>\n<link rel=\"canonical\" href=\"https:\/\/www.agrotecrally.cz\/en\/rally-hustopece\/zemrela-legenda-ceskeho-motorsportu-a-reditel-rally-hustopece-rudolf-kouril\/\" \/>\n<meta property=\"og:locale\" content=\"en_GB\" \/>\n<meta property=\"og:type\" content=\"article\" \/>\n<meta property=\"og:title\" content=\"Zem\u0159ela legenda \u010desk\u00e9ho motorsportu a \u0159editel Rally Hustope\u010de Rudolf Kou\u0159il | AGROTEC Petronas Rally\" \/>\n<meta property=\"og:description\" content=\"Zdroj: iDnes.cz \/ SPORT https:\/\/www.idnes.cz\/sport\/motorsport\/rallye-slovakia-ring-nehoda-rudolf-kouril-smrt.A220319_142028_motorsport_par 19. b\u0159ezna 2022 \u00a014:20 Trag\u00e9di\u00ed skon\u010dila Rallye Slovakia Ring, po nehod\u011b p\u0159i prvn\u00ed rychlostn\u00ed zkou\u0161ce zem\u0159el \u010desk\u00fd navig\u00e1tor Rudolf Kou\u0159il. Dlouholet\u00fd z\u00e1vodn\u00edk i funkcion\u00e1\u0159, kter\u00fd byl nap\u0159\u00edklad \u0159editelem Rallye Hustope\u010de nebo Vala\u0161sk\u00e9 rallye, na slovensk\u00e9m okruhu startoval v pos\u00e1dce s Ren\u00e9 Dohnalem. \u201eN\u00e1\u0161 sport si bohu\u017eel ob\u010das vyb\u00edr\u00e1 krut\u00e9 ob\u011bti. [&hellip;]\" \/>\n<meta property=\"og:url\" content=\"https:\/\/www.agrotecrally.cz\/en\/rally-hustopece\/zemrela-legenda-ceskeho-motorsportu-a-reditel-rally-hustopece-rudolf-kouril\/\" \/>\n<meta property=\"og:site_name\" content=\"AGROTEC Petronas Rally\" \/>\n<meta property=\"article:publisher\" content=\"https:\/\/www.facebook.com\/agrotecrally\" \/>\n<meta property=\"article:published_time\" content=\"2022-03-20T01:11:16+00:00\" \/>\n<meta property=\"article:modified_time\" content=\"2022-03-20T10:56:27+00:00\" \/>\n<meta property=\"og:image\" content=\"https:\/\/www.agrotecrally.cz\/wp-content\/uploads\/2022\/03\/IMGP3625-1536x1025_rez.jpg\" \/>\n\t<meta property=\"og:image:width\" content=\"1025\" \/>\n\t<meta property=\"og:image:height\" content=\"1025\" \/>\n\t<meta property=\"og:image:type\" content=\"image\/jpeg\" \/>\n<meta name=\"author\" content=\"AGROTEC Group\" \/>\n<meta name=\"twitter:card\" content=\"summary_large_image\" \/>\n<meta name=\"twitter:label1\" content=\"Written by\" \/>\n\t<meta name=\"twitter:data1\" content=\"AGROTEC Group\" \/>\n\t<meta name=\"twitter:label2\" content=\"Estimated reading time\" \/>\n\t<meta name=\"twitter:data2\" content=\"2 minutes\" \/>\n<script type=\"application\/ld+json\" class=\"yoast-schema-graph\">{\"@context\":\"https:\/\/schema.org\",\"@graph\":[{\"@type\":\"Article\",\"@id\":\"https:\/\/www.agrotecrally.cz\/rally-hustopece\/zemrela-legenda-ceskeho-motorsportu-a-reditel-rally-hustopece-rudolf-kouril\/#article\",\"isPartOf\":{\"@id\":\"https:\/\/www.agrotecrally.cz\/rally-hustopece\/zemrela-legenda-ceskeho-motorsportu-a-reditel-rally-hustopece-rudolf-kouril\/\"},\"author\":{\"name\":\"AGROTEC Group\",\"@id\":\"https:\/\/www.agrotecrally.cz\/#\/schema\/person\/a27dc612cf6a78c558f707d1669418ea\"},\"headline\":\"Zem\u0159ela legenda \u010desk\u00e9ho motorsportu a \u0159editel Rally Hustope\u010de Rudolf Kou\u0159il\",\"datePublished\":\"2022-03-20T01:11:16+00:00\",\"dateModified\":\"2022-03-20T10:56:27+00:00\",\"mainEntityOfPage\":{\"@id\":\"https:\/\/www.agrotecrally.cz\/rally-hustopece\/zemrela-legenda-ceskeho-motorsportu-a-reditel-rally-hustopece-rudolf-kouril\/\"},\"wordCount\":500,\"commentCount\":1,\"publisher\":{\"@id\":\"https:\/\/www.agrotecrally.cz\/#organization\"},\"articleSection\":[\"AGROTEC rally Hustope\u010de\",\"Rally mezi vinicemi\"],\"inLanguage\":\"en-GB\",\"potentialAction\":[{\"@type\":\"CommentAction\",\"name\":\"Comment\",\"target\":[\"https:\/\/www.agrotecrally.cz\/rally-hustopece\/zemrela-legenda-ceskeho-motorsportu-a-reditel-rally-hustopece-rudolf-kouril\/#respond\"]}]},{\"@type\":\"WebPage\",\"@id\":\"https:\/\/www.agrotecrally.cz\/rally-hustopece\/zemrela-legenda-ceskeho-motorsportu-a-reditel-rally-hustopece-rudolf-kouril\/\",\"url\":\"https:\/\/www.agrotecrally.cz\/rally-hustopece\/zemrela-legenda-ceskeho-motorsportu-a-reditel-rally-hustopece-rudolf-kouril\/\",\"name\":\"Zem\u0159ela legenda \u010desk\u00e9ho motorsportu a \u0159editel Rally Hustope\u010de Rudolf Kou\u0159il | AGROTEC Petronas Rally\",\"isPartOf\":{\"@id\":\"https:\/\/www.agrotecrally.cz\/#website\"},\"datePublished\":\"2022-03-20T01:11:16+00:00\",\"dateModified\":\"2022-03-20T10:56:27+00:00\",\"breadcrumb\":{\"@id\":\"https:\/\/www.agrotecrally.cz\/rally-hustopece\/zemrela-legenda-ceskeho-motorsportu-a-reditel-rally-hustopece-rudolf-kouril\/#breadcrumb\"},\"inLanguage\":\"en-GB\",\"potentialAction\":[{\"@type\":\"ReadAction\",\"target\":[\"https:\/\/www.agrotecrally.cz\/rally-hustopece\/zemrela-legenda-ceskeho-motorsportu-a-reditel-rally-hustopece-rudolf-kouril\/\"]}]},{\"@type\":\"BreadcrumbList\",\"@id\":\"https:\/\/www.agrotecrally.cz\/rally-hustopece\/zemrela-legenda-ceskeho-motorsportu-a-reditel-rally-hustopece-rudolf-kouril\/#breadcrumb\",\"itemListElement\":[{\"@type\":\"ListItem\",\"position\":1,\"name\":\"Dom\u016f\",\"item\":\"https:\/\/www.agrotecrally.cz\/\"},{\"@type\":\"ListItem\",\"position\":2,\"name\":\"Zem\u0159ela legenda \u010desk\u00e9ho motorsportu a \u0159editel Rally Hustope\u010de Rudolf Kou\u0159il\"}]},{\"@type\":\"WebSite\",\"@id\":\"https:\/\/www.agrotecrally.cz\/#website\",\"url\":\"https:\/\/www.agrotecrally.cz\/\",\"name\":\"AGROTEC Petronas rally\",\"description\":\"Rally mezi vinicemi\",\"publisher\":{\"@id\":\"https:\/\/www.agrotecrally.cz\/#organization\"},\"potentialAction\":[{\"@type\":\"SearchAction\",\"target\":{\"@type\":\"EntryPoint\",\"urlTemplate\":\"https:\/\/www.agrotecrally.cz\/?s={search_term_string}\"},\"query-input\":\"required name=search_term_string\"}],\"inLanguage\":\"en-GB\"},{\"@type\":\"Organization\",\"@id\":\"https:\/\/www.agrotecrally.cz\/#organization\",\"name\":\"AGROTEC Petronas rally\",\"url\":\"https:\/\/www.agrotecrally.cz\/\",\"logo\":{\"@type\":\"ImageObject\",\"inLanguage\":\"en-GB\",\"@id\":\"https:\/\/www.agrotecrally.cz\/#\/schema\/logo\/image\/\",\"url\":\"https:\/\/www.agrotecrally.cz\/wp-content\/uploads\/2021\/05\/AGROTEC-RALLY_16-01-web-2.png\",\"contentUrl\":\"https:\/\/www.agrotecrally.cz\/wp-content\/uploads\/2021\/05\/AGROTEC-RALLY_16-01-web-2.png\",\"width\":459,\"height\":222,\"caption\":\"AGROTEC Petronas rally\"},\"image\":{\"@id\":\"https:\/\/www.agrotecrally.cz\/#\/schema\/logo\/image\/\"},\"sameAs\":[\"https:\/\/www.facebook.com\/agrotecrally\"]},{\"@type\":\"Person\",\"@id\":\"https:\/\/www.agrotecrally.cz\/#\/schema\/person\/a27dc612cf6a78c558f707d1669418ea\",\"name\":\"AGROTEC Group\",\"image\":{\"@type\":\"ImageObject\",\"inLanguage\":\"en-GB\",\"@id\":\"https:\/\/www.agrotecrally.cz\/#\/schema\/person\/image\/\",\"url\":\"https:\/\/secure.gravatar.com\/avatar\/5da8e1cb2a1adffcb169cbd61facae29?s=96&d=mm&r=g\",\"contentUrl\":\"https:\/\/secure.gravatar.com\/avatar\/5da8e1cb2a1adffcb169cbd61facae29?s=96&d=mm&r=g\",\"caption\":\"AGROTEC Group\"},\"url\":\"https:\/\/www.agrotecrally.cz\/en\/author\/marketing-agrotec-groupgmail-com\/\"}]}<\/script>\n<!-- \/ Yoast SEO plugin. -->","yoast_head_json":{"title":"Zem\u0159ela legenda \u010desk\u00e9ho motorsportu a \u0159editel Rally Hustope\u010de Rudolf Kou\u0159il | AGROTEC Petronas Rally","robots":{"index":"index","follow":"follow","max-snippet":"max-snippet:-1","max-image-preview":"max-image-preview:large","max-video-preview":"max-video-preview:-1"},"canonical":"https:\/\/www.agrotecrally.cz\/en\/rally-hustopece\/zemrela-legenda-ceskeho-motorsportu-a-reditel-rally-hustopece-rudolf-kouril\/","og_locale":"en_GB","og_type":"article","og_title":"Zem\u0159ela legenda \u010desk\u00e9ho motorsportu a \u0159editel Rally Hustope\u010de Rudolf Kou\u0159il | AGROTEC Petronas Rally","og_description":"Zdroj: iDnes.cz \/ SPORT https:\/\/www.idnes.cz\/sport\/motorsport\/rallye-slovakia-ring-nehoda-rudolf-kouril-smrt.A220319_142028_motorsport_par 19. b\u0159ezna 2022 \u00a014:20 Trag\u00e9di\u00ed skon\u010dila Rallye Slovakia Ring, po nehod\u011b p\u0159i prvn\u00ed rychlostn\u00ed zkou\u0161ce zem\u0159el \u010desk\u00fd navig\u00e1tor Rudolf Kou\u0159il. Dlouholet\u00fd z\u00e1vodn\u00edk i funkcion\u00e1\u0159, kter\u00fd byl nap\u0159\u00edklad \u0159editelem Rallye Hustope\u010de nebo Vala\u0161sk\u00e9 rallye, na slovensk\u00e9m okruhu startoval v pos\u00e1dce s Ren\u00e9 Dohnalem. \u201eN\u00e1\u0161 sport si bohu\u017eel ob\u010das vyb\u00edr\u00e1 krut\u00e9 ob\u011bti. [&hellip;]","og_url":"https:\/\/www.agrotecrally.cz\/en\/rally-hustopece\/zemrela-legenda-ceskeho-motorsportu-a-reditel-rally-hustopece-rudolf-kouril\/","og_site_name":"AGROTEC Petronas Rally","article_publisher":"https:\/\/www.facebook.com\/agrotecrally","article_published_time":"2022-03-20T01:11:16+00:00","article_modified_time":"2022-03-20T10:56:27+00:00","og_image":[{"width":1025,"height":1025,"url":"https:\/\/www.agrotecrally.cz\/wp-content\/uploads\/2022\/03\/IMGP3625-1536x1025_rez.jpg","type":"image\/jpeg"}],"author":"AGROTEC Group","twitter_card":"summary_large_image","twitter_misc":{"Written by":"AGROTEC Group","Estimated reading time":"2 minutes"},"schema":{"@context":"https:\/\/schema.org","@graph":[{"@type":"Article","@id":"https:\/\/www.agrotecrally.cz\/rally-hustopece\/zemrela-legenda-ceskeho-motorsportu-a-reditel-rally-hustopece-rudolf-kouril\/#article","isPartOf":{"@id":"https:\/\/www.agrotecrally.cz\/rally-hustopece\/zemrela-legenda-ceskeho-motorsportu-a-reditel-rally-hustopece-rudolf-kouril\/"},"author":{"name":"AGROTEC Group","@id":"https:\/\/www.agrotecrally.cz\/#\/schema\/person\/a27dc612cf6a78c558f707d1669418ea"},"headline":"Zem\u0159ela legenda \u010desk\u00e9ho motorsportu a \u0159editel Rally Hustope\u010de Rudolf Kou\u0159il","datePublished":"2022-03-20T01:11:16+00:00","dateModified":"2022-03-20T10:56:27+00:00","mainEntityOfPage":{"@id":"https:\/\/www.agrotecrally.cz\/rally-hustopece\/zemrela-legenda-ceskeho-motorsportu-a-reditel-rally-hustopece-rudolf-kouril\/"},"wordCount":500,"commentCount":1,"publisher":{"@id":"https:\/\/www.agrotecrally.cz\/#organization"},"articleSection":["AGROTEC rally Hustope\u010de","Rally mezi vinicemi"],"inLanguage":"en-GB","potentialAction":[{"@type":"CommentAction","name":"Comment","target":["https:\/\/www.agrotecrally.cz\/rally-hustopece\/zemrela-legenda-ceskeho-motorsportu-a-reditel-rally-hustopece-rudolf-kouril\/#respond"]}]},{"@type":"WebPage","@id":"https:\/\/www.agrotecrally.cz\/rally-hustopece\/zemrela-legenda-ceskeho-motorsportu-a-reditel-rally-hustopece-rudolf-kouril\/","url":"https:\/\/www.agrotecrally.cz\/rally-hustopece\/zemrela-legenda-ceskeho-motorsportu-a-reditel-rally-hustopece-rudolf-kouril\/","name":"Zem\u0159ela legenda \u010desk\u00e9ho motorsportu a \u0159editel Rally Hustope\u010de Rudolf Kou\u0159il | AGROTEC Petronas Rally","isPartOf":{"@id":"https:\/\/www.agrotecrally.cz\/#website"},"datePublished":"2022-03-20T01:11:16+00:00","dateModified":"2022-03-20T10:56:27+00:00","breadcrumb":{"@id":"https:\/\/www.agrotecrally.cz\/rally-hustopece\/zemrela-legenda-ceskeho-motorsportu-a-reditel-rally-hustopece-rudolf-kouril\/#breadcrumb"},"inLanguage":"en-GB","potentialAction":[{"@type":"ReadAction","target":["https:\/\/www.agrotecrally.cz\/rally-hustopece\/zemrela-legenda-ceskeho-motorsportu-a-reditel-rally-hustopece-rudolf-kouril\/"]}]},{"@type":"BreadcrumbList","@id":"https:\/\/www.agrotecrally.cz\/rally-hustopece\/zemrela-legenda-ceskeho-motorsportu-a-reditel-rally-hustopece-rudolf-kouril\/#breadcrumb","itemListElement":[{"@type":"ListItem","position":1,"name":"Dom\u016f","item":"https:\/\/www.agrotecrally.cz\/"},{"@type":"ListItem","position":2,"name":"Zem\u0159ela legenda \u010desk\u00e9ho motorsportu a \u0159editel Rally Hustope\u010de Rudolf Kou\u0159il"}]},{"@type":"WebSite","@id":"https:\/\/www.agrotecrally.cz\/#website","url":"https:\/\/www.agrotecrally.cz\/","name":"AGROTEC Petronas rally","description":"Rally mezi vinicemi","publisher":{"@id":"https:\/\/www.agrotecrally.cz\/#organization"},"potentialAction":[{"@type":"SearchAction","target":{"@type":"EntryPoint","urlTemplate":"https:\/\/www.agrotecrally.cz\/?s={search_term_string}"},"query-input":"required name=search_term_string"}],"inLanguage":"en-GB"},{"@type":"Organization","@id":"https:\/\/www.agrotecrally.cz\/#organization","name":"AGROTEC Petronas rally","url":"https:\/\/www.agrotecrally.cz\/","logo":{"@type":"ImageObject","inLanguage":"en-GB","@id":"https:\/\/www.agrotecrally.cz\/#\/schema\/logo\/image\/","url":"https:\/\/www.agrotecrally.cz\/wp-content\/uploads\/2021\/05\/AGROTEC-RALLY_16-01-web-2.png","contentUrl":"https:\/\/www.agrotecrally.cz\/wp-content\/uploads\/2021\/05\/AGROTEC-RALLY_16-01-web-2.png","width":459,"height":222,"caption":"AGROTEC Petronas rally"},"image":{"@id":"https:\/\/www.agrotecrally.cz\/#\/schema\/logo\/image\/"},"sameAs":["https:\/\/www.facebook.com\/agrotecrally"]},{"@type":"Person","@id":"https:\/\/www.agrotecrally.cz\/#\/schema\/person\/a27dc612cf6a78c558f707d1669418ea","name":"AGROTEC Group","image":{"@type":"ImageObject","inLanguage":"en-GB","@id":"https:\/\/www.agrotecrally.cz\/#\/schema\/person\/image\/","url":"https:\/\/secure.gravatar.com\/avatar\/5da8e1cb2a1adffcb169cbd61facae29?s=96&d=mm&r=g","contentUrl":"https:\/\/secure.gravatar.com\/avatar\/5da8e1cb2a1adffcb169cbd61facae29?s=96&d=mm&r=g","caption":"AGROTEC Group"},"url":"https:\/\/www.agrotecrally.cz\/en\/author\/marketing-agrotec-groupgmail-com\/"}]}},"_links":{"self":[{"href":"https:\/\/www.agrotecrally.cz\/en\/wp-json\/wp\/v2\/posts\/1508"}],"collection":[{"href":"https:\/\/www.agrotecrally.cz\/en\/wp-json\/wp\/v2\/posts"}],"about":[{"href":"https:\/\/www.agrotecrally.cz\/en\/wp-json\/wp\/v2\/types\/post"}],"author":[{"embeddable":true,"href":"https:\/\/www.agrotecrally.cz\/en\/wp-json\/wp\/v2\/users\/5"}],"replies":[{"embeddable":true,"href":"https:\/\/www.agrotecrally.cz\/en\/wp-json\/wp\/v2\/comments?post=1508"}],"version-history":[{"count":19,"href":"https:\/\/www.agrotecrally.cz\/en\/wp-json\/wp\/v2\/posts\/1508\/revisions"}],"predecessor-version":[{"id":1529,"href":"https:\/\/www.agrotecrally.cz\/en\/wp-json\/wp\/v2\/posts\/1508\/revisions\/1529"}],"wp:featuredmedia":[{"embeddable":true,"href":"https:\/\/www.agrotecrally.cz\/en\/wp-json\/wp\/v2\/media\/1509"}],"wp:attachment":[{"href":"https:\/\/www.agrotecrally.cz\/en\/wp-json\/wp\/v2\/media?parent=1508"}],"wp:term":[{"taxonomy":"category","embeddable":true,"href":"https:\/\/www.agrotecrally.cz\/en\/wp-json\/wp\/v2\/categories?post=1508"},{"taxonomy":"post_tag","embeddable":true,"href":"https:\/\/www.agrotecrally.cz\/en\/wp-json\/wp\/v2\/tags?post=1508"}],"curies":[{"name":"wp","href":"https:\/\/api.w.org\/{rel}","templated":true}]}}