{"id":1693,"date":"2022-06-05T21:37:38","date_gmt":"2022-06-05T20:37:38","guid":{"rendered":"https:\/\/www.agrotecrally.cz\/?p=1693"},"modified":"2022-06-05T21:37:38","modified_gmt":"2022-06-05T20:37:38","slug":"posledni-hodiny-do-uzaverky-rally-mezi-vinohrady","status":"publish","type":"post","link":"https:\/\/www.agrotecrally.cz\/en\/rally-hustopece\/posledni-hodiny-do-uzaverky-rally-mezi-vinohrady\/","title":{"rendered":"Posledn\u00ed hodiny do uz\u00e1v\u011brky \u201erally mezi vinohrady\u201c"},"content":{"rendered":"<p><strong>Podve\u010der 6. \u010dervna 2022 bude posledn\u00ed mo\u017enost\u00ed pro p\u0159ihl\u00e1\u0161en\u00ed na AGROTEC PETRONAS rally v\u00a0Hustope\u010d\u00edch. \u010ctvrt\u00fd z\u00e1vod \u010desk\u00e9ho i slovensk\u00e9ho \u0161ampion\u00e1tu prob\u011bhne 17. \u2013 18. \u010dervna 2022. Sedmn\u00e1ct\u00fd ro\u010dn\u00edk hustope\u010dsk\u00e9 sout\u011b\u017ee bude z\u00e1rove\u0148 hostit \u00fa\u010dastn\u00edky Mistrovstv\u00ed FIA Z\u00f3ny st\u0159edn\u00ed Evropa (CEZ), stejn\u011b jako pos\u00e1dky historick\u00fdch vozidel.<\/strong><\/p>\n<p><strong>\u00a0<\/strong><\/p>\n<p>Organiza\u010dn\u00ed t\u00fdm pod veden\u00edm Martina Rady, \u0159editelky Petry Myn\u00e1\u0159ov\u00e9 a jej\u00edho z\u00e1stupce Bo\u0159ivoje Pl\u0161ka napl\u0148uje koncept legend\u00e1rn\u00edho sout\u011b\u017e\u00e1ka a dlouholet\u00e9ho \u0159editele rally Rudolfa Kou\u0159ila. Z jeho pera vznikl\u00fd harmonogram obsahuje ka\u017ed\u00fd den po t\u0159ech rychlostk\u00e1ch, v\u017edy ve dvou sekc\u00edch. Ze \u0161esti rychlostn\u00edch zkou\u0161ek se odjede v tradi\u010dn\u00edm form\u00e1tu jedin\u00e1 &#8211; \u0160itbo\u0159ick\u00e1. Ostatn\u00edch p\u011bt pro\u0161lo zm\u011bnami. Bu\u010f se jede v opa\u010dn\u00e9m sm\u011bru, nebo se za\u0159azen\u00edm nov\u00fdch \u0161otolinov\u00fdch \u00fasek\u016f, p\u0159\u00edpadn\u011b kombinac\u00ed oboj\u00edho. Prvn\u00ed sekci t\u0159\u00ed m\u011b\u0159en\u00fdch \u00fasek\u016f (Vl\u010d\u00ed dolina, N\u011bm\u010di\u010dky a Kurd\u011bjov) pos\u00e1dky odjedou v p\u00e1te\u010dn\u00ed podve\u010der za denn\u00edho sv\u011btla. Druh\u00e1 sekce bude vy\u017eadovat mont\u00e1\u017e p\u0159\u00eddavn\u00fdch sv\u011btlomet\u016f. O to lep\u0161\u00ed sv\u011bteln\u00e1 show se \u0159vouc\u00edmi motory sout\u011b\u017en\u00edch speci\u00e1l\u016f \u010dek\u00e1 na fanou\u0161ky. V\u00a0sobotu se odstartuje na klasick\u00e9 rychlostce Starovice, n\u00e1sledovat bude test \u0160itbo\u0159ice a sekci zakon\u010d\u00ed nejdel\u0161\u00ed zkou\u0161ka sout\u011b\u017ee Div\u00e1ky (20,65 km).<\/p>\n<p><strong><em>\u201eRudovu zapo\u010datou pr\u00e1ci jsme jako jeho kolegov\u00e9 a kamar\u00e1di dotvo\u0159ili do fin\u00e1ln\u00ed podoby harmonogramu. Snad se n\u00e1m v\u0161e povedlo, jak si to Ruda p\u0159\u00e1l. Nechceme ho zklamat. A v\u011b\u0159\u00edme, \u017ee budou spokojeny s pr\u016fb\u011bhem cel\u00e9 sout\u011b\u017ee i pos\u00e1dky. Fanou\u0161k\u016fm p\u0159edem d\u011bkujeme za discipl\u00ednu,\u201c<\/em><\/strong> \u0159\u00edk\u00e1 z\u00e1stupce \u0159editele Agrotec Petronas rally Bo\u0159ivoj Pl\u0161ek.<\/p>\n<p>Jak u\u017e jsme zm\u00ednili v\u00a0\u00favodu, pouze hodiny zb\u00fdvaj\u00ed do uz\u00e1v\u011brky p\u0159ihl\u00e1\u0161ek Agrotec Petronas rally. Ta je stanovena na 6. \u010dervna v\u00a018 hodin. Po\u0159adatel\u00e9 aktu\u00e1ln\u011b eviduj\u00ed kolem osmdes\u00e1tky p\u0159ihl\u00e1\u0161ek, mezi kter\u00fdmi nechyb\u00ed \u010deln\u00ed pos\u00e1dky hodnocen\u00ed \u010desk\u00e9ho i slovensk\u00e9ho \u0161ampion\u00e1tu. Jmenovit\u011b l\u00eddr \u010desk\u00e9ho \u0161ampion\u00e1tu a jezdec AGROTEC \u0160koda Teamu Jan Kopeck\u00fd (\u0160koda Fabia Rally2 evo), obh\u00e1jce lo\u0148sk\u00e9ho prvenstv\u00ed V\u00e1clav Pech (Ford Focus WRC), lon\u00ed t\u0159et\u00ed Filip Mare\u0161 a rychl\u00ed mlad\u00edci Dominik St\u0159\u00edtesk\u00fd a Adam B\u0159ez\u00edk. Poprv\u00e9 v\u00a0sez\u00f3n\u011b je p\u0159ihl\u00e1\u0161ek i Miroslav Jake\u0161, jen\u017e osedl\u00e1 Ford Fiesta Rally2.<\/p>\n<p><strong>Aktu\u00e1ln\u00ed po\u0159ad\u00ed M\u010cR 2022:<\/strong><\/p>\n<p>1. Jan Kopeck\u00fd 171, 2. Filip Mare\u0161 144, 3. Dominik St\u0159\u00edtesk\u00fd 87, 4. Adam B\u0159ez\u00edk 70, 5. Karel Trojan 58, 6. Martin Vl\u010dek 40.<\/p>\n<p>Hlavn\u00edky tah\u00e1ky slovensk\u00e9ho pole zat\u00edm jsou prvn\u00ed t\u0159i jezdci ned\u00e1vn\u00e9 Rallye Tatry, v\u00edt\u011bz Grzegorz Grzyb, druh\u00fd Jaro Melich\u00e1rek a t\u0159et\u00ed Vlastimil Majer\u010d\u00e1k.<\/p>\n<p><strong>Aktu\u00e1ln\u00ed stav MSR 2022:<\/strong><\/p>\n<p>1. Jaroslav Melich\u00e1rek 201, 2. Filip Mare\u0161 153, 3. Tom\u00e1\u0161 Kuku\u010dka 153, 4. Vlastimil Majer\u010d\u00e1k 142, 5. Miko Marczyk 128, 6. Karel Trn\u011bn\u00fd 126, 7. Grzegorz Grzyb 123, \u2026 10. Ji\u0159\u00ed Pohl\u00eddal 90<\/p>\n<p>AGROTEC PETRONAS rally prob\u011bhne ve dnech 17. \u2013 18. \u010dervna. Hustope\u010dsk\u00e1 \u201erally mezi vinohrady\u201c odstartuje v\u00a0p\u00e1tek v\u00a018 hodin, s\u00a0no\u010dn\u00edm z\u00e1v\u011brem dne (UP 22:57) a pokra\u010dovat bude sobotn\u00ed etapou (start 10 hodin). Servisn\u00ed z\u00e1zem\u00ed bude op\u011bt v\u00a0rozlehl\u00e9m are\u00e1lu spole\u010dnosti MOSS logistics, na Bratislavsk\u00e9 ulici v\u00a0Hustope\u010d\u00edch.<\/p>\n<p>V\u00edce informac\u00ed k\u00a0sout\u011b\u017ei bude postupn\u011b zve\u0159ejn\u011bno na ofici\u00e1ln\u00ed str\u00e1nce www.agrotecrally.cz, \u0159ada novinek bude dostupn\u00e1 i na facebookov\u00e9m profilu <strong>Agrotec rally Hustope\u010de<\/strong>.<\/p>\n<p>AGROTEC PETRONAS rally Hustope\u010de 2022, tiskov\u00fd servis<\/p>\n<p>Tom\u00e1\u0161 Plach\u00fd<\/p>\n<p>Foto: Franti\u0161ek Du\u0161ek<\/p>","protected":false},"excerpt":{"rendered":"<p>Podve\u010der 6. \u010dervna 2022 bude posledn\u00ed mo\u017enost\u00ed pro p\u0159ihl\u00e1\u0161en\u00ed na AGROTEC PETRONAS rally v\u00a0Hustope\u010d\u00edch. \u010ctvrt\u00fd z\u00e1vod \u010desk\u00e9ho i slovensk\u00e9ho \u0161ampion\u00e1tu prob\u011bhne 17. \u2013 18. \u010dervna 2022. Sedmn\u00e1ct\u00fd ro\u010dn\u00edk hustope\u010dsk\u00e9 sout\u011b\u017ee bude z\u00e1rove\u0148 hostit \u00fa\u010dastn\u00edky Mistrovstv\u00ed FIA Z\u00f3ny st\u0159edn\u00ed Evropa (CEZ), stejn\u011b jako pos\u00e1dky historick\u00fdch vozidel. \u00a0 Organiza\u010dn\u00ed t\u00fdm pod veden\u00edm Martina Rady, \u0159editelky Petry Myn\u00e1\u0159ov\u00e9 [&hellip;]<\/p>","protected":false},"author":2,"featured_media":1694,"comment_status":"open","ping_status":"open","sticky":false,"template":"","format":"standard","meta":{"_et_pb_use_builder":"","_et_pb_old_content":"","_et_gb_content_width":"","footnotes":""},"categories":[10,9],"tags":[18,19,41,21,42,76],"yoast_head":"<!-- This site is optimized with the Yoast SEO plugin v21.9.1 - https:\/\/yoast.com\/wordpress\/plugins\/seo\/ -->\n<title>Posledn\u00ed hodiny do uz\u00e1v\u011brky \u201erally mezi vinohrady\u201c | AGROTEC Petronas Rally<\/title>\n<meta name=\"robots\" content=\"index, follow, max-snippet:-1, max-image-preview:large, max-video-preview:-1\" \/>\n<link rel=\"canonical\" href=\"https:\/\/www.agrotecrally.cz\/en\/rally-hustopece\/posledni-hodiny-do-uzaverky-rally-mezi-vinohrady\/\" \/>\n<meta property=\"og:locale\" content=\"en_GB\" \/>\n<meta property=\"og:type\" content=\"article\" \/>\n<meta property=\"og:title\" content=\"Posledn\u00ed hodiny do uz\u00e1v\u011brky \u201erally mezi vinohrady\u201c | AGROTEC Petronas Rally\" \/>\n<meta property=\"og:description\" content=\"Podve\u010der 6. \u010dervna 2022 bude posledn\u00ed mo\u017enost\u00ed pro p\u0159ihl\u00e1\u0161en\u00ed na AGROTEC PETRONAS rally v\u00a0Hustope\u010d\u00edch. \u010ctvrt\u00fd z\u00e1vod \u010desk\u00e9ho i slovensk\u00e9ho \u0161ampion\u00e1tu prob\u011bhne 17. \u2013 18. \u010dervna 2022. Sedmn\u00e1ct\u00fd ro\u010dn\u00edk hustope\u010dsk\u00e9 sout\u011b\u017ee bude z\u00e1rove\u0148 hostit \u00fa\u010dastn\u00edky Mistrovstv\u00ed FIA Z\u00f3ny st\u0159edn\u00ed Evropa (CEZ), stejn\u011b jako pos\u00e1dky historick\u00fdch vozidel. \u00a0 Organiza\u010dn\u00ed t\u00fdm pod veden\u00edm Martina Rady, \u0159editelky Petry Myn\u00e1\u0159ov\u00e9 [&hellip;]\" \/>\n<meta property=\"og:url\" content=\"https:\/\/www.agrotecrally.cz\/en\/rally-hustopece\/posledni-hodiny-do-uzaverky-rally-mezi-vinohrady\/\" \/>\n<meta property=\"og:site_name\" content=\"AGROTEC Petronas Rally\" \/>\n<meta property=\"article:publisher\" content=\"https:\/\/www.facebook.com\/agrotecrally\" \/>\n<meta property=\"article:published_time\" content=\"2022-06-05T20:37:38+00:00\" \/>\n<meta property=\"og:image\" content=\"https:\/\/www.agrotecrally.cz\/wp-content\/uploads\/2022\/06\/Hustopece_2021_008.jpg\" \/>\n\t<meta property=\"og:image:width\" content=\"1595\" \/>\n\t<meta property=\"og:image:height\" content=\"1063\" \/>\n\t<meta property=\"og:image:type\" content=\"image\/jpeg\" \/>\n<meta name=\"author\" content=\"Tom\u00e1\u0161 Plach\u00fd\" \/>\n<meta name=\"twitter:card\" content=\"summary_large_image\" \/>\n<meta name=\"twitter:label1\" content=\"Written by\" \/>\n\t<meta name=\"twitter:data1\" content=\"Tom\u00e1\u0161 Plach\u00fd\" \/>\n\t<meta name=\"twitter:label2\" content=\"Estimated reading time\" \/>\n\t<meta name=\"twitter:data2\" content=\"3 minutes\" \/>\n<script type=\"application\/ld+json\" class=\"yoast-schema-graph\">{\"@context\":\"https:\/\/schema.org\",\"@graph\":[{\"@type\":\"Article\",\"@id\":\"https:\/\/www.agrotecrally.cz\/rally-hustopece\/posledni-hodiny-do-uzaverky-rally-mezi-vinohrady\/#article\",\"isPartOf\":{\"@id\":\"https:\/\/www.agrotecrally.cz\/rally-hustopece\/posledni-hodiny-do-uzaverky-rally-mezi-vinohrady\/\"},\"author\":{\"name\":\"Tom\u00e1\u0161 Plach\u00fd\",\"@id\":\"https:\/\/www.agrotecrally.cz\/#\/schema\/person\/38a02deaa1f019e278fc735d03d83f85\"},\"headline\":\"Posledn\u00ed hodiny do uz\u00e1v\u011brky \u201erally mezi vinohrady\u201c\",\"datePublished\":\"2022-06-05T20:37:38+00:00\",\"dateModified\":\"2022-06-05T20:37:38+00:00\",\"mainEntityOfPage\":{\"@id\":\"https:\/\/www.agrotecrally.cz\/rally-hustopece\/posledni-hodiny-do-uzaverky-rally-mezi-vinohrady\/\"},\"wordCount\":635,\"commentCount\":0,\"publisher\":{\"@id\":\"https:\/\/www.agrotecrally.cz\/#organization\"},\"keywords\":[\"Agrotec rally\",\"Hustope\u010de\",\"M\u010cR\",\"M\u010cR v rally\",\"MSR\",\"rally mezi vinohrady\"],\"articleSection\":[\"AGROTEC rally Hustope\u010de\",\"Rally mezi vinicemi\"],\"inLanguage\":\"en-GB\",\"potentialAction\":[{\"@type\":\"CommentAction\",\"name\":\"Comment\",\"target\":[\"https:\/\/www.agrotecrally.cz\/rally-hustopece\/posledni-hodiny-do-uzaverky-rally-mezi-vinohrady\/#respond\"]}]},{\"@type\":\"WebPage\",\"@id\":\"https:\/\/www.agrotecrally.cz\/rally-hustopece\/posledni-hodiny-do-uzaverky-rally-mezi-vinohrady\/\",\"url\":\"https:\/\/www.agrotecrally.cz\/rally-hustopece\/posledni-hodiny-do-uzaverky-rally-mezi-vinohrady\/\",\"name\":\"Posledn\u00ed hodiny do uz\u00e1v\u011brky \u201erally mezi vinohrady\u201c | AGROTEC Petronas Rally\",\"isPartOf\":{\"@id\":\"https:\/\/www.agrotecrally.cz\/#website\"},\"datePublished\":\"2022-06-05T20:37:38+00:00\",\"dateModified\":\"2022-06-05T20:37:38+00:00\",\"breadcrumb\":{\"@id\":\"https:\/\/www.agrotecrally.cz\/rally-hustopece\/posledni-hodiny-do-uzaverky-rally-mezi-vinohrady\/#breadcrumb\"},\"inLanguage\":\"en-GB\",\"potentialAction\":[{\"@type\":\"ReadAction\",\"target\":[\"https:\/\/www.agrotecrally.cz\/rally-hustopece\/posledni-hodiny-do-uzaverky-rally-mezi-vinohrady\/\"]}]},{\"@type\":\"BreadcrumbList\",\"@id\":\"https:\/\/www.agrotecrally.cz\/rally-hustopece\/posledni-hodiny-do-uzaverky-rally-mezi-vinohrady\/#breadcrumb\",\"itemListElement\":[{\"@type\":\"ListItem\",\"position\":1,\"name\":\"Dom\u016f\",\"item\":\"https:\/\/www.agrotecrally.cz\/\"},{\"@type\":\"ListItem\",\"position\":2,\"name\":\"Posledn\u00ed hodiny do uz\u00e1v\u011brky \u201erally mezi vinohrady\u201c\"}]},{\"@type\":\"WebSite\",\"@id\":\"https:\/\/www.agrotecrally.cz\/#website\",\"url\":\"https:\/\/www.agrotecrally.cz\/\",\"name\":\"AGROTEC Petronas rally\",\"description\":\"Rally mezi vinicemi\",\"publisher\":{\"@id\":\"https:\/\/www.agrotecrally.cz\/#organization\"},\"potentialAction\":[{\"@type\":\"SearchAction\",\"target\":{\"@type\":\"EntryPoint\",\"urlTemplate\":\"https:\/\/www.agrotecrally.cz\/?s={search_term_string}\"},\"query-input\":\"required name=search_term_string\"}],\"inLanguage\":\"en-GB\"},{\"@type\":\"Organization\",\"@id\":\"https:\/\/www.agrotecrally.cz\/#organization\",\"name\":\"AGROTEC Petronas rally\",\"url\":\"https:\/\/www.agrotecrally.cz\/\",\"logo\":{\"@type\":\"ImageObject\",\"inLanguage\":\"en-GB\",\"@id\":\"https:\/\/www.agrotecrally.cz\/#\/schema\/logo\/image\/\",\"url\":\"https:\/\/www.agrotecrally.cz\/wp-content\/uploads\/2021\/05\/AGROTEC-RALLY_16-01-web-2.png\",\"contentUrl\":\"https:\/\/www.agrotecrally.cz\/wp-content\/uploads\/2021\/05\/AGROTEC-RALLY_16-01-web-2.png\",\"width\":459,\"height\":222,\"caption\":\"AGROTEC Petronas rally\"},\"image\":{\"@id\":\"https:\/\/www.agrotecrally.cz\/#\/schema\/logo\/image\/\"},\"sameAs\":[\"https:\/\/www.facebook.com\/agrotecrally\"]},{\"@type\":\"Person\",\"@id\":\"https:\/\/www.agrotecrally.cz\/#\/schema\/person\/38a02deaa1f019e278fc735d03d83f85\",\"name\":\"Tom\u00e1\u0161 Plach\u00fd\",\"image\":{\"@type\":\"ImageObject\",\"inLanguage\":\"en-GB\",\"@id\":\"https:\/\/www.agrotecrally.cz\/#\/schema\/person\/image\/\",\"url\":\"https:\/\/secure.gravatar.com\/avatar\/a7a68eee7fdb2b4f0975cdc024983e22?s=96&d=mm&r=g\",\"contentUrl\":\"https:\/\/secure.gravatar.com\/avatar\/a7a68eee7fdb2b4f0975cdc024983e22?s=96&d=mm&r=g\",\"caption\":\"Tom\u00e1\u0161 Plach\u00fd\"},\"url\":\"https:\/\/www.agrotecrally.cz\/en\/author\/topmediaseznam-cz\/\"}]}<\/script>\n<!-- \/ Yoast SEO plugin. -->","yoast_head_json":{"title":"Posledn\u00ed hodiny do uz\u00e1v\u011brky \u201erally mezi vinohrady\u201c | AGROTEC Petronas Rally","robots":{"index":"index","follow":"follow","max-snippet":"max-snippet:-1","max-image-preview":"max-image-preview:large","max-video-preview":"max-video-preview:-1"},"canonical":"https:\/\/www.agrotecrally.cz\/en\/rally-hustopece\/posledni-hodiny-do-uzaverky-rally-mezi-vinohrady\/","og_locale":"en_GB","og_type":"article","og_title":"Posledn\u00ed hodiny do uz\u00e1v\u011brky \u201erally mezi vinohrady\u201c | AGROTEC Petronas Rally","og_description":"Podve\u010der 6. \u010dervna 2022 bude posledn\u00ed mo\u017enost\u00ed pro p\u0159ihl\u00e1\u0161en\u00ed na AGROTEC PETRONAS rally v\u00a0Hustope\u010d\u00edch. \u010ctvrt\u00fd z\u00e1vod \u010desk\u00e9ho i slovensk\u00e9ho \u0161ampion\u00e1tu prob\u011bhne 17. \u2013 18. \u010dervna 2022. Sedmn\u00e1ct\u00fd ro\u010dn\u00edk hustope\u010dsk\u00e9 sout\u011b\u017ee bude z\u00e1rove\u0148 hostit \u00fa\u010dastn\u00edky Mistrovstv\u00ed FIA Z\u00f3ny st\u0159edn\u00ed Evropa (CEZ), stejn\u011b jako pos\u00e1dky historick\u00fdch vozidel. \u00a0 Organiza\u010dn\u00ed t\u00fdm pod veden\u00edm Martina Rady, \u0159editelky Petry Myn\u00e1\u0159ov\u00e9 [&hellip;]","og_url":"https:\/\/www.agrotecrally.cz\/en\/rally-hustopece\/posledni-hodiny-do-uzaverky-rally-mezi-vinohrady\/","og_site_name":"AGROTEC Petronas Rally","article_publisher":"https:\/\/www.facebook.com\/agrotecrally","article_published_time":"2022-06-05T20:37:38+00:00","og_image":[{"width":1595,"height":1063,"url":"https:\/\/www.agrotecrally.cz\/wp-content\/uploads\/2022\/06\/Hustopece_2021_008.jpg","type":"image\/jpeg"}],"author":"Tom\u00e1\u0161 Plach\u00fd","twitter_card":"summary_large_image","twitter_misc":{"Written by":"Tom\u00e1\u0161 Plach\u00fd","Estimated reading time":"3 minutes"},"schema":{"@context":"https:\/\/schema.org","@graph":[{"@type":"Article","@id":"https:\/\/www.agrotecrally.cz\/rally-hustopece\/posledni-hodiny-do-uzaverky-rally-mezi-vinohrady\/#article","isPartOf":{"@id":"https:\/\/www.agrotecrally.cz\/rally-hustopece\/posledni-hodiny-do-uzaverky-rally-mezi-vinohrady\/"},"author":{"name":"Tom\u00e1\u0161 Plach\u00fd","@id":"https:\/\/www.agrotecrally.cz\/#\/schema\/person\/38a02deaa1f019e278fc735d03d83f85"},"headline":"Posledn\u00ed hodiny do uz\u00e1v\u011brky \u201erally mezi vinohrady\u201c","datePublished":"2022-06-05T20:37:38+00:00","dateModified":"2022-06-05T20:37:38+00:00","mainEntityOfPage":{"@id":"https:\/\/www.agrotecrally.cz\/rally-hustopece\/posledni-hodiny-do-uzaverky-rally-mezi-vinohrady\/"},"wordCount":635,"commentCount":0,"publisher":{"@id":"https:\/\/www.agrotecrally.cz\/#organization"},"keywords":["Agrotec rally","Hustope\u010de","M\u010cR","M\u010cR v rally","MSR","rally mezi vinohrady"],"articleSection":["AGROTEC rally Hustope\u010de","Rally mezi vinicemi"],"inLanguage":"en-GB","potentialAction":[{"@type":"CommentAction","name":"Comment","target":["https:\/\/www.agrotecrally.cz\/rally-hustopece\/posledni-hodiny-do-uzaverky-rally-mezi-vinohrady\/#respond"]}]},{"@type":"WebPage","@id":"https:\/\/www.agrotecrally.cz\/rally-hustopece\/posledni-hodiny-do-uzaverky-rally-mezi-vinohrady\/","url":"https:\/\/www.agrotecrally.cz\/rally-hustopece\/posledni-hodiny-do-uzaverky-rally-mezi-vinohrady\/","name":"Posledn\u00ed hodiny do uz\u00e1v\u011brky \u201erally mezi vinohrady\u201c | AGROTEC Petronas Rally","isPartOf":{"@id":"https:\/\/www.agrotecrally.cz\/#website"},"datePublished":"2022-06-05T20:37:38+00:00","dateModified":"2022-06-05T20:37:38+00:00","breadcrumb":{"@id":"https:\/\/www.agrotecrally.cz\/rally-hustopece\/posledni-hodiny-do-uzaverky-rally-mezi-vinohrady\/#breadcrumb"},"inLanguage":"en-GB","potentialAction":[{"@type":"ReadAction","target":["https:\/\/www.agrotecrally.cz\/rally-hustopece\/posledni-hodiny-do-uzaverky-rally-mezi-vinohrady\/"]}]},{"@type":"BreadcrumbList","@id":"https:\/\/www.agrotecrally.cz\/rally-hustopece\/posledni-hodiny-do-uzaverky-rally-mezi-vinohrady\/#breadcrumb","itemListElement":[{"@type":"ListItem","position":1,"name":"Dom\u016f","item":"https:\/\/www.agrotecrally.cz\/"},{"@type":"ListItem","position":2,"name":"Posledn\u00ed hodiny do uz\u00e1v\u011brky \u201erally mezi vinohrady\u201c"}]},{"@type":"WebSite","@id":"https:\/\/www.agrotecrally.cz\/#website","url":"https:\/\/www.agrotecrally.cz\/","name":"AGROTEC Petronas rally","description":"Rally mezi vinicemi","publisher":{"@id":"https:\/\/www.agrotecrally.cz\/#organization"},"potentialAction":[{"@type":"SearchAction","target":{"@type":"EntryPoint","urlTemplate":"https:\/\/www.agrotecrally.cz\/?s={search_term_string}"},"query-input":"required name=search_term_string"}],"inLanguage":"en-GB"},{"@type":"Organization","@id":"https:\/\/www.agrotecrally.cz\/#organization","name":"AGROTEC Petronas rally","url":"https:\/\/www.agrotecrally.cz\/","logo":{"@type":"ImageObject","inLanguage":"en-GB","@id":"https:\/\/www.agrotecrally.cz\/#\/schema\/logo\/image\/","url":"https:\/\/www.agrotecrally.cz\/wp-content\/uploads\/2021\/05\/AGROTEC-RALLY_16-01-web-2.png","contentUrl":"https:\/\/www.agrotecrally.cz\/wp-content\/uploads\/2021\/05\/AGROTEC-RALLY_16-01-web-2.png","width":459,"height":222,"caption":"AGROTEC Petronas rally"},"image":{"@id":"https:\/\/www.agrotecrally.cz\/#\/schema\/logo\/image\/"},"sameAs":["https:\/\/www.facebook.com\/agrotecrally"]},{"@type":"Person","@id":"https:\/\/www.agrotecrally.cz\/#\/schema\/person\/38a02deaa1f019e278fc735d03d83f85","name":"Tom\u00e1\u0161 Plach\u00fd","image":{"@type":"ImageObject","inLanguage":"en-GB","@id":"https:\/\/www.agrotecrally.cz\/#\/schema\/person\/image\/","url":"https:\/\/secure.gravatar.com\/avatar\/a7a68eee7fdb2b4f0975cdc024983e22?s=96&d=mm&r=g","contentUrl":"https:\/\/secure.gravatar.com\/avatar\/a7a68eee7fdb2b4f0975cdc024983e22?s=96&d=mm&r=g","caption":"Tom\u00e1\u0161 Plach\u00fd"},"url":"https:\/\/www.agrotecrally.cz\/en\/author\/topmediaseznam-cz\/"}]}},"_links":{"self":[{"href":"https:\/\/www.agrotecrally.cz\/en\/wp-json\/wp\/v2\/posts\/1693"}],"collection":[{"href":"https:\/\/www.agrotecrally.cz\/en\/wp-json\/wp\/v2\/posts"}],"about":[{"href":"https:\/\/www.agrotecrally.cz\/en\/wp-json\/wp\/v2\/types\/post"}],"author":[{"embeddable":true,"href":"https:\/\/www.agrotecrally.cz\/en\/wp-json\/wp\/v2\/users\/2"}],"replies":[{"embeddable":true,"href":"https:\/\/www.agrotecrally.cz\/en\/wp-json\/wp\/v2\/comments?post=1693"}],"version-history":[{"count":1,"href":"https:\/\/www.agrotecrally.cz\/en\/wp-json\/wp\/v2\/posts\/1693\/revisions"}],"predecessor-version":[{"id":1695,"href":"https:\/\/www.agrotecrally.cz\/en\/wp-json\/wp\/v2\/posts\/1693\/revisions\/1695"}],"wp:featuredmedia":[{"embeddable":true,"href":"https:\/\/www.agrotecrally.cz\/en\/wp-json\/wp\/v2\/media\/1694"}],"wp:attachment":[{"href":"https:\/\/www.agrotecrally.cz\/en\/wp-json\/wp\/v2\/media?parent=1693"}],"wp:term":[{"taxonomy":"category","embeddable":true,"href":"https:\/\/www.agrotecrally.cz\/en\/wp-json\/wp\/v2\/categories?post=1693"},{"taxonomy":"post_tag","embeddable":true,"href":"https:\/\/www.agrotecrally.cz\/en\/wp-json\/wp\/v2\/tags?post=1693"}],"curies":[{"name":"wp","href":"https:\/\/api.w.org\/{rel}","templated":true}]}}