{"id":1715,"date":"2022-06-10T07:56:47","date_gmt":"2022-06-10T06:56:47","guid":{"rendered":"https:\/\/www.agrotecrally.cz\/?p=1715"},"modified":"2022-06-10T07:56:47","modified_gmt":"2022-06-10T06:56:47","slug":"agrotec-petronas-rally-eviduje-pres-stovku-prihlasenych","status":"publish","type":"post","link":"https:\/\/www.agrotecrally.cz\/en\/agrotec-czech-abarth-team\/agrotec-petronas-rally-eviduje-pres-stovku-prihlasenych\/","title":{"rendered":"Agrotec Petronas rally eviduje p\u0159es stovku p\u0159ihl\u00e1\u0161en\u00fdch"},"content":{"rendered":"<p><strong>Kvalitu i kvantitu lze naj\u00edt v\u00a0seznamu p\u0159ihl\u00e1\u0161en\u00fdch pos\u00e1dek na AGROTEC PETRONAS rally v\u00a0Hustope\u010d\u00edch, kter\u00e1 prob\u011bhne ve dnech 17. \u2013 18. \u010dervna 2022, jako \u010dtvrt\u00fd z\u00e1vod \u010desk\u00e9ho a slovensk\u00e9ho \u0161ampion\u00e1tu. V\u00a0Hustope\u010d\u00edch budou pos\u00e1dky bojovat i o body v\u00a0r\u00e1mci Mistrovstv\u00ed FIA Z\u00f3ny st\u0159edn\u00ed Evropa (CEZ) a \u0161ampion\u00e1t\u016f historick\u00fdch vozidel.<\/strong><\/p>\n<p>&nbsp;<\/p>\n<p>\u010celo startovn\u00ed listiny opanuj\u00ed historicky nej\u00fasp\u011b\u0161n\u011bj\u0161\u00ed jezdci \u0161estn\u00e1ctilet\u00e9 historie hustope\u010dsk\u00e9 sout\u011b\u017ee. Jedni\u010dku dostal p\u0159id\u011blenu sedmin\u00e1sobn\u00fd v\u00edt\u011bz Jan Kopeck\u00fd (AGROTEC \u0160koda Rally Team \u2013 \u0160koda Fabia Rally2 evo), dvojku V\u00e1clav Pech, jen\u017e dominoval na \u201erally mezi vinohrady\u201c \u010dty\u0159ikr\u00e1t. Do Hustope\u010d\u00ed v\u0161ak p\u0159ijede s\u00a0Fordem Focus WRC jako obh\u00e1jce lo\u0148sk\u00e9ho prvenstv\u00ed. T\u0159et\u00edm \u201edo party\u201c bude Filip Mare\u0161 s\u00a0dal\u0161\u00ed \u0161kodovkou, na Agrotec Petronas rally usp\u011bl v\u00a0roce 2019.<\/p>\n<p>V\u00a0nabit\u00e9 Top 10 lze v\u0161ak vyzdvihnout i dal\u0161\u00ed adepty na \u010deln\u00ed p\u0159\u00ed\u010dky, mlad\u00edky Dominika St\u0159\u00edtesk\u00e9ho a Adama B\u0159ez\u00edka, stejn\u011b jako slovensk\u00e9ho multi\u0161ampi\u00f3na Pol\u00e1ka Grzegorze Grzyba (v\u0161ichni \u0160koda Fabia Rally2). S druh\u00fdm vozem specifikace WRC se v\u00a0Hustope\u010d\u00edch p\u0159edstav\u00ed l\u00eddr slovensk\u00e9ho \u0161ampion\u00e1tu Jaroslav Melich\u00e1rek (Ford Fiesra RS WRC). Pro statistiky dopl\u0148me v\u00fd\u010det speci\u00e1l\u016f t\u00e9to kategorie i o Mini WRC Tom\u00e1\u0161e Kurky.<\/p>\n<p>S\u00a0dvaceti vozy v\u0161ak maj\u00ed v p\u0159edn\u00edch patrech startovky p\u0159evahu vozy kategorie R5 \/ Rally 2. Fanou\u0161ci mohou b\u00fdt hodn\u011b zv\u011bdav\u00ed i na prvn\u00ed leto\u0161n\u00ed start Miroslava Jake\u0161e. Osedl\u00e1 v\u016fz Ford Fiesta R5 MkII st\u00e1je Ors\u00e1k Rallysport, rozpis mu bude \u010d\u00edst Jaroslav Nov\u00e1k. Spole\u010dn\u011b skon\u010dili v\u00a0roce 2014 druz\u00ed, o t\u0159i roky pozd\u011bji Mirek Jake\u0161 bral v\u00a0jihu Moravy bronz.<\/p>\n<p>Z\u00a0nejv\u00fd\u0161e nasazen\u00fdch slovensk\u00fdch jezdc\u016f zmi\u0148me Tom\u00e1\u0161e Kuku\u010dku (Mitsubishi Evo VI), Vladim\u00edra Hanu\u0161e (Hyundai i20 R5) a Vlastimila Majer\u010d\u00e1ka, jen\u017e pilotuje \u201e\u010dty\u0159kolku\u201c Ford Fiesta Rally3. Krom\u011b slovensk\u00fdch \u00fa\u010dastn\u00edk\u016f se fanou\u0161ci mohou t\u011b\u0161it i na dal\u0161\u00ed polsk\u00e9, ma\u010farsk\u00e9 a jednu bulharskou pos\u00e1dku.<\/p>\n<p>Div\u00e1cky atraktivn\u00ed jist\u011b budou na trat\u00edch \u201eg\u00e9t\u00e9\u010dka\u201c. Dom\u00e1c\u00edho Martina Radu s\u00a0Fiatem 124 Abarth RGT vyzve s\u00a0vozem stejn\u00e9 specifikace RGT Jakub Jirovec (Alpine A110 RGT), zaj\u00edmav\u00fdm srovn\u00e1n\u00edm pak bude konfrontace s\u00a0Petrem Ne\u0161et\u0159ilem (Porsche GT3 v\u00a0n\u00e1rodn\u00ed t\u0159\u00edd\u011b RN9).<\/p>\n<p>Po\u010detn\u00e9 zastoupen\u00ed budou m\u00edt i \u201edvoukolky\u201c. Hlavn\u00edm favoritem bude Jarom\u00edr Tarabus (Peugeot 208 Rally4), kter\u00e9mu se budou sna\u017eit sekundovat Robert Hordossy, Luk\u00e1\u0161 Fr\u00e1na \u010di Kry\u0161tof Zp\u011bv\u00e1k.<\/p>\n<p>Mezi celkov\u00fdm po\u010dtem 105 dvojic bude sedmadvacet z\u00e1vodit v\u00a0historick\u00fdch \u0161ampion\u00e1tech \u010ceska a Slovenska. A jm\u00e9na Vlastimila Neumanna, Jind\u0159icha \u0160tolfy, Jana Freie \u010di Miroslava Janoty asi nen\u00ed t\u0159eba v\u00edce p\u0159edstavovat.<\/p>\n<p>\u201e<strong>Jsem velmi r\u00e1d, \u017ee se startovn\u00ed listina op\u011bt naplnila do takov\u00e9ho po\u010dtu a kvalitn\u00edho slo\u017een\u00ed. To, \u017ee je na\u0161e rally obl\u00edben\u00e1 a pos\u00e1dky se do Hustope\u010d\u00ed r\u00e1dy vracej\u00ed, pr\u00e1v\u011b ukazuj\u00ed n\u011bkter\u00e1 jm\u00e9na ve startovn\u00ed listin\u011b, kter\u00e9 nenajdete na jin\u00fdch z\u00e1vodech. Je to pro m\u011b d\u016fkaz a z\u00e1rove\u0148 odm\u011bna pro cel\u00fd t\u00fdm organiz\u00e1tor\u016f, \u017ee to d\u011bl\u00e1me dob\u0159e a rally mezi vinohrady je obl\u00edben\u00e1 jak u jezdc\u016f, tak i div\u00e1k\u016f. T\u011b\u0161\u00edm se na kvalitn\u00ed souboje na na\u0161ich netypick\u00fdch trat\u00edch a v\u011b\u0159\u00edm, \u017ee se potk\u00e1me na c\u00edlov\u00e9 ramp\u011b.\u201c, <\/strong>hodnot\u00ed po\u010detnou startovku \u0161\u00e9f organiza\u010dn\u00edho t\u00fdmu Martin Rada.<\/p>\n<p>AGROTEC PETRONAS rally prob\u011bhne ve dnech 17. \u2013 18. \u010dervna. Hustope\u010dsk\u00e1 \u201erally mezi vinohrady\u201c odstartuje v\u00a0p\u00e1tek v\u00a018 hodin, s\u00a0no\u010dn\u00edm z\u00e1v\u011brem dne (UP 22:57) a pokra\u010dovat bude sobotn\u00ed etapou (start 10 hodin). Servisn\u00ed z\u00e1zem\u00ed bude v\u00a0rozlehl\u00e9m are\u00e1lu spole\u010dnosti MOSS logistics, na Bratislavsk\u00e9 ulici v\u00a0Hustope\u010d\u00edch.<\/p>\n<p>V\u00edce informac\u00ed k\u00a0sout\u011b\u017ei bude postupn\u011b zve\u0159ejn\u011bno na ofici\u00e1ln\u00ed str\u00e1nce www.agrotecrally.cz, \u0159ada novinek bude dostupn\u00e1 i na facebookov\u00e9m profilu <strong>Agrotec rally Hustope\u010de<\/strong>.<\/p>\n<p>AGROTEC PETRONAS rally Hustope\u010de 2022, tiskov\u00fd servis<\/p>\n<p>Tom\u00e1\u0161 Plach\u00fd, foto: Franti\u0161ek Du\u0161ek<\/p>","protected":false},"excerpt":{"rendered":"<p>Kvalitu i kvantitu lze naj\u00edt v\u00a0seznamu p\u0159ihl\u00e1\u0161en\u00fdch pos\u00e1dek na AGROTEC PETRONAS rally v\u00a0Hustope\u010d\u00edch, kter\u00e1 prob\u011bhne ve dnech 17. \u2013 18. \u010dervna 2022, jako \u010dtvrt\u00fd z\u00e1vod \u010desk\u00e9ho a slovensk\u00e9ho \u0161ampion\u00e1tu. V\u00a0Hustope\u010d\u00edch budou pos\u00e1dky bojovat i o body v\u00a0r\u00e1mci Mistrovstv\u00ed FIA Z\u00f3ny st\u0159edn\u00ed Evropa (CEZ) a \u0161ampion\u00e1t\u016f historick\u00fdch vozidel. &nbsp; \u010celo startovn\u00ed listiny opanuj\u00ed historicky nej\u00fasp\u011b\u0161n\u011bj\u0161\u00ed jezdci [&hellip;]<\/p>","protected":false},"author":2,"featured_media":1716,"comment_status":"open","ping_status":"open","sticky":false,"template":"","format":"standard","meta":{"_et_pb_use_builder":"","_et_pb_old_content":"","_et_gb_content_width":"","footnotes":""},"categories":[13,10,73,9],"tags":[18,74,19,41,77,42,22,76],"yoast_head":"<!-- This site is optimized with the Yoast SEO plugin v21.9.1 - https:\/\/yoast.com\/wordpress\/plugins\/seo\/ -->\n<title>Agrotec Petronas rally eviduje p\u0159es stovku p\u0159ihl\u00e1\u0161en\u00fdch | AGROTEC Petronas Rally<\/title>\n<meta name=\"robots\" content=\"index, follow, max-snippet:-1, max-image-preview:large, max-video-preview:-1\" \/>\n<link rel=\"canonical\" href=\"https:\/\/www.agrotecrally.cz\/en\/agrotec-czech-abarth-team\/agrotec-petronas-rally-eviduje-pres-stovku-prihlasenych\/\" \/>\n<meta property=\"og:locale\" content=\"en_GB\" \/>\n<meta property=\"og:type\" content=\"article\" \/>\n<meta property=\"og:title\" content=\"Agrotec Petronas rally eviduje p\u0159es stovku p\u0159ihl\u00e1\u0161en\u00fdch | AGROTEC Petronas Rally\" \/>\n<meta property=\"og:description\" content=\"Kvalitu i kvantitu lze naj\u00edt v\u00a0seznamu p\u0159ihl\u00e1\u0161en\u00fdch pos\u00e1dek na AGROTEC PETRONAS rally v\u00a0Hustope\u010d\u00edch, kter\u00e1 prob\u011bhne ve dnech 17. \u2013 18. \u010dervna 2022, jako \u010dtvrt\u00fd z\u00e1vod \u010desk\u00e9ho a slovensk\u00e9ho \u0161ampion\u00e1tu. V\u00a0Hustope\u010d\u00edch budou pos\u00e1dky bojovat i o body v\u00a0r\u00e1mci Mistrovstv\u00ed FIA Z\u00f3ny st\u0159edn\u00ed Evropa (CEZ) a \u0161ampion\u00e1t\u016f historick\u00fdch vozidel. &nbsp; \u010celo startovn\u00ed listiny opanuj\u00ed historicky nej\u00fasp\u011b\u0161n\u011bj\u0161\u00ed jezdci [&hellip;]\" \/>\n<meta property=\"og:url\" content=\"https:\/\/www.agrotecrally.cz\/en\/agrotec-czech-abarth-team\/agrotec-petronas-rally-eviduje-pres-stovku-prihlasenych\/\" \/>\n<meta property=\"og:site_name\" content=\"AGROTEC Petronas Rally\" \/>\n<meta property=\"article:publisher\" content=\"https:\/\/www.facebook.com\/agrotecrally\" \/>\n<meta property=\"article:published_time\" content=\"2022-06-10T06:56:47+00:00\" \/>\n<meta property=\"og:image\" content=\"https:\/\/www.agrotecrally.cz\/wp-content\/uploads\/2022\/06\/Krumlov_2022_016.jpg\" \/>\n\t<meta property=\"og:image:width\" content=\"1595\" \/>\n\t<meta property=\"og:image:height\" content=\"1063\" \/>\n\t<meta property=\"og:image:type\" content=\"image\/jpeg\" \/>\n<meta name=\"author\" content=\"Tom\u00e1\u0161 Plach\u00fd\" \/>\n<meta name=\"twitter:card\" content=\"summary_large_image\" \/>\n<meta name=\"twitter:label1\" content=\"Written by\" \/>\n\t<meta name=\"twitter:data1\" content=\"Tom\u00e1\u0161 Plach\u00fd\" \/>\n\t<meta name=\"twitter:label2\" content=\"Estimated reading time\" \/>\n\t<meta name=\"twitter:data2\" content=\"3 minutes\" \/>\n<script type=\"application\/ld+json\" class=\"yoast-schema-graph\">{\"@context\":\"https:\/\/schema.org\",\"@graph\":[{\"@type\":\"Article\",\"@id\":\"https:\/\/www.agrotecrally.cz\/en\/agrotec-czech-abarth-team\/agrotec-petronas-rally-eviduje-pres-stovku-prihlasenych\/#article\",\"isPartOf\":{\"@id\":\"https:\/\/www.agrotecrally.cz\/en\/agrotec-czech-abarth-team\/agrotec-petronas-rally-eviduje-pres-stovku-prihlasenych\/\"},\"author\":{\"name\":\"Tom\u00e1\u0161 Plach\u00fd\",\"@id\":\"https:\/\/www.agrotecrally.cz\/#\/schema\/person\/38a02deaa1f019e278fc735d03d83f85\"},\"headline\":\"Agrotec Petronas rally eviduje p\u0159es stovku p\u0159ihl\u00e1\u0161en\u00fdch\",\"datePublished\":\"2022-06-10T06:56:47+00:00\",\"dateModified\":\"2022-06-10T06:56:47+00:00\",\"mainEntityOfPage\":{\"@id\":\"https:\/\/www.agrotecrally.cz\/en\/agrotec-czech-abarth-team\/agrotec-petronas-rally-eviduje-pres-stovku-prihlasenych\/\"},\"wordCount\":736,\"commentCount\":1,\"publisher\":{\"@id\":\"https:\/\/www.agrotecrally.cz\/#organization\"},\"keywords\":[\"Agrotec rally\",\"CEZ\",\"Hustope\u010de\",\"M\u010cR\",\"M\u010cR HA\",\"MSR\",\"MSR v rally\",\"rally mezi vinohrady\"],\"articleSection\":[\"AGROTEC CZECH ABARTH TEAM\",\"AGROTEC rally Hustope\u010de\",\"AGROTEC \u0160KODA RALLY TEAM\",\"Rally mezi vinicemi\"],\"inLanguage\":\"en-GB\",\"potentialAction\":[{\"@type\":\"CommentAction\",\"name\":\"Comment\",\"target\":[\"https:\/\/www.agrotecrally.cz\/en\/agrotec-czech-abarth-team\/agrotec-petronas-rally-eviduje-pres-stovku-prihlasenych\/#respond\"]}]},{\"@type\":\"WebPage\",\"@id\":\"https:\/\/www.agrotecrally.cz\/en\/agrotec-czech-abarth-team\/agrotec-petronas-rally-eviduje-pres-stovku-prihlasenych\/\",\"url\":\"https:\/\/www.agrotecrally.cz\/en\/agrotec-czech-abarth-team\/agrotec-petronas-rally-eviduje-pres-stovku-prihlasenych\/\",\"name\":\"Agrotec Petronas rally eviduje p\u0159es stovku p\u0159ihl\u00e1\u0161en\u00fdch | AGROTEC Petronas Rally\",\"isPartOf\":{\"@id\":\"https:\/\/www.agrotecrally.cz\/#website\"},\"datePublished\":\"2022-06-10T06:56:47+00:00\",\"dateModified\":\"2022-06-10T06:56:47+00:00\",\"breadcrumb\":{\"@id\":\"https:\/\/www.agrotecrally.cz\/en\/agrotec-czech-abarth-team\/agrotec-petronas-rally-eviduje-pres-stovku-prihlasenych\/#breadcrumb\"},\"inLanguage\":\"en-GB\",\"potentialAction\":[{\"@type\":\"ReadAction\",\"target\":[\"https:\/\/www.agrotecrally.cz\/en\/agrotec-czech-abarth-team\/agrotec-petronas-rally-eviduje-pres-stovku-prihlasenych\/\"]}]},{\"@type\":\"BreadcrumbList\",\"@id\":\"https:\/\/www.agrotecrally.cz\/en\/agrotec-czech-abarth-team\/agrotec-petronas-rally-eviduje-pres-stovku-prihlasenych\/#breadcrumb\",\"itemListElement\":[{\"@type\":\"ListItem\",\"position\":1,\"name\":\"Dom\u016f\",\"item\":\"https:\/\/www.agrotecrally.cz\/\"},{\"@type\":\"ListItem\",\"position\":2,\"name\":\"Agrotec Petronas rally eviduje p\u0159es stovku p\u0159ihl\u00e1\u0161en\u00fdch\"}]},{\"@type\":\"WebSite\",\"@id\":\"https:\/\/www.agrotecrally.cz\/#website\",\"url\":\"https:\/\/www.agrotecrally.cz\/\",\"name\":\"AGROTEC Petronas rally\",\"description\":\"Rally mezi vinicemi\",\"publisher\":{\"@id\":\"https:\/\/www.agrotecrally.cz\/#organization\"},\"potentialAction\":[{\"@type\":\"SearchAction\",\"target\":{\"@type\":\"EntryPoint\",\"urlTemplate\":\"https:\/\/www.agrotecrally.cz\/?s={search_term_string}\"},\"query-input\":\"required name=search_term_string\"}],\"inLanguage\":\"en-GB\"},{\"@type\":\"Organization\",\"@id\":\"https:\/\/www.agrotecrally.cz\/#organization\",\"name\":\"AGROTEC Petronas rally\",\"url\":\"https:\/\/www.agrotecrally.cz\/\",\"logo\":{\"@type\":\"ImageObject\",\"inLanguage\":\"en-GB\",\"@id\":\"https:\/\/www.agrotecrally.cz\/#\/schema\/logo\/image\/\",\"url\":\"https:\/\/www.agrotecrally.cz\/wp-content\/uploads\/2021\/05\/AGROTEC-RALLY_16-01-web-2.png\",\"contentUrl\":\"https:\/\/www.agrotecrally.cz\/wp-content\/uploads\/2021\/05\/AGROTEC-RALLY_16-01-web-2.png\",\"width\":459,\"height\":222,\"caption\":\"AGROTEC Petronas rally\"},\"image\":{\"@id\":\"https:\/\/www.agrotecrally.cz\/#\/schema\/logo\/image\/\"},\"sameAs\":[\"https:\/\/www.facebook.com\/agrotecrally\"]},{\"@type\":\"Person\",\"@id\":\"https:\/\/www.agrotecrally.cz\/#\/schema\/person\/38a02deaa1f019e278fc735d03d83f85\",\"name\":\"Tom\u00e1\u0161 Plach\u00fd\",\"image\":{\"@type\":\"ImageObject\",\"inLanguage\":\"en-GB\",\"@id\":\"https:\/\/www.agrotecrally.cz\/#\/schema\/person\/image\/\",\"url\":\"https:\/\/secure.gravatar.com\/avatar\/a7a68eee7fdb2b4f0975cdc024983e22?s=96&d=mm&r=g\",\"contentUrl\":\"https:\/\/secure.gravatar.com\/avatar\/a7a68eee7fdb2b4f0975cdc024983e22?s=96&d=mm&r=g\",\"caption\":\"Tom\u00e1\u0161 Plach\u00fd\"},\"url\":\"https:\/\/www.agrotecrally.cz\/en\/author\/topmediaseznam-cz\/\"}]}<\/script>\n<!-- \/ Yoast SEO plugin. -->","yoast_head_json":{"title":"Agrotec Petronas rally eviduje p\u0159es stovku p\u0159ihl\u00e1\u0161en\u00fdch | AGROTEC Petronas Rally","robots":{"index":"index","follow":"follow","max-snippet":"max-snippet:-1","max-image-preview":"max-image-preview:large","max-video-preview":"max-video-preview:-1"},"canonical":"https:\/\/www.agrotecrally.cz\/en\/agrotec-czech-abarth-team\/agrotec-petronas-rally-eviduje-pres-stovku-prihlasenych\/","og_locale":"en_GB","og_type":"article","og_title":"Agrotec Petronas rally eviduje p\u0159es stovku p\u0159ihl\u00e1\u0161en\u00fdch | AGROTEC Petronas Rally","og_description":"Kvalitu i kvantitu lze naj\u00edt v\u00a0seznamu p\u0159ihl\u00e1\u0161en\u00fdch pos\u00e1dek na AGROTEC PETRONAS rally v\u00a0Hustope\u010d\u00edch, kter\u00e1 prob\u011bhne ve dnech 17. \u2013 18. \u010dervna 2022, jako \u010dtvrt\u00fd z\u00e1vod \u010desk\u00e9ho a slovensk\u00e9ho \u0161ampion\u00e1tu. V\u00a0Hustope\u010d\u00edch budou pos\u00e1dky bojovat i o body v\u00a0r\u00e1mci Mistrovstv\u00ed FIA Z\u00f3ny st\u0159edn\u00ed Evropa (CEZ) a \u0161ampion\u00e1t\u016f historick\u00fdch vozidel. &nbsp; \u010celo startovn\u00ed listiny opanuj\u00ed historicky nej\u00fasp\u011b\u0161n\u011bj\u0161\u00ed jezdci [&hellip;]","og_url":"https:\/\/www.agrotecrally.cz\/en\/agrotec-czech-abarth-team\/agrotec-petronas-rally-eviduje-pres-stovku-prihlasenych\/","og_site_name":"AGROTEC Petronas Rally","article_publisher":"https:\/\/www.facebook.com\/agrotecrally","article_published_time":"2022-06-10T06:56:47+00:00","og_image":[{"width":1595,"height":1063,"url":"https:\/\/www.agrotecrally.cz\/wp-content\/uploads\/2022\/06\/Krumlov_2022_016.jpg","type":"image\/jpeg"}],"author":"Tom\u00e1\u0161 Plach\u00fd","twitter_card":"summary_large_image","twitter_misc":{"Written by":"Tom\u00e1\u0161 Plach\u00fd","Estimated reading time":"3 minutes"},"schema":{"@context":"https:\/\/schema.org","@graph":[{"@type":"Article","@id":"https:\/\/www.agrotecrally.cz\/en\/agrotec-czech-abarth-team\/agrotec-petronas-rally-eviduje-pres-stovku-prihlasenych\/#article","isPartOf":{"@id":"https:\/\/www.agrotecrally.cz\/en\/agrotec-czech-abarth-team\/agrotec-petronas-rally-eviduje-pres-stovku-prihlasenych\/"},"author":{"name":"Tom\u00e1\u0161 Plach\u00fd","@id":"https:\/\/www.agrotecrally.cz\/#\/schema\/person\/38a02deaa1f019e278fc735d03d83f85"},"headline":"Agrotec Petronas rally eviduje p\u0159es stovku p\u0159ihl\u00e1\u0161en\u00fdch","datePublished":"2022-06-10T06:56:47+00:00","dateModified":"2022-06-10T06:56:47+00:00","mainEntityOfPage":{"@id":"https:\/\/www.agrotecrally.cz\/en\/agrotec-czech-abarth-team\/agrotec-petronas-rally-eviduje-pres-stovku-prihlasenych\/"},"wordCount":736,"commentCount":1,"publisher":{"@id":"https:\/\/www.agrotecrally.cz\/#organization"},"keywords":["Agrotec rally","CEZ","Hustope\u010de","M\u010cR","M\u010cR HA","MSR","MSR v rally","rally mezi vinohrady"],"articleSection":["AGROTEC CZECH ABARTH TEAM","AGROTEC rally Hustope\u010de","AGROTEC \u0160KODA RALLY TEAM","Rally mezi vinicemi"],"inLanguage":"en-GB","potentialAction":[{"@type":"CommentAction","name":"Comment","target":["https:\/\/www.agrotecrally.cz\/en\/agrotec-czech-abarth-team\/agrotec-petronas-rally-eviduje-pres-stovku-prihlasenych\/#respond"]}]},{"@type":"WebPage","@id":"https:\/\/www.agrotecrally.cz\/en\/agrotec-czech-abarth-team\/agrotec-petronas-rally-eviduje-pres-stovku-prihlasenych\/","url":"https:\/\/www.agrotecrally.cz\/en\/agrotec-czech-abarth-team\/agrotec-petronas-rally-eviduje-pres-stovku-prihlasenych\/","name":"Agrotec Petronas rally eviduje p\u0159es stovku p\u0159ihl\u00e1\u0161en\u00fdch | AGROTEC Petronas Rally","isPartOf":{"@id":"https:\/\/www.agrotecrally.cz\/#website"},"datePublished":"2022-06-10T06:56:47+00:00","dateModified":"2022-06-10T06:56:47+00:00","breadcrumb":{"@id":"https:\/\/www.agrotecrally.cz\/en\/agrotec-czech-abarth-team\/agrotec-petronas-rally-eviduje-pres-stovku-prihlasenych\/#breadcrumb"},"inLanguage":"en-GB","potentialAction":[{"@type":"ReadAction","target":["https:\/\/www.agrotecrally.cz\/en\/agrotec-czech-abarth-team\/agrotec-petronas-rally-eviduje-pres-stovku-prihlasenych\/"]}]},{"@type":"BreadcrumbList","@id":"https:\/\/www.agrotecrally.cz\/en\/agrotec-czech-abarth-team\/agrotec-petronas-rally-eviduje-pres-stovku-prihlasenych\/#breadcrumb","itemListElement":[{"@type":"ListItem","position":1,"name":"Dom\u016f","item":"https:\/\/www.agrotecrally.cz\/"},{"@type":"ListItem","position":2,"name":"Agrotec Petronas rally eviduje p\u0159es stovku p\u0159ihl\u00e1\u0161en\u00fdch"}]},{"@type":"WebSite","@id":"https:\/\/www.agrotecrally.cz\/#website","url":"https:\/\/www.agrotecrally.cz\/","name":"AGROTEC Petronas rally","description":"Rally mezi vinicemi","publisher":{"@id":"https:\/\/www.agrotecrally.cz\/#organization"},"potentialAction":[{"@type":"SearchAction","target":{"@type":"EntryPoint","urlTemplate":"https:\/\/www.agrotecrally.cz\/?s={search_term_string}"},"query-input":"required name=search_term_string"}],"inLanguage":"en-GB"},{"@type":"Organization","@id":"https:\/\/www.agrotecrally.cz\/#organization","name":"AGROTEC Petronas rally","url":"https:\/\/www.agrotecrally.cz\/","logo":{"@type":"ImageObject","inLanguage":"en-GB","@id":"https:\/\/www.agrotecrally.cz\/#\/schema\/logo\/image\/","url":"https:\/\/www.agrotecrally.cz\/wp-content\/uploads\/2021\/05\/AGROTEC-RALLY_16-01-web-2.png","contentUrl":"https:\/\/www.agrotecrally.cz\/wp-content\/uploads\/2021\/05\/AGROTEC-RALLY_16-01-web-2.png","width":459,"height":222,"caption":"AGROTEC Petronas rally"},"image":{"@id":"https:\/\/www.agrotecrally.cz\/#\/schema\/logo\/image\/"},"sameAs":["https:\/\/www.facebook.com\/agrotecrally"]},{"@type":"Person","@id":"https:\/\/www.agrotecrally.cz\/#\/schema\/person\/38a02deaa1f019e278fc735d03d83f85","name":"Tom\u00e1\u0161 Plach\u00fd","image":{"@type":"ImageObject","inLanguage":"en-GB","@id":"https:\/\/www.agrotecrally.cz\/#\/schema\/person\/image\/","url":"https:\/\/secure.gravatar.com\/avatar\/a7a68eee7fdb2b4f0975cdc024983e22?s=96&d=mm&r=g","contentUrl":"https:\/\/secure.gravatar.com\/avatar\/a7a68eee7fdb2b4f0975cdc024983e22?s=96&d=mm&r=g","caption":"Tom\u00e1\u0161 Plach\u00fd"},"url":"https:\/\/www.agrotecrally.cz\/en\/author\/topmediaseznam-cz\/"}]}},"_links":{"self":[{"href":"https:\/\/www.agrotecrally.cz\/en\/wp-json\/wp\/v2\/posts\/1715"}],"collection":[{"href":"https:\/\/www.agrotecrally.cz\/en\/wp-json\/wp\/v2\/posts"}],"about":[{"href":"https:\/\/www.agrotecrally.cz\/en\/wp-json\/wp\/v2\/types\/post"}],"author":[{"embeddable":true,"href":"https:\/\/www.agrotecrally.cz\/en\/wp-json\/wp\/v2\/users\/2"}],"replies":[{"embeddable":true,"href":"https:\/\/www.agrotecrally.cz\/en\/wp-json\/wp\/v2\/comments?post=1715"}],"version-history":[{"count":1,"href":"https:\/\/www.agrotecrally.cz\/en\/wp-json\/wp\/v2\/posts\/1715\/revisions"}],"predecessor-version":[{"id":1717,"href":"https:\/\/www.agrotecrally.cz\/en\/wp-json\/wp\/v2\/posts\/1715\/revisions\/1717"}],"wp:featuredmedia":[{"embeddable":true,"href":"https:\/\/www.agrotecrally.cz\/en\/wp-json\/wp\/v2\/media\/1716"}],"wp:attachment":[{"href":"https:\/\/www.agrotecrally.cz\/en\/wp-json\/wp\/v2\/media?parent=1715"}],"wp:term":[{"taxonomy":"category","embeddable":true,"href":"https:\/\/www.agrotecrally.cz\/en\/wp-json\/wp\/v2\/categories?post=1715"},{"taxonomy":"post_tag","embeddable":true,"href":"https:\/\/www.agrotecrally.cz\/en\/wp-json\/wp\/v2\/tags?post=1715"}],"curies":[{"name":"wp","href":"https:\/\/api.w.org\/{rel}","templated":true}]}}