{"id":1748,"date":"2022-06-13T17:45:56","date_gmt":"2022-06-13T16:45:56","guid":{"rendered":"https:\/\/www.agrotecrally.cz\/?p=1748"},"modified":"2022-06-13T17:47:30","modified_gmt":"2022-06-13T16:47:30","slug":"agrotec-petronas-rally-zve-na-tradicni-tahaky","status":"publish","type":"post","link":"https:\/\/www.agrotecrally.cz\/en\/rally-hustopece\/agrotec-petronas-rally-zve-na-tradicni-tahaky\/","title":{"rendered":"Agrotec Petronas rally zve na tradi\u010dn\u00ed tah\u00e1ky"},"content":{"rendered":"<p><strong>T\u00e9m\u011b\u0159 dv\u011b des\u00edtky kilometr\u016f \u0161otolinov\u00fdch \u00fasek\u016f v\u00a0pr\u016fb\u011bhu AGROTEC PETRONAS rally 2022! To je jeden z\u00a0tradi\u010dn\u00edch tah\u00e1k\u016f, pro\u010d se do Hustope\u010d\u00ed vrac\u00ed sout\u011b\u017en\u00ed pos\u00e1dky i fanou\u0161ci. Leto\u0161n\u00ed start se ne\u00faprosn\u011b bl\u00ed\u017e\u00ed, prvn\u00ed v\u016fz sjede ze startovn\u00ed rampy v\u00a0p\u00e1tek 17. \u010dervna 2022 v\u00a018 hodin. Dvoudenn\u00ed hustope\u010dsk\u00e1 sout\u011b\u017e je za\u0159azena do Mistrovstv\u00ed FIA Z\u00f3ny st\u0159edn\u00ed Evropa (CEZ), \u010desk\u00e9ho a slovensk\u00e9ho \u0161ampion\u00e1t\u016f v\u00a0rally a v\u00a0rally historick\u00fdch vozidel.<\/strong><\/p>\n<p><strong>\u00a0<\/strong><\/p>\n<p>Pro v\u00edce ne\u017e stovku p\u0159ihl\u00e1\u0161en\u00fdch je p\u0159ipraveno \u0161est rychlostn\u00edch zkou\u0161ek, v\u00a0ka\u017ed\u00e9 etap\u011b t\u0159i, v\u017edy ve dvou pr\u016fjezdech. Jak u\u017e bylo uvedeno, bez zm\u011bny se proti lo\u0148sk\u00e9mu ro\u010dn\u00edku odjede pouze sobotn\u00ed test \u0160itbo\u0159ice. Zbyl\u00fdch p\u011bt \u00fasek\u016f doznalo v\u00a0\u0159ad\u011b p\u0159\u00edpad\u016f z\u00e1sadn\u00ed prom\u011bny. Nejedn\u00e1 se jen o pr\u016fjezdy v opa\u010dn\u00e9m sm\u011bru, ale po\u0159adatel\u016fm se poda\u0159ilo za\u0159adit pr\u00e1v\u011b nov\u00e9 \u0161otolinov\u00e9 pas\u00e1\u017ee nad Kurd\u011bjovem.<\/p>\n<p>A kam V\u00e1s tedy nejl\u00e9pe pozvat? Kdo hustope\u010dsk\u00e9 trat\u011b zn\u00e1, p\u0159i pohledu na mapu si jist\u011b najde sv\u00e9 favority. Prvn\u00edm z\u00a0tah\u00e1k\u016f jsou pr\u016fjezdy Vl\u010d\u00ed dolinou v\u00a0r\u00e1mci RZ 1\/5 Vl\u010d\u00ed dolina (\u00fasek 3,50 \u2013 6,20 km) nebo v\u00a0opa\u010dn\u00e9m sm\u011bru v\u00a0r\u00e1mci RZ 9\/12 Div\u00e1ky (17,00 \u2013 19,70 km).<\/p>\n<p>Na obou t\u011bchto \u00fasec\u00edch najdete i zn\u00e1m\u00e9 odbo\u010den\u00ed \u201eU Haldy\u201c (viz tituln\u00ed foto). Vyv\u00fd\u0161en\u00ed prostor sice buldozery mezit\u00edm rozhrnuly, ale popul\u00e1rn\u00ed vrac\u00e1k p\u0159i Div\u00e1ck\u00e9 rychlostce z\u016fstane samoz\u0159ejm\u011b zachov\u00e1n.<\/p>\n<p>Mnoho div\u00e1ck\u00fdch m\u00edst nab\u00edz\u00ed i test N\u011bm\u010di\u010dky. Pas\u00e1\u017ee nad Horn\u00edmi Bojanovicemi dopln\u00ed pr\u016fjezd lesn\u00edho \u00faseku a n\u00e1sledn\u011b \u0161otolinov\u00e9 pas\u00e1\u017ee k\u00a0rozhledn\u011b na Krav\u00ed ho\u0159e, sv\u00e9 p\u0159\u00edznivce si jist\u011b z\u00edskala vrace\u010dka u\u00a0koupali\u0161t\u011b v\u00a0N\u011bm\u010di\u010dk\u00e1ch \u010di odbo\u010den\u00ed vpravo v\u00a0Bo\u0159etic\u00edch (sm\u011br k\u00a0leti\u0161ti). Posledn\u00ed m\u00edsto zvan\u00e9 Puclejty je t\u011bsn\u011b p\u0159ed c\u00edlem, kde se obj\u00ed\u017ed\u00ed ostr\u016fvky a n\u00e1sleduje c\u00edlov\u00e1 prav\u00e1 p\u0159es horizont.<\/p>\n<p>Ob\u011b p\u00e1te\u010dn\u00ed sekce uzav\u0159e zkou\u0161ka Kurd\u011bjov. V\u00a0tomto p\u0159\u00edpad\u011b s\u00a0pr\u016fjezdy typick\u00fdch mostk\u016f, po mnoha letech v\u00a0opa\u010dn\u00e9m sm\u011bru. Za Kurd\u011bjovem jsou vegetac\u00ed zarostl\u00e9 zat\u00e1\u010dky, kter\u00e9 kon\u010d\u00ed horizontem a pravou zat\u00e1\u010dkou z kopce dol\u016f. Zde je mo\u017en\u00e9 sledovat pr\u016fjezd serpentinou i t\u011b\u017ek\u00e9 odbo\u010den\u00ed p\u0159es mostek k sol\u00e1rn\u00ed elektr\u00e1rn\u011b. Toto je nejbli\u017e\u0161\u00ed m\u00edsto z centra Hustope\u010d\u00ed. Nov\u00fdm m\u00edstem je i vrace\u010dka ze \u0161otoliny na asfalt p\u0159ed sjezdem do Kurd\u011bjova. V\u00a0tomto m\u00edst\u011b se tra\u0165 p\u0159ibli\u017euje k RZ 1,4. Mezi ob\u011bma zkou\u0161kami je jen sto metr\u016f a pohyb zde bude v\u00fdrazn\u011b omezen.<\/p>\n<p>&nbsp;<\/p>\n<p>V\u00a0sobotu doporu\u010dujeme za\u010d\u00edt sout\u011b\u017e\u00e1ckou pou\u0165 na Starovic\u00edch, kter\u00e1 byla l\u00e9ta synonymem pro okruhovou zkou\u0161ku. Letos se ale krou\u017eit nebude, jde toti\u017e o klasickou erzetu s d\u00e9lkou p\u0159es jeden\u00e1ct kilometr\u016f. Prvn\u00edm tipem je p\u0159ehledn\u00fd n\u00e1jezd na hlavn\u00ed, s p\u0159\u00edstupem od Uher\u010dic, klasikou je pak ve Starovic\u00edch div\u00e1ck\u00e9 m\u00edsto \u201eU kon\u00ed\u201c.<\/p>\n<p>Na nejkrat\u0161\u00edm m\u011b\u0159en\u00e9m \u00faseku \u0160itbo\u0159ice div\u00e1ck\u00e1 m\u00edsta nem\u00e1me, ale i zde si fanou\u0161ek hustope\u010dsk\u00e9ho z\u00e1vodu bude v\u011bd\u011bt rady. Jedn\u00edm ze zaj\u00edmav\u00fdch m\u00edst je lev\u00e9 odbo\u010den\u00ed na hlavn\u00ed silnici od Div\u00e1k sm\u011brem na Martinice, stejn\u011b jako lev\u00e1 ostr\u00e1 zat\u00e1\u010dka u skl\u00e1dky nad zm\u00edn\u011bnou obc\u00ed.<\/p>\n<p>A to nejdel\u0161\u00ed nakonec! RZ 9\/12 Div\u00e1ky bude s\u00a0d\u00e9lkou 20,65 km nejdel\u0161\u00ed zkou\u0161kou z\u00e1vodu. Na n\u011bkter\u00e1 m\u00edsta jsme v\u00e1s upozornili u\u017e v\u00a0\u00favodu, nyn\u00ed je dopl\u0148me o p\u0159ehledn\u00fd \u00fasek v\u00a0obci Div\u00e1ky (pr\u016fjezd kolem ostr\u016fvku), levou vrace\u010dku u \u0160itbo\u0159ic \u010di \u0161irokou p\u0159ehlednou zat\u00e1\u010dku p\u0159ed Nikol\u010dicemi. Rychlou \u0161otolinu najdete i na v\u00fdjezdu z\u00a0t\u00e9to obce, jej\u00ed konec \u201eU Sto\u017e\u00e1ru\u201c nebude pro znalce hustope\u010dsk\u00fdch rychlostek nezn\u00e1mou.<\/p>\n<p><strong><em>\u201eP\u0159edem d\u011bkujeme za Va\u0161i discipl\u00ednu. Pros\u00edme, v\u017edy se \u0159i\u010fte pokyny p\u0159\u00edtomn\u00fdch po\u0159adatel\u016f. Budete-li cht\u00edt zm\u011bnit m\u00edsto ke sledov\u00e1n\u00ed rally oslovte po\u0159adatele a ti V\u00e1m porad\u00ed. Na \u00fazem\u00ed Les\u016f \u010cR v oblastech chr\u00e1n\u011bn\u00fdch jako p\u0159\u00edrodn\u00ed rezervace (PR) nebude umo\u017en\u011bn vstup div\u00e1k\u016fm. Jsme r\u00e1di, \u017ee m\u016f\u017eeme kr\u00e1sn\u00e9 lesn\u00ed \u00faseky vyu\u017e\u00edt, proto pros\u00edm dodr\u017eujte tyto pokyny a zak\u00e1zan\u00e9 vstupy do ozna\u010den\u00fdch oblast\u00ed,\u201c<\/em><\/strong> v\u011b\u0159\u00ed v\u00a0\u00fasp\u011b\u0161n\u00fd pr\u016fb\u011bh z\u00e1vodu z\u00e1stupce \u0159editelky a bezpe\u010dnostn\u00ed \u010dinovn\u00edk Bo\u0159ivoj Pl\u0161ek.<\/p>\n<p>V\u00edce informac\u00ed k\u00a0sout\u011b\u017ei bude postupn\u011b zve\u0159ejn\u011bno na ofici\u00e1ln\u00ed str\u00e1nce www.agrotecrally.cz, \u0159ada novinek bude dostupn\u00e1 i na facebookov\u00e9m profilu <strong>Agrotec rally Hustope\u010de<\/strong>.<\/p>\n<p>AGROTEC PETRONAS rally Hustope\u010de 2022, tiskov\u00fd servis<\/p>\n<p>Tom\u00e1\u0161 Plach\u00fd, foto: Marek Musil<\/p>","protected":false},"excerpt":{"rendered":"<p>T\u00e9m\u011b\u0159 dv\u011b des\u00edtky kilometr\u016f \u0161otolinov\u00fdch \u00fasek\u016f v\u00a0pr\u016fb\u011bhu AGROTEC PETRONAS rally 2022! To je jeden z\u00a0tradi\u010dn\u00edch tah\u00e1k\u016f, pro\u010d se do Hustope\u010d\u00ed vrac\u00ed sout\u011b\u017en\u00ed pos\u00e1dky i fanou\u0161ci. Leto\u0161n\u00ed start se ne\u00faprosn\u011b bl\u00ed\u017e\u00ed, prvn\u00ed v\u016fz sjede ze startovn\u00ed rampy v\u00a0p\u00e1tek 17. \u010dervna 2022 v\u00a018 hodin. Dvoudenn\u00ed hustope\u010dsk\u00e1 sout\u011b\u017e je za\u0159azena do Mistrovstv\u00ed FIA Z\u00f3ny st\u0159edn\u00ed Evropa (CEZ), \u010desk\u00e9ho [&hellip;]<\/p>","protected":false},"author":2,"featured_media":998,"comment_status":"open","ping_status":"open","sticky":false,"template":"","format":"standard","meta":{"_et_pb_use_builder":"","_et_pb_old_content":"","_et_gb_content_width":"","footnotes":""},"categories":[10,9],"tags":[18,79,41,42,75,76,78],"yoast_head":"<!-- This site is optimized with the Yoast SEO plugin v21.9.1 - https:\/\/yoast.com\/wordpress\/plugins\/seo\/ -->\n<title>Agrotec Petronas rally zve na tradi\u010dn\u00ed tah\u00e1ky | AGROTEC Petronas Rally<\/title>\n<meta name=\"robots\" content=\"index, follow, max-snippet:-1, max-image-preview:large, max-video-preview:-1\" \/>\n<link rel=\"canonical\" href=\"https:\/\/www.agrotecrally.cz\/en\/rally-hustopece\/agrotec-petronas-rally-zve-na-tradicni-tahaky\/\" \/>\n<meta property=\"og:locale\" content=\"en_GB\" \/>\n<meta property=\"og:type\" content=\"article\" \/>\n<meta property=\"og:title\" content=\"Agrotec Petronas rally zve na tradi\u010dn\u00ed tah\u00e1ky | AGROTEC Petronas Rally\" \/>\n<meta property=\"og:description\" content=\"T\u00e9m\u011b\u0159 dv\u011b des\u00edtky kilometr\u016f \u0161otolinov\u00fdch \u00fasek\u016f v\u00a0pr\u016fb\u011bhu AGROTEC PETRONAS rally 2022! To je jeden z\u00a0tradi\u010dn\u00edch tah\u00e1k\u016f, pro\u010d se do Hustope\u010d\u00ed vrac\u00ed sout\u011b\u017en\u00ed pos\u00e1dky i fanou\u0161ci. Leto\u0161n\u00ed start se ne\u00faprosn\u011b bl\u00ed\u017e\u00ed, prvn\u00ed v\u016fz sjede ze startovn\u00ed rampy v\u00a0p\u00e1tek 17. \u010dervna 2022 v\u00a018 hodin. Dvoudenn\u00ed hustope\u010dsk\u00e1 sout\u011b\u017e je za\u0159azena do Mistrovstv\u00ed FIA Z\u00f3ny st\u0159edn\u00ed Evropa (CEZ), \u010desk\u00e9ho [&hellip;]\" \/>\n<meta property=\"og:url\" content=\"https:\/\/www.agrotecrally.cz\/en\/rally-hustopece\/agrotec-petronas-rally-zve-na-tradicni-tahaky\/\" \/>\n<meta property=\"og:site_name\" content=\"AGROTEC Petronas Rally\" \/>\n<meta property=\"article:publisher\" content=\"https:\/\/www.facebook.com\/agrotecrally\" \/>\n<meta property=\"article:published_time\" content=\"2022-06-13T16:45:56+00:00\" \/>\n<meta property=\"article:modified_time\" content=\"2022-06-13T16:47:30+00:00\" \/>\n<meta property=\"og:image\" content=\"https:\/\/www.agrotecrally.cz\/wp-content\/uploads\/2021\/06\/IMGP1958-Edit.jpg\" \/>\n\t<meta property=\"og:image:width\" content=\"2011\" \/>\n\t<meta property=\"og:image:height\" content=\"1342\" \/>\n\t<meta property=\"og:image:type\" content=\"image\/jpeg\" \/>\n<meta name=\"author\" content=\"Tom\u00e1\u0161 Plach\u00fd\" \/>\n<meta name=\"twitter:card\" content=\"summary_large_image\" \/>\n<meta name=\"twitter:label1\" content=\"Written by\" \/>\n\t<meta name=\"twitter:data1\" content=\"Tom\u00e1\u0161 Plach\u00fd\" \/>\n\t<meta name=\"twitter:label2\" content=\"Estimated reading time\" \/>\n\t<meta name=\"twitter:data2\" content=\"3 minutes\" \/>\n<script type=\"application\/ld+json\" class=\"yoast-schema-graph\">{\"@context\":\"https:\/\/schema.org\",\"@graph\":[{\"@type\":\"Article\",\"@id\":\"https:\/\/www.agrotecrally.cz\/rally-hustopece\/agrotec-petronas-rally-zve-na-tradicni-tahaky\/#article\",\"isPartOf\":{\"@id\":\"https:\/\/www.agrotecrally.cz\/rally-hustopece\/agrotec-petronas-rally-zve-na-tradicni-tahaky\/\"},\"author\":{\"name\":\"Tom\u00e1\u0161 Plach\u00fd\",\"@id\":\"https:\/\/www.agrotecrally.cz\/#\/schema\/person\/38a02deaa1f019e278fc735d03d83f85\"},\"headline\":\"Agrotec Petronas rally zve na tradi\u010dn\u00ed tah\u00e1ky\",\"datePublished\":\"2022-06-13T16:45:56+00:00\",\"dateModified\":\"2022-06-13T16:47:30+00:00\",\"mainEntityOfPage\":{\"@id\":\"https:\/\/www.agrotecrally.cz\/rally-hustopece\/agrotec-petronas-rally-zve-na-tradicni-tahaky\/\"},\"wordCount\":885,\"commentCount\":0,\"publisher\":{\"@id\":\"https:\/\/www.agrotecrally.cz\/#organization\"},\"keywords\":[\"Agrotec rally\",\"div\u00e1ck\u00e9 tipy\",\"M\u010cR\",\"MSR\",\"rally\",\"rally mezi vinohrady\",\"\u0161otolina\"],\"articleSection\":[\"AGROTEC rally Hustope\u010de\",\"Rally mezi vinicemi\"],\"inLanguage\":\"en-GB\",\"potentialAction\":[{\"@type\":\"CommentAction\",\"name\":\"Comment\",\"target\":[\"https:\/\/www.agrotecrally.cz\/rally-hustopece\/agrotec-petronas-rally-zve-na-tradicni-tahaky\/#respond\"]}]},{\"@type\":\"WebPage\",\"@id\":\"https:\/\/www.agrotecrally.cz\/rally-hustopece\/agrotec-petronas-rally-zve-na-tradicni-tahaky\/\",\"url\":\"https:\/\/www.agrotecrally.cz\/rally-hustopece\/agrotec-petronas-rally-zve-na-tradicni-tahaky\/\",\"name\":\"Agrotec Petronas rally zve na tradi\u010dn\u00ed tah\u00e1ky | AGROTEC Petronas Rally\",\"isPartOf\":{\"@id\":\"https:\/\/www.agrotecrally.cz\/#website\"},\"datePublished\":\"2022-06-13T16:45:56+00:00\",\"dateModified\":\"2022-06-13T16:47:30+00:00\",\"breadcrumb\":{\"@id\":\"https:\/\/www.agrotecrally.cz\/rally-hustopece\/agrotec-petronas-rally-zve-na-tradicni-tahaky\/#breadcrumb\"},\"inLanguage\":\"en-GB\",\"potentialAction\":[{\"@type\":\"ReadAction\",\"target\":[\"https:\/\/www.agrotecrally.cz\/rally-hustopece\/agrotec-petronas-rally-zve-na-tradicni-tahaky\/\"]}]},{\"@type\":\"BreadcrumbList\",\"@id\":\"https:\/\/www.agrotecrally.cz\/rally-hustopece\/agrotec-petronas-rally-zve-na-tradicni-tahaky\/#breadcrumb\",\"itemListElement\":[{\"@type\":\"ListItem\",\"position\":1,\"name\":\"Dom\u016f\",\"item\":\"https:\/\/www.agrotecrally.cz\/\"},{\"@type\":\"ListItem\",\"position\":2,\"name\":\"Agrotec Petronas rally zve na tradi\u010dn\u00ed tah\u00e1ky\"}]},{\"@type\":\"WebSite\",\"@id\":\"https:\/\/www.agrotecrally.cz\/#website\",\"url\":\"https:\/\/www.agrotecrally.cz\/\",\"name\":\"AGROTEC Petronas rally\",\"description\":\"Rally mezi vinicemi\",\"publisher\":{\"@id\":\"https:\/\/www.agrotecrally.cz\/#organization\"},\"potentialAction\":[{\"@type\":\"SearchAction\",\"target\":{\"@type\":\"EntryPoint\",\"urlTemplate\":\"https:\/\/www.agrotecrally.cz\/?s={search_term_string}\"},\"query-input\":\"required name=search_term_string\"}],\"inLanguage\":\"en-GB\"},{\"@type\":\"Organization\",\"@id\":\"https:\/\/www.agrotecrally.cz\/#organization\",\"name\":\"AGROTEC Petronas rally\",\"url\":\"https:\/\/www.agrotecrally.cz\/\",\"logo\":{\"@type\":\"ImageObject\",\"inLanguage\":\"en-GB\",\"@id\":\"https:\/\/www.agrotecrally.cz\/#\/schema\/logo\/image\/\",\"url\":\"https:\/\/www.agrotecrally.cz\/wp-content\/uploads\/2021\/05\/AGROTEC-RALLY_16-01-web-2.png\",\"contentUrl\":\"https:\/\/www.agrotecrally.cz\/wp-content\/uploads\/2021\/05\/AGROTEC-RALLY_16-01-web-2.png\",\"width\":459,\"height\":222,\"caption\":\"AGROTEC Petronas rally\"},\"image\":{\"@id\":\"https:\/\/www.agrotecrally.cz\/#\/schema\/logo\/image\/\"},\"sameAs\":[\"https:\/\/www.facebook.com\/agrotecrally\"]},{\"@type\":\"Person\",\"@id\":\"https:\/\/www.agrotecrally.cz\/#\/schema\/person\/38a02deaa1f019e278fc735d03d83f85\",\"name\":\"Tom\u00e1\u0161 Plach\u00fd\",\"image\":{\"@type\":\"ImageObject\",\"inLanguage\":\"en-GB\",\"@id\":\"https:\/\/www.agrotecrally.cz\/#\/schema\/person\/image\/\",\"url\":\"https:\/\/secure.gravatar.com\/avatar\/a7a68eee7fdb2b4f0975cdc024983e22?s=96&d=mm&r=g\",\"contentUrl\":\"https:\/\/secure.gravatar.com\/avatar\/a7a68eee7fdb2b4f0975cdc024983e22?s=96&d=mm&r=g\",\"caption\":\"Tom\u00e1\u0161 Plach\u00fd\"},\"url\":\"https:\/\/www.agrotecrally.cz\/en\/author\/topmediaseznam-cz\/\"}]}<\/script>\n<!-- \/ Yoast SEO plugin. -->","yoast_head_json":{"title":"Agrotec Petronas rally zve na tradi\u010dn\u00ed tah\u00e1ky | AGROTEC Petronas Rally","robots":{"index":"index","follow":"follow","max-snippet":"max-snippet:-1","max-image-preview":"max-image-preview:large","max-video-preview":"max-video-preview:-1"},"canonical":"https:\/\/www.agrotecrally.cz\/en\/rally-hustopece\/agrotec-petronas-rally-zve-na-tradicni-tahaky\/","og_locale":"en_GB","og_type":"article","og_title":"Agrotec Petronas rally zve na tradi\u010dn\u00ed tah\u00e1ky | AGROTEC Petronas Rally","og_description":"T\u00e9m\u011b\u0159 dv\u011b des\u00edtky kilometr\u016f \u0161otolinov\u00fdch \u00fasek\u016f v\u00a0pr\u016fb\u011bhu AGROTEC PETRONAS rally 2022! To je jeden z\u00a0tradi\u010dn\u00edch tah\u00e1k\u016f, pro\u010d se do Hustope\u010d\u00ed vrac\u00ed sout\u011b\u017en\u00ed pos\u00e1dky i fanou\u0161ci. Leto\u0161n\u00ed start se ne\u00faprosn\u011b bl\u00ed\u017e\u00ed, prvn\u00ed v\u016fz sjede ze startovn\u00ed rampy v\u00a0p\u00e1tek 17. \u010dervna 2022 v\u00a018 hodin. Dvoudenn\u00ed hustope\u010dsk\u00e1 sout\u011b\u017e je za\u0159azena do Mistrovstv\u00ed FIA Z\u00f3ny st\u0159edn\u00ed Evropa (CEZ), \u010desk\u00e9ho [&hellip;]","og_url":"https:\/\/www.agrotecrally.cz\/en\/rally-hustopece\/agrotec-petronas-rally-zve-na-tradicni-tahaky\/","og_site_name":"AGROTEC Petronas Rally","article_publisher":"https:\/\/www.facebook.com\/agrotecrally","article_published_time":"2022-06-13T16:45:56+00:00","article_modified_time":"2022-06-13T16:47:30+00:00","og_image":[{"width":2011,"height":1342,"url":"https:\/\/www.agrotecrally.cz\/wp-content\/uploads\/2021\/06\/IMGP1958-Edit.jpg","type":"image\/jpeg"}],"author":"Tom\u00e1\u0161 Plach\u00fd","twitter_card":"summary_large_image","twitter_misc":{"Written by":"Tom\u00e1\u0161 Plach\u00fd","Estimated reading time":"3 minutes"},"schema":{"@context":"https:\/\/schema.org","@graph":[{"@type":"Article","@id":"https:\/\/www.agrotecrally.cz\/rally-hustopece\/agrotec-petronas-rally-zve-na-tradicni-tahaky\/#article","isPartOf":{"@id":"https:\/\/www.agrotecrally.cz\/rally-hustopece\/agrotec-petronas-rally-zve-na-tradicni-tahaky\/"},"author":{"name":"Tom\u00e1\u0161 Plach\u00fd","@id":"https:\/\/www.agrotecrally.cz\/#\/schema\/person\/38a02deaa1f019e278fc735d03d83f85"},"headline":"Agrotec Petronas rally zve na tradi\u010dn\u00ed tah\u00e1ky","datePublished":"2022-06-13T16:45:56+00:00","dateModified":"2022-06-13T16:47:30+00:00","mainEntityOfPage":{"@id":"https:\/\/www.agrotecrally.cz\/rally-hustopece\/agrotec-petronas-rally-zve-na-tradicni-tahaky\/"},"wordCount":885,"commentCount":0,"publisher":{"@id":"https:\/\/www.agrotecrally.cz\/#organization"},"keywords":["Agrotec rally","div\u00e1ck\u00e9 tipy","M\u010cR","MSR","rally","rally mezi vinohrady","\u0161otolina"],"articleSection":["AGROTEC rally Hustope\u010de","Rally mezi vinicemi"],"inLanguage":"en-GB","potentialAction":[{"@type":"CommentAction","name":"Comment","target":["https:\/\/www.agrotecrally.cz\/rally-hustopece\/agrotec-petronas-rally-zve-na-tradicni-tahaky\/#respond"]}]},{"@type":"WebPage","@id":"https:\/\/www.agrotecrally.cz\/rally-hustopece\/agrotec-petronas-rally-zve-na-tradicni-tahaky\/","url":"https:\/\/www.agrotecrally.cz\/rally-hustopece\/agrotec-petronas-rally-zve-na-tradicni-tahaky\/","name":"Agrotec Petronas rally zve na tradi\u010dn\u00ed tah\u00e1ky | AGROTEC Petronas Rally","isPartOf":{"@id":"https:\/\/www.agrotecrally.cz\/#website"},"datePublished":"2022-06-13T16:45:56+00:00","dateModified":"2022-06-13T16:47:30+00:00","breadcrumb":{"@id":"https:\/\/www.agrotecrally.cz\/rally-hustopece\/agrotec-petronas-rally-zve-na-tradicni-tahaky\/#breadcrumb"},"inLanguage":"en-GB","potentialAction":[{"@type":"ReadAction","target":["https:\/\/www.agrotecrally.cz\/rally-hustopece\/agrotec-petronas-rally-zve-na-tradicni-tahaky\/"]}]},{"@type":"BreadcrumbList","@id":"https:\/\/www.agrotecrally.cz\/rally-hustopece\/agrotec-petronas-rally-zve-na-tradicni-tahaky\/#breadcrumb","itemListElement":[{"@type":"ListItem","position":1,"name":"Dom\u016f","item":"https:\/\/www.agrotecrally.cz\/"},{"@type":"ListItem","position":2,"name":"Agrotec Petronas rally zve na tradi\u010dn\u00ed tah\u00e1ky"}]},{"@type":"WebSite","@id":"https:\/\/www.agrotecrally.cz\/#website","url":"https:\/\/www.agrotecrally.cz\/","name":"AGROTEC Petronas rally","description":"Rally mezi vinicemi","publisher":{"@id":"https:\/\/www.agrotecrally.cz\/#organization"},"potentialAction":[{"@type":"SearchAction","target":{"@type":"EntryPoint","urlTemplate":"https:\/\/www.agrotecrally.cz\/?s={search_term_string}"},"query-input":"required name=search_term_string"}],"inLanguage":"en-GB"},{"@type":"Organization","@id":"https:\/\/www.agrotecrally.cz\/#organization","name":"AGROTEC Petronas rally","url":"https:\/\/www.agrotecrally.cz\/","logo":{"@type":"ImageObject","inLanguage":"en-GB","@id":"https:\/\/www.agrotecrally.cz\/#\/schema\/logo\/image\/","url":"https:\/\/www.agrotecrally.cz\/wp-content\/uploads\/2021\/05\/AGROTEC-RALLY_16-01-web-2.png","contentUrl":"https:\/\/www.agrotecrally.cz\/wp-content\/uploads\/2021\/05\/AGROTEC-RALLY_16-01-web-2.png","width":459,"height":222,"caption":"AGROTEC Petronas rally"},"image":{"@id":"https:\/\/www.agrotecrally.cz\/#\/schema\/logo\/image\/"},"sameAs":["https:\/\/www.facebook.com\/agrotecrally"]},{"@type":"Person","@id":"https:\/\/www.agrotecrally.cz\/#\/schema\/person\/38a02deaa1f019e278fc735d03d83f85","name":"Tom\u00e1\u0161 Plach\u00fd","image":{"@type":"ImageObject","inLanguage":"en-GB","@id":"https:\/\/www.agrotecrally.cz\/#\/schema\/person\/image\/","url":"https:\/\/secure.gravatar.com\/avatar\/a7a68eee7fdb2b4f0975cdc024983e22?s=96&d=mm&r=g","contentUrl":"https:\/\/secure.gravatar.com\/avatar\/a7a68eee7fdb2b4f0975cdc024983e22?s=96&d=mm&r=g","caption":"Tom\u00e1\u0161 Plach\u00fd"},"url":"https:\/\/www.agrotecrally.cz\/en\/author\/topmediaseznam-cz\/"}]}},"_links":{"self":[{"href":"https:\/\/www.agrotecrally.cz\/en\/wp-json\/wp\/v2\/posts\/1748"}],"collection":[{"href":"https:\/\/www.agrotecrally.cz\/en\/wp-json\/wp\/v2\/posts"}],"about":[{"href":"https:\/\/www.agrotecrally.cz\/en\/wp-json\/wp\/v2\/types\/post"}],"author":[{"embeddable":true,"href":"https:\/\/www.agrotecrally.cz\/en\/wp-json\/wp\/v2\/users\/2"}],"replies":[{"embeddable":true,"href":"https:\/\/www.agrotecrally.cz\/en\/wp-json\/wp\/v2\/comments?post=1748"}],"version-history":[{"count":2,"href":"https:\/\/www.agrotecrally.cz\/en\/wp-json\/wp\/v2\/posts\/1748\/revisions"}],"predecessor-version":[{"id":1750,"href":"https:\/\/www.agrotecrally.cz\/en\/wp-json\/wp\/v2\/posts\/1748\/revisions\/1750"}],"wp:featuredmedia":[{"embeddable":true,"href":"https:\/\/www.agrotecrally.cz\/en\/wp-json\/wp\/v2\/media\/998"}],"wp:attachment":[{"href":"https:\/\/www.agrotecrally.cz\/en\/wp-json\/wp\/v2\/media?parent=1748"}],"wp:term":[{"taxonomy":"category","embeddable":true,"href":"https:\/\/www.agrotecrally.cz\/en\/wp-json\/wp\/v2\/categories?post=1748"},{"taxonomy":"post_tag","embeddable":true,"href":"https:\/\/www.agrotecrally.cz\/en\/wp-json\/wp\/v2\/tags?post=1748"}],"curies":[{"name":"wp","href":"https:\/\/api.w.org\/{rel}","templated":true}]}}