{"id":1782,"date":"2022-06-17T13:17:41","date_gmt":"2022-06-17T12:17:41","guid":{"rendered":"https:\/\/www.agrotecrally.cz\/?p=1782"},"modified":"2022-06-17T13:17:41","modified_gmt":"2022-06-17T12:17:41","slug":"kompaktni-format-hustopecske-rally-je-mezi-posadkami-obliben","status":"publish","type":"post","link":"https:\/\/www.agrotecrally.cz\/en\/rally-hustopece\/kompaktni-format-hustopecske-rally-je-mezi-posadkami-obliben\/","title":{"rendered":"Kompaktn\u00ed form\u00e1t hustope\u010dsk\u00e9 rally je mezi pos\u00e1dkami obl\u00edben"},"content":{"rendered":"<p><strong>P\u0159ed startem 17. Agrotec Petronas Rally prob\u011bhla v prostor\u00e1ch autosalonu spole\u010dnosti Agrotec v Hustope\u010d\u00edch tiskov\u00e1 konference k nadch\u00e1zej\u00edc\u00edmu ro\u010dn\u00edku sout\u011b\u017ee, jeho\u017e ofici\u00e1ln\u00ed program zah\u00e1jila v p\u00e1tek 17. \u010dervna technick\u00e1 p\u0159ej\u00edmka sout\u011b\u017en\u00edch vozidel.<\/strong><\/p>\n<p>Tiskov\u00e9 konference m\u011bla zastoupen\u00ed nejen v podob\u011b organiz\u00e1tor\u016f, ale rovn\u011b\u017e ze strany nejlep\u0161\u00edch t\u0159\u00ed pos\u00e1dek pr\u016fb\u011b\u017en\u00e9 absolutn\u00ed klasifikace Sonax Mistrovstv\u00ed \u010cesk\u00e9 republiky v rally 2022.<\/p>\n<p>Martin Rada, p\u0159edseda organiza\u010dn\u00edho v\u00fdboru: <strong><em>&#8222;Od \u00fapln\u00fdch za\u010d\u00e1tku sout\u011b\u017ee v Hustope\u010d\u00edch jsme na jej\u00edm rozvoji pracovali s Rudou Kou\u0159ilem, kter\u00fd n\u00e1m v\u0161em samoz\u0159ejm\u011b chyb\u00ed a jsem tedy r\u00e1d, \u017ee se n\u00e1m poda\u0159ilo doplnit organiza\u010dn\u00ed t\u00fdm a novou \u0159editelkou je Petra Myn\u00e1\u0159ov\u00e1. Mysl\u00edm, \u017ee se n\u00e1m povedlo p\u0159ipravit kvalitn\u00ed sout\u011b\u017e s nov\u00fdmi \u00faseky a cht\u011bl bych pod\u011bkovat v\u0161em po\u0159adatel\u016fm, kte\u0159\u00ed se na jej\u00ed p\u0159\u00edprav\u011b a pr\u016fb\u011bhu pod\u00edlej\u00ed. Na\u0161e sout\u011b\u017e je op\u011bt velmi kompaktn\u00ed, p\u0159esto\u017ee je dovouden\u00ed, dok\u00e1\u017eeme ji odjet za 24 hodin.&#8220; <\/em><\/strong><\/p>\n<p><em><strong>&#8222;Letos jsme \u0161li do ur\u010dit\u00e9ho rizika a v\u00fdznamn\u011b sn\u00ed\u017eili po\u010det &#8218;antikat\u016f&#8216; a v\u011b\u0159\u00edm, \u017ee se obejdeme bez v\u011bt\u0161\u00edch po\u0161kozen\u00ed cest. Uvid\u00edme tedy, jak jsme se strefili a nakolik budeme muset cesty opravovat. V\u011b\u0159\u00edm ale, \u017ee je to spr\u00e1vn\u00e1 volba. Chceme b\u00fdt p\u0159\u00e1tel\u0161t\u00ed nejen k pos\u00e1dk\u00e1m, ale i k div\u00e1k\u016fm a v\u011b\u0159\u00edme, \u017ee p\u0159\u00e1tel\u0161t\u00ed budou i oni k n\u00e1m a r\u00e1di se k n\u00e1m budou vracet. &#8222;<\/strong><\/em><\/p>\n<p>Jan \u0160\u0165ov\u00ed\u010dek, prezident Autoklubu \u010cesk\u00e9 Republiky: <em><strong>&#8222;Leto\u0161n\u00ed hustope\u010dsk\u00e1 rally op\u011bt slibuje kvalitn\u00ed pod\u00edvanou. Nem\u00e1m \u017e\u00e1dn\u00e9 pochyby o kvalit\u011b p\u0159\u00edpravy organiza\u010dn\u00ed str\u00e1nky, po\u0159adatelsk\u00fd t\u00fdm je dostate\u010dn\u011b zku\u0161en\u00fd a odveden\u00e1 pr\u00e1ce je ur\u010dit\u011b vid\u011bt. Nikdo z n\u00e1s samoz\u0159ejm\u011b nezapom\u00edn\u00e1 ani na Rudu Kou\u0159ila, jeho\u017e osobnost je ned\u00edln\u011b spojen\u00e1 s histori\u00ed zdej\u0161\u00ed sout\u011b\u017ee. M\u016f\u017eeme se tedy ji\u017e jen t\u011b\u0161it na zaj\u00edmav\u00e9 souboje na trati a s\u00e1m jsem zv\u011bdav, jak v\u0161e dopadne. Dr\u017e\u00edm palce v\u0161em pos\u00e1dk\u00e1m a p\u0159eji jim f\u00e9rov\u00e9 souboje, kter\u00e9 se budou div\u00e1k\u016fm l\u00edbit.&#8220;<\/strong><\/em><\/p>\n<p>Jan Kopeck\u00fd, jezdec Agrotec \u0160koda Rally Team: &#8222;<em><strong>V Hustope\u010d\u00edch se mus\u00ed jet hned od za\u010d\u00e1tku opravdu naplno, presto\u017ee zdej\u0161\u00ed podm\u00ednky jsou slo\u017eit\u00e9. V jedn\u00e9 zat\u00e1\u010dce v\u00e1s auto podr\u017e\u00ed, v dal\u0161\u00ed to uklouzne o trochu v\u00edc, je to nevyzpytateln\u00e9. Pr\u00e1v\u011b t\u00edm je to ale kr\u00e1sn\u00e9, v\u010detn\u011b t\u011bch \u0161otolinov\u00fdch \u00fasek\u016f. Jsme na to p\u0159ipraven\u00ed a chceme bojovat o prvn\u00ed m\u00edsto.&#8220;<\/strong><\/em><\/p>\n<p><em><strong>&#8222;Kompaktnost sout\u011b\u017ee se n\u00e1m l\u00edb\u00ed, r\u00e1di tr\u00e1v\u00edme \u010das v sout\u011b\u017en\u00edm aut\u011b, ale ne na p\u0159ejezdech. Tady v p\u00e1tek v \u0161est ve\u010der odstartujeme a v sobotu ve stejnou dobu bychom m\u011bli d\u00e1vat auto do uzav\u0159en\u00e9ho parkovi\u0161t\u011b v c\u00edli, to je \u00fa\u017easn\u00e9. Porce ostr\u00fdch kilometr\u016f je p\u0159itom obdobn\u00e1, jako na ostan\u00edch z\u00e1vodech v \u0161ampion\u00e1tu.&#8220;<\/strong><\/em><\/p>\n<p>Jan Hlou\u0161ek, spolujezdec Agrotec \u0160koda Rally Team: <em><strong>&#8222;Osobn\u011b pova\u017euji Hustope\u010de za kr\u00e1sn\u00fd z\u00e1vod. Ze spolujezdeck\u00e9ho pohledu je o n\u011bco snaz\u0161\u00ed ne\u017e t\u0159eba Krumlov a je tu dost \u010dasu i na odpo\u010dinek.&#8220;<\/strong> <\/em><\/p>\n<p>V\u00e1clav Pech, jezdec EuroOil team: <em><strong>&#8222;Do Hustope\u010d\u00ed se ka\u017ed\u00fd rok opravdu t\u011b\u0161\u00edme. Pova\u017euji ji za &#8218;spr\u00e1vnou&#8216; rally se v\u0161\u00edm v\u0161udy. M\u011bn\u00ed se tu neust\u00e1le rytmus, povrchy. Rychlostn\u00ed zkou\u0161ky po obslu\u017en\u00fdch cest\u00e1ch ve vinohradech jsou n\u00e1dhern\u00e9, ale nesm\u00edrn\u011b klou\u017eou. Letos n\u00e1s \u010dek\u00e1 asi v\u016fbec nejv\u00edc \u0161otolinov\u00fdch \u00fasek\u016f. Na to se opravdu t\u011b\u0161\u00edme, na j\u00edzdu ve smyku. T\u00edm, \u017ee se \u0161otolinou nem\u00e1me tolik zku\u0161enost\u00ed, tak se na n\u00ed po\u0159\u00e1d u\u010d\u00edme, ale v tom je to hezk\u00e9. Nav\u00edc tu mus\u00edte zapojit improvizaci mnohem v\u00edc ne\u017e na jin\u00fdch sout\u011b\u017e\u00edch, proto\u017ee p\u0159i seznamovac\u00edch j\u00edzd\u00e1ch rozpis nezjist\u00edte, jak moc to bude klouzat v ostr\u00e9m tempu. Opravdu se t\u011b\u0161\u00edm.&#8220;<\/strong><\/em><\/p>\n<p><em><strong>&#8222;Nevadilo by mi, kdy se odstartovalo r\u00e1no a kon\u010dilo v noci, mo\u017en\u00e1 by to bylo jednodu\u0161\u0161\u00ed. Form\u00e1t sout\u011b\u017ee, kter\u00e1 m\u00e1 sp\u00e1d a nen\u00ed zbyte\u010dn\u011b rozta\u017een\u00e1 tedy kvituji. Pro m\u011b je hrozn\u00e9 pouze zdej\u0161\u00ed tradi\u010dn\u00ed vedro, proto\u017ee v aut\u011b jde teplota p\u0159es \u0161edes\u00e1t stup\u0148\u016f. Na rychlostn\u00ed zkou\u0161ce se to n\u011bjak zvl\u00e1dne, ale na p\u0159ejezdech v n\u011bm nejde vydr\u017eet.&#8220;<\/strong><\/em><\/p>\n<p>Filip Mare\u0161, jezdec Laureta Auto \u0160koda Team: <em><strong>&#8222;Zat\u00edm jsem Honzu ani V\u00e1clava zar\u00e1z porazit nedok\u00e1zal, tak\u017ee ten spr\u00e1vn\u00fd recept jak na to zat\u00edm st\u00e1le hled\u00e1m. Hustope\u010de jsou unik\u00e1tn\u00ed i kr\u00e1tk\u00fdmi p\u0159ejezdy, minul\u00fd t\u00fdden v Polsku m\u011bly n\u011bkter\u00e9 i okolo osmdes\u00e1ti kilometr\u016f a to nen\u00ed nic komfortn\u00edho. Tady d\u00edky kr\u00e1tk\u00fdm p\u0159ejezd\u016fm \u010dlov\u011bk ani nevypadne za z\u00e1vodn\u00edho rytmu a v\u0161e hezky ods\u00fdp\u00e1. T\u011b\u0161\u00edm se na to. V\u00edt\u00e1m i \u00faseky za tmy kter\u00e9 maj\u00ed ur\u010dit\u011b sv\u00e9 kouzlo i pro div\u00e1ky.&#8220;<\/strong><\/em><\/p>\n<p>Radovan Bucha, spolujezdec Laureta Auto \u0160koda Team: <em><strong>&#8222;Zdej\u0161\u00ed mix \u0161otoliny a asfaltu klade v\u011bt\u0161\u00ed n\u00e1roky sp\u00ed\u0161e na jezdce, oproti \u010dist\u00e9mu asfaltu je to samoz\u0159ejm\u011b velk\u00fd rozd\u00edl. Mus\u00edm pochv\u00e1lit nov\u00e9 \u00faseky, ty jsou n\u00e1dhern\u00e9.&#8220;<\/strong><\/em><\/p>\n<p>AGROTEC PETRONAS rally Hustope\u010de 2022, tiskov\u00fd servis<\/p>\n<p>Jan Va\u0161kovi\u010d, foto: autor<\/p>","protected":false},"excerpt":{"rendered":"<p>P\u0159ed startem 17. Agrotec Petronas Rally prob\u011bhla v prostor\u00e1ch autosalonu spole\u010dnosti Agrotec v Hustope\u010d\u00edch tiskov\u00e1 konference k nadch\u00e1zej\u00edc\u00edmu ro\u010dn\u00edku sout\u011b\u017ee, jeho\u017e ofici\u00e1ln\u00ed program zah\u00e1jila v p\u00e1tek 17. \u010dervna technick\u00e1 p\u0159ej\u00edmka sout\u011b\u017en\u00edch vozidel. Tiskov\u00e9 konference m\u011bla zastoupen\u00ed nejen v podob\u011b organiz\u00e1tor\u016f, ale rovn\u011b\u017e ze strany nejlep\u0161\u00edch t\u0159\u00ed pos\u00e1dek pr\u016fb\u011b\u017en\u00e9 absolutn\u00ed klasifikace Sonax Mistrovstv\u00ed \u010cesk\u00e9 republiky v [&hellip;]<\/p>","protected":false},"author":2,"featured_media":1783,"comment_status":"open","ping_status":"open","sticky":false,"template":"","format":"standard","meta":{"_et_pb_use_builder":"","_et_pb_old_content":"","_et_gb_content_width":"","footnotes":""},"categories":[10,73,9],"tags":[18,19,50,70],"yoast_head":"<!-- This site is optimized with the Yoast SEO plugin v21.9.1 - https:\/\/yoast.com\/wordpress\/plugins\/seo\/ -->\n<title>Kompaktn\u00ed form\u00e1t hustope\u010dsk\u00e9 rally je mezi pos\u00e1dkami obl\u00edben | AGROTEC Petronas Rally<\/title>\n<meta name=\"robots\" content=\"index, follow, max-snippet:-1, max-image-preview:large, max-video-preview:-1\" \/>\n<link rel=\"canonical\" href=\"https:\/\/www.agrotecrally.cz\/en\/rally-hustopece\/kompaktni-format-hustopecske-rally-je-mezi-posadkami-obliben\/\" \/>\n<meta property=\"og:locale\" content=\"en_GB\" \/>\n<meta property=\"og:type\" content=\"article\" \/>\n<meta property=\"og:title\" content=\"Kompaktn\u00ed form\u00e1t hustope\u010dsk\u00e9 rally je mezi pos\u00e1dkami obl\u00edben | AGROTEC Petronas Rally\" \/>\n<meta property=\"og:description\" content=\"P\u0159ed startem 17. Agrotec Petronas Rally prob\u011bhla v prostor\u00e1ch autosalonu spole\u010dnosti Agrotec v Hustope\u010d\u00edch tiskov\u00e1 konference k nadch\u00e1zej\u00edc\u00edmu ro\u010dn\u00edku sout\u011b\u017ee, jeho\u017e ofici\u00e1ln\u00ed program zah\u00e1jila v p\u00e1tek 17. \u010dervna technick\u00e1 p\u0159ej\u00edmka sout\u011b\u017en\u00edch vozidel. Tiskov\u00e9 konference m\u011bla zastoupen\u00ed nejen v podob\u011b organiz\u00e1tor\u016f, ale rovn\u011b\u017e ze strany nejlep\u0161\u00edch t\u0159\u00ed pos\u00e1dek pr\u016fb\u011b\u017en\u00e9 absolutn\u00ed klasifikace Sonax Mistrovstv\u00ed \u010cesk\u00e9 republiky v [&hellip;]\" \/>\n<meta property=\"og:url\" content=\"https:\/\/www.agrotecrally.cz\/en\/rally-hustopece\/kompaktni-format-hustopecske-rally-je-mezi-posadkami-obliben\/\" \/>\n<meta property=\"og:site_name\" content=\"AGROTEC Petronas Rally\" \/>\n<meta property=\"article:publisher\" content=\"https:\/\/www.facebook.com\/agrotecrally\" \/>\n<meta property=\"article:published_time\" content=\"2022-06-17T12:17:41+00:00\" \/>\n<meta property=\"og:image\" content=\"https:\/\/www.agrotecrally.cz\/wp-content\/uploads\/2022\/06\/hustopece22_tiskovka_web.jpg\" \/>\n\t<meta property=\"og:image:width\" content=\"980\" \/>\n\t<meta property=\"og:image:height\" content=\"654\" \/>\n\t<meta property=\"og:image:type\" content=\"image\/jpeg\" \/>\n<meta name=\"author\" content=\"Tom\u00e1\u0161 Plach\u00fd\" \/>\n<meta name=\"twitter:card\" content=\"summary_large_image\" \/>\n<meta name=\"twitter:label1\" content=\"Written by\" \/>\n\t<meta name=\"twitter:data1\" content=\"Tom\u00e1\u0161 Plach\u00fd\" \/>\n\t<meta name=\"twitter:label2\" content=\"Estimated reading time\" \/>\n\t<meta name=\"twitter:data2\" content=\"4 minutes\" \/>\n<script type=\"application\/ld+json\" class=\"yoast-schema-graph\">{\"@context\":\"https:\/\/schema.org\",\"@graph\":[{\"@type\":\"Article\",\"@id\":\"https:\/\/www.agrotecrally.cz\/rally-hustopece\/kompaktni-format-hustopecske-rally-je-mezi-posadkami-obliben\/#article\",\"isPartOf\":{\"@id\":\"https:\/\/www.agrotecrally.cz\/rally-hustopece\/kompaktni-format-hustopecske-rally-je-mezi-posadkami-obliben\/\"},\"author\":{\"name\":\"Tom\u00e1\u0161 Plach\u00fd\",\"@id\":\"https:\/\/www.agrotecrally.cz\/#\/schema\/person\/38a02deaa1f019e278fc735d03d83f85\"},\"headline\":\"Kompaktn\u00ed form\u00e1t hustope\u010dsk\u00e9 rally je mezi pos\u00e1dkami obl\u00edben\",\"datePublished\":\"2022-06-17T12:17:41+00:00\",\"dateModified\":\"2022-06-17T12:17:41+00:00\",\"mainEntityOfPage\":{\"@id\":\"https:\/\/www.agrotecrally.cz\/rally-hustopece\/kompaktni-format-hustopecske-rally-je-mezi-posadkami-obliben\/\"},\"wordCount\":987,\"commentCount\":0,\"publisher\":{\"@id\":\"https:\/\/www.agrotecrally.cz\/#organization\"},\"keywords\":[\"Agrotec rally\",\"Hustope\u010de\",\"Jan Kopeck\u00fd\",\"Martin Rada\"],\"articleSection\":[\"AGROTEC rally Hustope\u010de\",\"AGROTEC \u0160KODA RALLY TEAM\",\"Rally mezi vinicemi\"],\"inLanguage\":\"en-GB\",\"potentialAction\":[{\"@type\":\"CommentAction\",\"name\":\"Comment\",\"target\":[\"https:\/\/www.agrotecrally.cz\/rally-hustopece\/kompaktni-format-hustopecske-rally-je-mezi-posadkami-obliben\/#respond\"]}]},{\"@type\":\"WebPage\",\"@id\":\"https:\/\/www.agrotecrally.cz\/rally-hustopece\/kompaktni-format-hustopecske-rally-je-mezi-posadkami-obliben\/\",\"url\":\"https:\/\/www.agrotecrally.cz\/rally-hustopece\/kompaktni-format-hustopecske-rally-je-mezi-posadkami-obliben\/\",\"name\":\"Kompaktn\u00ed form\u00e1t hustope\u010dsk\u00e9 rally je mezi pos\u00e1dkami obl\u00edben | AGROTEC Petronas Rally\",\"isPartOf\":{\"@id\":\"https:\/\/www.agrotecrally.cz\/#website\"},\"datePublished\":\"2022-06-17T12:17:41+00:00\",\"dateModified\":\"2022-06-17T12:17:41+00:00\",\"breadcrumb\":{\"@id\":\"https:\/\/www.agrotecrally.cz\/rally-hustopece\/kompaktni-format-hustopecske-rally-je-mezi-posadkami-obliben\/#breadcrumb\"},\"inLanguage\":\"en-GB\",\"potentialAction\":[{\"@type\":\"ReadAction\",\"target\":[\"https:\/\/www.agrotecrally.cz\/rally-hustopece\/kompaktni-format-hustopecske-rally-je-mezi-posadkami-obliben\/\"]}]},{\"@type\":\"BreadcrumbList\",\"@id\":\"https:\/\/www.agrotecrally.cz\/rally-hustopece\/kompaktni-format-hustopecske-rally-je-mezi-posadkami-obliben\/#breadcrumb\",\"itemListElement\":[{\"@type\":\"ListItem\",\"position\":1,\"name\":\"Dom\u016f\",\"item\":\"https:\/\/www.agrotecrally.cz\/\"},{\"@type\":\"ListItem\",\"position\":2,\"name\":\"Kompaktn\u00ed form\u00e1t hustope\u010dsk\u00e9 rally je mezi pos\u00e1dkami obl\u00edben\"}]},{\"@type\":\"WebSite\",\"@id\":\"https:\/\/www.agrotecrally.cz\/#website\",\"url\":\"https:\/\/www.agrotecrally.cz\/\",\"name\":\"AGROTEC Petronas rally\",\"description\":\"Rally mezi vinicemi\",\"publisher\":{\"@id\":\"https:\/\/www.agrotecrally.cz\/#organization\"},\"potentialAction\":[{\"@type\":\"SearchAction\",\"target\":{\"@type\":\"EntryPoint\",\"urlTemplate\":\"https:\/\/www.agrotecrally.cz\/?s={search_term_string}\"},\"query-input\":\"required name=search_term_string\"}],\"inLanguage\":\"en-GB\"},{\"@type\":\"Organization\",\"@id\":\"https:\/\/www.agrotecrally.cz\/#organization\",\"name\":\"AGROTEC Petronas rally\",\"url\":\"https:\/\/www.agrotecrally.cz\/\",\"logo\":{\"@type\":\"ImageObject\",\"inLanguage\":\"en-GB\",\"@id\":\"https:\/\/www.agrotecrally.cz\/#\/schema\/logo\/image\/\",\"url\":\"https:\/\/www.agrotecrally.cz\/wp-content\/uploads\/2021\/05\/AGROTEC-RALLY_16-01-web-2.png\",\"contentUrl\":\"https:\/\/www.agrotecrally.cz\/wp-content\/uploads\/2021\/05\/AGROTEC-RALLY_16-01-web-2.png\",\"width\":459,\"height\":222,\"caption\":\"AGROTEC Petronas rally\"},\"image\":{\"@id\":\"https:\/\/www.agrotecrally.cz\/#\/schema\/logo\/image\/\"},\"sameAs\":[\"https:\/\/www.facebook.com\/agrotecrally\"]},{\"@type\":\"Person\",\"@id\":\"https:\/\/www.agrotecrally.cz\/#\/schema\/person\/38a02deaa1f019e278fc735d03d83f85\",\"name\":\"Tom\u00e1\u0161 Plach\u00fd\",\"image\":{\"@type\":\"ImageObject\",\"inLanguage\":\"en-GB\",\"@id\":\"https:\/\/www.agrotecrally.cz\/#\/schema\/person\/image\/\",\"url\":\"https:\/\/secure.gravatar.com\/avatar\/a7a68eee7fdb2b4f0975cdc024983e22?s=96&d=mm&r=g\",\"contentUrl\":\"https:\/\/secure.gravatar.com\/avatar\/a7a68eee7fdb2b4f0975cdc024983e22?s=96&d=mm&r=g\",\"caption\":\"Tom\u00e1\u0161 Plach\u00fd\"},\"url\":\"https:\/\/www.agrotecrally.cz\/en\/author\/topmediaseznam-cz\/\"}]}<\/script>\n<!-- \/ Yoast SEO plugin. -->","yoast_head_json":{"title":"Kompaktn\u00ed form\u00e1t hustope\u010dsk\u00e9 rally je mezi pos\u00e1dkami obl\u00edben | AGROTEC Petronas Rally","robots":{"index":"index","follow":"follow","max-snippet":"max-snippet:-1","max-image-preview":"max-image-preview:large","max-video-preview":"max-video-preview:-1"},"canonical":"https:\/\/www.agrotecrally.cz\/en\/rally-hustopece\/kompaktni-format-hustopecske-rally-je-mezi-posadkami-obliben\/","og_locale":"en_GB","og_type":"article","og_title":"Kompaktn\u00ed form\u00e1t hustope\u010dsk\u00e9 rally je mezi pos\u00e1dkami obl\u00edben | AGROTEC Petronas Rally","og_description":"P\u0159ed startem 17. Agrotec Petronas Rally prob\u011bhla v prostor\u00e1ch autosalonu spole\u010dnosti Agrotec v Hustope\u010d\u00edch tiskov\u00e1 konference k nadch\u00e1zej\u00edc\u00edmu ro\u010dn\u00edku sout\u011b\u017ee, jeho\u017e ofici\u00e1ln\u00ed program zah\u00e1jila v p\u00e1tek 17. \u010dervna technick\u00e1 p\u0159ej\u00edmka sout\u011b\u017en\u00edch vozidel. Tiskov\u00e9 konference m\u011bla zastoupen\u00ed nejen v podob\u011b organiz\u00e1tor\u016f, ale rovn\u011b\u017e ze strany nejlep\u0161\u00edch t\u0159\u00ed pos\u00e1dek pr\u016fb\u011b\u017en\u00e9 absolutn\u00ed klasifikace Sonax Mistrovstv\u00ed \u010cesk\u00e9 republiky v [&hellip;]","og_url":"https:\/\/www.agrotecrally.cz\/en\/rally-hustopece\/kompaktni-format-hustopecske-rally-je-mezi-posadkami-obliben\/","og_site_name":"AGROTEC Petronas Rally","article_publisher":"https:\/\/www.facebook.com\/agrotecrally","article_published_time":"2022-06-17T12:17:41+00:00","og_image":[{"width":980,"height":654,"url":"https:\/\/www.agrotecrally.cz\/wp-content\/uploads\/2022\/06\/hustopece22_tiskovka_web.jpg","type":"image\/jpeg"}],"author":"Tom\u00e1\u0161 Plach\u00fd","twitter_card":"summary_large_image","twitter_misc":{"Written by":"Tom\u00e1\u0161 Plach\u00fd","Estimated reading time":"4 minutes"},"schema":{"@context":"https:\/\/schema.org","@graph":[{"@type":"Article","@id":"https:\/\/www.agrotecrally.cz\/rally-hustopece\/kompaktni-format-hustopecske-rally-je-mezi-posadkami-obliben\/#article","isPartOf":{"@id":"https:\/\/www.agrotecrally.cz\/rally-hustopece\/kompaktni-format-hustopecske-rally-je-mezi-posadkami-obliben\/"},"author":{"name":"Tom\u00e1\u0161 Plach\u00fd","@id":"https:\/\/www.agrotecrally.cz\/#\/schema\/person\/38a02deaa1f019e278fc735d03d83f85"},"headline":"Kompaktn\u00ed form\u00e1t hustope\u010dsk\u00e9 rally je mezi pos\u00e1dkami obl\u00edben","datePublished":"2022-06-17T12:17:41+00:00","dateModified":"2022-06-17T12:17:41+00:00","mainEntityOfPage":{"@id":"https:\/\/www.agrotecrally.cz\/rally-hustopece\/kompaktni-format-hustopecske-rally-je-mezi-posadkami-obliben\/"},"wordCount":987,"commentCount":0,"publisher":{"@id":"https:\/\/www.agrotecrally.cz\/#organization"},"keywords":["Agrotec rally","Hustope\u010de","Jan Kopeck\u00fd","Martin Rada"],"articleSection":["AGROTEC rally Hustope\u010de","AGROTEC \u0160KODA RALLY TEAM","Rally mezi vinicemi"],"inLanguage":"en-GB","potentialAction":[{"@type":"CommentAction","name":"Comment","target":["https:\/\/www.agrotecrally.cz\/rally-hustopece\/kompaktni-format-hustopecske-rally-je-mezi-posadkami-obliben\/#respond"]}]},{"@type":"WebPage","@id":"https:\/\/www.agrotecrally.cz\/rally-hustopece\/kompaktni-format-hustopecske-rally-je-mezi-posadkami-obliben\/","url":"https:\/\/www.agrotecrally.cz\/rally-hustopece\/kompaktni-format-hustopecske-rally-je-mezi-posadkami-obliben\/","name":"Kompaktn\u00ed form\u00e1t hustope\u010dsk\u00e9 rally je mezi pos\u00e1dkami obl\u00edben | AGROTEC Petronas Rally","isPartOf":{"@id":"https:\/\/www.agrotecrally.cz\/#website"},"datePublished":"2022-06-17T12:17:41+00:00","dateModified":"2022-06-17T12:17:41+00:00","breadcrumb":{"@id":"https:\/\/www.agrotecrally.cz\/rally-hustopece\/kompaktni-format-hustopecske-rally-je-mezi-posadkami-obliben\/#breadcrumb"},"inLanguage":"en-GB","potentialAction":[{"@type":"ReadAction","target":["https:\/\/www.agrotecrally.cz\/rally-hustopece\/kompaktni-format-hustopecske-rally-je-mezi-posadkami-obliben\/"]}]},{"@type":"BreadcrumbList","@id":"https:\/\/www.agrotecrally.cz\/rally-hustopece\/kompaktni-format-hustopecske-rally-je-mezi-posadkami-obliben\/#breadcrumb","itemListElement":[{"@type":"ListItem","position":1,"name":"Dom\u016f","item":"https:\/\/www.agrotecrally.cz\/"},{"@type":"ListItem","position":2,"name":"Kompaktn\u00ed form\u00e1t hustope\u010dsk\u00e9 rally je mezi pos\u00e1dkami obl\u00edben"}]},{"@type":"WebSite","@id":"https:\/\/www.agrotecrally.cz\/#website","url":"https:\/\/www.agrotecrally.cz\/","name":"AGROTEC Petronas rally","description":"Rally mezi vinicemi","publisher":{"@id":"https:\/\/www.agrotecrally.cz\/#organization"},"potentialAction":[{"@type":"SearchAction","target":{"@type":"EntryPoint","urlTemplate":"https:\/\/www.agrotecrally.cz\/?s={search_term_string}"},"query-input":"required name=search_term_string"}],"inLanguage":"en-GB"},{"@type":"Organization","@id":"https:\/\/www.agrotecrally.cz\/#organization","name":"AGROTEC Petronas rally","url":"https:\/\/www.agrotecrally.cz\/","logo":{"@type":"ImageObject","inLanguage":"en-GB","@id":"https:\/\/www.agrotecrally.cz\/#\/schema\/logo\/image\/","url":"https:\/\/www.agrotecrally.cz\/wp-content\/uploads\/2021\/05\/AGROTEC-RALLY_16-01-web-2.png","contentUrl":"https:\/\/www.agrotecrally.cz\/wp-content\/uploads\/2021\/05\/AGROTEC-RALLY_16-01-web-2.png","width":459,"height":222,"caption":"AGROTEC Petronas rally"},"image":{"@id":"https:\/\/www.agrotecrally.cz\/#\/schema\/logo\/image\/"},"sameAs":["https:\/\/www.facebook.com\/agrotecrally"]},{"@type":"Person","@id":"https:\/\/www.agrotecrally.cz\/#\/schema\/person\/38a02deaa1f019e278fc735d03d83f85","name":"Tom\u00e1\u0161 Plach\u00fd","image":{"@type":"ImageObject","inLanguage":"en-GB","@id":"https:\/\/www.agrotecrally.cz\/#\/schema\/person\/image\/","url":"https:\/\/secure.gravatar.com\/avatar\/a7a68eee7fdb2b4f0975cdc024983e22?s=96&d=mm&r=g","contentUrl":"https:\/\/secure.gravatar.com\/avatar\/a7a68eee7fdb2b4f0975cdc024983e22?s=96&d=mm&r=g","caption":"Tom\u00e1\u0161 Plach\u00fd"},"url":"https:\/\/www.agrotecrally.cz\/en\/author\/topmediaseznam-cz\/"}]}},"_links":{"self":[{"href":"https:\/\/www.agrotecrally.cz\/en\/wp-json\/wp\/v2\/posts\/1782"}],"collection":[{"href":"https:\/\/www.agrotecrally.cz\/en\/wp-json\/wp\/v2\/posts"}],"about":[{"href":"https:\/\/www.agrotecrally.cz\/en\/wp-json\/wp\/v2\/types\/post"}],"author":[{"embeddable":true,"href":"https:\/\/www.agrotecrally.cz\/en\/wp-json\/wp\/v2\/users\/2"}],"replies":[{"embeddable":true,"href":"https:\/\/www.agrotecrally.cz\/en\/wp-json\/wp\/v2\/comments?post=1782"}],"version-history":[{"count":1,"href":"https:\/\/www.agrotecrally.cz\/en\/wp-json\/wp\/v2\/posts\/1782\/revisions"}],"predecessor-version":[{"id":1784,"href":"https:\/\/www.agrotecrally.cz\/en\/wp-json\/wp\/v2\/posts\/1782\/revisions\/1784"}],"wp:featuredmedia":[{"embeddable":true,"href":"https:\/\/www.agrotecrally.cz\/en\/wp-json\/wp\/v2\/media\/1783"}],"wp:attachment":[{"href":"https:\/\/www.agrotecrally.cz\/en\/wp-json\/wp\/v2\/media?parent=1782"}],"wp:term":[{"taxonomy":"category","embeddable":true,"href":"https:\/\/www.agrotecrally.cz\/en\/wp-json\/wp\/v2\/categories?post=1782"},{"taxonomy":"post_tag","embeddable":true,"href":"https:\/\/www.agrotecrally.cz\/en\/wp-json\/wp\/v2\/tags?post=1782"}],"curies":[{"name":"wp","href":"https:\/\/api.w.org\/{rel}","templated":true}]}}