{"id":1785,"date":"2022-06-17T20:56:52","date_gmt":"2022-06-17T19:56:52","guid":{"rendered":"https:\/\/www.agrotecrally.cz\/?p=1785"},"modified":"2022-06-17T20:57:57","modified_gmt":"2022-06-17T19:57:57","slug":"casomira-hlasi-plichtu-kopecky-a-pech-zacinaji-od-nuly","status":"publish","type":"post","link":"https:\/\/www.agrotecrally.cz\/en\/rally-hustopece\/casomira-hlasi-plichtu-kopecky-a-pech-zacinaji-od-nuly\/","title":{"rendered":"\u010casom\u00edra hl\u00e1s\u00ed plichtu, Kopeck\u00fd a Pech za\u010d\u00ednaj\u00ed od nuly"},"content":{"rendered":"<p><strong>Progn\u00f3zy nelhaly. Jm\u00e9na Jan Kopeck\u00fd a V\u00e1clav Pech byla d\u00edky fanou\u0161k\u016fm jednak nejv\u00edce sly\u0161et u startovn\u00ed rampy, nav\u00edc se na ka\u017ed\u00e9 dosud odjet\u00e9 rychlostn\u00ed zkou\u0161ce objevila na prvn\u00edch dvou m\u00edstech v\u00fdsledkov\u00e9 listiny. M\u00e1lokdo ale p\u0159edpokl\u00e1dal, \u017ee budou oba spolufavorit\u00e9 po prvn\u00edch pr\u016fjezdech trojic\u00ed \u00fasek\u016f ve zcela shodn\u00e9m \u010dase.<\/strong><\/p>\n<p>Sout\u011b\u017en\u00ed pos\u00e1dky maj\u00ed moment\u00e1ln\u011b za sebou rychlostn\u00ed zkou\u0161ky Vl\u010d\u00ed dolina, N\u011bm\u010di\u010dky a Kurd\u011bjov, kter\u00e9 dohromady m\u011b\u0159ily 32 kilometr\u016f. Na Vl\u010d\u00ed dolin\u011b byly rozd\u00edly minim\u00e1ln\u00ed a cel\u00e1 dev\u00edtka pos\u00e1dek se zde ve\u0161la do rozd\u00edlu deset sekund. Na obou del\u0161\u00edch testech se v\u0161ak prvn\u00ed trojice v\u00fdrazn\u011b vzd\u00e1lila zbytku startovn\u00edho pole. Veden\u00ed se ujal V\u00e1clav Pech, kter\u00fd na \u00favodn\u00edm testu odsko\u010dil Janu Kopeck\u00e9mu a Filipu Mare\u0161ovi shodn\u011b o 1,3 sekundy. P\u0159esto\u017ee se nejednalo o nikterak komfortn\u00ed n\u00e1skok, Janu Kopeck\u00e9mu trvalo jeho zlikvidov\u00e1n\u00ed cel\u00fd zbytek prvn\u00ed sekce. Na N\u011bm\u010di\u010dk\u00e1ch st\u00e1hl Pecha o dv\u011b desetiny a na Kurd\u011bjov\u011b o zb\u00fdvaj\u00edc\u00edch 1,1 sekundy. Po \u00favodn\u00edch pr\u016fjezdech se tedy oba piloti d\u011bl\u00ed o veden\u00ed ve shodn\u00e9m \u010dase. Filip Mare\u0161 jede jako jejich v\u011brn\u00fd st\u00edn t\u0159et\u00ed a s t\u0159\u00edsekundov\u00fdm odstupem je p\u0159\u00edm\u00fdm \u00fa\u010dastn\u00edkem souboje o v\u00edt\u011bzstv\u00ed. Kontaktn\u00ed odstup si dr\u017eel i Dominik St\u0159\u00edtesk\u00fd, jeho konto v\u0161ak zat\u00ed\u017eila t\u0159icetisekundov\u00e1 penalizace za retard\u00e9r na druh\u00e9m testu. Na \u010dtvrt\u00e9 m\u00edsto tak postoupil Pol\u00e1k Grzegorz Grzyb, p\u00e1t\u00fd se dr\u017e\u00ed p\u0159i prvn\u00edm leto\u0161n\u00edm startu Miroslav Jake\u0161.<\/p>\n<p>N\u00e1ro\u010dn\u00e1 tra\u0165 se prozat\u00edm na startovn\u00edm poli nijak z\u00e1sadn\u011b neprojevila. \u010celo kategorie historick\u00fdch automobil\u016f ji\u017e p\u0159i\u0161lo o t\u0159i zaj\u00edmav\u00e1 vozidla (Kotrmonova forda, \u010conk\u016fv renault i Sasink\u016fv lancer vy\u0159adily technick\u00e9 z\u00e1vady), absolutn\u00ed \u0161pi\u010dka soudob\u00fdch voz\u016f v\u0161ak prozat\u00edm pokra\u010duje v p\u016fvodn\u00edm slo\u017een\u00ed. Velk\u00e9 probl\u00e9my potr\u00e1pily jen Adama B\u0159ez\u00edka, kter\u00fd ztratil na druh\u00e9m testu dv\u011b a p\u016fl minuty defektem pneumatiky.<\/p>\n<p><strong>Ohlasy jezdc\u016f po RZ 3:<\/strong><\/p>\n<p>Jan Kopeck\u00fd (st.\u010d.1): <em><strong>&#8222;Prostor na zrychlen\u00ed je v\u017edycky, i kdy\u017e na prvn\u00edch dvou zkou\u0161k\u00e1ch to asi neplatilo. Jeli jsme tam opravdu hranu. Na trojce je nov\u00fd \u0161otolinov\u00fd \u00fasek, stra\u0161n\u011b rychl\u00fd, ale jel jsem tam opatrn\u011bji, proto\u017ee jsem myslel, \u017ee to bude v\u00edc klouzat. Auto ale dr\u017eelo bezvadn\u011b, tak\u017ee jsme tam mohli b\u00fdt o vte\u0159inu dv\u011b rychlej\u0161\u00ed, v\u00edc ale ne. Jinak v\u0161e funguje bez pot\u00ed\u017e\u00ed, auto i pneumatiky, jsme spokojen\u00ed. Div\u00e1k\u016f je pod\u00e9l trati hodn\u011b, u rozhledny na druh\u00e9 zkou\u0161ce jsem ud\u011blal jeden p\u011bkn\u011b dlouh\u00fd smyk, tak se snad dob\u0159e bavili.&#8220;<\/strong><\/em><\/p>\n<p>V\u00e1clav Pech (st.\u010d.2): <em><strong>&#8222;Jede se hodn\u011b rychle. Na t\u0159et\u00ed zkou\u0161ce by byl prostor na zrychlen\u00ed, ale Honza tam hodn\u011b napr\u00e1\u0161il a musel jsem tam &#8218;vrkat&#8216; a improvizovat. Ale skoro jsme s t\u00edm po\u010d\u00edtali. Ta \u0161otolina je rychl\u00e1 a kdy\u017e je tam tak napr\u00e1\u0161eno a m\u00e1\u0161 prakticky mlhu, tak se to boj\u00ed\u0161 projet naplno, jestli ten brzdn\u00fd bod p\u0159ejede\u0161 nebo ne. Tam jsme tedy n\u011bco ztratili, ale jinak je to hezk\u00e9 svezen\u00ed a hezk\u00e1 \u0161otolina. Jen na t\u00e9 trojce jsme u\u017e prakticky nic nevid\u011bli.&#8220;<\/strong><\/em><\/p>\n<p>Dominik St\u0159\u00edtesk\u00fd (st.\u010d.4): <em><strong>&#8222;Bohu\u017eel jsem na druh\u00e9 zkou\u0161ce neprojel jeden retard\u00e9r, tak\u017ee m\u00e1me t\u0159icet trestn\u00fdch vte\u0159in. S t\u00edm u\u017e se moc ned\u00e1 ud\u011blat, ale budeme d\u00e1l bojovat a sb\u00edrat zku\u0161enosti. Auto funguje par\u00e1dn\u011b, nen\u00ed mu co vytknout, t\u00fdmu taky. Bohu\u017eel n\u00e1s ta moje chyba vy\u0159adila o souboje vp\u0159edu.&#8220;<\/strong><\/em><\/p>\n<p>Grzegorz Grzyb (st.\u010d.5): <em><strong>&#8222;V\u0161echno bylo super a rychlostn\u00ed zkou\u0161ky jsou kr\u00e1sn\u00e9. Jedinou chybou je, \u017ee jsou mezi n\u00e1mi minutov\u00e9 rozestupy a na t\u0159et\u00ed zkou\u0161ce se na \u0161otolin\u011b hrozn\u011b pr\u00e1\u0161\u00ed a jeli jsme na p\u011btku v naprost\u00e9 mlze. Nechali jsme tam moc \u010dasu a nen\u00ed to podle m\u011b p\u0159\u00edli\u0161 sportovn\u00ed, kdy\u017e prvn\u00ed dv\u011b t\u0159i pos\u00e1dky jedou v norm\u00e1ln\u00edch podm\u00ednk\u00e1ch a ostatn\u00ed u\u017e nic nevid\u00ed. V noci to bude \u00fapln\u00e1 kravina, p\u0159itom by sta\u010dilo d\u00e1t dvouminutov\u00e9 odstupy.&#8220;<\/strong><\/em><\/p>\n<p>Adam B\u0159ez\u00edk (st.\u010d.6): <em><strong>&#8222;Na RZ 2 jsme dostali defekt, n\u011bco jsme trefili, ale sami nev\u00edme co. Nem\u00e1m absolutn\u011b tu\u0161en\u00ed, kde jsme k tomu p\u0159i\u0161li. Mo\u017en\u00e1 jak se po kilometru a p\u016fl odbo\u010duje na \u0161otolinu, tak asi tam. Na trojce se hodn\u011b pr\u00e1\u0161ilo, u\u017e by to cht\u011blo v\u011bt\u0161\u00ed rozestupy.&#8220;<\/strong><\/em><\/p>\n<p>Jaroslav Melich\u00e1rek (st.\u010d.7): <em><strong>&#8222;Hodnot\u00edm to v\u0161elijak. Prvn\u00ed rychlostka byla v pohod\u011b, bylo na n\u00ed m\u00ed\u0148 \u0161otoliny. Na druh\u00e9 a t\u0159et\u00ed u\u017e to bylo hor\u0161\u00ed, na \u0161otolin\u011b jsme tam v\u0161echno ztratili. \u010c\u00edm v\u00edc \u0161otoliny, t\u00edm v\u00edc ztr\u00e1c\u00edme a nec\u00edt\u00edme se tam dob\u0159e. Na asfaltu je to par\u00e1da, ale mus\u00edme n\u011bco ud\u011blat s autem, aby fungovalo i na \u0161otolin\u011b. O prachu se nebav\u00edm, skoro jsme v n\u011bm st\u00e1li, ale to m\u011bli asi ostatn\u00ed podobn\u011b.&#8220;<\/strong><\/em><\/p>\n<p>Martin Vl\u010dek (st.\u010d.8):<em><strong> &#8222;Jsem vcelku spokojen a byl bych v\u00edc, kdybych na trati vid\u011bl. V les\u00edch zbyde za ka\u017ed\u00fdm autem p\u0159ed n\u00e1mi trochu prachu a pak je to v sou\u010dtu nep\u0159\u00edjemn\u00e1 b\u00edl\u00e1 ze\u010f, proti kter\u00e9 se jede. Nen\u00ed to nic p\u0159\u00edjemn\u00e9ho. Sna\u017e\u00edme se s po\u0159adateli diskutovat o dvou minut\u00e1ch, ale zat\u00edm to nevych\u00e1z\u00ed. Ch\u00e1pu, \u017ee by to nat\u00e1hlo pole, ale takhle je to hodn\u011b nebezpe\u010dn\u00e9. Stra\u0161n\u011b z\u00e1vid\u00edm Honzovi tu prvn\u00ed pozici.&#8220;<\/strong><\/em><\/p>\n<p>Miroslav Jake\u0161 (st.\u010d.9): <em><strong>&#8222;Zat\u00edm jsem si nezvyknul na nov\u00e9 auto a na\u0161e \u010dasy jsou \u0161pi\u010dce hodn\u011b vzd\u00e1len\u00e9. Douf\u00e1m, \u017ee si stihnu zvyknout do z\u00edt\u0159ka, ale opravdu je to \u00fapln\u011b jin\u00e9. Retard\u00e9ry mi d\u011blaj\u00ed probl\u00e9m, t\u00edm jak je auto del\u0161\u00ed, tak se tam ob\u010das nedok\u00e1\u017eu dostat. Chce to ale hlavn\u011b \u00fapln\u011b jin\u00fd styl j\u00edzdy a ne\u010dekal jsem, \u017ee to bude takhle slo\u017eit\u00e9.&#8220;<\/strong><\/em><\/p>\n<p>V\u011broslav Cvr\u010dek (st.\u010d.10): <em><strong>&#8222;Zat\u00edm je to skv\u011bl\u00e9. Projeli jsme to bez probl\u00e9m\u016f a na n\u00e1s v docela slu\u0161n\u00e9m tempu. Ne\u0159e\u0161\u00edme a\u017e tak \u00fapln\u011b v\u00fdsledky, soust\u0159ed\u00edme se na sv\u016fj v\u00fdkon. Chceme ho je\u0161t\u011b trochu zlep\u0161it, je k tomu prostor. Hlavn\u011b brzdy z velk\u00fdch rychlost\u00ed a mo\u017en\u00e1 i v\u00edc plynulosti. Jinak to snad nen\u00ed \u00fapln\u011b \u0161patn\u00e9.&#8220;<\/strong><\/em><\/p>\n<p>Jarom\u00edr Tarabus (st.\u010d.22): <em><strong>&#8222;Vid\u011bl jsem to tak, \u017ee jsem na trojce nic nevid\u011bl. Je to opravdu hodn\u011b zapr\u00e1\u0161en\u00e9. Jinak se ale sna\u017e\u00edme jet co um\u00edme. Mo\u017en\u00e1 obujeme m\u011bk\u010d\u00ed pneumatiky, proto\u017ee se mi zd\u00e1, \u017ee to na nejtvrd\u0161\u00ed sm\u011bsi hodn\u011b klouzalo. Asi je to t\u00edm prachem, ale trochu jsem to tu\u0161il, \u017ee to tak bude. Jinak je v\u0161e v pohod\u011b. Na \u0161otolin\u011b jedu mo\u017en\u00e1 zbyte\u010dn\u011b \u010dist\u011b, ale v\u0161echno funguje. Mo\u017en\u00e1 \u0161koda, \u017ee tu nejede Dominik Bro\u017e, kter\u00e9mu \u0161otolina sed\u00ed a v Peugeot Cupu by to bylo zaj\u00edmav\u011bj\u0161\u00ed.&#8220;<\/strong><\/em><\/p>\n<p>AGROTEC PETRONAS rally Hustope\u010de 2022, tiskov\u00fd servis<\/p>\n<p>Jan Va\u0161kovi\u010d a Ji\u0159\u00ed Dokulil, foto: Rallyservice.cz<\/p>","protected":false},"excerpt":{"rendered":"<p>Progn\u00f3zy nelhaly. Jm\u00e9na Jan Kopeck\u00fd a V\u00e1clav Pech byla d\u00edky fanou\u0161k\u016fm jednak nejv\u00edce sly\u0161et u startovn\u00ed rampy, nav\u00edc se na ka\u017ed\u00e9 dosud odjet\u00e9 rychlostn\u00ed zkou\u0161ce objevila na prvn\u00edch dvou m\u00edstech v\u00fdsledkov\u00e9 listiny. M\u00e1lokdo ale p\u0159edpokl\u00e1dal, \u017ee budou oba spolufavorit\u00e9 po prvn\u00edch pr\u016fjezdech trojic\u00ed \u00fasek\u016f ve zcela shodn\u00e9m \u010dase. Sout\u011b\u017en\u00ed pos\u00e1dky maj\u00ed moment\u00e1ln\u011b za sebou rychlostn\u00ed [&hellip;]<\/p>","protected":false},"author":2,"featured_media":1787,"comment_status":"open","ping_status":"open","sticky":false,"template":"","format":"standard","meta":{"_et_pb_use_builder":"","_et_pb_old_content":"","_et_gb_content_width":"","footnotes":""},"categories":[10,9],"tags":[],"yoast_head":"<!-- This site is optimized with the Yoast SEO plugin v21.9.1 - https:\/\/yoast.com\/wordpress\/plugins\/seo\/ -->\n<title>\u010casom\u00edra hl\u00e1s\u00ed plichtu, Kopeck\u00fd a Pech za\u010d\u00ednaj\u00ed od nuly | AGROTEC Petronas Rally<\/title>\n<meta name=\"robots\" content=\"index, follow, max-snippet:-1, max-image-preview:large, max-video-preview:-1\" \/>\n<link rel=\"canonical\" href=\"https:\/\/www.agrotecrally.cz\/en\/rally-hustopece\/casomira-hlasi-plichtu-kopecky-a-pech-zacinaji-od-nuly\/\" \/>\n<meta property=\"og:locale\" content=\"en_GB\" \/>\n<meta property=\"og:type\" content=\"article\" \/>\n<meta property=\"og:title\" content=\"\u010casom\u00edra hl\u00e1s\u00ed plichtu, Kopeck\u00fd a Pech za\u010d\u00ednaj\u00ed od nuly | AGROTEC Petronas Rally\" \/>\n<meta property=\"og:description\" content=\"Progn\u00f3zy nelhaly. Jm\u00e9na Jan Kopeck\u00fd a V\u00e1clav Pech byla d\u00edky fanou\u0161k\u016fm jednak nejv\u00edce sly\u0161et u startovn\u00ed rampy, nav\u00edc se na ka\u017ed\u00e9 dosud odjet\u00e9 rychlostn\u00ed zkou\u0161ce objevila na prvn\u00edch dvou m\u00edstech v\u00fdsledkov\u00e9 listiny. M\u00e1lokdo ale p\u0159edpokl\u00e1dal, \u017ee budou oba spolufavorit\u00e9 po prvn\u00edch pr\u016fjezdech trojic\u00ed \u00fasek\u016f ve zcela shodn\u00e9m \u010dase. Sout\u011b\u017en\u00ed pos\u00e1dky maj\u00ed moment\u00e1ln\u011b za sebou rychlostn\u00ed [&hellip;]\" \/>\n<meta property=\"og:url\" content=\"https:\/\/www.agrotecrally.cz\/en\/rally-hustopece\/casomira-hlasi-plichtu-kopecky-a-pech-zacinaji-od-nuly\/\" \/>\n<meta property=\"og:site_name\" content=\"AGROTEC Petronas Rally\" \/>\n<meta property=\"article:publisher\" content=\"https:\/\/www.facebook.com\/agrotecrally\" \/>\n<meta property=\"article:published_time\" content=\"2022-06-17T19:56:52+00:00\" \/>\n<meta property=\"article:modified_time\" content=\"2022-06-17T19:57:57+00:00\" \/>\n<meta property=\"og:image\" content=\"https:\/\/www.agrotecrally.cz\/wp-content\/uploads\/2022\/06\/pech_plzen2022rallyservice.jpg\" \/>\n\t<meta property=\"og:image:width\" content=\"980\" \/>\n\t<meta property=\"og:image:height\" content=\"654\" \/>\n\t<meta property=\"og:image:type\" content=\"image\/jpeg\" \/>\n<meta name=\"author\" content=\"Tom\u00e1\u0161 Plach\u00fd\" \/>\n<meta name=\"twitter:card\" content=\"summary_large_image\" \/>\n<meta name=\"twitter:label1\" content=\"Written by\" \/>\n\t<meta name=\"twitter:data1\" content=\"Tom\u00e1\u0161 Plach\u00fd\" \/>\n\t<meta name=\"twitter:label2\" content=\"Estimated reading time\" \/>\n\t<meta name=\"twitter:data2\" content=\"5 minutes\" \/>\n<script type=\"application\/ld+json\" class=\"yoast-schema-graph\">{\"@context\":\"https:\/\/schema.org\",\"@graph\":[{\"@type\":\"Article\",\"@id\":\"https:\/\/www.agrotecrally.cz\/rally-hustopece\/casomira-hlasi-plichtu-kopecky-a-pech-zacinaji-od-nuly\/#article\",\"isPartOf\":{\"@id\":\"https:\/\/www.agrotecrally.cz\/rally-hustopece\/casomira-hlasi-plichtu-kopecky-a-pech-zacinaji-od-nuly\/\"},\"author\":{\"name\":\"Tom\u00e1\u0161 Plach\u00fd\",\"@id\":\"https:\/\/www.agrotecrally.cz\/#\/schema\/person\/38a02deaa1f019e278fc735d03d83f85\"},\"headline\":\"\u010casom\u00edra hl\u00e1s\u00ed plichtu, Kopeck\u00fd a Pech za\u010d\u00ednaj\u00ed od nuly\",\"datePublished\":\"2022-06-17T19:56:52+00:00\",\"dateModified\":\"2022-06-17T19:57:57+00:00\",\"mainEntityOfPage\":{\"@id\":\"https:\/\/www.agrotecrally.cz\/rally-hustopece\/casomira-hlasi-plichtu-kopecky-a-pech-zacinaji-od-nuly\/\"},\"wordCount\":1281,\"commentCount\":0,\"publisher\":{\"@id\":\"https:\/\/www.agrotecrally.cz\/#organization\"},\"articleSection\":[\"AGROTEC rally Hustope\u010de\",\"Rally mezi vinicemi\"],\"inLanguage\":\"en-GB\",\"potentialAction\":[{\"@type\":\"CommentAction\",\"name\":\"Comment\",\"target\":[\"https:\/\/www.agrotecrally.cz\/rally-hustopece\/casomira-hlasi-plichtu-kopecky-a-pech-zacinaji-od-nuly\/#respond\"]}]},{\"@type\":\"WebPage\",\"@id\":\"https:\/\/www.agrotecrally.cz\/rally-hustopece\/casomira-hlasi-plichtu-kopecky-a-pech-zacinaji-od-nuly\/\",\"url\":\"https:\/\/www.agrotecrally.cz\/rally-hustopece\/casomira-hlasi-plichtu-kopecky-a-pech-zacinaji-od-nuly\/\",\"name\":\"\u010casom\u00edra hl\u00e1s\u00ed plichtu, Kopeck\u00fd a Pech za\u010d\u00ednaj\u00ed od nuly | AGROTEC Petronas Rally\",\"isPartOf\":{\"@id\":\"https:\/\/www.agrotecrally.cz\/#website\"},\"datePublished\":\"2022-06-17T19:56:52+00:00\",\"dateModified\":\"2022-06-17T19:57:57+00:00\",\"breadcrumb\":{\"@id\":\"https:\/\/www.agrotecrally.cz\/rally-hustopece\/casomira-hlasi-plichtu-kopecky-a-pech-zacinaji-od-nuly\/#breadcrumb\"},\"inLanguage\":\"en-GB\",\"potentialAction\":[{\"@type\":\"ReadAction\",\"target\":[\"https:\/\/www.agrotecrally.cz\/rally-hustopece\/casomira-hlasi-plichtu-kopecky-a-pech-zacinaji-od-nuly\/\"]}]},{\"@type\":\"BreadcrumbList\",\"@id\":\"https:\/\/www.agrotecrally.cz\/rally-hustopece\/casomira-hlasi-plichtu-kopecky-a-pech-zacinaji-od-nuly\/#breadcrumb\",\"itemListElement\":[{\"@type\":\"ListItem\",\"position\":1,\"name\":\"Dom\u016f\",\"item\":\"https:\/\/www.agrotecrally.cz\/\"},{\"@type\":\"ListItem\",\"position\":2,\"name\":\"\u010casom\u00edra hl\u00e1s\u00ed plichtu, Kopeck\u00fd a Pech za\u010d\u00ednaj\u00ed od nuly\"}]},{\"@type\":\"WebSite\",\"@id\":\"https:\/\/www.agrotecrally.cz\/#website\",\"url\":\"https:\/\/www.agrotecrally.cz\/\",\"name\":\"AGROTEC Petronas rally\",\"description\":\"Rally mezi vinicemi\",\"publisher\":{\"@id\":\"https:\/\/www.agrotecrally.cz\/#organization\"},\"potentialAction\":[{\"@type\":\"SearchAction\",\"target\":{\"@type\":\"EntryPoint\",\"urlTemplate\":\"https:\/\/www.agrotecrally.cz\/?s={search_term_string}\"},\"query-input\":\"required name=search_term_string\"}],\"inLanguage\":\"en-GB\"},{\"@type\":\"Organization\",\"@id\":\"https:\/\/www.agrotecrally.cz\/#organization\",\"name\":\"AGROTEC Petronas rally\",\"url\":\"https:\/\/www.agrotecrally.cz\/\",\"logo\":{\"@type\":\"ImageObject\",\"inLanguage\":\"en-GB\",\"@id\":\"https:\/\/www.agrotecrally.cz\/#\/schema\/logo\/image\/\",\"url\":\"https:\/\/www.agrotecrally.cz\/wp-content\/uploads\/2021\/05\/AGROTEC-RALLY_16-01-web-2.png\",\"contentUrl\":\"https:\/\/www.agrotecrally.cz\/wp-content\/uploads\/2021\/05\/AGROTEC-RALLY_16-01-web-2.png\",\"width\":459,\"height\":222,\"caption\":\"AGROTEC Petronas rally\"},\"image\":{\"@id\":\"https:\/\/www.agrotecrally.cz\/#\/schema\/logo\/image\/\"},\"sameAs\":[\"https:\/\/www.facebook.com\/agrotecrally\"]},{\"@type\":\"Person\",\"@id\":\"https:\/\/www.agrotecrally.cz\/#\/schema\/person\/38a02deaa1f019e278fc735d03d83f85\",\"name\":\"Tom\u00e1\u0161 Plach\u00fd\",\"image\":{\"@type\":\"ImageObject\",\"inLanguage\":\"en-GB\",\"@id\":\"https:\/\/www.agrotecrally.cz\/#\/schema\/person\/image\/\",\"url\":\"https:\/\/secure.gravatar.com\/avatar\/a7a68eee7fdb2b4f0975cdc024983e22?s=96&d=mm&r=g\",\"contentUrl\":\"https:\/\/secure.gravatar.com\/avatar\/a7a68eee7fdb2b4f0975cdc024983e22?s=96&d=mm&r=g\",\"caption\":\"Tom\u00e1\u0161 Plach\u00fd\"},\"url\":\"https:\/\/www.agrotecrally.cz\/en\/author\/topmediaseznam-cz\/\"}]}<\/script>\n<!-- \/ Yoast SEO plugin. -->","yoast_head_json":{"title":"\u010casom\u00edra hl\u00e1s\u00ed plichtu, Kopeck\u00fd a Pech za\u010d\u00ednaj\u00ed od nuly | AGROTEC Petronas Rally","robots":{"index":"index","follow":"follow","max-snippet":"max-snippet:-1","max-image-preview":"max-image-preview:large","max-video-preview":"max-video-preview:-1"},"canonical":"https:\/\/www.agrotecrally.cz\/en\/rally-hustopece\/casomira-hlasi-plichtu-kopecky-a-pech-zacinaji-od-nuly\/","og_locale":"en_GB","og_type":"article","og_title":"\u010casom\u00edra hl\u00e1s\u00ed plichtu, Kopeck\u00fd a Pech za\u010d\u00ednaj\u00ed od nuly | AGROTEC Petronas Rally","og_description":"Progn\u00f3zy nelhaly. Jm\u00e9na Jan Kopeck\u00fd a V\u00e1clav Pech byla d\u00edky fanou\u0161k\u016fm jednak nejv\u00edce sly\u0161et u startovn\u00ed rampy, nav\u00edc se na ka\u017ed\u00e9 dosud odjet\u00e9 rychlostn\u00ed zkou\u0161ce objevila na prvn\u00edch dvou m\u00edstech v\u00fdsledkov\u00e9 listiny. M\u00e1lokdo ale p\u0159edpokl\u00e1dal, \u017ee budou oba spolufavorit\u00e9 po prvn\u00edch pr\u016fjezdech trojic\u00ed \u00fasek\u016f ve zcela shodn\u00e9m \u010dase. Sout\u011b\u017en\u00ed pos\u00e1dky maj\u00ed moment\u00e1ln\u011b za sebou rychlostn\u00ed [&hellip;]","og_url":"https:\/\/www.agrotecrally.cz\/en\/rally-hustopece\/casomira-hlasi-plichtu-kopecky-a-pech-zacinaji-od-nuly\/","og_site_name":"AGROTEC Petronas Rally","article_publisher":"https:\/\/www.facebook.com\/agrotecrally","article_published_time":"2022-06-17T19:56:52+00:00","article_modified_time":"2022-06-17T19:57:57+00:00","og_image":[{"width":980,"height":654,"url":"https:\/\/www.agrotecrally.cz\/wp-content\/uploads\/2022\/06\/pech_plzen2022rallyservice.jpg","type":"image\/jpeg"}],"author":"Tom\u00e1\u0161 Plach\u00fd","twitter_card":"summary_large_image","twitter_misc":{"Written by":"Tom\u00e1\u0161 Plach\u00fd","Estimated reading time":"5 minutes"},"schema":{"@context":"https:\/\/schema.org","@graph":[{"@type":"Article","@id":"https:\/\/www.agrotecrally.cz\/rally-hustopece\/casomira-hlasi-plichtu-kopecky-a-pech-zacinaji-od-nuly\/#article","isPartOf":{"@id":"https:\/\/www.agrotecrally.cz\/rally-hustopece\/casomira-hlasi-plichtu-kopecky-a-pech-zacinaji-od-nuly\/"},"author":{"name":"Tom\u00e1\u0161 Plach\u00fd","@id":"https:\/\/www.agrotecrally.cz\/#\/schema\/person\/38a02deaa1f019e278fc735d03d83f85"},"headline":"\u010casom\u00edra hl\u00e1s\u00ed plichtu, Kopeck\u00fd a Pech za\u010d\u00ednaj\u00ed od nuly","datePublished":"2022-06-17T19:56:52+00:00","dateModified":"2022-06-17T19:57:57+00:00","mainEntityOfPage":{"@id":"https:\/\/www.agrotecrally.cz\/rally-hustopece\/casomira-hlasi-plichtu-kopecky-a-pech-zacinaji-od-nuly\/"},"wordCount":1281,"commentCount":0,"publisher":{"@id":"https:\/\/www.agrotecrally.cz\/#organization"},"articleSection":["AGROTEC rally Hustope\u010de","Rally mezi vinicemi"],"inLanguage":"en-GB","potentialAction":[{"@type":"CommentAction","name":"Comment","target":["https:\/\/www.agrotecrally.cz\/rally-hustopece\/casomira-hlasi-plichtu-kopecky-a-pech-zacinaji-od-nuly\/#respond"]}]},{"@type":"WebPage","@id":"https:\/\/www.agrotecrally.cz\/rally-hustopece\/casomira-hlasi-plichtu-kopecky-a-pech-zacinaji-od-nuly\/","url":"https:\/\/www.agrotecrally.cz\/rally-hustopece\/casomira-hlasi-plichtu-kopecky-a-pech-zacinaji-od-nuly\/","name":"\u010casom\u00edra hl\u00e1s\u00ed plichtu, Kopeck\u00fd a Pech za\u010d\u00ednaj\u00ed od nuly | AGROTEC Petronas Rally","isPartOf":{"@id":"https:\/\/www.agrotecrally.cz\/#website"},"datePublished":"2022-06-17T19:56:52+00:00","dateModified":"2022-06-17T19:57:57+00:00","breadcrumb":{"@id":"https:\/\/www.agrotecrally.cz\/rally-hustopece\/casomira-hlasi-plichtu-kopecky-a-pech-zacinaji-od-nuly\/#breadcrumb"},"inLanguage":"en-GB","potentialAction":[{"@type":"ReadAction","target":["https:\/\/www.agrotecrally.cz\/rally-hustopece\/casomira-hlasi-plichtu-kopecky-a-pech-zacinaji-od-nuly\/"]}]},{"@type":"BreadcrumbList","@id":"https:\/\/www.agrotecrally.cz\/rally-hustopece\/casomira-hlasi-plichtu-kopecky-a-pech-zacinaji-od-nuly\/#breadcrumb","itemListElement":[{"@type":"ListItem","position":1,"name":"Dom\u016f","item":"https:\/\/www.agrotecrally.cz\/"},{"@type":"ListItem","position":2,"name":"\u010casom\u00edra hl\u00e1s\u00ed plichtu, Kopeck\u00fd a Pech za\u010d\u00ednaj\u00ed od nuly"}]},{"@type":"WebSite","@id":"https:\/\/www.agrotecrally.cz\/#website","url":"https:\/\/www.agrotecrally.cz\/","name":"AGROTEC Petronas rally","description":"Rally mezi vinicemi","publisher":{"@id":"https:\/\/www.agrotecrally.cz\/#organization"},"potentialAction":[{"@type":"SearchAction","target":{"@type":"EntryPoint","urlTemplate":"https:\/\/www.agrotecrally.cz\/?s={search_term_string}"},"query-input":"required name=search_term_string"}],"inLanguage":"en-GB"},{"@type":"Organization","@id":"https:\/\/www.agrotecrally.cz\/#organization","name":"AGROTEC Petronas rally","url":"https:\/\/www.agrotecrally.cz\/","logo":{"@type":"ImageObject","inLanguage":"en-GB","@id":"https:\/\/www.agrotecrally.cz\/#\/schema\/logo\/image\/","url":"https:\/\/www.agrotecrally.cz\/wp-content\/uploads\/2021\/05\/AGROTEC-RALLY_16-01-web-2.png","contentUrl":"https:\/\/www.agrotecrally.cz\/wp-content\/uploads\/2021\/05\/AGROTEC-RALLY_16-01-web-2.png","width":459,"height":222,"caption":"AGROTEC Petronas rally"},"image":{"@id":"https:\/\/www.agrotecrally.cz\/#\/schema\/logo\/image\/"},"sameAs":["https:\/\/www.facebook.com\/agrotecrally"]},{"@type":"Person","@id":"https:\/\/www.agrotecrally.cz\/#\/schema\/person\/38a02deaa1f019e278fc735d03d83f85","name":"Tom\u00e1\u0161 Plach\u00fd","image":{"@type":"ImageObject","inLanguage":"en-GB","@id":"https:\/\/www.agrotecrally.cz\/#\/schema\/person\/image\/","url":"https:\/\/secure.gravatar.com\/avatar\/a7a68eee7fdb2b4f0975cdc024983e22?s=96&d=mm&r=g","contentUrl":"https:\/\/secure.gravatar.com\/avatar\/a7a68eee7fdb2b4f0975cdc024983e22?s=96&d=mm&r=g","caption":"Tom\u00e1\u0161 Plach\u00fd"},"url":"https:\/\/www.agrotecrally.cz\/en\/author\/topmediaseznam-cz\/"}]}},"_links":{"self":[{"href":"https:\/\/www.agrotecrally.cz\/en\/wp-json\/wp\/v2\/posts\/1785"}],"collection":[{"href":"https:\/\/www.agrotecrally.cz\/en\/wp-json\/wp\/v2\/posts"}],"about":[{"href":"https:\/\/www.agrotecrally.cz\/en\/wp-json\/wp\/v2\/types\/post"}],"author":[{"embeddable":true,"href":"https:\/\/www.agrotecrally.cz\/en\/wp-json\/wp\/v2\/users\/2"}],"replies":[{"embeddable":true,"href":"https:\/\/www.agrotecrally.cz\/en\/wp-json\/wp\/v2\/comments?post=1785"}],"version-history":[{"count":2,"href":"https:\/\/www.agrotecrally.cz\/en\/wp-json\/wp\/v2\/posts\/1785\/revisions"}],"predecessor-version":[{"id":1788,"href":"https:\/\/www.agrotecrally.cz\/en\/wp-json\/wp\/v2\/posts\/1785\/revisions\/1788"}],"wp:featuredmedia":[{"embeddable":true,"href":"https:\/\/www.agrotecrally.cz\/en\/wp-json\/wp\/v2\/media\/1787"}],"wp:attachment":[{"href":"https:\/\/www.agrotecrally.cz\/en\/wp-json\/wp\/v2\/media?parent=1785"}],"wp:term":[{"taxonomy":"category","embeddable":true,"href":"https:\/\/www.agrotecrally.cz\/en\/wp-json\/wp\/v2\/categories?post=1785"},{"taxonomy":"post_tag","embeddable":true,"href":"https:\/\/www.agrotecrally.cz\/en\/wp-json\/wp\/v2\/tags?post=1785"}],"curies":[{"name":"wp","href":"https:\/\/api.w.org\/{rel}","templated":true}]}}