{"id":1799,"date":"2022-06-18T11:46:39","date_gmt":"2022-06-18T10:46:39","guid":{"rendered":"https:\/\/www.agrotecrally.cz\/?p=1799"},"modified":"2022-06-18T11:48:18","modified_gmt":"2022-06-18T10:48:18","slug":"historici-bojuji-s-narocnou-trati-vysledkum-kraluje-neumann","status":"publish","type":"post","link":"https:\/\/www.agrotecrally.cz\/en\/rally-hustopece\/historici-bojuji-s-narocnou-trati-vysledkum-kraluje-neumann\/","title":{"rendered":"Historici bojuj\u00ed s n\u00e1ro\u010dnou trat\u00ed, v\u00fdsledk\u016fm kraluje Neumann"},"content":{"rendered":"<p><strong>Jako n\u016f\u017e m\u00e1slem proch\u00e1z\u00ed 17. ro\u010dn\u00edkem Agrotec Petronas rally Hustope\u010de Vlastimil Neumann se spolujezdcem Martinem Hlavat\u00fdm. V kategorii historick\u00fdch automobil\u016f uko\u0159istili v\u00edt\u011bzstv\u00ed na v\u0161ech p\u00e1te\u010dn\u00edch rychlostn\u00edch zkou\u0161k\u00e1ch a jejich dominance p\u0159esahuje jednu sekundu na ka\u017ed\u00e9m z\u00e1vodn\u00edm kilometru.<\/strong><\/p>\n<p>P\u00e1te\u010dn\u00edmi administrativn\u00edmi a technick\u00fdmi p\u0159ej\u00edmkami pro\u0161lo 25 bojovn\u00edk\u016f o body do Mistrovstv\u00ed \u010cR a SR v rally historick\u00fdch automobil\u016f. Prvn\u00ed ztr\u00e1ty v\u0161ak na sebe nenechaly dlouho \u010dekat. Zat\u00edmco escort Libora Kotrmona z\u016fstal st\u00e1t s porouchanou p\u0159evodovkou je\u0161t\u011b p\u0159ed startovn\u00ed rampou, \u0160tefan Sasinek s nov\u011b postaven\u00fdm mitsubishi dojel jen o kousek d\u00e1l a na trati se neuk\u00e1zal. Kdy\u017e nedlouho po sob\u011b z\u00e1vod opustili i Robert \u010conka, Ji\u0159\u00ed Vichta, Lubo\u0161 Dol\u00e1k \u010di Ji\u0159\u00ed \u0160r\u00e1mek, za\u010dalo se startovn\u00ed pole historik\u016f v\u00fdrazn\u011b zu\u017eovat.<\/p>\n<p>Svi\u017en\u00fd profil trat\u011b a st\u0159\u00eddaj\u00edc\u00ed se povrchy byly vodou na ml\u00fdn Neumannova fordu, kter\u00fd si za prvn\u00ed den vytvo\u0159il n\u00e1skok t\u00e9m\u011b\u0159 p\u016fldruh\u00e9 minuty. P\u016fvodn\u011b druh\u00fd Miroslav Janota (Opel Kadett Coupe) zajel na posledn\u00edm \u00faseku p\u00e1te\u010dn\u00ed etapy a\u017e p\u00e1t\u00fd \u010das a musel svoji pozici p\u0159enechat \u201el\u00e9taj\u00edc\u00ed\u201c rodinn\u00e9 pos\u00e1dce Urbanov\u00fdch (\u0160koda 130 LR). Pr\u00e1v\u011b Josefu a Jaroslavu Urbanov\u00fdm par\u00e1dn\u011b sedla kurd\u011bjovsk\u00e1 rychlostn\u00ed zkou\u0161ka, kterou v obou pr\u016fjezdech dokon\u010dili jen t\u011bsn\u011b za Vlastimilem Neumannem. V noci se poda\u0159ilo \u201ezat\u00e1hnout\u201c i Ji\u0159\u00edmu Ka\u0161parovi (\u0160koda 130 LR), jen\u017e na posledn\u00edm testu prvn\u00ed etapy zajel t\u0159et\u00ed \u010das a p\u0159ekonal Petra Jure\u010dku na subaru.<\/p>\n<p>Vlastimil Neumann (st. \u010d. H1, 1. m\u00edsto): <em><strong>&#8222;Vzhledem k tomu, \u017ee v\u00fdsledek je zat\u00edm velice dobr\u00fd, tak nem\u016f\u017eu \u0159\u00edct, \u017ee se n\u00e1m jede \u0161patn\u011b. Co si s Martinem obrovsky u\u017e\u00edv\u00e1me, jsou ty \u0161otoliny, smyky a spousty div\u00e1k\u016f. Je to \u00fa\u017easn\u00e9.&#8220;<\/strong><\/em><\/p>\n<p>Miroslav Janota (st. \u010d. H2, 3. m\u00edsto): <em><strong>&#8222;Jelo se n\u00e1m hezky, ale je ot\u00e1zkou, jestli n\u00e1m v\u016fbec n\u011bco zbylo na z\u00edtra, proto\u017ee auto je \u00fapln\u011b zdevastovan\u00e9. V servisu budou n\u011bjak\u00e9 z\u00e1chrann\u00e9 pokusy, abychom ty d\u00edry a v\u0161echno dali dohromady, zalepili a pokra\u010dovali d\u00e1l. Auto mus\u00edme brut\u00e1ln\u011b zvednout, proto\u017ee tady ty podm\u00ednky d\u00edky t\u00e9 \u0161otolin\u011b historik\u016fm nesv\u011bd\u010d\u00ed a auto je \u00fapln\u011b zni\u010den\u00e9.&#8220;<\/strong><\/em><\/p>\n<p>AGROTEC PETRONAS rally Hustope\u010de 2022, tiskov\u00fd servis<\/p>\n<p>Ji\u0159\u00ed Dokulil, foto: Rallyservice.cz<\/p>","protected":false},"excerpt":{"rendered":"<p>Jako n\u016f\u017e m\u00e1slem proch\u00e1z\u00ed 17. ro\u010dn\u00edkem Agrotec Petronas rally Hustope\u010de Vlastimil Neumann se spolujezdcem Martinem Hlavat\u00fdm. V kategorii historick\u00fdch automobil\u016f uko\u0159istili v\u00edt\u011bzstv\u00ed na v\u0161ech p\u00e1te\u010dn\u00edch rychlostn\u00edch zkou\u0161k\u00e1ch a jejich dominance p\u0159esahuje jednu sekundu na ka\u017ed\u00e9m z\u00e1vodn\u00edm kilometru. P\u00e1te\u010dn\u00edmi administrativn\u00edmi a technick\u00fdmi p\u0159ej\u00edmkami pro\u0161lo 25 bojovn\u00edk\u016f o body do Mistrovstv\u00ed \u010cR a SR v rally historick\u00fdch [&hellip;]<\/p>","protected":false},"author":2,"featured_media":1800,"comment_status":"open","ping_status":"open","sticky":false,"template":"","format":"standard","meta":{"_et_pb_use_builder":"","_et_pb_old_content":"","_et_gb_content_width":"","footnotes":""},"categories":[10,9],"tags":[],"yoast_head":"<!-- This site is optimized with the Yoast SEO plugin v21.9.1 - https:\/\/yoast.com\/wordpress\/plugins\/seo\/ -->\n<title>Historici bojuj\u00ed s n\u00e1ro\u010dnou trat\u00ed, v\u00fdsledk\u016fm kraluje Neumann | AGROTEC Petronas Rally<\/title>\n<meta name=\"robots\" content=\"index, follow, max-snippet:-1, max-image-preview:large, max-video-preview:-1\" \/>\n<link rel=\"canonical\" href=\"https:\/\/www.agrotecrally.cz\/en\/rally-hustopece\/historici-bojuji-s-narocnou-trati-vysledkum-kraluje-neumann\/\" \/>\n<meta property=\"og:locale\" content=\"en_GB\" \/>\n<meta property=\"og:type\" content=\"article\" \/>\n<meta property=\"og:title\" content=\"Historici bojuj\u00ed s n\u00e1ro\u010dnou trat\u00ed, v\u00fdsledk\u016fm kraluje Neumann | AGROTEC Petronas Rally\" \/>\n<meta property=\"og:description\" content=\"Jako n\u016f\u017e m\u00e1slem proch\u00e1z\u00ed 17. ro\u010dn\u00edkem Agrotec Petronas rally Hustope\u010de Vlastimil Neumann se spolujezdcem Martinem Hlavat\u00fdm. V kategorii historick\u00fdch automobil\u016f uko\u0159istili v\u00edt\u011bzstv\u00ed na v\u0161ech p\u00e1te\u010dn\u00edch rychlostn\u00edch zkou\u0161k\u00e1ch a jejich dominance p\u0159esahuje jednu sekundu na ka\u017ed\u00e9m z\u00e1vodn\u00edm kilometru. P\u00e1te\u010dn\u00edmi administrativn\u00edmi a technick\u00fdmi p\u0159ej\u00edmkami pro\u0161lo 25 bojovn\u00edk\u016f o body do Mistrovstv\u00ed \u010cR a SR v rally historick\u00fdch [&hellip;]\" \/>\n<meta property=\"og:url\" content=\"https:\/\/www.agrotecrally.cz\/en\/rally-hustopece\/historici-bojuji-s-narocnou-trati-vysledkum-kraluje-neumann\/\" \/>\n<meta property=\"og:site_name\" content=\"AGROTEC Petronas Rally\" \/>\n<meta property=\"article:publisher\" content=\"https:\/\/www.facebook.com\/agrotecrally\" \/>\n<meta property=\"article:published_time\" content=\"2022-06-18T10:46:39+00:00\" \/>\n<meta property=\"article:modified_time\" content=\"2022-06-18T10:48:18+00:00\" \/>\n<meta property=\"og:image\" content=\"https:\/\/www.agrotecrally.cz\/wp-content\/uploads\/2022\/06\/sasinek_hustopece2022_rallyservice.jpg\" \/>\n\t<meta property=\"og:image:width\" content=\"980\" \/>\n\t<meta property=\"og:image:height\" content=\"654\" \/>\n\t<meta property=\"og:image:type\" content=\"image\/jpeg\" \/>\n<meta name=\"author\" content=\"Tom\u00e1\u0161 Plach\u00fd\" \/>\n<meta name=\"twitter:card\" content=\"summary_large_image\" \/>\n<meta name=\"twitter:label1\" content=\"Written by\" \/>\n\t<meta name=\"twitter:data1\" content=\"Tom\u00e1\u0161 Plach\u00fd\" \/>\n\t<meta name=\"twitter:label2\" content=\"Estimated reading time\" \/>\n\t<meta name=\"twitter:data2\" content=\"2 minutes\" \/>\n<script type=\"application\/ld+json\" class=\"yoast-schema-graph\">{\"@context\":\"https:\/\/schema.org\",\"@graph\":[{\"@type\":\"Article\",\"@id\":\"https:\/\/www.agrotecrally.cz\/en\/rally-hustopece\/historici-bojuji-s-narocnou-trati-vysledkum-kraluje-neumann\/#article\",\"isPartOf\":{\"@id\":\"https:\/\/www.agrotecrally.cz\/en\/rally-hustopece\/historici-bojuji-s-narocnou-trati-vysledkum-kraluje-neumann\/\"},\"author\":{\"name\":\"Tom\u00e1\u0161 Plach\u00fd\",\"@id\":\"https:\/\/www.agrotecrally.cz\/#\/schema\/person\/38a02deaa1f019e278fc735d03d83f85\"},\"headline\":\"Historici bojuj\u00ed s n\u00e1ro\u010dnou trat\u00ed, v\u00fdsledk\u016fm kraluje Neumann\",\"datePublished\":\"2022-06-18T10:46:39+00:00\",\"dateModified\":\"2022-06-18T10:48:18+00:00\",\"mainEntityOfPage\":{\"@id\":\"https:\/\/www.agrotecrally.cz\/en\/rally-hustopece\/historici-bojuji-s-narocnou-trati-vysledkum-kraluje-neumann\/\"},\"wordCount\":443,\"commentCount\":0,\"publisher\":{\"@id\":\"https:\/\/www.agrotecrally.cz\/#organization\"},\"articleSection\":[\"AGROTEC rally Hustope\u010de\",\"Rally mezi vinicemi\"],\"inLanguage\":\"en-GB\",\"potentialAction\":[{\"@type\":\"CommentAction\",\"name\":\"Comment\",\"target\":[\"https:\/\/www.agrotecrally.cz\/en\/rally-hustopece\/historici-bojuji-s-narocnou-trati-vysledkum-kraluje-neumann\/#respond\"]}]},{\"@type\":\"WebPage\",\"@id\":\"https:\/\/www.agrotecrally.cz\/en\/rally-hustopece\/historici-bojuji-s-narocnou-trati-vysledkum-kraluje-neumann\/\",\"url\":\"https:\/\/www.agrotecrally.cz\/en\/rally-hustopece\/historici-bojuji-s-narocnou-trati-vysledkum-kraluje-neumann\/\",\"name\":\"Historici bojuj\u00ed s n\u00e1ro\u010dnou trat\u00ed, v\u00fdsledk\u016fm kraluje Neumann | AGROTEC Petronas Rally\",\"isPartOf\":{\"@id\":\"https:\/\/www.agrotecrally.cz\/#website\"},\"datePublished\":\"2022-06-18T10:46:39+00:00\",\"dateModified\":\"2022-06-18T10:48:18+00:00\",\"breadcrumb\":{\"@id\":\"https:\/\/www.agrotecrally.cz\/en\/rally-hustopece\/historici-bojuji-s-narocnou-trati-vysledkum-kraluje-neumann\/#breadcrumb\"},\"inLanguage\":\"en-GB\",\"potentialAction\":[{\"@type\":\"ReadAction\",\"target\":[\"https:\/\/www.agrotecrally.cz\/en\/rally-hustopece\/historici-bojuji-s-narocnou-trati-vysledkum-kraluje-neumann\/\"]}]},{\"@type\":\"BreadcrumbList\",\"@id\":\"https:\/\/www.agrotecrally.cz\/en\/rally-hustopece\/historici-bojuji-s-narocnou-trati-vysledkum-kraluje-neumann\/#breadcrumb\",\"itemListElement\":[{\"@type\":\"ListItem\",\"position\":1,\"name\":\"Dom\u016f\",\"item\":\"https:\/\/www.agrotecrally.cz\/\"},{\"@type\":\"ListItem\",\"position\":2,\"name\":\"Historici bojuj\u00ed s n\u00e1ro\u010dnou trat\u00ed, v\u00fdsledk\u016fm kraluje Neumann\"}]},{\"@type\":\"WebSite\",\"@id\":\"https:\/\/www.agrotecrally.cz\/#website\",\"url\":\"https:\/\/www.agrotecrally.cz\/\",\"name\":\"AGROTEC Petronas rally\",\"description\":\"Rally mezi vinicemi\",\"publisher\":{\"@id\":\"https:\/\/www.agrotecrally.cz\/#organization\"},\"potentialAction\":[{\"@type\":\"SearchAction\",\"target\":{\"@type\":\"EntryPoint\",\"urlTemplate\":\"https:\/\/www.agrotecrally.cz\/?s={search_term_string}\"},\"query-input\":\"required name=search_term_string\"}],\"inLanguage\":\"en-GB\"},{\"@type\":\"Organization\",\"@id\":\"https:\/\/www.agrotecrally.cz\/#organization\",\"name\":\"AGROTEC Petronas rally\",\"url\":\"https:\/\/www.agrotecrally.cz\/\",\"logo\":{\"@type\":\"ImageObject\",\"inLanguage\":\"en-GB\",\"@id\":\"https:\/\/www.agrotecrally.cz\/#\/schema\/logo\/image\/\",\"url\":\"https:\/\/www.agrotecrally.cz\/wp-content\/uploads\/2021\/05\/AGROTEC-RALLY_16-01-web-2.png\",\"contentUrl\":\"https:\/\/www.agrotecrally.cz\/wp-content\/uploads\/2021\/05\/AGROTEC-RALLY_16-01-web-2.png\",\"width\":459,\"height\":222,\"caption\":\"AGROTEC Petronas rally\"},\"image\":{\"@id\":\"https:\/\/www.agrotecrally.cz\/#\/schema\/logo\/image\/\"},\"sameAs\":[\"https:\/\/www.facebook.com\/agrotecrally\"]},{\"@type\":\"Person\",\"@id\":\"https:\/\/www.agrotecrally.cz\/#\/schema\/person\/38a02deaa1f019e278fc735d03d83f85\",\"name\":\"Tom\u00e1\u0161 Plach\u00fd\",\"image\":{\"@type\":\"ImageObject\",\"inLanguage\":\"en-GB\",\"@id\":\"https:\/\/www.agrotecrally.cz\/#\/schema\/person\/image\/\",\"url\":\"https:\/\/secure.gravatar.com\/avatar\/a7a68eee7fdb2b4f0975cdc024983e22?s=96&d=mm&r=g\",\"contentUrl\":\"https:\/\/secure.gravatar.com\/avatar\/a7a68eee7fdb2b4f0975cdc024983e22?s=96&d=mm&r=g\",\"caption\":\"Tom\u00e1\u0161 Plach\u00fd\"},\"url\":\"https:\/\/www.agrotecrally.cz\/en\/author\/topmediaseznam-cz\/\"}]}<\/script>\n<!-- \/ Yoast SEO plugin. -->","yoast_head_json":{"title":"Historici bojuj\u00ed s n\u00e1ro\u010dnou trat\u00ed, v\u00fdsledk\u016fm kraluje Neumann | AGROTEC Petronas Rally","robots":{"index":"index","follow":"follow","max-snippet":"max-snippet:-1","max-image-preview":"max-image-preview:large","max-video-preview":"max-video-preview:-1"},"canonical":"https:\/\/www.agrotecrally.cz\/en\/rally-hustopece\/historici-bojuji-s-narocnou-trati-vysledkum-kraluje-neumann\/","og_locale":"en_GB","og_type":"article","og_title":"Historici bojuj\u00ed s n\u00e1ro\u010dnou trat\u00ed, v\u00fdsledk\u016fm kraluje Neumann | AGROTEC Petronas Rally","og_description":"Jako n\u016f\u017e m\u00e1slem proch\u00e1z\u00ed 17. ro\u010dn\u00edkem Agrotec Petronas rally Hustope\u010de Vlastimil Neumann se spolujezdcem Martinem Hlavat\u00fdm. V kategorii historick\u00fdch automobil\u016f uko\u0159istili v\u00edt\u011bzstv\u00ed na v\u0161ech p\u00e1te\u010dn\u00edch rychlostn\u00edch zkou\u0161k\u00e1ch a jejich dominance p\u0159esahuje jednu sekundu na ka\u017ed\u00e9m z\u00e1vodn\u00edm kilometru. P\u00e1te\u010dn\u00edmi administrativn\u00edmi a technick\u00fdmi p\u0159ej\u00edmkami pro\u0161lo 25 bojovn\u00edk\u016f o body do Mistrovstv\u00ed \u010cR a SR v rally historick\u00fdch [&hellip;]","og_url":"https:\/\/www.agrotecrally.cz\/en\/rally-hustopece\/historici-bojuji-s-narocnou-trati-vysledkum-kraluje-neumann\/","og_site_name":"AGROTEC Petronas Rally","article_publisher":"https:\/\/www.facebook.com\/agrotecrally","article_published_time":"2022-06-18T10:46:39+00:00","article_modified_time":"2022-06-18T10:48:18+00:00","og_image":[{"width":980,"height":654,"url":"https:\/\/www.agrotecrally.cz\/wp-content\/uploads\/2022\/06\/sasinek_hustopece2022_rallyservice.jpg","type":"image\/jpeg"}],"author":"Tom\u00e1\u0161 Plach\u00fd","twitter_card":"summary_large_image","twitter_misc":{"Written by":"Tom\u00e1\u0161 Plach\u00fd","Estimated reading time":"2 minutes"},"schema":{"@context":"https:\/\/schema.org","@graph":[{"@type":"Article","@id":"https:\/\/www.agrotecrally.cz\/en\/rally-hustopece\/historici-bojuji-s-narocnou-trati-vysledkum-kraluje-neumann\/#article","isPartOf":{"@id":"https:\/\/www.agrotecrally.cz\/en\/rally-hustopece\/historici-bojuji-s-narocnou-trati-vysledkum-kraluje-neumann\/"},"author":{"name":"Tom\u00e1\u0161 Plach\u00fd","@id":"https:\/\/www.agrotecrally.cz\/#\/schema\/person\/38a02deaa1f019e278fc735d03d83f85"},"headline":"Historici bojuj\u00ed s n\u00e1ro\u010dnou trat\u00ed, v\u00fdsledk\u016fm kraluje Neumann","datePublished":"2022-06-18T10:46:39+00:00","dateModified":"2022-06-18T10:48:18+00:00","mainEntityOfPage":{"@id":"https:\/\/www.agrotecrally.cz\/en\/rally-hustopece\/historici-bojuji-s-narocnou-trati-vysledkum-kraluje-neumann\/"},"wordCount":443,"commentCount":0,"publisher":{"@id":"https:\/\/www.agrotecrally.cz\/#organization"},"articleSection":["AGROTEC rally Hustope\u010de","Rally mezi vinicemi"],"inLanguage":"en-GB","potentialAction":[{"@type":"CommentAction","name":"Comment","target":["https:\/\/www.agrotecrally.cz\/en\/rally-hustopece\/historici-bojuji-s-narocnou-trati-vysledkum-kraluje-neumann\/#respond"]}]},{"@type":"WebPage","@id":"https:\/\/www.agrotecrally.cz\/en\/rally-hustopece\/historici-bojuji-s-narocnou-trati-vysledkum-kraluje-neumann\/","url":"https:\/\/www.agrotecrally.cz\/en\/rally-hustopece\/historici-bojuji-s-narocnou-trati-vysledkum-kraluje-neumann\/","name":"Historici bojuj\u00ed s n\u00e1ro\u010dnou trat\u00ed, v\u00fdsledk\u016fm kraluje Neumann | AGROTEC Petronas Rally","isPartOf":{"@id":"https:\/\/www.agrotecrally.cz\/#website"},"datePublished":"2022-06-18T10:46:39+00:00","dateModified":"2022-06-18T10:48:18+00:00","breadcrumb":{"@id":"https:\/\/www.agrotecrally.cz\/en\/rally-hustopece\/historici-bojuji-s-narocnou-trati-vysledkum-kraluje-neumann\/#breadcrumb"},"inLanguage":"en-GB","potentialAction":[{"@type":"ReadAction","target":["https:\/\/www.agrotecrally.cz\/en\/rally-hustopece\/historici-bojuji-s-narocnou-trati-vysledkum-kraluje-neumann\/"]}]},{"@type":"BreadcrumbList","@id":"https:\/\/www.agrotecrally.cz\/en\/rally-hustopece\/historici-bojuji-s-narocnou-trati-vysledkum-kraluje-neumann\/#breadcrumb","itemListElement":[{"@type":"ListItem","position":1,"name":"Dom\u016f","item":"https:\/\/www.agrotecrally.cz\/"},{"@type":"ListItem","position":2,"name":"Historici bojuj\u00ed s n\u00e1ro\u010dnou trat\u00ed, v\u00fdsledk\u016fm kraluje Neumann"}]},{"@type":"WebSite","@id":"https:\/\/www.agrotecrally.cz\/#website","url":"https:\/\/www.agrotecrally.cz\/","name":"AGROTEC Petronas rally","description":"Rally mezi vinicemi","publisher":{"@id":"https:\/\/www.agrotecrally.cz\/#organization"},"potentialAction":[{"@type":"SearchAction","target":{"@type":"EntryPoint","urlTemplate":"https:\/\/www.agrotecrally.cz\/?s={search_term_string}"},"query-input":"required name=search_term_string"}],"inLanguage":"en-GB"},{"@type":"Organization","@id":"https:\/\/www.agrotecrally.cz\/#organization","name":"AGROTEC Petronas rally","url":"https:\/\/www.agrotecrally.cz\/","logo":{"@type":"ImageObject","inLanguage":"en-GB","@id":"https:\/\/www.agrotecrally.cz\/#\/schema\/logo\/image\/","url":"https:\/\/www.agrotecrally.cz\/wp-content\/uploads\/2021\/05\/AGROTEC-RALLY_16-01-web-2.png","contentUrl":"https:\/\/www.agrotecrally.cz\/wp-content\/uploads\/2021\/05\/AGROTEC-RALLY_16-01-web-2.png","width":459,"height":222,"caption":"AGROTEC Petronas rally"},"image":{"@id":"https:\/\/www.agrotecrally.cz\/#\/schema\/logo\/image\/"},"sameAs":["https:\/\/www.facebook.com\/agrotecrally"]},{"@type":"Person","@id":"https:\/\/www.agrotecrally.cz\/#\/schema\/person\/38a02deaa1f019e278fc735d03d83f85","name":"Tom\u00e1\u0161 Plach\u00fd","image":{"@type":"ImageObject","inLanguage":"en-GB","@id":"https:\/\/www.agrotecrally.cz\/#\/schema\/person\/image\/","url":"https:\/\/secure.gravatar.com\/avatar\/a7a68eee7fdb2b4f0975cdc024983e22?s=96&d=mm&r=g","contentUrl":"https:\/\/secure.gravatar.com\/avatar\/a7a68eee7fdb2b4f0975cdc024983e22?s=96&d=mm&r=g","caption":"Tom\u00e1\u0161 Plach\u00fd"},"url":"https:\/\/www.agrotecrally.cz\/en\/author\/topmediaseznam-cz\/"}]}},"_links":{"self":[{"href":"https:\/\/www.agrotecrally.cz\/en\/wp-json\/wp\/v2\/posts\/1799"}],"collection":[{"href":"https:\/\/www.agrotecrally.cz\/en\/wp-json\/wp\/v2\/posts"}],"about":[{"href":"https:\/\/www.agrotecrally.cz\/en\/wp-json\/wp\/v2\/types\/post"}],"author":[{"embeddable":true,"href":"https:\/\/www.agrotecrally.cz\/en\/wp-json\/wp\/v2\/users\/2"}],"replies":[{"embeddable":true,"href":"https:\/\/www.agrotecrally.cz\/en\/wp-json\/wp\/v2\/comments?post=1799"}],"version-history":[{"count":4,"href":"https:\/\/www.agrotecrally.cz\/en\/wp-json\/wp\/v2\/posts\/1799\/revisions"}],"predecessor-version":[{"id":1804,"href":"https:\/\/www.agrotecrally.cz\/en\/wp-json\/wp\/v2\/posts\/1799\/revisions\/1804"}],"wp:featuredmedia":[{"embeddable":true,"href":"https:\/\/www.agrotecrally.cz\/en\/wp-json\/wp\/v2\/media\/1800"}],"wp:attachment":[{"href":"https:\/\/www.agrotecrally.cz\/en\/wp-json\/wp\/v2\/media?parent=1799"}],"wp:term":[{"taxonomy":"category","embeddable":true,"href":"https:\/\/www.agrotecrally.cz\/en\/wp-json\/wp\/v2\/categories?post=1799"},{"taxonomy":"post_tag","embeddable":true,"href":"https:\/\/www.agrotecrally.cz\/en\/wp-json\/wp\/v2\/tags?post=1799"}],"curies":[{"name":"wp","href":"https:\/\/api.w.org\/{rel}","templated":true}]}}