{"id":1805,"date":"2022-06-18T14:20:15","date_gmt":"2022-06-18T13:20:15","guid":{"rendered":"https:\/\/www.agrotecrally.cz\/?p=1805"},"modified":"2022-06-18T14:21:19","modified_gmt":"2022-06-18T13:21:19","slug":"souboj-o-vitezstvi-graduje-prvni-trojka-je-srovnana-v-deseti-sekundach","status":"publish","type":"post","link":"https:\/\/www.agrotecrally.cz\/en\/rally-hustopece\/souboj-o-vitezstvi-graduje-prvni-trojka-je-srovnana-v-deseti-sekundach\/","title":{"rendered":"Souboj o v\u00edt\u011bzstv\u00ed graduje, prvn\u00ed trojka je srovn\u00e1na v deseti sekund\u00e1ch"},"content":{"rendered":"<p><strong>Ani prvn\u00ed pr\u016fjezdy trojic\u00ed n\u00e1ro\u010dn\u00fdch sobotn\u00edch \u00fasek\u016f p\u0159\u00edli\u0161 nepomohly s vylu\u0161t\u011bn\u00edm h\u00e1danky, kdo na 17. ro\u010dn\u00edku Agrotec Petronas rally Hustope\u010de vystoup\u00e1 na nejvy\u0161\u0161\u00ed stup\u00ednek. Veden\u00ed udr\u017eel Jan Kopeck\u00fd, ale do z\u00e1v\u011bre\u010dn\u00e9 sekce sout\u011b\u017ee vstupuje s n\u00e1skokem pouh\u00fdch 1.3 sekundy.<\/strong><\/p>\n<p>Druh\u00e1 etapa za\u010dala o\u010dek\u00e1van\u00fdm n\u00e1stupem V\u00e1clava Pecha, jeho\u017e Focusu WRC sv\u011bd\u010dil svi\u017en\u00fd profil \u00favodn\u00ed starovick\u00e9 \u201eerzety\u201c. Jej\u00edm c\u00edlem prolet\u011bl v rychlostn\u00edm pr\u016fm\u011bru 119.2 km\/h a sn\u00ed\u017eil svoji ztr\u00e1tu na vedouc\u00edho Jana Kopeck\u00e9ho o 1.6 sekundy. Na \u0160itbo\u0159ic\u00edch mu pilot dom\u00e1c\u00edho Agrotec \u0160koda Rally Teamu por\u00e1\u017eku vr\u00e1til, z\u00edskal v\u0161ak na svoji stranu pouh\u00fdch dev\u011bt desetin sekundy.<\/p>\n<p>Op\u011bt se tedy \u010dekalo, jak s v\u00fdsledky zam\u00e1v\u00e1 nejdel\u0161\u00ed test Div\u00e1ky s d\u00e9lkou p\u0159es 20 kilometr\u016f. Zde zatroubil k \u00fatoku nejen Pech, ale i pr\u016fb\u011b\u017en\u011b t\u0159et\u00ed Filip Mare\u0161, kte\u0159\u00ed oba Kopeck\u00e9ho porazili a st\u00e1hli jeho n\u00e1skok o v\u00edce ne\u017e t\u0159i sekundy. P\u0159ed z\u00e1v\u011bre\u010dn\u00fdmi \u010dty\u0159mi des\u00edtkami z\u00e1vodn\u00edch kilometr\u016f se tedy Kopeck\u00e9ho veden\u00ed zten\u010dilo na zmi\u0148ovan\u00fdch 1.3 sekundy p\u0159ed Pechem a bez \u0161anc\u00ed na v\u00edt\u011bzstv\u00ed st\u00e1le nen\u00ed ani t\u0159et\u00ed Mare\u0161 s odstupem 8.4 vte\u0159iny od vedouc\u00edho jezdce.<\/p>\n<p>Na \u010dtvrt\u00e9m m\u00edst\u011b se pevn\u011b usadil Dominik St\u0159\u00edtesk\u00fd, kter\u00fd si p\u0159ed Grzegorzem Grzybem vyjel n\u00e1skok 22 sekund. Polsk\u00e9ho pilota ve slovensk\u00fdch slu\u017eb\u00e1ch v\u0161ak p\u0159ednostn\u011b tr\u00e1p\u00ed v\u00fdvoj slovensk\u00e9ho seri\u00e1lu, kter\u00fd se dnes hodnot\u00ed zvl\u00e1\u0161\u0165. V samostatn\u00e9m hodnocen\u00ed druh\u00e9ho dne je toti\u017e aktu\u00e1ln\u011b p\u0159ed n\u00edm nejen Filip Mare\u0161, ale tak\u00e9 Jaroslav Melich\u00e1rek, kter\u00fd oproti v\u010derej\u0161ku p\u016fsob\u00ed jako pokropen\u00fd \u017eivou vodou.<\/p>\n<p>Velk\u00e9 horko a n\u00e1ro\u010dn\u00e1 tra\u0165 si dnes za\u010daly vyb\u00edrat da\u0148 v podob\u011b v\u011bt\u0161\u00edho mno\u017estv\u00ed odstoupen\u00fdch pos\u00e1dek. Posilova\u010d \u0159\u00edzen\u00ed zradil hned na prvn\u00edm dopoledn\u00edm \u00faseku uchaze\u010de o prvn\u00ed des\u00edtku Karla Trn\u011bn\u00e9ho, o \u201eerzetu\u201c d\u00e1l zakon\u010dil svoje \u00fa\u010dinkov\u00e1n\u00ed hav\u00e1ri\u00ed Ond\u0159ej \u0160imek (z preventivn\u00edch d\u016fvod\u016f za n\u00edm na tra\u0165 vyj\u00ed\u017ed\u011bla sanitka). Kalich ho\u0159kosti si vypil a\u017e do dna Adam B\u0159ez\u00edk, kter\u00fd po v\u010derej\u0161\u00ed dvouminutov\u00e9 ztr\u00e1t\u011b zavin\u011bn\u00e9 defektem ztratil dal\u0161\u00edch p\u011bt minut z d\u016fvodu technick\u00fdch probl\u00e9m\u016f (elektronika).<\/p>\n<p><strong>Ohlasy po RZ 9:<br \/>\n<\/strong><br \/>\nJan Kopeck\u00fd (st.\u010d.1, 1. m\u00edsto): <em><strong>&#8222;Jedeme po\u0159\u00e1d jak nejrychleji to jde. V tomhle tempu se ani ned\u00e1 nijak zvolnit. Z\u016fst\u00e1v\u00e1me ve veden\u00ed, ale uvid\u00edme, jak dlouho je\u0161t\u011b. Snad se te\u010f ty \u0161otolinov\u00e9 \u00faseky trochu pro\u010distily, proto\u017ee to bylo fakt jako posypan\u00e9 hrachem. Na t\u011bch nov\u00fdch \u00fasec\u00edch a m\u00edstech kde se dlouho nejelo jsme \u010distili stopu, prost\u011b to tak je. Budeme se te\u010f tedy sna\u017eit vyu\u017e\u00edt ka\u017ed\u00e9ho centimetru, kde budou pneumatiky dr\u017eet. Snad se n\u00e1m to poda\u0159\u00ed, i d\u00edky \u0161pion\u016fm, kte\u0159\u00ed jsou tady povolen\u00ed. Mus\u00edme tedy opravdu zamakat a naj\u00edt ta m\u00edsta, kde to dr\u017e\u00ed a naplno to vyu\u017e\u00edt.&#8220;<\/strong><\/em><\/p>\n<p>V\u00e1clav Pech (st.\u010d.2, 2. m\u00edsto): <em><strong>&#8222;Je horko, ale v aut\u011b se to d\u00e1 n\u011bjak vydr\u017eet a jsme na to p\u0159ipraven\u00ed. Je to nep\u0159\u00edjemn\u00e9, ale nen\u00ed to \u017e\u00e1dn\u00fd z\u00e1sadn\u00ed probl\u00e9m. Jede se stra\u0161n\u011b rychle. V takov\u00e9m tempu u\u017e n\u011bjak\u00fd prostor na zrychlov\u00e1n\u00ed nen\u00ed.&#8220;<\/strong><\/em><\/p>\n<p>Filip Mare\u0161 (st. \u010d. 3, 3. m\u00edsto): <em><strong>&#8222;Super, hlavn\u011b na t\u00e9 posledn\u00ed dlouh\u00e9 jsme se kr\u00e1sn\u011b svezli. J\u00e1 m\u00e1m r\u00e1d dlouh\u00e9 erzety, kde se \u010dlov\u011bk dostane do tempa, bylo to super svezen\u00ed. Jinak to klasicky stejn\u011b jako v\u010dera v prvn\u00edch pr\u016fjezdech klouzalo, tak\u017ee m\u00edstama m\u011b to p\u0159ekvapilo, jinak dobr\u00e9. Jsem r\u00e1d, \u017ee kontakt dr\u017e\u00edme, jen \u0161koda toho prachu v\u010dera, proto\u017ee bychom ur\u010dit\u011b byli bl\u00ed\u017e. Co se t\u00fd\u010de erzet, j\u00e1 mysl\u00edm, \u017ee charakterov\u011b jsou tady ty zkou\u0161ky podobn\u00e9, mo\u017en\u00e1 Starovice jsou rychlej\u0161\u00ed. J\u00e1 osobn\u011b jsem \u010dekal, \u017ee na posledn\u00ed dlouh\u00e9 erzet\u011b, kv\u016fli t\u011bm rovin\u00e1m, n\u00e1m Va\u0161ek stra\u0161n\u011b ust\u0159el\u00ed, proto\u017ee jsme tam jeli n\u011bkolik des\u00edtek vte\u0159in v omezova\u010di a jestli je v maxim\u00e1lce rozd\u00edl 25 km\/h, tak jsme up\u0159\u00edmn\u011b p\u0159ekvapen\u00ed, jak bl\u00edzko Va\u0161kovi jsme.&#8220;<\/strong><\/em><\/p>\n<p>Dominik St\u0159\u00edtesk\u00fd (st.\u010d.4, 4. m\u00edsto): <em><strong>&#8222;Bylo to t\u011b\u017ek\u00e9 a n\u011bjak jsem se v tom tempu nemohl chytit. V celkov\u00e9m po\u0159ad\u00ed se ale nem\u00e1me kam posunout a Grzegorze dr\u017e\u00edme \u00fasp\u011b\u0161n\u011b za n\u00e1mi. Tomu asi odpov\u00edd\u00e1 i na\u0161e tempo a mo\u017en\u00e1 i proto se dneska n\u011bjak nem\u016f\u017eu naj\u00edt. Pro m\u011b byly trochu o\u0159\u00ed\u0161kem ty \u0161otolinov\u00e9 \u00faseky, proto\u017ee na \u0161otolin\u011b nem\u00e1m nic odjeto. Rad\u011bji jsem tam byl opatrn\u011bj\u0161\u00ed.&#8220;<\/strong><\/em><\/p>\n<p>Grzegorz Grzyb (st.\u010d.5, 5. m\u00edsto): <em><strong>&#8222;Pro n\u00e1s je to &#8218;medium&#8216;. Nem\u016f\u017eeme jet tak super rychle jako kluci vep\u0159edu, sna\u017e\u00edme se jet co nejl\u00e9pe, ale ten rytmus nen\u00ed \u00fapln\u011b fajn. Souboj s Melich\u00e1rkem ve slovensk\u00e9m hodnocen\u00ed bychom cht\u011bli vyhr\u00e1t.&#8220;<\/strong><\/em><\/p>\n<p>Adam B\u0159ez\u00edk (st \u010d.6, 27. m\u00edsto): <em><strong>&#8222;Prvn\u00ed dv\u011b vlo\u017eky byly p\u011bkn\u00e9, dost\u00e1vali jsme se do tempa po tom v\u010derej\u0161ku, kdy jsme ud\u011blali defekt. Te\u010fka na posledn\u00ed \u201eerzet\u011b\u201c, p\u00e1r kilometr\u016f po startu na nov\u00e9 \u0161otolin\u011b p\u0159ed Kurd\u011bjovem, auto spadlo do nouzov\u00e9ho syst\u00e9mu, zastavilo se a nic. Nechali jsme tam n\u011bjak\u00fdch p\u011bt, \u0161est minut ne\u017e jsme pro\u0161li kabel\u00e1\u017e, zjistili, \u017ee je v\u0161echno p\u0159ipojen\u00e9, a zresetovali auto.&#8220;<\/strong><\/em><\/p>\n<p>Jaroslav Melich\u00e1rek (st.\u010d.7, 7. m\u00edsto): <em><strong>&#8222;Oproti v\u010derej\u0161ku mus\u00edme b\u00fdt spokojen\u011bj\u0161\u00ed. Dne\u0161n\u00ed zkou\u0161ky se mi l\u00edb\u00ed v\u00edc ne\u017e v\u010derej\u0161\u00ed \u0161otoliny, kde jsme v lese nic nevid\u011bli. Dnes je to komfortn\u011bj\u0161\u00ed, vid\u00edme na cestu a jede se n\u00e1m l\u00e9pe. Je to vid\u011bt i na lep\u0161\u00edch \u010dasech. Ud\u011blali jsme n\u011bjak\u00e9 zm\u011bny na aut\u011b, ale postupujeme pomalinku. Nem\u00e1me mo\u017enost p\u0159ipravit se na takov\u00e9 podm\u00ednky dop\u0159edu tak\u017ee testujeme v pr\u016fb\u011bhu z\u00e1vodu.&#8220;<\/strong><\/em><\/p>\n<p>Martin Vl\u010dek (st.\u010d.8, 8. m\u00edsto): <em><strong>&#8222;J\u00e1 jsem vcelku spokojen\u00fd. Na to v\u0161echno, co tady za\u017e\u00edv\u00e1me, jsem r\u00e1d, \u017ee n\u00e1m to jde tak, jak n\u00e1m to jde. Se Sa\u0161ou jsme se na\u0161li a symbi\u00f3za tam je. V podstat\u011b si mysl\u00edm, \u017ee jedeme tam, kam pat\u0159\u00edme. Sice jsme cht\u011bli ubr\u00e1nit sedm\u00e9 m\u00edsto absolutn\u011b, ale ta z\u00e1v\u011bre\u010dn\u00e1 dvacetikilometrov\u00e1 vlo\u017eka, kter\u00e1 se jede p\u0159es Div\u00e1ky, to je prost\u011b skoro \u0161est kilometr\u016f furt rovn\u011b a my tam jedem celou dobu v omezova\u010di. Je mi l\u00edto motoru, techniky a p\u0159i t\u00e9 maxim\u00e1lce, kterou m\u00e1me okolo 180 km\/h, na &#8218;wrca&#8216; nem\u00e1me \u0161anci. Tak\u017ee Jaro Melich\u00e1rek n\u00e1s te\u010f &#8218;sko\u010dil&#8216; a j\u00e1 si nejsem v\u011bdom, kde bych ubral plyn.&#8220;<\/strong><\/em><\/p>\n<p>Miroslav Jake\u0161 (st.\u010d.9, 6. m\u00edsto): <em><strong>&#8222;Te\u010f to byly typick\u00e9 Hustope\u010de. Je hodn\u011b teplo, trat\u011b jsou klasika, a\u017e na p\u00e1r \u00fasek\u016f. Za dne nemus\u00edme \u0159e\u0161it probl\u00e9my s rampou, jako v\u010dera v noci, tak to bylo v pohod\u011b. Po\u0159\u00e1d ale mus\u00edm myslet na zm\u011bnu j\u00edzdn\u00edho stylu, \u00fapln\u011b to nedok\u00e1\u017eu. Ford pot\u0159ebuje p\u0159id\u00e1vat plyn v zat\u00e1\u010dce stra\u0161n\u011b brzo a je\u0161t\u011b to neum\u00edm.&#8220;<\/strong><\/em><\/p>\n<p>V\u011broslav Cvr\u010dek (st. \u010d. 10, 9. m\u00edsto): <em><strong>&#8222;Na prvn\u00ed dne\u0161n\u00ed erzet\u011b jsem ud\u011blal chybu, byli jsme venku a pak jsem musel zastavit, abych vy\u010distil chladi\u010d, proto\u017ee tam byla spousta kuku\u0159ice a za\u010dal se h\u0159\u00e1t motor. Tam jsme ztratili dost, dal\u0161\u00ed vlo\u017eky u\u017e byly v pohod\u011b. Te\u010f jsem taky ud\u011blal jednu chybi\u010dku, ale nest\u00e1lo n\u00e1s to skoro \u017e\u00e1dn\u00fd \u010das.&#8220;<\/strong><\/em><\/p>\n<p>Karel Trojan (st.\u010d.12, ): <em><strong>&#8222;N\u011bjak se tro\u0161ku tr\u00e1p\u00edme s technikou. V\u010dera byly pot\u00ed\u017ee s diferenci\u00e1lem a dneska n\u00e1m asi kv\u016fli tomu nefungovalo odpojov\u00e1n\u00ed ru\u010dn\u00ed brzdy, co\u017e jsme zjistili u\u017e na prvn\u00ed sobotn\u00ed zkou\u0161ce. Zat\u00e1hnul jsem za ni a m\u00e1lem jsem skon\u010dil p\u0159edkem v poli. Prvn\u00ed zkou\u0161ku jsme tedy jeli \u00fapln\u011b bez ru\u010dn\u00ed brzdy. Pak jsem z hydrauliky vyndal n\u011bjakou distan\u010dn\u00ed podlo\u017eku a trochu to funguje, ale poka\u017ed\u00e9 jinak. Trochu se s t\u00edm tr\u00e1p\u00edm, ale jsem r\u00e1d, \u017ee jsme tady na pozici na jak\u00e9 jsme.&#8220;<\/strong><\/em><\/p>\n<p>Jarom\u00edr Tarabus (st.\u010d.22, 15. m\u00edsto): <em><strong>&#8222;M\u00e1me n\u00e1skok, tak\u017ee nemus\u00edme nikam sp\u011bchat. Po\u0159\u00e1d se sna\u017e\u00edme jet jak um\u00edme. N\u011bkde by to \u0161lo rychleji, n\u011bkde je to akor\u00e1t. Kone\u010dn\u011b jsme si te\u010f u\u017eili ty \u0161otolinov\u00e9 \u00faseky, proto\u017ee jsme jeli po dvou minut\u00e1ch a nem\u011bli napr\u00e1\u0161eno. Bylo to super a mohli jsme se p\u011bkn\u011b sv\u00e9zt. Zm\u011bny na aut\u011b jsme zkou\u0161eli v\u010dera, dnes jsme nic nem\u011bnili. Sp\u00ed\u0161 zkou\u0161\u00edme jak se chovaj\u00ed ty v\u010derej\u0161\u00ed \u00fapravy.&#8220;<\/strong><\/em><\/p>\n<p>Vlastimil Majer\u010d\u00e1k (st. \u010d. 24, 18. m\u00edsto): <em><strong>&#8222;T\u0159\u00eddu vedeme bezpe\u010dn\u011b, tak\u017ee spokojenost. V\u010dera to bylo pro n\u00e1s velmi dobr\u00e9, dok\u00e1zali jsme zajet i n\u011bjak\u00fd \u010dtrn\u00e1ct\u00fd \u010das absolutn\u011b, no\u010dn\u00ed \u201eerzety\u201c n\u00e1m vyhovovaly. Dnes je to hodn\u011b citeln\u011b na v\u00fdkon, jsou na trati dlouh\u00e9 rovinat\u00e9 \u00faseky, kde jedeme na pln\u00fd plyn a m\u00e1me n\u00edzkou maxim\u00e1lku.&#8220;<\/strong><\/em><\/p>\n<p>AGROTEC PETRONAS rally Hustope\u010de 2022, tiskov\u00fd servis<\/p>\n<p>Jan Va\u0161kovi\u010d a Ji\u0159\u00ed Dokulil, foto: Rallyservice.cz<\/p>","protected":false},"excerpt":{"rendered":"<p>Ani prvn\u00ed pr\u016fjezdy trojic\u00ed n\u00e1ro\u010dn\u00fdch sobotn\u00edch \u00fasek\u016f p\u0159\u00edli\u0161 nepomohly s vylu\u0161t\u011bn\u00edm h\u00e1danky, kdo na 17. ro\u010dn\u00edku Agrotec Petronas rally Hustope\u010de vystoup\u00e1 na nejvy\u0161\u0161\u00ed stup\u00ednek. Veden\u00ed udr\u017eel Jan Kopeck\u00fd, ale do z\u00e1v\u011bre\u010dn\u00e9 sekce sout\u011b\u017ee vstupuje s n\u00e1skokem pouh\u00fdch 1.3 sekundy. Druh\u00e1 etapa za\u010dala o\u010dek\u00e1van\u00fdm n\u00e1stupem V\u00e1clava Pecha, jeho\u017e Focusu WRC sv\u011bd\u010dil svi\u017en\u00fd profil \u00favodn\u00ed starovick\u00e9 \u201eerzety\u201c. [&hellip;]<\/p>","protected":false},"author":2,"featured_media":1806,"comment_status":"open","ping_status":"open","sticky":false,"template":"","format":"standard","meta":{"_et_pb_use_builder":"","_et_pb_old_content":"","_et_gb_content_width":"","footnotes":""},"categories":[10,9],"tags":[],"yoast_head":"<!-- This site is optimized with the Yoast SEO plugin v21.9.1 - https:\/\/yoast.com\/wordpress\/plugins\/seo\/ -->\n<title>Souboj o v\u00edt\u011bzstv\u00ed graduje, prvn\u00ed trojka je srovn\u00e1na v deseti sekund\u00e1ch | AGROTEC Petronas Rally<\/title>\n<meta name=\"robots\" content=\"index, follow, max-snippet:-1, max-image-preview:large, max-video-preview:-1\" \/>\n<link rel=\"canonical\" href=\"https:\/\/www.agrotecrally.cz\/en\/rally-hustopece\/souboj-o-vitezstvi-graduje-prvni-trojka-je-srovnana-v-deseti-sekundach\/\" \/>\n<meta property=\"og:locale\" content=\"en_GB\" \/>\n<meta property=\"og:type\" content=\"article\" \/>\n<meta property=\"og:title\" content=\"Souboj o v\u00edt\u011bzstv\u00ed graduje, prvn\u00ed trojka je srovn\u00e1na v deseti sekund\u00e1ch | AGROTEC Petronas Rally\" \/>\n<meta property=\"og:description\" content=\"Ani prvn\u00ed pr\u016fjezdy trojic\u00ed n\u00e1ro\u010dn\u00fdch sobotn\u00edch \u00fasek\u016f p\u0159\u00edli\u0161 nepomohly s vylu\u0161t\u011bn\u00edm h\u00e1danky, kdo na 17. ro\u010dn\u00edku Agrotec Petronas rally Hustope\u010de vystoup\u00e1 na nejvy\u0161\u0161\u00ed stup\u00ednek. Veden\u00ed udr\u017eel Jan Kopeck\u00fd, ale do z\u00e1v\u011bre\u010dn\u00e9 sekce sout\u011b\u017ee vstupuje s n\u00e1skokem pouh\u00fdch 1.3 sekundy. Druh\u00e1 etapa za\u010dala o\u010dek\u00e1van\u00fdm n\u00e1stupem V\u00e1clava Pecha, jeho\u017e Focusu WRC sv\u011bd\u010dil svi\u017en\u00fd profil \u00favodn\u00ed starovick\u00e9 \u201eerzety\u201c. [&hellip;]\" \/>\n<meta property=\"og:url\" content=\"https:\/\/www.agrotecrally.cz\/en\/rally-hustopece\/souboj-o-vitezstvi-graduje-prvni-trojka-je-srovnana-v-deseti-sekundach\/\" \/>\n<meta property=\"og:site_name\" content=\"AGROTEC Petronas Rally\" \/>\n<meta property=\"article:publisher\" content=\"https:\/\/www.facebook.com\/agrotecrally\" \/>\n<meta property=\"article:published_time\" content=\"2022-06-18T13:20:15+00:00\" \/>\n<meta property=\"article:modified_time\" content=\"2022-06-18T13:21:19+00:00\" \/>\n<meta property=\"og:image\" content=\"https:\/\/www.agrotecrally.cz\/wp-content\/uploads\/2022\/06\/kopecky_hustopece22b_rallyservice.jpg\" \/>\n\t<meta property=\"og:image:width\" content=\"980\" \/>\n\t<meta property=\"og:image:height\" content=\"654\" \/>\n\t<meta property=\"og:image:type\" content=\"image\/jpeg\" \/>\n<meta name=\"author\" content=\"Tom\u00e1\u0161 Plach\u00fd\" \/>\n<meta name=\"twitter:card\" content=\"summary_large_image\" \/>\n<meta name=\"twitter:label1\" content=\"Written by\" \/>\n\t<meta name=\"twitter:data1\" content=\"Tom\u00e1\u0161 Plach\u00fd\" \/>\n\t<meta name=\"twitter:label2\" content=\"Estimated reading time\" \/>\n\t<meta name=\"twitter:data2\" content=\"6 minutes\" \/>\n<script type=\"application\/ld+json\" class=\"yoast-schema-graph\">{\"@context\":\"https:\/\/schema.org\",\"@graph\":[{\"@type\":\"Article\",\"@id\":\"https:\/\/www.agrotecrally.cz\/rally-hustopece\/souboj-o-vitezstvi-graduje-prvni-trojka-je-srovnana-v-deseti-sekundach\/#article\",\"isPartOf\":{\"@id\":\"https:\/\/www.agrotecrally.cz\/rally-hustopece\/souboj-o-vitezstvi-graduje-prvni-trojka-je-srovnana-v-deseti-sekundach\/\"},\"author\":{\"name\":\"Tom\u00e1\u0161 Plach\u00fd\",\"@id\":\"https:\/\/www.agrotecrally.cz\/#\/schema\/person\/38a02deaa1f019e278fc735d03d83f85\"},\"headline\":\"Souboj o v\u00edt\u011bzstv\u00ed graduje, prvn\u00ed trojka je srovn\u00e1na v deseti sekund\u00e1ch\",\"datePublished\":\"2022-06-18T13:20:15+00:00\",\"dateModified\":\"2022-06-18T13:21:19+00:00\",\"mainEntityOfPage\":{\"@id\":\"https:\/\/www.agrotecrally.cz\/rally-hustopece\/souboj-o-vitezstvi-graduje-prvni-trojka-je-srovnana-v-deseti-sekundach\/\"},\"wordCount\":1675,\"commentCount\":1,\"publisher\":{\"@id\":\"https:\/\/www.agrotecrally.cz\/#organization\"},\"articleSection\":[\"AGROTEC rally Hustope\u010de\",\"Rally mezi vinicemi\"],\"inLanguage\":\"en-GB\",\"potentialAction\":[{\"@type\":\"CommentAction\",\"name\":\"Comment\",\"target\":[\"https:\/\/www.agrotecrally.cz\/rally-hustopece\/souboj-o-vitezstvi-graduje-prvni-trojka-je-srovnana-v-deseti-sekundach\/#respond\"]}]},{\"@type\":\"WebPage\",\"@id\":\"https:\/\/www.agrotecrally.cz\/rally-hustopece\/souboj-o-vitezstvi-graduje-prvni-trojka-je-srovnana-v-deseti-sekundach\/\",\"url\":\"https:\/\/www.agrotecrally.cz\/rally-hustopece\/souboj-o-vitezstvi-graduje-prvni-trojka-je-srovnana-v-deseti-sekundach\/\",\"name\":\"Souboj o v\u00edt\u011bzstv\u00ed graduje, prvn\u00ed trojka je srovn\u00e1na v deseti sekund\u00e1ch | AGROTEC Petronas Rally\",\"isPartOf\":{\"@id\":\"https:\/\/www.agrotecrally.cz\/#website\"},\"datePublished\":\"2022-06-18T13:20:15+00:00\",\"dateModified\":\"2022-06-18T13:21:19+00:00\",\"breadcrumb\":{\"@id\":\"https:\/\/www.agrotecrally.cz\/rally-hustopece\/souboj-o-vitezstvi-graduje-prvni-trojka-je-srovnana-v-deseti-sekundach\/#breadcrumb\"},\"inLanguage\":\"en-GB\",\"potentialAction\":[{\"@type\":\"ReadAction\",\"target\":[\"https:\/\/www.agrotecrally.cz\/rally-hustopece\/souboj-o-vitezstvi-graduje-prvni-trojka-je-srovnana-v-deseti-sekundach\/\"]}]},{\"@type\":\"BreadcrumbList\",\"@id\":\"https:\/\/www.agrotecrally.cz\/rally-hustopece\/souboj-o-vitezstvi-graduje-prvni-trojka-je-srovnana-v-deseti-sekundach\/#breadcrumb\",\"itemListElement\":[{\"@type\":\"ListItem\",\"position\":1,\"name\":\"Dom\u016f\",\"item\":\"https:\/\/www.agrotecrally.cz\/\"},{\"@type\":\"ListItem\",\"position\":2,\"name\":\"Souboj o v\u00edt\u011bzstv\u00ed graduje, prvn\u00ed trojka je srovn\u00e1na v deseti sekund\u00e1ch\"}]},{\"@type\":\"WebSite\",\"@id\":\"https:\/\/www.agrotecrally.cz\/#website\",\"url\":\"https:\/\/www.agrotecrally.cz\/\",\"name\":\"AGROTEC Petronas rally\",\"description\":\"Rally mezi vinicemi\",\"publisher\":{\"@id\":\"https:\/\/www.agrotecrally.cz\/#organization\"},\"potentialAction\":[{\"@type\":\"SearchAction\",\"target\":{\"@type\":\"EntryPoint\",\"urlTemplate\":\"https:\/\/www.agrotecrally.cz\/?s={search_term_string}\"},\"query-input\":\"required name=search_term_string\"}],\"inLanguage\":\"en-GB\"},{\"@type\":\"Organization\",\"@id\":\"https:\/\/www.agrotecrally.cz\/#organization\",\"name\":\"AGROTEC Petronas rally\",\"url\":\"https:\/\/www.agrotecrally.cz\/\",\"logo\":{\"@type\":\"ImageObject\",\"inLanguage\":\"en-GB\",\"@id\":\"https:\/\/www.agrotecrally.cz\/#\/schema\/logo\/image\/\",\"url\":\"https:\/\/www.agrotecrally.cz\/wp-content\/uploads\/2021\/05\/AGROTEC-RALLY_16-01-web-2.png\",\"contentUrl\":\"https:\/\/www.agrotecrally.cz\/wp-content\/uploads\/2021\/05\/AGROTEC-RALLY_16-01-web-2.png\",\"width\":459,\"height\":222,\"caption\":\"AGROTEC Petronas rally\"},\"image\":{\"@id\":\"https:\/\/www.agrotecrally.cz\/#\/schema\/logo\/image\/\"},\"sameAs\":[\"https:\/\/www.facebook.com\/agrotecrally\"]},{\"@type\":\"Person\",\"@id\":\"https:\/\/www.agrotecrally.cz\/#\/schema\/person\/38a02deaa1f019e278fc735d03d83f85\",\"name\":\"Tom\u00e1\u0161 Plach\u00fd\",\"image\":{\"@type\":\"ImageObject\",\"inLanguage\":\"en-GB\",\"@id\":\"https:\/\/www.agrotecrally.cz\/#\/schema\/person\/image\/\",\"url\":\"https:\/\/secure.gravatar.com\/avatar\/a7a68eee7fdb2b4f0975cdc024983e22?s=96&d=mm&r=g\",\"contentUrl\":\"https:\/\/secure.gravatar.com\/avatar\/a7a68eee7fdb2b4f0975cdc024983e22?s=96&d=mm&r=g\",\"caption\":\"Tom\u00e1\u0161 Plach\u00fd\"},\"url\":\"https:\/\/www.agrotecrally.cz\/en\/author\/topmediaseznam-cz\/\"}]}<\/script>\n<!-- \/ Yoast SEO plugin. -->","yoast_head_json":{"title":"Souboj o v\u00edt\u011bzstv\u00ed graduje, prvn\u00ed trojka je srovn\u00e1na v deseti sekund\u00e1ch | AGROTEC Petronas Rally","robots":{"index":"index","follow":"follow","max-snippet":"max-snippet:-1","max-image-preview":"max-image-preview:large","max-video-preview":"max-video-preview:-1"},"canonical":"https:\/\/www.agrotecrally.cz\/en\/rally-hustopece\/souboj-o-vitezstvi-graduje-prvni-trojka-je-srovnana-v-deseti-sekundach\/","og_locale":"en_GB","og_type":"article","og_title":"Souboj o v\u00edt\u011bzstv\u00ed graduje, prvn\u00ed trojka je srovn\u00e1na v deseti sekund\u00e1ch | AGROTEC Petronas Rally","og_description":"Ani prvn\u00ed pr\u016fjezdy trojic\u00ed n\u00e1ro\u010dn\u00fdch sobotn\u00edch \u00fasek\u016f p\u0159\u00edli\u0161 nepomohly s vylu\u0161t\u011bn\u00edm h\u00e1danky, kdo na 17. ro\u010dn\u00edku Agrotec Petronas rally Hustope\u010de vystoup\u00e1 na nejvy\u0161\u0161\u00ed stup\u00ednek. Veden\u00ed udr\u017eel Jan Kopeck\u00fd, ale do z\u00e1v\u011bre\u010dn\u00e9 sekce sout\u011b\u017ee vstupuje s n\u00e1skokem pouh\u00fdch 1.3 sekundy. Druh\u00e1 etapa za\u010dala o\u010dek\u00e1van\u00fdm n\u00e1stupem V\u00e1clava Pecha, jeho\u017e Focusu WRC sv\u011bd\u010dil svi\u017en\u00fd profil \u00favodn\u00ed starovick\u00e9 \u201eerzety\u201c. [&hellip;]","og_url":"https:\/\/www.agrotecrally.cz\/en\/rally-hustopece\/souboj-o-vitezstvi-graduje-prvni-trojka-je-srovnana-v-deseti-sekundach\/","og_site_name":"AGROTEC Petronas Rally","article_publisher":"https:\/\/www.facebook.com\/agrotecrally","article_published_time":"2022-06-18T13:20:15+00:00","article_modified_time":"2022-06-18T13:21:19+00:00","og_image":[{"width":980,"height":654,"url":"https:\/\/www.agrotecrally.cz\/wp-content\/uploads\/2022\/06\/kopecky_hustopece22b_rallyservice.jpg","type":"image\/jpeg"}],"author":"Tom\u00e1\u0161 Plach\u00fd","twitter_card":"summary_large_image","twitter_misc":{"Written by":"Tom\u00e1\u0161 Plach\u00fd","Estimated reading time":"6 minutes"},"schema":{"@context":"https:\/\/schema.org","@graph":[{"@type":"Article","@id":"https:\/\/www.agrotecrally.cz\/rally-hustopece\/souboj-o-vitezstvi-graduje-prvni-trojka-je-srovnana-v-deseti-sekundach\/#article","isPartOf":{"@id":"https:\/\/www.agrotecrally.cz\/rally-hustopece\/souboj-o-vitezstvi-graduje-prvni-trojka-je-srovnana-v-deseti-sekundach\/"},"author":{"name":"Tom\u00e1\u0161 Plach\u00fd","@id":"https:\/\/www.agrotecrally.cz\/#\/schema\/person\/38a02deaa1f019e278fc735d03d83f85"},"headline":"Souboj o v\u00edt\u011bzstv\u00ed graduje, prvn\u00ed trojka je srovn\u00e1na v deseti sekund\u00e1ch","datePublished":"2022-06-18T13:20:15+00:00","dateModified":"2022-06-18T13:21:19+00:00","mainEntityOfPage":{"@id":"https:\/\/www.agrotecrally.cz\/rally-hustopece\/souboj-o-vitezstvi-graduje-prvni-trojka-je-srovnana-v-deseti-sekundach\/"},"wordCount":1675,"commentCount":1,"publisher":{"@id":"https:\/\/www.agrotecrally.cz\/#organization"},"articleSection":["AGROTEC rally Hustope\u010de","Rally mezi vinicemi"],"inLanguage":"en-GB","potentialAction":[{"@type":"CommentAction","name":"Comment","target":["https:\/\/www.agrotecrally.cz\/rally-hustopece\/souboj-o-vitezstvi-graduje-prvni-trojka-je-srovnana-v-deseti-sekundach\/#respond"]}]},{"@type":"WebPage","@id":"https:\/\/www.agrotecrally.cz\/rally-hustopece\/souboj-o-vitezstvi-graduje-prvni-trojka-je-srovnana-v-deseti-sekundach\/","url":"https:\/\/www.agrotecrally.cz\/rally-hustopece\/souboj-o-vitezstvi-graduje-prvni-trojka-je-srovnana-v-deseti-sekundach\/","name":"Souboj o v\u00edt\u011bzstv\u00ed graduje, prvn\u00ed trojka je srovn\u00e1na v deseti sekund\u00e1ch | AGROTEC Petronas Rally","isPartOf":{"@id":"https:\/\/www.agrotecrally.cz\/#website"},"datePublished":"2022-06-18T13:20:15+00:00","dateModified":"2022-06-18T13:21:19+00:00","breadcrumb":{"@id":"https:\/\/www.agrotecrally.cz\/rally-hustopece\/souboj-o-vitezstvi-graduje-prvni-trojka-je-srovnana-v-deseti-sekundach\/#breadcrumb"},"inLanguage":"en-GB","potentialAction":[{"@type":"ReadAction","target":["https:\/\/www.agrotecrally.cz\/rally-hustopece\/souboj-o-vitezstvi-graduje-prvni-trojka-je-srovnana-v-deseti-sekundach\/"]}]},{"@type":"BreadcrumbList","@id":"https:\/\/www.agrotecrally.cz\/rally-hustopece\/souboj-o-vitezstvi-graduje-prvni-trojka-je-srovnana-v-deseti-sekundach\/#breadcrumb","itemListElement":[{"@type":"ListItem","position":1,"name":"Dom\u016f","item":"https:\/\/www.agrotecrally.cz\/"},{"@type":"ListItem","position":2,"name":"Souboj o v\u00edt\u011bzstv\u00ed graduje, prvn\u00ed trojka je srovn\u00e1na v deseti sekund\u00e1ch"}]},{"@type":"WebSite","@id":"https:\/\/www.agrotecrally.cz\/#website","url":"https:\/\/www.agrotecrally.cz\/","name":"AGROTEC Petronas rally","description":"Rally mezi vinicemi","publisher":{"@id":"https:\/\/www.agrotecrally.cz\/#organization"},"potentialAction":[{"@type":"SearchAction","target":{"@type":"EntryPoint","urlTemplate":"https:\/\/www.agrotecrally.cz\/?s={search_term_string}"},"query-input":"required name=search_term_string"}],"inLanguage":"en-GB"},{"@type":"Organization","@id":"https:\/\/www.agrotecrally.cz\/#organization","name":"AGROTEC Petronas rally","url":"https:\/\/www.agrotecrally.cz\/","logo":{"@type":"ImageObject","inLanguage":"en-GB","@id":"https:\/\/www.agrotecrally.cz\/#\/schema\/logo\/image\/","url":"https:\/\/www.agrotecrally.cz\/wp-content\/uploads\/2021\/05\/AGROTEC-RALLY_16-01-web-2.png","contentUrl":"https:\/\/www.agrotecrally.cz\/wp-content\/uploads\/2021\/05\/AGROTEC-RALLY_16-01-web-2.png","width":459,"height":222,"caption":"AGROTEC Petronas rally"},"image":{"@id":"https:\/\/www.agrotecrally.cz\/#\/schema\/logo\/image\/"},"sameAs":["https:\/\/www.facebook.com\/agrotecrally"]},{"@type":"Person","@id":"https:\/\/www.agrotecrally.cz\/#\/schema\/person\/38a02deaa1f019e278fc735d03d83f85","name":"Tom\u00e1\u0161 Plach\u00fd","image":{"@type":"ImageObject","inLanguage":"en-GB","@id":"https:\/\/www.agrotecrally.cz\/#\/schema\/person\/image\/","url":"https:\/\/secure.gravatar.com\/avatar\/a7a68eee7fdb2b4f0975cdc024983e22?s=96&d=mm&r=g","contentUrl":"https:\/\/secure.gravatar.com\/avatar\/a7a68eee7fdb2b4f0975cdc024983e22?s=96&d=mm&r=g","caption":"Tom\u00e1\u0161 Plach\u00fd"},"url":"https:\/\/www.agrotecrally.cz\/en\/author\/topmediaseznam-cz\/"}]}},"_links":{"self":[{"href":"https:\/\/www.agrotecrally.cz\/en\/wp-json\/wp\/v2\/posts\/1805"}],"collection":[{"href":"https:\/\/www.agrotecrally.cz\/en\/wp-json\/wp\/v2\/posts"}],"about":[{"href":"https:\/\/www.agrotecrally.cz\/en\/wp-json\/wp\/v2\/types\/post"}],"author":[{"embeddable":true,"href":"https:\/\/www.agrotecrally.cz\/en\/wp-json\/wp\/v2\/users\/2"}],"replies":[{"embeddable":true,"href":"https:\/\/www.agrotecrally.cz\/en\/wp-json\/wp\/v2\/comments?post=1805"}],"version-history":[{"count":2,"href":"https:\/\/www.agrotecrally.cz\/en\/wp-json\/wp\/v2\/posts\/1805\/revisions"}],"predecessor-version":[{"id":1808,"href":"https:\/\/www.agrotecrally.cz\/en\/wp-json\/wp\/v2\/posts\/1805\/revisions\/1808"}],"wp:featuredmedia":[{"embeddable":true,"href":"https:\/\/www.agrotecrally.cz\/en\/wp-json\/wp\/v2\/media\/1806"}],"wp:attachment":[{"href":"https:\/\/www.agrotecrally.cz\/en\/wp-json\/wp\/v2\/media?parent=1805"}],"wp:term":[{"taxonomy":"category","embeddable":true,"href":"https:\/\/www.agrotecrally.cz\/en\/wp-json\/wp\/v2\/categories?post=1805"},{"taxonomy":"post_tag","embeddable":true,"href":"https:\/\/www.agrotecrally.cz\/en\/wp-json\/wp\/v2\/tags?post=1805"}],"curies":[{"name":"wp","href":"https:\/\/api.w.org\/{rel}","templated":true}]}}