{"id":1809,"date":"2022-06-18T18:06:10","date_gmt":"2022-06-18T17:06:10","guid":{"rendered":"https:\/\/www.agrotecrally.cz\/?p=1809"},"modified":"2022-06-18T18:06:10","modified_gmt":"2022-06-18T17:06:10","slug":"hustopecska-bitva-skoncila-vitezstvim-kopeckeho","status":"publish","type":"post","link":"https:\/\/www.agrotecrally.cz\/en\/rally-hustopece\/hustopecska-bitva-skoncila-vitezstvim-kopeckeho\/","title":{"rendered":"Hustope\u010dsk\u00e1 bitva skon\u010dila v\u00edt\u011bzstv\u00edm Kopeck\u00e9ho"},"content":{"rendered":"<p><strong>N\u00e1dhernou bitvou doslova a\u017e do posledn\u00edch m\u011b\u0159en\u00fdch metr\u016f vyvrcholil leto\u0161n\u00ed 17. ro\u010dn\u00edk Agrotec Petronas Rally Hustope\u010de 2022. Z celkov\u00e9ho v\u00edt\u011bzstv\u00ed se nakonec radovala pos\u00e1dka Jan Kopeck\u00fd &#8211; Jan Hlou\u0161ek na \u0160kod\u011b Fabii Rally2 Evo, absolutorium si ale zaslou\u017e\u00ed i dal\u0161\u00ed dv\u011b dvojice, kter\u00e9 stanuly na stupn\u00edch v\u00edt\u011bz\u016f.<\/strong><\/p>\n<p>Kopeck\u00fd v z\u00e1v\u011bre\u010dn\u00e9 sekci dok\u00e1zal udr\u017eet sv\u00e9 pr\u016fb\u011b\u017en\u00e9 veden\u00ed a nakonec byl v c\u00edli o 6.3 sekundy rychlej\u0161\u00ed dvojice V\u00e1clav Pech &#8211; Petr Uhel na Fordu Focus WRC, o dal\u0161\u00edch 5.2 vte\u0159iny zp\u011bt pak skon\u010dili bronzov\u00ed Filip Mare\u0161 s Radovanem Buchou na Fabii Rally2 Evo. Ti z\u00e1rove\u0148 vybojovali prvenstv\u00ed v r\u00e1mci hodnocen\u00ed mistrovstv\u00ed Slovenska.<\/p>\n<p>\u010ctvrt\u00fd Dominik St\u0159\u00edtesk\u00fd dnes bez probl\u00e9m\u016f uhl\u00eddal svou \u010dtvrtou p\u0159\u00ed\u010dku p\u0159ed Pol\u00e1kem Gzegorzem Grzybem a Jaroslavem Melich\u00e1rkem, kter\u00e9 ale zaj\u00edmal p\u0159edev\u0161\u00edm vlastn\u00ed souboj o body v r\u00e1mci \u0161ampion\u00e1tu na\u0161ich v\u00fdchodn\u00edch soused\u016f. Z \u0161est\u00e9 p\u0159\u00ed\u010dky nakonec odstoupil na posledn\u00ed zkou\u0161ce Miroslav Jake\u0161 (defekt).<\/p>\n<p>Klasifikaci voz\u016f s jednou poh\u00e1n\u011bnou n\u00e1pravou jasn\u011b opanovali Jarom\u00edr Tarabus s Danielem Trunk\u00e1tem p\u0159ed Robertem Hordossym a \u0160t\u011bp\u00e1nem Palivcem (v\u0161ichni Peugeot 208 Rally4). O t\u0159et\u00edm m\u00edst\u011b Luk\u00e1\u0161e Fr\u00e1ny se rozhodlo a\u017e na posledn\u00edm rychlostn\u00edm testu, po n\u011bm\u017e dok\u00e1zal p\u0159esko\u010dit Kry\u0161tofa Zp\u011bv\u00e1ka.<\/p>\n<p><strong>Ohlasy z c\u00edle:<\/strong><\/p>\n<p>Jan Kopeck\u00fd (1. m\u00edsto): <strong><em>&#8222;Bylo to tu jako ka\u017edoro\u010dn\u011b n\u00e1ro\u010dn\u00e9. Dneska bylo op\u011bt po\u0159\u00e1dn\u00e9 horko a p\u011bkn\u011b jsme se zapotili, ale b\u00fdvalo to i hor\u0161\u00ed. Dnes jsme spokojen\u00ed. Po prvn\u00ed sekci to vypadalo, \u017ee Venca p\u016fjde p\u0159ed n\u00e1s, drobn\u011b jsme zm\u011bnili nastaven\u00ed auta jak jsem to c\u00edtil, \u017ee by to mohlo fungovat, a pomohlo to. Odpoledne na prvn\u00edch dvou zkou\u0161k\u00e1ch jsem byl p\u0159ekvapen\u00fd, \u017ee se n\u00e1m poda\u0159ilo Va\u0161kovi odsko\u010dit a pak u\u017e jsem si byl jist\u00fd, \u017ee pokud to n\u011bkde nezkaz\u00edm, tak to dok\u00e1\u017eu uhl\u00eddat. Mus\u00edm pod\u011bkovat i Jardovi Star\u00e9mu a Tom\u00e1\u0161i Dr\u00e1stovi, proto\u017ee zvl\u00e1dli skv\u011ble pr\u00e1ci \u0161pion\u016f.&#8220;<\/em><\/strong><\/p>\n<p>V\u00e1clav Pech (2. m\u00edsto): <strong><em>&#8222;Hrozn\u011b m\u011b mrz\u00ed, \u017ee o v\u0161em rozhodla jedna zkou\u0161ka, kterou jsme nemohli nijak ovlivnit. Svezen\u00ed to jinak bylo fantastick\u00e9 a byl to super souboj. Te\u010f ale malinko p\u0159evl\u00e1d\u00e1 ho\u0159kost, \u017ee o v\u00fdsledku rozhodla \u0159editelka u zelen\u00e9ho stolu. Dnes jsme se sna\u017eili a jeli naplno co um\u00edme. Byl to fantastick\u00fd sport, p\u0159etahovan\u00e1 a mohli jsme to rozhodnout je\u0161t\u011b na posledn\u00ed vlo\u017ece. \u0160est vte\u0159in na takov\u00e9to sout\u011b\u017ei, v prachu, na \u0161otolin\u00e1ch a neud\u011blat \u017e\u00e1dnou jezdeckou chybu, to je neuv\u011b\u0159iteln\u00fd souboj. Sp\u00ed\u0161 bude p\u0159evl\u00e1dat to sportovn\u00ed nad\u0161en\u00ed.&#8220;<\/em><\/strong><\/p>\n<p>Filip Mare\u0161 (3. m\u00edsto): <strong><em>&#8222;Po\u0159\u00e1d jsme po desetink\u00e1ch lehce ztr\u00e1celi. \u0160koda t\u011bch p\u00e1r vte\u0159in, kter\u00e9 jsme v\u010dera nechali v tom prachu, to n\u00e1s samoz\u0159ejm\u011b mrz\u00ed. Mohli jsme tomu souboji mezi Honzou a Va\u0161kem b\u00fdt bl\u00ed\u017e a t\u0159eba na n\u011b zkusit v z\u00e1v\u011bru zatla\u010dit. Ka\u017edop\u00e1dn\u011b byl cel\u00fd z\u00e1vod v pekeln\u00e9m tempu a moc jsme si to u\u017eili. Cel\u00fd t\u00fdm fungoval fantasticky a asi bych t\u011b\u017eko hledal n\u011bjak\u00e9 z\u00e1sadn\u00ed chyby. Ur\u010dit\u011b n\u00e1m pomohlo i rozjet\u00ed z Rajdu Polsk\u00e9ho, je to rozhodn\u011b zn\u00e1t.&#8220;<\/em><\/strong><\/p>\n<p>Dominik St\u0159\u00edtesk\u00fd (4. m\u00edsto): <strong><em>&#8222;Ten v\u010derej\u0161\u00ed retard\u00e9r nakonec na\u0161i pozici v c\u00edli nijak neovlivnil, ale bojovali jsme. Bohu\u017eel mi to dneska n\u011bjak \u00fapln\u011b nesedlo, ale v\u00fdsledek a body jsou dobr\u00e9, auto je v po\u0159\u00e1dku a to je hlavn\u00ed. N\u011bjak jsem se dnes hledal a nedok\u00e1zal nasko\u010dit na tu spr\u00e1vnou vlnu, ale na\u0161t\u011bst\u00ed nebylo pot\u0159eba s nik\u00fdm bojovat. Dnes jsem zjistil, \u017ee druh\u00fd pr\u016fjezd je mnohem rychlej\u0161\u00ed ne\u017e prvn\u00ed, \u017ee se to v\u0161e vyh\u00e1\u017ee. Ta \u0161otolina tady byla n\u00e1ro\u010dn\u00e1, bylo to v \u00fazk\u00e9m a rychl\u00e9. Div\u00e1cky par\u00e1da, pro m\u011b tro\u0161ku tr\u00e1pen\u00ed, ale \u010dlov\u011bk se v\u0161echno m\u016f\u017ee nau\u010dit.&#8220;<\/em><\/strong><\/p>\n<p>Grzegorz Grzyb (5. m\u00edsto): <strong><em>&#8222;Je\u0161t\u011b p\u0159esn\u011b nev\u00edme, kolik bod\u016f si p\u0159ipisujeme do slovensk\u00e9ho mistrovstv\u00ed, proto\u017ee se n\u011bjak \u0159e\u0161\u00ed koeficienty a nev\u00edm p\u0159esn\u011b za kter\u00fd den je v\u00edc a m\u00ed\u0148 bod\u016f. Ale byli jsme druz\u00ed za Mare\u0161em, tak jsme spokojen\u00ed. Jemu jsme nesta\u010dili, ale m\u00e1me radost, \u017ee se n\u00e1m poda\u0159ilo porazit Jarka Melich\u00e1rka a to byl n\u00e1\u0161 c\u00edl. B\u00fdt absolutn\u011b v TOP 5 na takov\u00e9to sout\u011b\u017ei je ur\u010dit\u011b taky p\u011bkn\u00fd v\u00fdsledek. Nezm\u011bnil jsem ale n\u00e1zor na to, \u017ee z\u00e1vodit v tom prachu je naprost\u00e1 idiocie. Div\u00e1ky zah\u00e1n\u00edme od trati, ale my jedeme v takov\u00e9 mlze, \u017ee pokud by n\u011bkdo na trati havaroval, tak se navz\u00e1jem pozab\u00edj\u00edme. Ale to je asi v po\u0159\u00e1dku.&#8220;<\/em><\/strong><\/p>\n<p>Jaroslav Melich\u00e1rek (6. m\u00edsto): <strong><em>&#8222;Dnes to byl \u00fapln\u011b jin\u00fd den. Rychlostn\u00ed zkou\u0161ky se mi l\u00edbily a nepr\u00e1\u0161ilo se tolik jako v\u010dera, tak\u017ee jsme si to u\u017eili. Posledn\u00ed sekce byla kr\u00e1sn\u00e1 a svedli jsme p\u011bkn\u00fd souboj s Grzybem, jelo se rychle. Kr\u00e1sn\u00fd sport. Do posledn\u00edch t\u0159\u00ed zkou\u0161ek u\u017e jsme nem\u011bnili nastaven\u00edm auta, ale fungovalo to p\u011bkn\u011b a c\u00edtil jsem se o hodn\u011b komfortn\u011bji a tak\u00e9 \u010dasy byly super.&#8220;<\/em><\/strong><\/p>\n<p>Jarom\u00edr Tarabus (1. m\u00edsto 2WD): <strong><em>&#8222;Svezli jsme se p\u011bkn\u011b a u\u017eili si to. I ten \u0161otolinov\u00fd z\u00e1v\u011br byl kr\u00e1sn\u00fd, bylo to m\u00ed\u0148 zapr\u00e1\u0161en\u00e9 a rozfoukalo se to, super. Jeli jsme si svoje, mo\u017en\u00e1 bychom byli o n\u011bco rychlej\u0161\u00ed, kdyby jsme tu m\u011bli soupe\u0159e, ale stejn\u011b se do toho v\u017edy sna\u017e\u00edme d\u00e1t maximum. Ve dvoukolk\u00e1ch je hodn\u011b rychl\u00fdch jezdc\u016f, ale ne t\u0159eba s t\u011bmi nejsiln\u011bj\u0161\u00edmi specifikacemi voz\u016f. Mo\u017en\u00e1 Dominik Bro\u017e by tu byl rychl\u00fd, my d\u011bl\u00e1me co um\u00edme a ostan\u00ed nen\u00ed na n\u00e1s. Na\u0161e auto nen\u00ed samoz\u0159ejm\u011b podvozkov\u011b tak komfortn\u00ed jako \u010dty\u0159kolka, ale po\u0159\u00e1d je to p\u011bkn\u00e9 svezen\u00ed. Mo\u017en\u00e1 bych cht\u011bl jet ob\u010das tro\u0161ku ve smyku, ale neum\u00edm tam to auto \u00fapln\u011b d\u00e1vat. Nicm\u00e9n\u011b dvoukolce by stejn\u011b asi takov\u00fd j\u00edzdn\u00ed styl \u00fapln\u011b nevyhovoval.&#8220;<\/em><\/strong><\/p>\n<p>AGROTEC PETRONAS rally Hustope\u010de 2022, tiskov\u00fd servis<\/p>\n<p>Jan Va\u0161kovi\u010d, foto: Rallyservice.cz<\/p>","protected":false},"excerpt":{"rendered":"<p>N\u00e1dhernou bitvou doslova a\u017e do posledn\u00edch m\u011b\u0159en\u00fdch metr\u016f vyvrcholil leto\u0161n\u00ed 17. ro\u010dn\u00edk Agrotec Petronas Rally Hustope\u010de 2022. Z celkov\u00e9ho v\u00edt\u011bzstv\u00ed se nakonec radovala pos\u00e1dka Jan Kopeck\u00fd &#8211; Jan Hlou\u0161ek na \u0160kod\u011b Fabii Rally2 Evo, absolutorium si ale zaslou\u017e\u00ed i dal\u0161\u00ed dv\u011b dvojice, kter\u00e9 stanuly na stupn\u00edch v\u00edt\u011bz\u016f. Kopeck\u00fd v z\u00e1v\u011bre\u010dn\u00e9 sekci dok\u00e1zal udr\u017eet sv\u00e9 pr\u016fb\u011b\u017en\u00e9 [&hellip;]<\/p>","protected":false},"author":2,"featured_media":1810,"comment_status":"open","ping_status":"open","sticky":false,"template":"","format":"standard","meta":{"_et_pb_use_builder":"","_et_pb_old_content":"","_et_gb_content_width":"","footnotes":""},"categories":[10,9],"tags":[],"yoast_head":"<!-- This site is optimized with the Yoast SEO plugin v21.9.1 - https:\/\/yoast.com\/wordpress\/plugins\/seo\/ -->\n<title>Hustope\u010dsk\u00e1 bitva skon\u010dila v\u00edt\u011bzstv\u00edm Kopeck\u00e9ho | AGROTEC Petronas Rally<\/title>\n<meta name=\"robots\" content=\"index, follow, max-snippet:-1, max-image-preview:large, max-video-preview:-1\" \/>\n<link rel=\"canonical\" href=\"https:\/\/www.agrotecrally.cz\/en\/rally-hustopece\/hustopecska-bitva-skoncila-vitezstvim-kopeckeho\/\" \/>\n<meta property=\"og:locale\" content=\"en_GB\" \/>\n<meta property=\"og:type\" content=\"article\" \/>\n<meta property=\"og:title\" content=\"Hustope\u010dsk\u00e1 bitva skon\u010dila v\u00edt\u011bzstv\u00edm Kopeck\u00e9ho | AGROTEC Petronas Rally\" \/>\n<meta property=\"og:description\" content=\"N\u00e1dhernou bitvou doslova a\u017e do posledn\u00edch m\u011b\u0159en\u00fdch metr\u016f vyvrcholil leto\u0161n\u00ed 17. ro\u010dn\u00edk Agrotec Petronas Rally Hustope\u010de 2022. Z celkov\u00e9ho v\u00edt\u011bzstv\u00ed se nakonec radovala pos\u00e1dka Jan Kopeck\u00fd &#8211; Jan Hlou\u0161ek na \u0160kod\u011b Fabii Rally2 Evo, absolutorium si ale zaslou\u017e\u00ed i dal\u0161\u00ed dv\u011b dvojice, kter\u00e9 stanuly na stupn\u00edch v\u00edt\u011bz\u016f. Kopeck\u00fd v z\u00e1v\u011bre\u010dn\u00e9 sekci dok\u00e1zal udr\u017eet sv\u00e9 pr\u016fb\u011b\u017en\u00e9 [&hellip;]\" \/>\n<meta property=\"og:url\" content=\"https:\/\/www.agrotecrally.cz\/en\/rally-hustopece\/hustopecska-bitva-skoncila-vitezstvim-kopeckeho\/\" \/>\n<meta property=\"og:site_name\" content=\"AGROTEC Petronas Rally\" \/>\n<meta property=\"article:publisher\" content=\"https:\/\/www.facebook.com\/agrotecrally\" \/>\n<meta property=\"article:published_time\" content=\"2022-06-18T17:06:10+00:00\" \/>\n<meta property=\"og:image\" content=\"https:\/\/www.agrotecrally.cz\/wp-content\/uploads\/2022\/06\/kopecky_hustopece22c_rallyservice.jpg\" \/>\n\t<meta property=\"og:image:width\" content=\"980\" \/>\n\t<meta property=\"og:image:height\" content=\"654\" \/>\n\t<meta property=\"og:image:type\" content=\"image\/jpeg\" \/>\n<meta name=\"author\" content=\"Tom\u00e1\u0161 Plach\u00fd\" \/>\n<meta name=\"twitter:card\" content=\"summary_large_image\" \/>\n<meta name=\"twitter:label1\" content=\"Written by\" \/>\n\t<meta name=\"twitter:data1\" content=\"Tom\u00e1\u0161 Plach\u00fd\" \/>\n\t<meta name=\"twitter:label2\" content=\"Estimated reading time\" \/>\n\t<meta name=\"twitter:data2\" content=\"4 minutes\" \/>\n<script type=\"application\/ld+json\" class=\"yoast-schema-graph\">{\"@context\":\"https:\/\/schema.org\",\"@graph\":[{\"@type\":\"Article\",\"@id\":\"https:\/\/www.agrotecrally.cz\/rally-hustopece\/hustopecska-bitva-skoncila-vitezstvim-kopeckeho\/#article\",\"isPartOf\":{\"@id\":\"https:\/\/www.agrotecrally.cz\/rally-hustopece\/hustopecska-bitva-skoncila-vitezstvim-kopeckeho\/\"},\"author\":{\"name\":\"Tom\u00e1\u0161 Plach\u00fd\",\"@id\":\"https:\/\/www.agrotecrally.cz\/#\/schema\/person\/38a02deaa1f019e278fc735d03d83f85\"},\"headline\":\"Hustope\u010dsk\u00e1 bitva skon\u010dila v\u00edt\u011bzstv\u00edm Kopeck\u00e9ho\",\"datePublished\":\"2022-06-18T17:06:10+00:00\",\"dateModified\":\"2022-06-18T17:06:10+00:00\",\"mainEntityOfPage\":{\"@id\":\"https:\/\/www.agrotecrally.cz\/rally-hustopece\/hustopecska-bitva-skoncila-vitezstvim-kopeckeho\/\"},\"wordCount\":1143,\"commentCount\":0,\"publisher\":{\"@id\":\"https:\/\/www.agrotecrally.cz\/#organization\"},\"articleSection\":[\"AGROTEC rally Hustope\u010de\",\"Rally mezi vinicemi\"],\"inLanguage\":\"en-GB\",\"potentialAction\":[{\"@type\":\"CommentAction\",\"name\":\"Comment\",\"target\":[\"https:\/\/www.agrotecrally.cz\/rally-hustopece\/hustopecska-bitva-skoncila-vitezstvim-kopeckeho\/#respond\"]}]},{\"@type\":\"WebPage\",\"@id\":\"https:\/\/www.agrotecrally.cz\/rally-hustopece\/hustopecska-bitva-skoncila-vitezstvim-kopeckeho\/\",\"url\":\"https:\/\/www.agrotecrally.cz\/rally-hustopece\/hustopecska-bitva-skoncila-vitezstvim-kopeckeho\/\",\"name\":\"Hustope\u010dsk\u00e1 bitva skon\u010dila v\u00edt\u011bzstv\u00edm Kopeck\u00e9ho | AGROTEC Petronas Rally\",\"isPartOf\":{\"@id\":\"https:\/\/www.agrotecrally.cz\/#website\"},\"datePublished\":\"2022-06-18T17:06:10+00:00\",\"dateModified\":\"2022-06-18T17:06:10+00:00\",\"breadcrumb\":{\"@id\":\"https:\/\/www.agrotecrally.cz\/rally-hustopece\/hustopecska-bitva-skoncila-vitezstvim-kopeckeho\/#breadcrumb\"},\"inLanguage\":\"en-GB\",\"potentialAction\":[{\"@type\":\"ReadAction\",\"target\":[\"https:\/\/www.agrotecrally.cz\/rally-hustopece\/hustopecska-bitva-skoncila-vitezstvim-kopeckeho\/\"]}]},{\"@type\":\"BreadcrumbList\",\"@id\":\"https:\/\/www.agrotecrally.cz\/rally-hustopece\/hustopecska-bitva-skoncila-vitezstvim-kopeckeho\/#breadcrumb\",\"itemListElement\":[{\"@type\":\"ListItem\",\"position\":1,\"name\":\"Dom\u016f\",\"item\":\"https:\/\/www.agrotecrally.cz\/\"},{\"@type\":\"ListItem\",\"position\":2,\"name\":\"Hustope\u010dsk\u00e1 bitva skon\u010dila v\u00edt\u011bzstv\u00edm Kopeck\u00e9ho\"}]},{\"@type\":\"WebSite\",\"@id\":\"https:\/\/www.agrotecrally.cz\/#website\",\"url\":\"https:\/\/www.agrotecrally.cz\/\",\"name\":\"AGROTEC Petronas rally\",\"description\":\"Rally mezi vinicemi\",\"publisher\":{\"@id\":\"https:\/\/www.agrotecrally.cz\/#organization\"},\"potentialAction\":[{\"@type\":\"SearchAction\",\"target\":{\"@type\":\"EntryPoint\",\"urlTemplate\":\"https:\/\/www.agrotecrally.cz\/?s={search_term_string}\"},\"query-input\":\"required name=search_term_string\"}],\"inLanguage\":\"en-GB\"},{\"@type\":\"Organization\",\"@id\":\"https:\/\/www.agrotecrally.cz\/#organization\",\"name\":\"AGROTEC Petronas rally\",\"url\":\"https:\/\/www.agrotecrally.cz\/\",\"logo\":{\"@type\":\"ImageObject\",\"inLanguage\":\"en-GB\",\"@id\":\"https:\/\/www.agrotecrally.cz\/#\/schema\/logo\/image\/\",\"url\":\"https:\/\/www.agrotecrally.cz\/wp-content\/uploads\/2021\/05\/AGROTEC-RALLY_16-01-web-2.png\",\"contentUrl\":\"https:\/\/www.agrotecrally.cz\/wp-content\/uploads\/2021\/05\/AGROTEC-RALLY_16-01-web-2.png\",\"width\":459,\"height\":222,\"caption\":\"AGROTEC Petronas rally\"},\"image\":{\"@id\":\"https:\/\/www.agrotecrally.cz\/#\/schema\/logo\/image\/\"},\"sameAs\":[\"https:\/\/www.facebook.com\/agrotecrally\"]},{\"@type\":\"Person\",\"@id\":\"https:\/\/www.agrotecrally.cz\/#\/schema\/person\/38a02deaa1f019e278fc735d03d83f85\",\"name\":\"Tom\u00e1\u0161 Plach\u00fd\",\"image\":{\"@type\":\"ImageObject\",\"inLanguage\":\"en-GB\",\"@id\":\"https:\/\/www.agrotecrally.cz\/#\/schema\/person\/image\/\",\"url\":\"https:\/\/secure.gravatar.com\/avatar\/a7a68eee7fdb2b4f0975cdc024983e22?s=96&d=mm&r=g\",\"contentUrl\":\"https:\/\/secure.gravatar.com\/avatar\/a7a68eee7fdb2b4f0975cdc024983e22?s=96&d=mm&r=g\",\"caption\":\"Tom\u00e1\u0161 Plach\u00fd\"},\"url\":\"https:\/\/www.agrotecrally.cz\/en\/author\/topmediaseznam-cz\/\"}]}<\/script>\n<!-- \/ Yoast SEO plugin. -->","yoast_head_json":{"title":"Hustope\u010dsk\u00e1 bitva skon\u010dila v\u00edt\u011bzstv\u00edm Kopeck\u00e9ho | AGROTEC Petronas Rally","robots":{"index":"index","follow":"follow","max-snippet":"max-snippet:-1","max-image-preview":"max-image-preview:large","max-video-preview":"max-video-preview:-1"},"canonical":"https:\/\/www.agrotecrally.cz\/en\/rally-hustopece\/hustopecska-bitva-skoncila-vitezstvim-kopeckeho\/","og_locale":"en_GB","og_type":"article","og_title":"Hustope\u010dsk\u00e1 bitva skon\u010dila v\u00edt\u011bzstv\u00edm Kopeck\u00e9ho | AGROTEC Petronas Rally","og_description":"N\u00e1dhernou bitvou doslova a\u017e do posledn\u00edch m\u011b\u0159en\u00fdch metr\u016f vyvrcholil leto\u0161n\u00ed 17. ro\u010dn\u00edk Agrotec Petronas Rally Hustope\u010de 2022. Z celkov\u00e9ho v\u00edt\u011bzstv\u00ed se nakonec radovala pos\u00e1dka Jan Kopeck\u00fd &#8211; Jan Hlou\u0161ek na \u0160kod\u011b Fabii Rally2 Evo, absolutorium si ale zaslou\u017e\u00ed i dal\u0161\u00ed dv\u011b dvojice, kter\u00e9 stanuly na stupn\u00edch v\u00edt\u011bz\u016f. Kopeck\u00fd v z\u00e1v\u011bre\u010dn\u00e9 sekci dok\u00e1zal udr\u017eet sv\u00e9 pr\u016fb\u011b\u017en\u00e9 [&hellip;]","og_url":"https:\/\/www.agrotecrally.cz\/en\/rally-hustopece\/hustopecska-bitva-skoncila-vitezstvim-kopeckeho\/","og_site_name":"AGROTEC Petronas Rally","article_publisher":"https:\/\/www.facebook.com\/agrotecrally","article_published_time":"2022-06-18T17:06:10+00:00","og_image":[{"width":980,"height":654,"url":"https:\/\/www.agrotecrally.cz\/wp-content\/uploads\/2022\/06\/kopecky_hustopece22c_rallyservice.jpg","type":"image\/jpeg"}],"author":"Tom\u00e1\u0161 Plach\u00fd","twitter_card":"summary_large_image","twitter_misc":{"Written by":"Tom\u00e1\u0161 Plach\u00fd","Estimated reading time":"4 minutes"},"schema":{"@context":"https:\/\/schema.org","@graph":[{"@type":"Article","@id":"https:\/\/www.agrotecrally.cz\/rally-hustopece\/hustopecska-bitva-skoncila-vitezstvim-kopeckeho\/#article","isPartOf":{"@id":"https:\/\/www.agrotecrally.cz\/rally-hustopece\/hustopecska-bitva-skoncila-vitezstvim-kopeckeho\/"},"author":{"name":"Tom\u00e1\u0161 Plach\u00fd","@id":"https:\/\/www.agrotecrally.cz\/#\/schema\/person\/38a02deaa1f019e278fc735d03d83f85"},"headline":"Hustope\u010dsk\u00e1 bitva skon\u010dila v\u00edt\u011bzstv\u00edm Kopeck\u00e9ho","datePublished":"2022-06-18T17:06:10+00:00","dateModified":"2022-06-18T17:06:10+00:00","mainEntityOfPage":{"@id":"https:\/\/www.agrotecrally.cz\/rally-hustopece\/hustopecska-bitva-skoncila-vitezstvim-kopeckeho\/"},"wordCount":1143,"commentCount":0,"publisher":{"@id":"https:\/\/www.agrotecrally.cz\/#organization"},"articleSection":["AGROTEC rally Hustope\u010de","Rally mezi vinicemi"],"inLanguage":"en-GB","potentialAction":[{"@type":"CommentAction","name":"Comment","target":["https:\/\/www.agrotecrally.cz\/rally-hustopece\/hustopecska-bitva-skoncila-vitezstvim-kopeckeho\/#respond"]}]},{"@type":"WebPage","@id":"https:\/\/www.agrotecrally.cz\/rally-hustopece\/hustopecska-bitva-skoncila-vitezstvim-kopeckeho\/","url":"https:\/\/www.agrotecrally.cz\/rally-hustopece\/hustopecska-bitva-skoncila-vitezstvim-kopeckeho\/","name":"Hustope\u010dsk\u00e1 bitva skon\u010dila v\u00edt\u011bzstv\u00edm Kopeck\u00e9ho | AGROTEC Petronas Rally","isPartOf":{"@id":"https:\/\/www.agrotecrally.cz\/#website"},"datePublished":"2022-06-18T17:06:10+00:00","dateModified":"2022-06-18T17:06:10+00:00","breadcrumb":{"@id":"https:\/\/www.agrotecrally.cz\/rally-hustopece\/hustopecska-bitva-skoncila-vitezstvim-kopeckeho\/#breadcrumb"},"inLanguage":"en-GB","potentialAction":[{"@type":"ReadAction","target":["https:\/\/www.agrotecrally.cz\/rally-hustopece\/hustopecska-bitva-skoncila-vitezstvim-kopeckeho\/"]}]},{"@type":"BreadcrumbList","@id":"https:\/\/www.agrotecrally.cz\/rally-hustopece\/hustopecska-bitva-skoncila-vitezstvim-kopeckeho\/#breadcrumb","itemListElement":[{"@type":"ListItem","position":1,"name":"Dom\u016f","item":"https:\/\/www.agrotecrally.cz\/"},{"@type":"ListItem","position":2,"name":"Hustope\u010dsk\u00e1 bitva skon\u010dila v\u00edt\u011bzstv\u00edm Kopeck\u00e9ho"}]},{"@type":"WebSite","@id":"https:\/\/www.agrotecrally.cz\/#website","url":"https:\/\/www.agrotecrally.cz\/","name":"AGROTEC Petronas rally","description":"Rally mezi vinicemi","publisher":{"@id":"https:\/\/www.agrotecrally.cz\/#organization"},"potentialAction":[{"@type":"SearchAction","target":{"@type":"EntryPoint","urlTemplate":"https:\/\/www.agrotecrally.cz\/?s={search_term_string}"},"query-input":"required name=search_term_string"}],"inLanguage":"en-GB"},{"@type":"Organization","@id":"https:\/\/www.agrotecrally.cz\/#organization","name":"AGROTEC Petronas rally","url":"https:\/\/www.agrotecrally.cz\/","logo":{"@type":"ImageObject","inLanguage":"en-GB","@id":"https:\/\/www.agrotecrally.cz\/#\/schema\/logo\/image\/","url":"https:\/\/www.agrotecrally.cz\/wp-content\/uploads\/2021\/05\/AGROTEC-RALLY_16-01-web-2.png","contentUrl":"https:\/\/www.agrotecrally.cz\/wp-content\/uploads\/2021\/05\/AGROTEC-RALLY_16-01-web-2.png","width":459,"height":222,"caption":"AGROTEC Petronas rally"},"image":{"@id":"https:\/\/www.agrotecrally.cz\/#\/schema\/logo\/image\/"},"sameAs":["https:\/\/www.facebook.com\/agrotecrally"]},{"@type":"Person","@id":"https:\/\/www.agrotecrally.cz\/#\/schema\/person\/38a02deaa1f019e278fc735d03d83f85","name":"Tom\u00e1\u0161 Plach\u00fd","image":{"@type":"ImageObject","inLanguage":"en-GB","@id":"https:\/\/www.agrotecrally.cz\/#\/schema\/person\/image\/","url":"https:\/\/secure.gravatar.com\/avatar\/a7a68eee7fdb2b4f0975cdc024983e22?s=96&d=mm&r=g","contentUrl":"https:\/\/secure.gravatar.com\/avatar\/a7a68eee7fdb2b4f0975cdc024983e22?s=96&d=mm&r=g","caption":"Tom\u00e1\u0161 Plach\u00fd"},"url":"https:\/\/www.agrotecrally.cz\/en\/author\/topmediaseznam-cz\/"}]}},"_links":{"self":[{"href":"https:\/\/www.agrotecrally.cz\/en\/wp-json\/wp\/v2\/posts\/1809"}],"collection":[{"href":"https:\/\/www.agrotecrally.cz\/en\/wp-json\/wp\/v2\/posts"}],"about":[{"href":"https:\/\/www.agrotecrally.cz\/en\/wp-json\/wp\/v2\/types\/post"}],"author":[{"embeddable":true,"href":"https:\/\/www.agrotecrally.cz\/en\/wp-json\/wp\/v2\/users\/2"}],"replies":[{"embeddable":true,"href":"https:\/\/www.agrotecrally.cz\/en\/wp-json\/wp\/v2\/comments?post=1809"}],"version-history":[{"count":1,"href":"https:\/\/www.agrotecrally.cz\/en\/wp-json\/wp\/v2\/posts\/1809\/revisions"}],"predecessor-version":[{"id":1811,"href":"https:\/\/www.agrotecrally.cz\/en\/wp-json\/wp\/v2\/posts\/1809\/revisions\/1811"}],"wp:featuredmedia":[{"embeddable":true,"href":"https:\/\/www.agrotecrally.cz\/en\/wp-json\/wp\/v2\/media\/1810"}],"wp:attachment":[{"href":"https:\/\/www.agrotecrally.cz\/en\/wp-json\/wp\/v2\/media?parent=1809"}],"wp:term":[{"taxonomy":"category","embeddable":true,"href":"https:\/\/www.agrotecrally.cz\/en\/wp-json\/wp\/v2\/categories?post=1809"},{"taxonomy":"post_tag","embeddable":true,"href":"https:\/\/www.agrotecrally.cz\/en\/wp-json\/wp\/v2\/tags?post=1809"}],"curies":[{"name":"wp","href":"https:\/\/api.w.org\/{rel}","templated":true}]}}