{"id":1976,"date":"2022-08-11T14:03:45","date_gmt":"2022-08-11T13:03:45","guid":{"rendered":"https:\/\/www.agrotecrally.cz\/?p=1976"},"modified":"2022-08-22T10:24:14","modified_gmt":"2022-08-22T09:24:14","slug":"v-hustopecich-budou-zavodit-auta-s-alternativnim-pohonem","status":"publish","type":"post","link":"https:\/\/www.agrotecrally.cz\/en\/ecorally\/v-hustopecich-budou-zavodit-auta-s-alternativnim-pohonem\/","title":{"rendered":"V Hustope\u010d\u00edch budou z\u00e1vodit auta s alternativn\u00edm pohonem"},"content":{"rendered":"<p>[et_pb_section fb_built=&#8220;1&#8243; _builder_version=&#8220;3.22&#8243;][et_pb_row _builder_version=&#8220;4.9.2&#8243; background_size=&#8220;initial&#8220; background_position=&#8220;top_left&#8220; background_repeat=&#8220;repeat&#8220; custom_padding=&#8220;|||9px||&#8220;][et_pb_column type=&#8220;4_4&#8243; _builder_version=&#8220;3.25&#8243; custom_padding=&#8220;|||&#8220; custom_padding__hover=&#8220;|||&#8220;][et_pb_text _builder_version=&#8220;4.9.2&#8243; background_size=&#8220;initial&#8220; background_position=&#8220;top_left&#8220; background_repeat=&#8220;repeat&#8220; custom_padding=&#8220;|||0px||&#8220; hover_enabled=&#8220;0&#8243; sticky_enabled=&#8220;0&#8243;]<\/p>\n<p><strong>To, \u017ee se v Hustope\u010d\u00edch jezd\u00ed rally, u\u017e v\u00ed ka\u017ed\u00fd. Te\u010f se tady ale \u00fapln\u011b poprv\u00e9 pojede i eco rally. Nov\u011b vznikl\u00fd \u0161ampion\u00e1t pojedou s\u00e9riov\u011b vyr\u00e1b\u011bn\u00e9 automobily s alternativn\u00edm pohonem. P\u0159ij\u010fte se pod\u00edvat i vy! V sobotu 3. z\u00e1\u0159\u00ed od 8:00. Start i c\u00edl z\u00e1vodu je v are\u00e1lu s\u00eddla skupiny AGROTEC v Hustope\u010d\u00edch. Krom\u011b zm\u00edn\u011bn\u00e9ho z\u00e1vodu odstartuje ve dv\u011b odpoledne tak\u00e9 z\u00e1bavn\u00fd program.<\/strong><\/p>\n<p>Z\u00e1vod se na rozd\u00edl od b\u011b\u017en\u00e9 rally jede v norm\u00e1ln\u00edm provozu. Je tedy nutn\u00e9 dodr\u017eovat p\u0159edepsanou rychlost. Veden\u00ed z\u00e1vodu stanov\u00ed \u00fa\u010dastn\u00edk\u016fm ide\u00e1ln\u00ed stopu v r\u00e1mci trasy, kterou mus\u00ed z\u00e1vodn\u00edci projet. V p\u0159\u00edpad\u011b Hustope\u010d\u00ed p\u016fjde o dv\u011b etapy (ka\u017ed\u00e1 cca 150 km po okol\u00ed), na kter\u00e9 \u010dekaj\u00ed pos\u00e1dky des\u00edtky m\u011b\u0159ic\u00edch bod\u016f, ve kter\u00fdch se bude hodnotit jejich odchylka od ide\u00e1ln\u00edho \u010dasu.<br \/>V\u00edce o eco rally <a href=\"https:\/\/www.cner.cz\/prirucka-posadky-2022\/\">tady.<\/a><\/p>\n<p>Krom\u011b samotn\u00e9ho z\u00e1vodu p\u0159ipravuje AGROTEC Group prezentaci produkt\u016f, kter\u00e9 takt\u00e9\u017e vyu\u017e\u00edvaj\u00ed alternativn\u00edch pohon\u016f. \u201eEkologick\u00e1 \u0159e\u0161en\u00ed, kter\u00e1 budeme v r\u00e1mci eco rally prezentovat jsou nevyhnuteln\u00fdm krokem v r\u00e1mci udr\u017eiteln\u00e9ho rozvoje dopravy. V AGROTEC Group chceme, aby byl p\u0159echod na novou alternativu co nejjednodu\u0161\u0161\u00ed, a proto poskytujeme z\u00e1kazn\u00edk\u016fm komplexn\u00ed slu\u017ebu. To znamen\u00e1 poradenstv\u00ed, infolinku, prodej a \u0159e\u0161en\u00ed dob\u00edjen\u00ed, respektive tankov\u00e1n\u00ed p\u0159\u00edmo na m\u00edru pot\u0159eb\u00e1m z\u00e1kazn\u00edka,\u201c \u0159ekl marketingov\u00fd specialista Luk\u00e1\u0161 Manca, kter\u00fd je sou\u010d\u00e1st\u00ed projektu Zelen\u00fd AGROTEC.<\/p>\n<p>Na m\u00edst\u011b bude mo\u017en\u00e9 si prohl\u00e9dnout osobn\u00ed a n\u00e1kladn\u00ed automobily, stavebn\u00ed stroje i zem\u011bd\u011blskou techniku, to v\u0161e s alternativn\u00edm pohonem. V neposledn\u00ed \u0159ad\u011b zde bude prezentov\u00e1n p\u0159\u00edstroj ur\u010den\u00fd vina\u0159\u016fm <a href=\"https:\/\/www.idnes.cz\/brno\/zpravy\/robot-vinice-vinar-plevel-stroj-svaz-vinaru.A220609_668728_brno-zpravy_zubr\">Bakus od firmy VitiBot<\/a>. Jedn\u00e1 se o elektrick\u00e9ho autonomn\u00edho robota, kter\u00fd um\u00ed okopat vinnou r\u00e9vu a zajistit post\u0159ik proti \u0161k\u016fdc\u016fm.<\/p>\n<p>Pro n\u00e1v\u0161t\u011bvn\u00edky bude p\u0159\u00edpraven doprovodn\u00fd program, kter\u00fd se vzhledem k dob\u011b kon\u00e1n\u00ed (posledn\u00ed pr\u00e1zdninov\u00fd v\u00edkend) bude to\u010dit kolem n\u00e1vratu do \u0161koly. Na posledn\u00ed akci pr\u00e1zdnin si tak d\u011bti budou moci vyzkou\u0161et vystavenou techniku, vyfotit se u stroj\u016f, vyzkou\u0161et modely na ovl\u00e1d\u00e1n\u00ed, pod\u00edvat se na p\u0159edstaven\u00ed \u00da\u017easn\u00e9ho divadla fyziky, kter\u00e9 si pro d\u011bti p\u0159ipravilo i drobn\u00e9 z\u00e1bavn\u00e9 d\u00edlni\u010dky, a proj\u00edt si ECO stezku s \u00fakoly. Z t\u011bch, kte\u0159\u00ed ji \u00fasp\u011b\u0161n\u011b dokon\u010d\u00ed, vylosujeme p\u011bt \u00fa\u010dastn\u00edk\u016f, kte\u0159\u00ed z\u00edskaj\u00ed \u0161koln\u00ed ta\u0161ku a pouzdro.<\/p>\n<p>Dosp\u011bl\u00ed budou m\u00edt p\u0159\u00edle\u017eitost zasout\u011b\u017eit si o u\u017e\u00edv\u00e1n\u00ed vozu \u0160KODA ENYAQ COUP\u00c9 RS iV po dobu jednoho roku.<\/p>\n<p>Podrobn\u00e9 informace o akci budeme p\u0159id\u00e1vat postupn\u011b.<\/p>\n<p>[\/et_pb_text][\/et_pb_column][\/et_pb_row][\/et_pb_section]<\/p>","protected":false},"excerpt":{"rendered":"<p>To, \u017ee se v Hustope\u010d\u00edch jezd\u00ed rally, u\u017e v\u00ed ka\u017ed\u00fd. Te\u010f se tady ale \u00fapln\u011b poprv\u00e9 pojede i eco rally. Nov\u011b vznikl\u00fd \u0161ampion\u00e1t pojedou s\u00e9riov\u011b vyr\u00e1b\u011bn\u00e9 automobily s alternativn\u00edm pohonem. P\u0159ij\u010fte se pod\u00edvat i vy! V sobotu 3. z\u00e1\u0159\u00ed od 8:00. Start i c\u00edl z\u00e1vodu je v are\u00e1lu s\u00eddla skupiny AGROTEC v Hustope\u010d\u00edch. Krom\u011b zm\u00edn\u011bn\u00e9ho [&hellip;]<\/p>","protected":false},"author":5,"featured_media":1970,"comment_status":"open","ping_status":"open","sticky":false,"template":"","format":"standard","meta":{"_et_pb_use_builder":"on","_et_pb_old_content":"<p><strong>To, \u017ee se v Hustope\u010d\u00edch jezd\u00ed rally, u\u017e v\u00ed ka\u017ed\u00fd. Te\u010f se tady ale \u00fapln\u011b poprv\u00e9 pojede i eco rally. Nov\u011b vznikl\u00fd \u0161ampion\u00e1t pojedou s\u00e9riov\u011b vyr\u00e1b\u011bn\u00e9 automobily s alternativn\u00edm pohonem. P\u0159ij\u010fte se pod\u00edvat i vy! Start i c\u00edl z\u00e1vodu je v are\u00e1lu s\u00eddla skupiny AGROTEC v Hustope\u010d\u00edch. Krom\u011b zm\u00edn\u011bn\u00e9ho z\u00e1vodu odstartuje ve dv\u011b odpoledne tak\u00e9 z\u00e1bavn\u00fd program.<\/strong><\/p><p>Z\u00e1vod se na rozd\u00edl od b\u011b\u017en\u00e9 rally jede v norm\u00e1ln\u00edm provozu. Je tedy nutn\u00e9 dodr\u017eovat p\u0159edepsanou rychlost. Veden\u00ed z\u00e1vodu stanov\u00ed \u00fa\u010dastn\u00edk\u016fm ide\u00e1ln\u00ed stopu v r\u00e1mci trasy, kterou mus\u00ed z\u00e1vodn\u00edci projet. V p\u0159\u00edpad\u011b Hustope\u010d\u00ed p\u016fjde o dv\u011b etapy (ka\u017ed\u00e1 cca 150 km po okol\u00ed), na kter\u00e9 \u010dekaj\u00ed pos\u00e1dky des\u00edtky m\u011b\u0159\u00edc\u00edch bod\u016f, ve kter\u00fdch se bude hodnotit jejich odchylka od ide\u00e1ln\u00edho \u010dasu.<br \/>V\u00edce o eco rally <a href=\"https:\/\/www.cner.cz\/prirucka-posadky-2022\/\">tady.<\/a><\/p><p>Krom\u011b samotn\u00e9ho z\u00e1vodu p\u0159ipravuje AGROTEC Group prezentaci produkt\u016f, kter\u00e9 takt\u00e9\u017e vyu\u017e\u00edvaj\u00ed alternativn\u00edch pohon\u016f. \u201eEkologick\u00e1 \u0159e\u0161en\u00ed, kter\u00e1 budeme v r\u00e1mci eco rally prezentovat jsou nevyhnuteln\u00fdm krokem v r\u00e1mci udr\u017eiteln\u00e9ho rozvoje dopravy. V AGROTEC Group chceme, aby byl p\u0159echod na novou alternativu co nejjednodu\u0161\u0161\u00ed, a proto poskytujeme z\u00e1kazn\u00edk\u016fm komplexn\u00ed slu\u017ebu. To znamen\u00e1 poradenstv\u00ed, infolinku, prodej a \u0159e\u0161en\u00ed dob\u00edjen\u00ed, respektive tankov\u00e1n\u00ed p\u0159\u00edmo na m\u00edru pot\u0159eb\u00e1m z\u00e1kazn\u00edka,\u201c \u0159ekl marketingov\u00fd specialista Luk\u00e1\u0161 Manca, kter\u00fd je sou\u010d\u00e1st\u00ed projektu Zelen\u00fd AGROTEC.<\/p><p>Na m\u00edst\u011b bude mo\u017en\u00e9 si prohl\u00e9dnout osobn\u00ed a n\u00e1kladn\u00ed automobily, stavebn\u00ed stroje i zem\u011bd\u011blskou techniku, to v\u0161e s alternativn\u00edm pohonem. V neposledn\u00ed \u0159ad\u011b zde bude prezentov\u00e1n p\u0159\u00edstroj ur\u010den\u00fd vina\u0159\u016fm <a href=\"https:\/\/www.idnes.cz\/brno\/zpravy\/robot-vinice-vinar-plevel-stroj-svaz-vinaru.A220609_668728_brno-zpravy_zubr\">Bakus od firmy VitiBot<\/a>. Jedn\u00e1 se o elektrick\u00e9ho autonomn\u00edho robota, kter\u00fd um\u00ed okopat vinnou r\u00e9vu a zajistit post\u0159ik proti \u0161k\u016fdc\u016fm.<\/p><p>Pro n\u00e1v\u0161t\u011bvn\u00edky bude p\u0159\u00edpraven doprovodn\u00fd program, kter\u00fd se vzhledem k dob\u011b kon\u00e1n\u00ed (posledn\u00ed pr\u00e1zdninov\u00fd v\u00edkend) bude to\u010dit kolem n\u00e1vratu do \u0161koly. Na posledn\u00ed akci pr\u00e1zdnin si tak d\u011bti budou moci vyzkou\u0161et vystavenou techniku, vyfotit se u stroj\u016f, vyzkou\u0161et modely na ovl\u00e1d\u00e1n\u00ed, pod\u00edvat se na p\u0159edstaven\u00ed \u00da\u017easn\u00e9ho divadla fyziky, kter\u00e9 si pro d\u011bti p\u0159ipravilo i drobn\u00e9 z\u00e1bavn\u00e9 d\u00edlni\u010dky, a proj\u00edt si ECO stezku s \u00fakoly. Z t\u011bch, kte\u0159\u00ed ji \u00fasp\u011b\u0161n\u011b dokon\u010d\u00ed, vylosujeme p\u011bt \u00fa\u010dastn\u00edk\u016f, kte\u0159\u00ed z\u00edskaj\u00ed \u0161koln\u00ed ta\u0161ku a pouzdro.<\/p><p>Podrobn\u00e9 informace o akci budeme p\u0159id\u00e1vat postupn\u011b.<\/p>","_et_gb_content_width":"","footnotes":""},"categories":[80],"tags":[],"yoast_head":"<!-- This site is optimized with the Yoast SEO plugin v21.9.1 - https:\/\/yoast.com\/wordpress\/plugins\/seo\/ -->\n<title>V Hustope\u010d\u00edch budou z\u00e1vodit auta s alternativn\u00edm pohonem | AGROTEC Petronas Rally<\/title>\n<meta name=\"description\" content=\"To, \u017ee se v Hustope\u010d\u00edch jezd\u00ed rally, u\u017e v\u00ed ka\u017ed\u00fd. Te\u010f se tady ale \u00fapln\u011b poprv\u00e9 pojede i eco rally. Nov\u011b vznikl\u00fd \u0161ampion\u00e1t pojedou s\u00e9riov\u011b vyr\u00e1b\u011bn\u00e9 automobily s alternativn\u00edm pohonem\" \/>\n<meta name=\"robots\" content=\"index, follow, max-snippet:-1, max-image-preview:large, max-video-preview:-1\" \/>\n<link rel=\"canonical\" href=\"https:\/\/www.agrotecrally.cz\/en\/ecorally\/v-hustopecich-budou-zavodit-auta-s-alternativnim-pohonem\/\" \/>\n<meta property=\"og:locale\" content=\"en_GB\" \/>\n<meta property=\"og:type\" content=\"article\" \/>\n<meta property=\"og:title\" content=\"V Hustope\u010d\u00edch budou z\u00e1vodit auta s alternativn\u00edm pohonem | AGROTEC Petronas Rally\" \/>\n<meta property=\"og:description\" content=\"To, \u017ee se v Hustope\u010d\u00edch jezd\u00ed rally, u\u017e v\u00ed ka\u017ed\u00fd. Te\u010f se tady ale \u00fapln\u011b poprv\u00e9 pojede i eco rally. Nov\u011b vznikl\u00fd \u0161ampion\u00e1t pojedou s\u00e9riov\u011b vyr\u00e1b\u011bn\u00e9 automobily s alternativn\u00edm pohonem\" \/>\n<meta property=\"og:url\" content=\"https:\/\/www.agrotecrally.cz\/en\/ecorally\/v-hustopecich-budou-zavodit-auta-s-alternativnim-pohonem\/\" \/>\n<meta property=\"og:site_name\" content=\"AGROTEC Petronas Rally\" \/>\n<meta property=\"article:publisher\" content=\"https:\/\/www.facebook.com\/agrotecrally\" \/>\n<meta property=\"article:published_time\" content=\"2022-08-11T13:03:45+00:00\" \/>\n<meta property=\"article:modified_time\" content=\"2022-08-22T09:24:14+00:00\" \/>\n<meta property=\"og:image\" content=\"https:\/\/www.agrotecrally.cz\/wp-content\/uploads\/2022\/08\/ecovuz-scaled.jpeg\" \/>\n\t<meta property=\"og:image:width\" content=\"2560\" \/>\n\t<meta property=\"og:image:height\" content=\"1125\" \/>\n\t<meta property=\"og:image:type\" content=\"image\/jpeg\" \/>\n<meta name=\"author\" content=\"AGROTEC Group\" \/>\n<meta name=\"twitter:card\" content=\"summary_large_image\" \/>\n<meta name=\"twitter:label1\" content=\"Written by\" \/>\n\t<meta name=\"twitter:data1\" content=\"AGROTEC Group\" \/>\n\t<meta name=\"twitter:label2\" content=\"Estimated reading time\" \/>\n\t<meta name=\"twitter:data2\" content=\"2 minutes\" \/>\n<script type=\"application\/ld+json\" class=\"yoast-schema-graph\">{\"@context\":\"https:\/\/schema.org\",\"@graph\":[{\"@type\":\"Article\",\"@id\":\"https:\/\/www.agrotecrally.cz\/en\/ecorally\/v-hustopecich-budou-zavodit-auta-s-alternativnim-pohonem\/#article\",\"isPartOf\":{\"@id\":\"https:\/\/www.agrotecrally.cz\/en\/ecorally\/v-hustopecich-budou-zavodit-auta-s-alternativnim-pohonem\/\"},\"author\":{\"name\":\"AGROTEC Group\",\"@id\":\"https:\/\/www.agrotecrally.cz\/#\/schema\/person\/a27dc612cf6a78c558f707d1669418ea\"},\"headline\":\"V Hustope\u010d\u00edch budou z\u00e1vodit auta s alternativn\u00edm pohonem\",\"datePublished\":\"2022-08-11T13:03:45+00:00\",\"dateModified\":\"2022-08-22T09:24:14+00:00\",\"mainEntityOfPage\":{\"@id\":\"https:\/\/www.agrotecrally.cz\/en\/ecorally\/v-hustopecich-budou-zavodit-auta-s-alternativnim-pohonem\/\"},\"wordCount\":562,\"commentCount\":0,\"publisher\":{\"@id\":\"https:\/\/www.agrotecrally.cz\/#organization\"},\"articleSection\":[\"ecoRally\"],\"inLanguage\":\"en-GB\",\"potentialAction\":[{\"@type\":\"CommentAction\",\"name\":\"Comment\",\"target\":[\"https:\/\/www.agrotecrally.cz\/en\/ecorally\/v-hustopecich-budou-zavodit-auta-s-alternativnim-pohonem\/#respond\"]}]},{\"@type\":\"WebPage\",\"@id\":\"https:\/\/www.agrotecrally.cz\/en\/ecorally\/v-hustopecich-budou-zavodit-auta-s-alternativnim-pohonem\/\",\"url\":\"https:\/\/www.agrotecrally.cz\/en\/ecorally\/v-hustopecich-budou-zavodit-auta-s-alternativnim-pohonem\/\",\"name\":\"V Hustope\u010d\u00edch budou z\u00e1vodit auta s alternativn\u00edm pohonem | AGROTEC Petronas Rally\",\"isPartOf\":{\"@id\":\"https:\/\/www.agrotecrally.cz\/#website\"},\"datePublished\":\"2022-08-11T13:03:45+00:00\",\"dateModified\":\"2022-08-22T09:24:14+00:00\",\"description\":\"To, \u017ee se v Hustope\u010d\u00edch jezd\u00ed rally, u\u017e v\u00ed ka\u017ed\u00fd. Te\u010f se tady ale \u00fapln\u011b poprv\u00e9 pojede i eco rally. Nov\u011b vznikl\u00fd \u0161ampion\u00e1t pojedou s\u00e9riov\u011b vyr\u00e1b\u011bn\u00e9 automobily s alternativn\u00edm pohonem\",\"breadcrumb\":{\"@id\":\"https:\/\/www.agrotecrally.cz\/en\/ecorally\/v-hustopecich-budou-zavodit-auta-s-alternativnim-pohonem\/#breadcrumb\"},\"inLanguage\":\"en-GB\",\"potentialAction\":[{\"@type\":\"ReadAction\",\"target\":[\"https:\/\/www.agrotecrally.cz\/en\/ecorally\/v-hustopecich-budou-zavodit-auta-s-alternativnim-pohonem\/\"]}]},{\"@type\":\"BreadcrumbList\",\"@id\":\"https:\/\/www.agrotecrally.cz\/en\/ecorally\/v-hustopecich-budou-zavodit-auta-s-alternativnim-pohonem\/#breadcrumb\",\"itemListElement\":[{\"@type\":\"ListItem\",\"position\":1,\"name\":\"Dom\u016f\",\"item\":\"https:\/\/www.agrotecrally.cz\/\"},{\"@type\":\"ListItem\",\"position\":2,\"name\":\"V Hustope\u010d\u00edch budou z\u00e1vodit auta s alternativn\u00edm pohonem\"}]},{\"@type\":\"WebSite\",\"@id\":\"https:\/\/www.agrotecrally.cz\/#website\",\"url\":\"https:\/\/www.agrotecrally.cz\/\",\"name\":\"AGROTEC Petronas rally\",\"description\":\"Rally mezi vinicemi\",\"publisher\":{\"@id\":\"https:\/\/www.agrotecrally.cz\/#organization\"},\"potentialAction\":[{\"@type\":\"SearchAction\",\"target\":{\"@type\":\"EntryPoint\",\"urlTemplate\":\"https:\/\/www.agrotecrally.cz\/?s={search_term_string}\"},\"query-input\":\"required name=search_term_string\"}],\"inLanguage\":\"en-GB\"},{\"@type\":\"Organization\",\"@id\":\"https:\/\/www.agrotecrally.cz\/#organization\",\"name\":\"AGROTEC Petronas rally\",\"url\":\"https:\/\/www.agrotecrally.cz\/\",\"logo\":{\"@type\":\"ImageObject\",\"inLanguage\":\"en-GB\",\"@id\":\"https:\/\/www.agrotecrally.cz\/#\/schema\/logo\/image\/\",\"url\":\"https:\/\/www.agrotecrally.cz\/wp-content\/uploads\/2021\/05\/AGROTEC-RALLY_16-01-web-2.png\",\"contentUrl\":\"https:\/\/www.agrotecrally.cz\/wp-content\/uploads\/2021\/05\/AGROTEC-RALLY_16-01-web-2.png\",\"width\":459,\"height\":222,\"caption\":\"AGROTEC Petronas rally\"},\"image\":{\"@id\":\"https:\/\/www.agrotecrally.cz\/#\/schema\/logo\/image\/\"},\"sameAs\":[\"https:\/\/www.facebook.com\/agrotecrally\"]},{\"@type\":\"Person\",\"@id\":\"https:\/\/www.agrotecrally.cz\/#\/schema\/person\/a27dc612cf6a78c558f707d1669418ea\",\"name\":\"AGROTEC Group\",\"image\":{\"@type\":\"ImageObject\",\"inLanguage\":\"en-GB\",\"@id\":\"https:\/\/www.agrotecrally.cz\/#\/schema\/person\/image\/\",\"url\":\"https:\/\/secure.gravatar.com\/avatar\/5da8e1cb2a1adffcb169cbd61facae29?s=96&d=mm&r=g\",\"contentUrl\":\"https:\/\/secure.gravatar.com\/avatar\/5da8e1cb2a1adffcb169cbd61facae29?s=96&d=mm&r=g\",\"caption\":\"AGROTEC Group\"},\"url\":\"https:\/\/www.agrotecrally.cz\/en\/author\/marketing-agrotec-groupgmail-com\/\"}]}<\/script>\n<!-- \/ Yoast SEO plugin. -->","yoast_head_json":{"title":"V Hustope\u010d\u00edch budou z\u00e1vodit auta s alternativn\u00edm pohonem | AGROTEC Petronas Rally","description":"To, \u017ee se v Hustope\u010d\u00edch jezd\u00ed rally, u\u017e v\u00ed ka\u017ed\u00fd. Te\u010f se tady ale \u00fapln\u011b poprv\u00e9 pojede i eco rally. Nov\u011b vznikl\u00fd \u0161ampion\u00e1t pojedou s\u00e9riov\u011b vyr\u00e1b\u011bn\u00e9 automobily s alternativn\u00edm pohonem","robots":{"index":"index","follow":"follow","max-snippet":"max-snippet:-1","max-image-preview":"max-image-preview:large","max-video-preview":"max-video-preview:-1"},"canonical":"https:\/\/www.agrotecrally.cz\/en\/ecorally\/v-hustopecich-budou-zavodit-auta-s-alternativnim-pohonem\/","og_locale":"en_GB","og_type":"article","og_title":"V Hustope\u010d\u00edch budou z\u00e1vodit auta s alternativn\u00edm pohonem | AGROTEC Petronas Rally","og_description":"To, \u017ee se v Hustope\u010d\u00edch jezd\u00ed rally, u\u017e v\u00ed ka\u017ed\u00fd. Te\u010f se tady ale \u00fapln\u011b poprv\u00e9 pojede i eco rally. Nov\u011b vznikl\u00fd \u0161ampion\u00e1t pojedou s\u00e9riov\u011b vyr\u00e1b\u011bn\u00e9 automobily s alternativn\u00edm pohonem","og_url":"https:\/\/www.agrotecrally.cz\/en\/ecorally\/v-hustopecich-budou-zavodit-auta-s-alternativnim-pohonem\/","og_site_name":"AGROTEC Petronas Rally","article_publisher":"https:\/\/www.facebook.com\/agrotecrally","article_published_time":"2022-08-11T13:03:45+00:00","article_modified_time":"2022-08-22T09:24:14+00:00","og_image":[{"width":2560,"height":1125,"url":"https:\/\/www.agrotecrally.cz\/wp-content\/uploads\/2022\/08\/ecovuz-scaled.jpeg","type":"image\/jpeg"}],"author":"AGROTEC Group","twitter_card":"summary_large_image","twitter_misc":{"Written by":"AGROTEC Group","Estimated reading time":"2 minutes"},"schema":{"@context":"https:\/\/schema.org","@graph":[{"@type":"Article","@id":"https:\/\/www.agrotecrally.cz\/en\/ecorally\/v-hustopecich-budou-zavodit-auta-s-alternativnim-pohonem\/#article","isPartOf":{"@id":"https:\/\/www.agrotecrally.cz\/en\/ecorally\/v-hustopecich-budou-zavodit-auta-s-alternativnim-pohonem\/"},"author":{"name":"AGROTEC Group","@id":"https:\/\/www.agrotecrally.cz\/#\/schema\/person\/a27dc612cf6a78c558f707d1669418ea"},"headline":"V Hustope\u010d\u00edch budou z\u00e1vodit auta s alternativn\u00edm pohonem","datePublished":"2022-08-11T13:03:45+00:00","dateModified":"2022-08-22T09:24:14+00:00","mainEntityOfPage":{"@id":"https:\/\/www.agrotecrally.cz\/en\/ecorally\/v-hustopecich-budou-zavodit-auta-s-alternativnim-pohonem\/"},"wordCount":562,"commentCount":0,"publisher":{"@id":"https:\/\/www.agrotecrally.cz\/#organization"},"articleSection":["ecoRally"],"inLanguage":"en-GB","potentialAction":[{"@type":"CommentAction","name":"Comment","target":["https:\/\/www.agrotecrally.cz\/en\/ecorally\/v-hustopecich-budou-zavodit-auta-s-alternativnim-pohonem\/#respond"]}]},{"@type":"WebPage","@id":"https:\/\/www.agrotecrally.cz\/en\/ecorally\/v-hustopecich-budou-zavodit-auta-s-alternativnim-pohonem\/","url":"https:\/\/www.agrotecrally.cz\/en\/ecorally\/v-hustopecich-budou-zavodit-auta-s-alternativnim-pohonem\/","name":"V Hustope\u010d\u00edch budou z\u00e1vodit auta s alternativn\u00edm pohonem | AGROTEC Petronas Rally","isPartOf":{"@id":"https:\/\/www.agrotecrally.cz\/#website"},"datePublished":"2022-08-11T13:03:45+00:00","dateModified":"2022-08-22T09:24:14+00:00","description":"To, \u017ee se v Hustope\u010d\u00edch jezd\u00ed rally, u\u017e v\u00ed ka\u017ed\u00fd. Te\u010f se tady ale \u00fapln\u011b poprv\u00e9 pojede i eco rally. Nov\u011b vznikl\u00fd \u0161ampion\u00e1t pojedou s\u00e9riov\u011b vyr\u00e1b\u011bn\u00e9 automobily s alternativn\u00edm pohonem","breadcrumb":{"@id":"https:\/\/www.agrotecrally.cz\/en\/ecorally\/v-hustopecich-budou-zavodit-auta-s-alternativnim-pohonem\/#breadcrumb"},"inLanguage":"en-GB","potentialAction":[{"@type":"ReadAction","target":["https:\/\/www.agrotecrally.cz\/en\/ecorally\/v-hustopecich-budou-zavodit-auta-s-alternativnim-pohonem\/"]}]},{"@type":"BreadcrumbList","@id":"https:\/\/www.agrotecrally.cz\/en\/ecorally\/v-hustopecich-budou-zavodit-auta-s-alternativnim-pohonem\/#breadcrumb","itemListElement":[{"@type":"ListItem","position":1,"name":"Dom\u016f","item":"https:\/\/www.agrotecrally.cz\/"},{"@type":"ListItem","position":2,"name":"V Hustope\u010d\u00edch budou z\u00e1vodit auta s alternativn\u00edm pohonem"}]},{"@type":"WebSite","@id":"https:\/\/www.agrotecrally.cz\/#website","url":"https:\/\/www.agrotecrally.cz\/","name":"AGROTEC Petronas rally","description":"Rally mezi vinicemi","publisher":{"@id":"https:\/\/www.agrotecrally.cz\/#organization"},"potentialAction":[{"@type":"SearchAction","target":{"@type":"EntryPoint","urlTemplate":"https:\/\/www.agrotecrally.cz\/?s={search_term_string}"},"query-input":"required name=search_term_string"}],"inLanguage":"en-GB"},{"@type":"Organization","@id":"https:\/\/www.agrotecrally.cz\/#organization","name":"AGROTEC Petronas rally","url":"https:\/\/www.agrotecrally.cz\/","logo":{"@type":"ImageObject","inLanguage":"en-GB","@id":"https:\/\/www.agrotecrally.cz\/#\/schema\/logo\/image\/","url":"https:\/\/www.agrotecrally.cz\/wp-content\/uploads\/2021\/05\/AGROTEC-RALLY_16-01-web-2.png","contentUrl":"https:\/\/www.agrotecrally.cz\/wp-content\/uploads\/2021\/05\/AGROTEC-RALLY_16-01-web-2.png","width":459,"height":222,"caption":"AGROTEC Petronas rally"},"image":{"@id":"https:\/\/www.agrotecrally.cz\/#\/schema\/logo\/image\/"},"sameAs":["https:\/\/www.facebook.com\/agrotecrally"]},{"@type":"Person","@id":"https:\/\/www.agrotecrally.cz\/#\/schema\/person\/a27dc612cf6a78c558f707d1669418ea","name":"AGROTEC Group","image":{"@type":"ImageObject","inLanguage":"en-GB","@id":"https:\/\/www.agrotecrally.cz\/#\/schema\/person\/image\/","url":"https:\/\/secure.gravatar.com\/avatar\/5da8e1cb2a1adffcb169cbd61facae29?s=96&d=mm&r=g","contentUrl":"https:\/\/secure.gravatar.com\/avatar\/5da8e1cb2a1adffcb169cbd61facae29?s=96&d=mm&r=g","caption":"AGROTEC Group"},"url":"https:\/\/www.agrotecrally.cz\/en\/author\/marketing-agrotec-groupgmail-com\/"}]}},"_links":{"self":[{"href":"https:\/\/www.agrotecrally.cz\/en\/wp-json\/wp\/v2\/posts\/1976"}],"collection":[{"href":"https:\/\/www.agrotecrally.cz\/en\/wp-json\/wp\/v2\/posts"}],"about":[{"href":"https:\/\/www.agrotecrally.cz\/en\/wp-json\/wp\/v2\/types\/post"}],"author":[{"embeddable":true,"href":"https:\/\/www.agrotecrally.cz\/en\/wp-json\/wp\/v2\/users\/5"}],"replies":[{"embeddable":true,"href":"https:\/\/www.agrotecrally.cz\/en\/wp-json\/wp\/v2\/comments?post=1976"}],"version-history":[{"count":9,"href":"https:\/\/www.agrotecrally.cz\/en\/wp-json\/wp\/v2\/posts\/1976\/revisions"}],"predecessor-version":[{"id":2045,"href":"https:\/\/www.agrotecrally.cz\/en\/wp-json\/wp\/v2\/posts\/1976\/revisions\/2045"}],"wp:featuredmedia":[{"embeddable":true,"href":"https:\/\/www.agrotecrally.cz\/en\/wp-json\/wp\/v2\/media\/1970"}],"wp:attachment":[{"href":"https:\/\/www.agrotecrally.cz\/en\/wp-json\/wp\/v2\/media?parent=1976"}],"wp:term":[{"taxonomy":"category","embeddable":true,"href":"https:\/\/www.agrotecrally.cz\/en\/wp-json\/wp\/v2\/categories?post=1976"},{"taxonomy":"post_tag","embeddable":true,"href":"https:\/\/www.agrotecrally.cz\/en\/wp-json\/wp\/v2\/tags?post=1976"}],"curies":[{"name":"wp","href":"https:\/\/api.w.org\/{rel}","templated":true}]}}