{"id":2328,"date":"2023-06-13T06:15:40","date_gmt":"2023-06-13T05:15:40","guid":{"rendered":"https:\/\/www.agrotecrally.cz\/?p=2328"},"modified":"2023-06-13T06:15:40","modified_gmt":"2023-06-13T05:15:40","slug":"patek-v-hustopecich-s-tradicnimi-tahaky-a-novinkou","status":"publish","type":"post","link":"https:\/\/www.agrotecrally.cz\/en\/rally-hustopece\/patek-v-hustopecich-s-tradicnimi-tahaky-a-novinkou\/","title":{"rendered":"P\u00e1tek v Hustope\u010d\u00edch s tradi\u010dn\u00edmi tah\u00e1ky a novinkou"},"content":{"rendered":"<p><strong>Dv\u011b etapy, \u010dty\u0159i sekce, takov\u00fd je leto\u0161n\u00ed form\u00e1t AGROTEC PETRONAS rally. V\u00a0ka\u017ed\u00e9 sekci pos\u00e1dky absolvuj\u00ed t\u0159i rychlostn\u00ed zkou\u0161ky. Po p\u00e1te\u010dn\u00edm startu 16. \u010dervna po 17. hodin\u011b sout\u011b\u017e\u00edc\u00ed vyraz\u00ed na \u00faseky Vl\u010d\u00ed dolina \u2013 Kurd\u011bjov, Martinice \u2013 \u0160itbo\u0159ice a Boleradice \u2013 N\u011bm\u010di\u010dky. Ve druh\u00fdch pr\u016fjezdech u\u017e za sv\u011btel p\u0159\u00eddavn\u00fdch ramp. <\/strong><\/p>\n<p>Organiza\u010dn\u00ed t\u00fdm AGROTEC PETRONAS rally pokra\u010duje v\u00a0tradici velmi kompaktn\u00ed sout\u011b\u017ee, rychlostn\u00ed zkou\u0161ky jsou situov\u00e1ny v okruhu do 30 km od centra sout\u011b\u017ee a rally se odjede v \u010dasov\u00e9m rozp\u011bt\u00ed zhruba 23 hodin. Tradi\u010dn\u00ed n\u00e1v\u0161t\u011bvn\u00edk hustope\u010dsk\u00e9 sout\u011b\u017ee bude v\u011bt\u0161inu m\u00edst zn\u00e1t z\u00a0p\u0159ede\u0161l\u00fdch ro\u010dn\u00edk\u016f, \u00fapln\u011b nov\u00fdch pas\u00e1\u017e\u00ed je opravdu minimum.<\/p>\n<p>Na v\u0161ech rychlostn\u00edch zkou\u0161k\u00e1ch najdete Div\u00e1ck\u00e1 m\u00edsta, ale i dal\u0161\u00ed zaj\u00edmav\u00e9 \u00faseky. Jedn\u00e1 se o rychl\u00e9 pas\u00e1\u017ee \u201ena srdce\u201c, ale i pomalej\u0161\u00ed ostr\u00e9 zat\u00e1\u010dky, skoky \u010di horizonty. Mimo div\u00e1ck\u00e1 m\u00edsta se pros\u00edm \u0159i\u010fte pokyny po\u0159adatel\u016f na m\u00edst\u011b.<\/p>\n<p>Na startovn\u00ed pole \u010dek\u00e1 v\u00a0p\u00e1tek dopoledne je\u0161t\u011b z\u00e1v\u011br seznamovac\u00edch j\u00edzd, n\u00e1sledn\u011b se pos\u00e1dky p\u0159esunou na tra\u0165 shakedownu mezi Starovicemi\u00a0a Uher\u010dicemi (4,38\u2008km). Prvn\u00ed dvac\u00edtka v\u00a0\u010dase od 11:30, od 12:10 do 14:30 bude moci naposledy vyzkou\u0161et sv\u00e9 speci\u00e1ly kompletn\u00ed startovn\u00ed pole. I letos tak pokra\u010duje tradice shakedownu na \u010d\u00e1sti starovick\u00e9 rychlostn\u00ed zkou\u0161ky, letos tedy v\u00a0protism\u011bru RZ 9\/12. Ke sledov\u00e1n\u00ed z\u00e1vodn\u00edch voz\u016f doporu\u010dujeme pas\u00e1\u017ee ve st\u0159edn\u00ed \u010d\u00e1sti zkou\u0161ky s\u00a0hladk\u00fdm p\u0159\u00edstupem po zem\u011bd\u011blsk\u00fdch komunikac\u00edch od Starovic a Uher\u010dic.<\/p>\n<p>&nbsp;<\/p>\n<p>Ofici\u00e1ln\u00ed p\u00e1te\u010dn\u00ed program odstartuje v\u00a017 hodin ze servisu, n\u00e1sledn\u011b pos\u00e1dky p\u0159ejedou startovn\u00ed rampu v\u00a0Husov\u011b ulici v\u00a0Hustope\u010d\u00edch, odkud budou pokra\u010dovat k\u00a0rychlostn\u00edm zkou\u0161k\u00e1m. B\u011bhem p\u00e1tku budou zdol\u00e1vat 66,80 z\u00e1vodn\u00edch kilometr\u016f.<\/p>\n<p>\u00davodn\u00ed \u010d\u00e1st RZ 1\/4<strong> Vl\u010d\u00ed dolina \u2013 Kurd\u011bjov <\/strong>(12,50 km) vede po \u00fazk\u00fdch cest\u00e1ch mezi vinohrady a kop\u00edruje lo\u0148sk\u00fd prvn\u00ed rychlostku. Jej\u00ed podoba je ov\u0161em prodlou\u017eena, druh\u00e1 polovina sm\u011b\u0159uje po p\u011bkn\u00e9m \u0161irok\u00e9m asfaltu do Kurd\u011bjova, s\u00a0pr\u016fjezdem dvou most\u016f u kostela (<strong>DM A)<\/strong>. Dal\u0161\u00ed m\u00edsta le\u017e\u00ed jen p\u00e1r kilometr\u016f od centra sout\u011b\u017ee, nejbli\u017e\u0161\u00ed dva kilometry z n\u00e1m\u011bst\u00ed sm\u011brem na Kurd\u011bjov, tak\u017ee je dostupn\u00fd i p\u011b\u0161ky. Z\u00e1v\u011br op\u011bt vr\u00e1t\u00ed pos\u00e1dky na \u00fazk\u00fd usk\u00e1kan\u00fd asfalt. Ve Vl\u010d\u00ed dolin\u011b, nejn\u00ed\u017ee polo\u017een\u00e9 pas\u00e1\u017e\u00ed t\u00e9to zkou\u0161ky, \u010dek\u00e1 startovn\u00ed pole kr\u00e1tk\u00fd 300 metr\u016f dlouh\u00fd \u0161otolinov\u00fd \u00fasek.<\/p>\n<p>M\u011b\u0159en\u00fd \u00fasek RZ 2\/5 <strong>Martinice \u2013 \u0160itbo\u0159ice <\/strong>je zn\u00e1m\u00fd z minul\u00fdch ro\u010dn\u00edk\u016f hustope\u010dsk\u00e9 rally, letos se poprv\u00e9 pojede v opa\u010dn\u00e9m sm\u011bru, tak\u017ee bude pro v\u0161echny pos\u00e1dky nov\u00fd. Z\u00e1rove\u0148 se jedn\u00e1 o nejkrat\u0161\u00ed \u00fasek sout\u011b\u017ee (8,20 km), je kompletn\u011b na asfaltu. Div\u00e1cky vd\u011b\u010dn\u00e1 bude vrace\u010dka nad Martinicemi a pas\u00e1\u017ee nad \u0160itbo\u0159icemi se zat\u00e1\u010dkami k\u00a0letm\u00e9mu c\u00edli.<\/p>\n<p>Div\u00e1cky nejp\u0159\u00edv\u011btiv\u011bj\u0161\u00ed a tak\u00e9 tradi\u010dn\u011b nejatraktivn\u011bj\u0161\u00ed bude t\u0159et\u00ed p\u00e1te\u010dn\u00ed zkou\u0161ka <strong>Boleradice \u2013 N\u011bm\u010di\u010dky <\/strong>(RZ 3\/6, 12,70 km). Div\u00e1ck\u00e1 m\u00edsta nad Horn\u00edmi Bojanovicemi (vrace\u010dka ze \u0161otoliny na asfalt, <strong>DM B) <\/strong>a v<strong>\u00a0<\/strong>N\u011bm\u010di\u010dk\u00e1ch (u koupali\u0161t\u011b, <strong>DM C<\/strong>) dopln\u00ed vyhled\u00e1van\u00fd otev\u0159en\u00fd \u0161otolinov\u00fd \u00fasek k rozhledn\u011b Krav\u00ed Hora, atraktivn\u00ed je i prav\u00e9 odbo\u010den\u00ed k leti\u0161ti v Bo\u0159etic\u00edch. Pot\u00e9 tra\u0165 vede pod\u00e9l leti\u0161t\u011b, kde je zpomalovac\u00ed retard\u00e9r, rychlou pas\u00e1\u017e\u00ed k\u00a0letm\u00e9mu c\u00edli p\u0159ed Velk\u00fdmi Pavlovicemi.<\/p>\n<p>Servisn\u00ed z\u00e1zem\u00ed najdou fanou\u0161ci vzhledem k\u00a0po\u010dtu \u00fa\u010dastn\u00edk\u016f v\u00a0obou termin\u00e1lech spole\u010dnosti MOSS logistics (Bratislavsk\u00e1 ulice, Hustope\u010de), kter\u00e1 je dlouholet\u00fdm partnerem a podporovatelem hustope\u010dsk\u00e9 rally. Zde m\u016f\u017eete fandit, zhl\u00e9dnout servisn\u00ed \u00fakony a\u00a0p\u0159\u00edpadn\u011b se i ob\u010derstvit.<\/p>\n<p>D\u016fle\u017eit\u00e9 informace k\u00a0rally najdete na str\u00e1nce www.agrotecrally.cz a v\u00a0aplikaci Sportity (heslo: <strong>Hustopece2023<\/strong>), \u0159ada novinek je dostupn\u00e1 i na facebookov\u00e9m profilu <strong>Agrotec rally Hustope\u010de<\/strong>.<\/p>\n<p>AGROTEC PETRONAS rally Hustope\u010de 2023, tiskov\u00fd servis<\/p>\n<p>Tom\u00e1\u0161 Plach\u00fd<\/p>","protected":false},"excerpt":{"rendered":"<p>Dv\u011b etapy, \u010dty\u0159i sekce, takov\u00fd je leto\u0161n\u00ed form\u00e1t AGROTEC PETRONAS rally. V\u00a0ka\u017ed\u00e9 sekci pos\u00e1dky absolvuj\u00ed t\u0159i rychlostn\u00ed zkou\u0161ky. Po p\u00e1te\u010dn\u00edm startu 16. \u010dervna po 17. hodin\u011b sout\u011b\u017e\u00edc\u00ed vyraz\u00ed na \u00faseky Vl\u010d\u00ed dolina \u2013 Kurd\u011bjov, Martinice \u2013 \u0160itbo\u0159ice a Boleradice \u2013 N\u011bm\u010di\u010dky. Ve druh\u00fdch pr\u016fjezdech u\u017e za sv\u011btel p\u0159\u00eddavn\u00fdch ramp. Organiza\u010dn\u00ed t\u00fdm AGROTEC PETRONAS rally pokra\u010duje [&hellip;]<\/p>","protected":false},"author":2,"featured_media":2329,"comment_status":"open","ping_status":"open","sticky":false,"template":"","format":"standard","meta":{"_et_pb_use_builder":"","_et_pb_old_content":"","_et_gb_content_width":"","footnotes":""},"categories":[10,9],"tags":[83,84,74,19,41,77,75,86,76],"yoast_head":"<!-- This site is optimized with the Yoast SEO plugin v21.9.1 - https:\/\/yoast.com\/wordpress\/plugins\/seo\/ -->\n<title>P\u00e1tek v Hustope\u010d\u00edch s tradi\u010dn\u00edmi tah\u00e1ky a novinkou | AGROTEC Petronas Rally<\/title>\n<meta name=\"robots\" content=\"index, follow, max-snippet:-1, max-image-preview:large, max-video-preview:-1\" \/>\n<link rel=\"canonical\" href=\"https:\/\/www.agrotecrally.cz\/en\/rally-hustopece\/patek-v-hustopecich-s-tradicnimi-tahaky-a-novinkou\/\" \/>\n<meta property=\"og:locale\" content=\"en_GB\" \/>\n<meta property=\"og:type\" content=\"article\" \/>\n<meta property=\"og:title\" content=\"P\u00e1tek v Hustope\u010d\u00edch s tradi\u010dn\u00edmi tah\u00e1ky a novinkou | AGROTEC Petronas Rally\" \/>\n<meta property=\"og:description\" content=\"Dv\u011b etapy, \u010dty\u0159i sekce, takov\u00fd je leto\u0161n\u00ed form\u00e1t AGROTEC PETRONAS rally. V\u00a0ka\u017ed\u00e9 sekci pos\u00e1dky absolvuj\u00ed t\u0159i rychlostn\u00ed zkou\u0161ky. Po p\u00e1te\u010dn\u00edm startu 16. \u010dervna po 17. hodin\u011b sout\u011b\u017e\u00edc\u00ed vyraz\u00ed na \u00faseky Vl\u010d\u00ed dolina \u2013 Kurd\u011bjov, Martinice \u2013 \u0160itbo\u0159ice a Boleradice \u2013 N\u011bm\u010di\u010dky. Ve druh\u00fdch pr\u016fjezdech u\u017e za sv\u011btel p\u0159\u00eddavn\u00fdch ramp. Organiza\u010dn\u00ed t\u00fdm AGROTEC PETRONAS rally pokra\u010duje [&hellip;]\" \/>\n<meta property=\"og:url\" content=\"https:\/\/www.agrotecrally.cz\/en\/rally-hustopece\/patek-v-hustopecich-s-tradicnimi-tahaky-a-novinkou\/\" \/>\n<meta property=\"og:site_name\" content=\"AGROTEC Petronas Rally\" \/>\n<meta property=\"article:publisher\" content=\"https:\/\/www.facebook.com\/agrotecrally\" \/>\n<meta property=\"article:published_time\" content=\"2023-06-13T05:15:40+00:00\" \/>\n<meta property=\"og:image\" content=\"https:\/\/www.agrotecrally.cz\/wp-content\/uploads\/2023\/06\/Hustopece_2022_kravi_hora2-scaled.jpg\" \/>\n\t<meta property=\"og:image:width\" content=\"2560\" \/>\n\t<meta property=\"og:image:height\" content=\"1707\" \/>\n\t<meta property=\"og:image:type\" content=\"image\/jpeg\" \/>\n<meta name=\"author\" content=\"Tom\u00e1\u0161 Plach\u00fd\" \/>\n<meta name=\"twitter:card\" content=\"summary_large_image\" \/>\n<meta name=\"twitter:label1\" content=\"Written by\" \/>\n\t<meta name=\"twitter:data1\" content=\"Tom\u00e1\u0161 Plach\u00fd\" \/>\n\t<meta name=\"twitter:label2\" content=\"Estimated reading time\" \/>\n\t<meta name=\"twitter:data2\" content=\"3 minutes\" \/>\n<script type=\"application\/ld+json\" class=\"yoast-schema-graph\">{\"@context\":\"https:\/\/schema.org\",\"@graph\":[{\"@type\":\"Article\",\"@id\":\"https:\/\/www.agrotecrally.cz\/rally-hustopece\/patek-v-hustopecich-s-tradicnimi-tahaky-a-novinkou\/#article\",\"isPartOf\":{\"@id\":\"https:\/\/www.agrotecrally.cz\/rally-hustopece\/patek-v-hustopecich-s-tradicnimi-tahaky-a-novinkou\/\"},\"author\":{\"name\":\"Tom\u00e1\u0161 Plach\u00fd\",\"@id\":\"https:\/\/www.agrotecrally.cz\/#\/schema\/person\/38a02deaa1f019e278fc735d03d83f85\"},\"headline\":\"P\u00e1tek v Hustope\u010d\u00edch s tradi\u010dn\u00edmi tah\u00e1ky a novinkou\",\"datePublished\":\"2023-06-13T05:15:40+00:00\",\"dateModified\":\"2023-06-13T05:15:40+00:00\",\"mainEntityOfPage\":{\"@id\":\"https:\/\/www.agrotecrally.cz\/rally-hustopece\/patek-v-hustopecich-s-tradicnimi-tahaky-a-novinkou\/\"},\"wordCount\":744,\"commentCount\":0,\"publisher\":{\"@id\":\"https:\/\/www.agrotecrally.cz\/#organization\"},\"keywords\":[\"Agrotec\",\"Agrotec Petronas rally\",\"CEZ\",\"Hustope\u010de\",\"M\u010cR\",\"M\u010cR HA\",\"rally\",\"rally mezi vinicemu\",\"rally mezi vinohrady\"],\"articleSection\":[\"AGROTEC rally Hustope\u010de\",\"Rally mezi vinicemi\"],\"inLanguage\":\"en-GB\",\"potentialAction\":[{\"@type\":\"CommentAction\",\"name\":\"Comment\",\"target\":[\"https:\/\/www.agrotecrally.cz\/rally-hustopece\/patek-v-hustopecich-s-tradicnimi-tahaky-a-novinkou\/#respond\"]}]},{\"@type\":\"WebPage\",\"@id\":\"https:\/\/www.agrotecrally.cz\/rally-hustopece\/patek-v-hustopecich-s-tradicnimi-tahaky-a-novinkou\/\",\"url\":\"https:\/\/www.agrotecrally.cz\/rally-hustopece\/patek-v-hustopecich-s-tradicnimi-tahaky-a-novinkou\/\",\"name\":\"P\u00e1tek v Hustope\u010d\u00edch s tradi\u010dn\u00edmi tah\u00e1ky a novinkou | AGROTEC Petronas Rally\",\"isPartOf\":{\"@id\":\"https:\/\/www.agrotecrally.cz\/#website\"},\"datePublished\":\"2023-06-13T05:15:40+00:00\",\"dateModified\":\"2023-06-13T05:15:40+00:00\",\"breadcrumb\":{\"@id\":\"https:\/\/www.agrotecrally.cz\/rally-hustopece\/patek-v-hustopecich-s-tradicnimi-tahaky-a-novinkou\/#breadcrumb\"},\"inLanguage\":\"en-GB\",\"potentialAction\":[{\"@type\":\"ReadAction\",\"target\":[\"https:\/\/www.agrotecrally.cz\/rally-hustopece\/patek-v-hustopecich-s-tradicnimi-tahaky-a-novinkou\/\"]}]},{\"@type\":\"BreadcrumbList\",\"@id\":\"https:\/\/www.agrotecrally.cz\/rally-hustopece\/patek-v-hustopecich-s-tradicnimi-tahaky-a-novinkou\/#breadcrumb\",\"itemListElement\":[{\"@type\":\"ListItem\",\"position\":1,\"name\":\"Dom\u016f\",\"item\":\"https:\/\/www.agrotecrally.cz\/\"},{\"@type\":\"ListItem\",\"position\":2,\"name\":\"P\u00e1tek v Hustope\u010d\u00edch s tradi\u010dn\u00edmi tah\u00e1ky a novinkou\"}]},{\"@type\":\"WebSite\",\"@id\":\"https:\/\/www.agrotecrally.cz\/#website\",\"url\":\"https:\/\/www.agrotecrally.cz\/\",\"name\":\"AGROTEC Petronas rally\",\"description\":\"Rally mezi vinicemi\",\"publisher\":{\"@id\":\"https:\/\/www.agrotecrally.cz\/#organization\"},\"potentialAction\":[{\"@type\":\"SearchAction\",\"target\":{\"@type\":\"EntryPoint\",\"urlTemplate\":\"https:\/\/www.agrotecrally.cz\/?s={search_term_string}\"},\"query-input\":\"required name=search_term_string\"}],\"inLanguage\":\"en-GB\"},{\"@type\":\"Organization\",\"@id\":\"https:\/\/www.agrotecrally.cz\/#organization\",\"name\":\"AGROTEC Petronas rally\",\"url\":\"https:\/\/www.agrotecrally.cz\/\",\"logo\":{\"@type\":\"ImageObject\",\"inLanguage\":\"en-GB\",\"@id\":\"https:\/\/www.agrotecrally.cz\/#\/schema\/logo\/image\/\",\"url\":\"https:\/\/www.agrotecrally.cz\/wp-content\/uploads\/2021\/05\/AGROTEC-RALLY_16-01-web-2.png\",\"contentUrl\":\"https:\/\/www.agrotecrally.cz\/wp-content\/uploads\/2021\/05\/AGROTEC-RALLY_16-01-web-2.png\",\"width\":459,\"height\":222,\"caption\":\"AGROTEC Petronas rally\"},\"image\":{\"@id\":\"https:\/\/www.agrotecrally.cz\/#\/schema\/logo\/image\/\"},\"sameAs\":[\"https:\/\/www.facebook.com\/agrotecrally\"]},{\"@type\":\"Person\",\"@id\":\"https:\/\/www.agrotecrally.cz\/#\/schema\/person\/38a02deaa1f019e278fc735d03d83f85\",\"name\":\"Tom\u00e1\u0161 Plach\u00fd\",\"image\":{\"@type\":\"ImageObject\",\"inLanguage\":\"en-GB\",\"@id\":\"https:\/\/www.agrotecrally.cz\/#\/schema\/person\/image\/\",\"url\":\"https:\/\/secure.gravatar.com\/avatar\/a7a68eee7fdb2b4f0975cdc024983e22?s=96&d=mm&r=g\",\"contentUrl\":\"https:\/\/secure.gravatar.com\/avatar\/a7a68eee7fdb2b4f0975cdc024983e22?s=96&d=mm&r=g\",\"caption\":\"Tom\u00e1\u0161 Plach\u00fd\"},\"url\":\"https:\/\/www.agrotecrally.cz\/en\/author\/topmediaseznam-cz\/\"}]}<\/script>\n<!-- \/ Yoast SEO plugin. -->","yoast_head_json":{"title":"P\u00e1tek v Hustope\u010d\u00edch s tradi\u010dn\u00edmi tah\u00e1ky a novinkou | AGROTEC Petronas Rally","robots":{"index":"index","follow":"follow","max-snippet":"max-snippet:-1","max-image-preview":"max-image-preview:large","max-video-preview":"max-video-preview:-1"},"canonical":"https:\/\/www.agrotecrally.cz\/en\/rally-hustopece\/patek-v-hustopecich-s-tradicnimi-tahaky-a-novinkou\/","og_locale":"en_GB","og_type":"article","og_title":"P\u00e1tek v Hustope\u010d\u00edch s tradi\u010dn\u00edmi tah\u00e1ky a novinkou | AGROTEC Petronas Rally","og_description":"Dv\u011b etapy, \u010dty\u0159i sekce, takov\u00fd je leto\u0161n\u00ed form\u00e1t AGROTEC PETRONAS rally. V\u00a0ka\u017ed\u00e9 sekci pos\u00e1dky absolvuj\u00ed t\u0159i rychlostn\u00ed zkou\u0161ky. Po p\u00e1te\u010dn\u00edm startu 16. \u010dervna po 17. hodin\u011b sout\u011b\u017e\u00edc\u00ed vyraz\u00ed na \u00faseky Vl\u010d\u00ed dolina \u2013 Kurd\u011bjov, Martinice \u2013 \u0160itbo\u0159ice a Boleradice \u2013 N\u011bm\u010di\u010dky. Ve druh\u00fdch pr\u016fjezdech u\u017e za sv\u011btel p\u0159\u00eddavn\u00fdch ramp. Organiza\u010dn\u00ed t\u00fdm AGROTEC PETRONAS rally pokra\u010duje [&hellip;]","og_url":"https:\/\/www.agrotecrally.cz\/en\/rally-hustopece\/patek-v-hustopecich-s-tradicnimi-tahaky-a-novinkou\/","og_site_name":"AGROTEC Petronas Rally","article_publisher":"https:\/\/www.facebook.com\/agrotecrally","article_published_time":"2023-06-13T05:15:40+00:00","og_image":[{"width":2560,"height":1707,"url":"https:\/\/www.agrotecrally.cz\/wp-content\/uploads\/2023\/06\/Hustopece_2022_kravi_hora2-scaled.jpg","type":"image\/jpeg"}],"author":"Tom\u00e1\u0161 Plach\u00fd","twitter_card":"summary_large_image","twitter_misc":{"Written by":"Tom\u00e1\u0161 Plach\u00fd","Estimated reading time":"3 minutes"},"schema":{"@context":"https:\/\/schema.org","@graph":[{"@type":"Article","@id":"https:\/\/www.agrotecrally.cz\/rally-hustopece\/patek-v-hustopecich-s-tradicnimi-tahaky-a-novinkou\/#article","isPartOf":{"@id":"https:\/\/www.agrotecrally.cz\/rally-hustopece\/patek-v-hustopecich-s-tradicnimi-tahaky-a-novinkou\/"},"author":{"name":"Tom\u00e1\u0161 Plach\u00fd","@id":"https:\/\/www.agrotecrally.cz\/#\/schema\/person\/38a02deaa1f019e278fc735d03d83f85"},"headline":"P\u00e1tek v Hustope\u010d\u00edch s tradi\u010dn\u00edmi tah\u00e1ky a novinkou","datePublished":"2023-06-13T05:15:40+00:00","dateModified":"2023-06-13T05:15:40+00:00","mainEntityOfPage":{"@id":"https:\/\/www.agrotecrally.cz\/rally-hustopece\/patek-v-hustopecich-s-tradicnimi-tahaky-a-novinkou\/"},"wordCount":744,"commentCount":0,"publisher":{"@id":"https:\/\/www.agrotecrally.cz\/#organization"},"keywords":["Agrotec","Agrotec Petronas rally","CEZ","Hustope\u010de","M\u010cR","M\u010cR HA","rally","rally mezi vinicemu","rally mezi vinohrady"],"articleSection":["AGROTEC rally Hustope\u010de","Rally mezi vinicemi"],"inLanguage":"en-GB","potentialAction":[{"@type":"CommentAction","name":"Comment","target":["https:\/\/www.agrotecrally.cz\/rally-hustopece\/patek-v-hustopecich-s-tradicnimi-tahaky-a-novinkou\/#respond"]}]},{"@type":"WebPage","@id":"https:\/\/www.agrotecrally.cz\/rally-hustopece\/patek-v-hustopecich-s-tradicnimi-tahaky-a-novinkou\/","url":"https:\/\/www.agrotecrally.cz\/rally-hustopece\/patek-v-hustopecich-s-tradicnimi-tahaky-a-novinkou\/","name":"P\u00e1tek v Hustope\u010d\u00edch s tradi\u010dn\u00edmi tah\u00e1ky a novinkou | AGROTEC Petronas Rally","isPartOf":{"@id":"https:\/\/www.agrotecrally.cz\/#website"},"datePublished":"2023-06-13T05:15:40+00:00","dateModified":"2023-06-13T05:15:40+00:00","breadcrumb":{"@id":"https:\/\/www.agrotecrally.cz\/rally-hustopece\/patek-v-hustopecich-s-tradicnimi-tahaky-a-novinkou\/#breadcrumb"},"inLanguage":"en-GB","potentialAction":[{"@type":"ReadAction","target":["https:\/\/www.agrotecrally.cz\/rally-hustopece\/patek-v-hustopecich-s-tradicnimi-tahaky-a-novinkou\/"]}]},{"@type":"BreadcrumbList","@id":"https:\/\/www.agrotecrally.cz\/rally-hustopece\/patek-v-hustopecich-s-tradicnimi-tahaky-a-novinkou\/#breadcrumb","itemListElement":[{"@type":"ListItem","position":1,"name":"Dom\u016f","item":"https:\/\/www.agrotecrally.cz\/"},{"@type":"ListItem","position":2,"name":"P\u00e1tek v Hustope\u010d\u00edch s tradi\u010dn\u00edmi tah\u00e1ky a novinkou"}]},{"@type":"WebSite","@id":"https:\/\/www.agrotecrally.cz\/#website","url":"https:\/\/www.agrotecrally.cz\/","name":"AGROTEC Petronas rally","description":"Rally mezi vinicemi","publisher":{"@id":"https:\/\/www.agrotecrally.cz\/#organization"},"potentialAction":[{"@type":"SearchAction","target":{"@type":"EntryPoint","urlTemplate":"https:\/\/www.agrotecrally.cz\/?s={search_term_string}"},"query-input":"required name=search_term_string"}],"inLanguage":"en-GB"},{"@type":"Organization","@id":"https:\/\/www.agrotecrally.cz\/#organization","name":"AGROTEC Petronas rally","url":"https:\/\/www.agrotecrally.cz\/","logo":{"@type":"ImageObject","inLanguage":"en-GB","@id":"https:\/\/www.agrotecrally.cz\/#\/schema\/logo\/image\/","url":"https:\/\/www.agrotecrally.cz\/wp-content\/uploads\/2021\/05\/AGROTEC-RALLY_16-01-web-2.png","contentUrl":"https:\/\/www.agrotecrally.cz\/wp-content\/uploads\/2021\/05\/AGROTEC-RALLY_16-01-web-2.png","width":459,"height":222,"caption":"AGROTEC Petronas rally"},"image":{"@id":"https:\/\/www.agrotecrally.cz\/#\/schema\/logo\/image\/"},"sameAs":["https:\/\/www.facebook.com\/agrotecrally"]},{"@type":"Person","@id":"https:\/\/www.agrotecrally.cz\/#\/schema\/person\/38a02deaa1f019e278fc735d03d83f85","name":"Tom\u00e1\u0161 Plach\u00fd","image":{"@type":"ImageObject","inLanguage":"en-GB","@id":"https:\/\/www.agrotecrally.cz\/#\/schema\/person\/image\/","url":"https:\/\/secure.gravatar.com\/avatar\/a7a68eee7fdb2b4f0975cdc024983e22?s=96&d=mm&r=g","contentUrl":"https:\/\/secure.gravatar.com\/avatar\/a7a68eee7fdb2b4f0975cdc024983e22?s=96&d=mm&r=g","caption":"Tom\u00e1\u0161 Plach\u00fd"},"url":"https:\/\/www.agrotecrally.cz\/en\/author\/topmediaseznam-cz\/"}]}},"_links":{"self":[{"href":"https:\/\/www.agrotecrally.cz\/en\/wp-json\/wp\/v2\/posts\/2328"}],"collection":[{"href":"https:\/\/www.agrotecrally.cz\/en\/wp-json\/wp\/v2\/posts"}],"about":[{"href":"https:\/\/www.agrotecrally.cz\/en\/wp-json\/wp\/v2\/types\/post"}],"author":[{"embeddable":true,"href":"https:\/\/www.agrotecrally.cz\/en\/wp-json\/wp\/v2\/users\/2"}],"replies":[{"embeddable":true,"href":"https:\/\/www.agrotecrally.cz\/en\/wp-json\/wp\/v2\/comments?post=2328"}],"version-history":[{"count":1,"href":"https:\/\/www.agrotecrally.cz\/en\/wp-json\/wp\/v2\/posts\/2328\/revisions"}],"predecessor-version":[{"id":2330,"href":"https:\/\/www.agrotecrally.cz\/en\/wp-json\/wp\/v2\/posts\/2328\/revisions\/2330"}],"wp:featuredmedia":[{"embeddable":true,"href":"https:\/\/www.agrotecrally.cz\/en\/wp-json\/wp\/v2\/media\/2329"}],"wp:attachment":[{"href":"https:\/\/www.agrotecrally.cz\/en\/wp-json\/wp\/v2\/media?parent=2328"}],"wp:term":[{"taxonomy":"category","embeddable":true,"href":"https:\/\/www.agrotecrally.cz\/en\/wp-json\/wp\/v2\/categories?post=2328"},{"taxonomy":"post_tag","embeddable":true,"href":"https:\/\/www.agrotecrally.cz\/en\/wp-json\/wp\/v2\/tags?post=2328"}],"curies":[{"name":"wp","href":"https:\/\/api.w.org\/{rel}","templated":true}]}}