{"id":2356,"date":"2023-06-13T12:19:20","date_gmt":"2023-06-13T11:19:20","guid":{"rendered":"https:\/\/www.agrotecrally.cz\/?p=2356"},"modified":"2023-06-14T06:09:18","modified_gmt":"2023-06-14T05:09:18","slug":"sobota-s-vetsim-zastoupenim-povestne-sotoliny","status":"publish","type":"post","link":"https:\/\/www.agrotecrally.cz\/en\/rally-hustopece\/sobota-s-vetsim-zastoupenim-povestne-sotoliny\/","title":{"rendered":"Sobota s v\u011bt\u0161\u00edm zastoupen\u00edm pov\u011bstn\u00e9 \u0161otoliny"},"content":{"rendered":"<p><strong>Druh\u00e1 etapa AGROTEC PETRONAS rally je postavena v\u00a0podobn\u00e9m form\u00e1tu jako v p\u00e1tek, na t\u0159ech rychlostn\u00edch zkou\u0161k\u00e1ch. Pos\u00e1dky je absolvuj\u00ed dvakr\u00e1t (celkem 80,82 km). <\/strong><strong>Sobotn\u00ed den nab\u00eddne v\u011bt\u0161\u00ed porci \u0161otolinov\u00fdch \u00fasek\u016f, kter\u00e9 \u201erally mezi vinicemi\u201c proslavily.<\/strong><\/p>\n<p><strong>\u00a0\u00a0<\/strong><\/p>\n<p>Sobotn\u00ed sekci zah\u00e1j\u00ed t\u011b\u017ek\u00e1 <strong>RZ 7\/10<\/strong> Horn\u00ed Bojanovice \u2013 Div\u00e1ky (15,30 km). Zde se objev\u00ed u\u017e v\u00edce \u0161otolinov\u00fdch pas\u00e1\u017e\u00ed, krom\u011b toho vede v pol\u00edch na asfaltech r\u016fzn\u00e9 kvality, z \u010d\u00e1sti v lese a na \u0161irok\u00e9 st\u00e1tn\u00ed silnici. Atraktivn\u00ed bude hned zat\u00e1\u010dka u zem\u011bd\u011blsk\u00e9ho dru\u017estva p\u0159ed Horn\u00edmi Bojanovicemi nebo vrace\u010dka p\u0159\u00edmo v obci. Kr\u00e1sn\u00e9 pas\u00e1\u017ee jsou na louk\u00e1ch p\u0159ed Kurd\u011bjovem (prvn\u00ed \u010d\u00e1st na \u0161otolin\u011b) \u010di zat\u00e1\u010dky p\u0159ed c\u00edlem v Div\u00e1k\u00e1ch. O\u010dek\u00e1v\u00e1me, \u017ee by tento \u00fasek mohl hodn\u011b napov\u011bd\u011bt o kone\u010dn\u00e9m po\u0159ad\u00ed. Mohou rozhodovat defekty a srd\u00ed\u010dko ka\u017ed\u00e9ho pilota, kter\u00fd pojede bez rezervy. Z toho ale mohou plynout i chyby a s\u00a0t\u00edm spojen\u00e9 \u010dasov\u00e9 ztr\u00e1ty. Pros\u00edme div\u00e1ky, aby respektovali z\u00e1kaz vstupu do les\u016f, cesty m\u016f\u017eeme opakovan\u011b vyu\u017e\u00edvat jen p\u0159i spln\u011bn\u00ed t\u00e9to podm\u00ednky.<\/p>\n<p>Nejbli\u017e\u0161\u00ed m\u00edsto RZ 7\/10 pro p\u011b\u0161\u00ed i cyklisty je od servisn\u00ed z\u00f3ny vzd\u00e1leno jen 3,7 km sm\u011brem na Horn\u00ed Bojanovice.<\/p>\n<p>Osm\u00fd m\u011b\u0159en\u00fd \u00fasek \u0160itbo\u0159ice \u2013 Div\u00e1ky \u2013 Nikol\u010dice (RZ 8\/11, 13,61 km) je kombinac\u00ed d\u0159\u00edve vyu\u017e\u00edvan\u00fdch \u00fasek\u016f. Startuje se na okraji \u0160itbo\u0159ic a v pas\u00e1\u017ei nad cihelnou se pojede p\u0159es dva horizonty a zpomalovac\u00ed retard\u00e9ry dol\u016f do obce Div\u00e1ky. Na n\u00e1vsi je vytvo\u0159eno velk\u00e9 div\u00e1ck\u00e9 m\u00edsto <strong>DM E<\/strong>. Ani letos nem\u016f\u017ee chyb\u011bt tradi\u010dn\u00ed objezd ostr\u016fvku v\u00a0k\u0159i\u017eovatce, v\u00a0prvn\u00edm pr\u016fjezdu nebude chyb\u011bt ani zasv\u011bcen\u00fd koment\u00e1\u0159 Jirky Dokulila. N\u00e1sledn\u011b vede trasa po \u0161irok\u00e9 silnici \u201ez\u00e1vodem do vrchu\u201c ven z obce. Je to t\u0159in\u00e1ct zat\u00e1\u010dek obklopen\u00fdch svodidly. Na vyv\u00fd\u0161en\u00fdch m\u00edstech po prav\u00e9 stran\u011b najdete mnoho m\u00edst ke sledov\u00e1n\u00ed z\u00e1vodu, av\u0161ak p\u0159\u00edstupn\u00e1 jsou pouze p\u011b\u0161ky. Na konci kopce je zpomalovac\u00ed vymezen\u00ed postaven\u00e9 p\u0159\u00edmo v k\u0159i\u017eovatce, n\u00e1sledn\u011b pos\u00e1dky objedou mal\u00fd ostr\u016fvek a navazuje kles\u00e1n\u00ed do Nikol\u010dic. Zat\u00e1\u010dky p\u0159ed obc\u00ed jsou p\u0159\u00edstupn\u00e9 jen p\u011b\u0161ky z Nikol\u010dic. Po odbo\u010den\u00ed vlevo mezi domy p\u0159\u00edmo v\u00a0Nikol\u010dic\u00edch n\u00e1sleduje n\u00e1ro\u010dn\u00e9 a \u00fazk\u00e9 stoup\u00e1n\u00ed mezi domy a p\u0159echod na \u0161otolinov\u00fd \u00fasek. Ten sm\u011b\u0159uje t\u00e1hlou levou zat\u00e1\u010dkou ke sto\u017e\u00e1ru, co\u017e je nejvy\u0161\u0161\u00ed bod m\u011b\u0159en\u00e9ho \u00faseku. Jedn\u00e1 se o p\u0159ehledn\u00e9 m\u00edsto, kter\u00e9 je p\u0159\u00edstupn\u00e9 p\u011b\u0161ky z K\u0159epic. Nav\u0161tivte i zaj\u00edmavou m\u00edstn\u00ed rozhlednu, je\u017e byla po mnoha letech ned\u00e1vno dobudov\u00e1na. U sto\u017e\u00e1ru se tra\u0165 zato\u010d\u00ed vlevo a pak vpravo prudce dol\u016f do Vl\u010d\u00ed doliny. Z n\u00ed se stoup\u00e1 do prudk\u00e9ho kopce na kousek \u0161otoliny, u b\u00fdval\u00e9 haldy tra\u0165 odbo\u010d\u00ed vpravo zp\u011bt na asfalt a kr\u00e1sn\u00fdm t\u00e1hl\u00fdm horizontem doslova polet\u00ed sm\u011brem ke K\u0159epic\u00edm do letm\u00e9ho c\u00edle.<\/p>\n<p><strong>RZ 9\/12<\/strong> Starovice pat\u0159\u00ed mezi st\u00e1lice hustope\u010dsk\u00e9 sout\u011b\u017ee. Jedn\u00e1 se o rychlostku, kter\u00e1 je v\u00a0sobotu nejbl\u00ed\u017ee \u0159editelstv\u00ed sout\u011b\u017ee. Jelo se zde r\u016fzn\u00fdmi sm\u011bry, zkou\u0161ka m\u011bla dlouh\u00e1 l\u00e9ta i polokruhovou podobu. Leto\u0161n\u00ed varianta je dlouh\u00e1 11,50 km a jede se opa\u010dn\u00fdm sm\u011brem ne\u017e loni. Start je tedy na asfaltu za Uher\u010dicemi, jede se \u201eBarv\u00edkovou zat\u00e1\u010dkou\u201c, oblast\u00ed kolem \u017debr\u00e1ku. Po odbo\u010den\u00ed vlevo se vlo\u017eka p\u0159ibl\u00ed\u017e\u00ed ke Starovic\u00edm, kde je <strong>DM F<\/strong> \u201eu kon\u00ed\u201c. Po objezdu Starovic se z\u00e1vodn\u00ed speci\u00e1ly dostanou po hlavn\u00ed \u0161irok\u00e9 silnici k Uher\u010dic\u00edm. Za t\u011b\u017ek\u00fdm horizontem vozy zpomal\u00ed retard\u00e9r a odbo\u010den\u00ed vpravo na \u00fazkou \u00fa\u010delovou komunikaci. Zde je dal\u0161\u00ed <strong>DM G<\/strong> Uher\u010dice s jednoduch\u00fdm p\u0159\u00edjezdem z obce. Za odbo\u010dkou se postupn\u011b asfalt p\u0159em\u011bn\u00ed na \u0161otolinu, z\u00e1vodit se bude i na panelech a zase zp\u011bt na asfaltu.<\/p>\n<p>Zaj\u00edmav\u00e9 momenty m\u016f\u017eete za\u017e\u00edt i na startu vybran\u00e9ho m\u011b\u0159en\u00e9ho \u00faseku nebo ve stanovi\u0161ti Stop. Kdo neza\u017eil p\u0159\u00edpravu jezdc\u016f p\u0159ed ostr\u00fdm startem nebo uvoln\u011bn\u00ed jezdc\u016f po dojezdu rychlostn\u00ed zkou\u0161ky, a\u0165 n\u011bkter\u00fd start nebo \u201estopku\u201c nav\u0161t\u00edv\u00ed.<\/p>\n<p>Samoz\u0159ejm\u011b div\u00e1ky zveme i do obou servisn\u00edch z\u00f3n v\u00a0are\u00e1lu MOSS logistics na Bratislavsk\u00e9 ulici v\u00a0Hustope\u010d\u00edch.<\/p>\n<p>D\u016fle\u017eit\u00e9 informace k\u00a0rally najdete na str\u00e1nce www.agrotecrally.cz a v\u00a0aplikaci Sportity (heslo: <strong>Hustopece2023<\/strong>), \u0159ada novinek je dostupn\u00e1 i na facebookov\u00e9m profilu <strong>Agrotec rally Hustope\u010de<\/strong>.<\/p>\n<p>&nbsp;<\/p>\n<p>AGROTEC PETRONAS rally Hustope\u010de 2023, tiskov\u00fd servis<\/p>\n<p>Tom\u00e1\u0161 Plach\u00fd, foto: Luk\u00e1\u0161 Chum<\/p>","protected":false},"excerpt":{"rendered":"<p>Druh\u00e1 etapa AGROTEC PETRONAS rally je postavena v\u00a0podobn\u00e9m form\u00e1tu jako v p\u00e1tek, na t\u0159ech rychlostn\u00edch zkou\u0161k\u00e1ch. Pos\u00e1dky je absolvuj\u00ed dvakr\u00e1t (celkem 80,82 km). Sobotn\u00ed den nab\u00eddne v\u011bt\u0161\u00ed porci \u0161otolinov\u00fdch \u00fasek\u016f, kter\u00e9 \u201erally mezi vinicemi\u201c proslavily. \u00a0\u00a0 Sobotn\u00ed sekci zah\u00e1j\u00ed t\u011b\u017ek\u00e1 RZ 7\/10 Horn\u00ed Bojanovice \u2013 Div\u00e1ky (15,30 km). Zde se objev\u00ed u\u017e v\u00edce \u0161otolinov\u00fdch pas\u00e1\u017e\u00ed, [&hellip;]<\/p>","protected":false},"author":2,"featured_media":2358,"comment_status":"open","ping_status":"open","sticky":false,"template":"","format":"standard","meta":{"_et_pb_use_builder":"","_et_pb_old_content":"","_et_gb_content_width":"","footnotes":""},"categories":[10,9],"tags":[83,84,18,87,19,41,77,20,78,88],"yoast_head":"<!-- This site is optimized with the Yoast SEO plugin v21.9.1 - https:\/\/yoast.com\/wordpress\/plugins\/seo\/ -->\n<title>Sobota s v\u011bt\u0161\u00edm zastoupen\u00edm pov\u011bstn\u00e9 \u0161otoliny | AGROTEC Petronas Rally<\/title>\n<meta name=\"robots\" content=\"index, follow, max-snippet:-1, max-image-preview:large, max-video-preview:-1\" \/>\n<link rel=\"canonical\" href=\"https:\/\/www.agrotecrally.cz\/en\/rally-hustopece\/sobota-s-vetsim-zastoupenim-povestne-sotoliny\/\" \/>\n<meta property=\"og:locale\" content=\"en_GB\" \/>\n<meta property=\"og:type\" content=\"article\" \/>\n<meta property=\"og:title\" content=\"Sobota s v\u011bt\u0161\u00edm zastoupen\u00edm pov\u011bstn\u00e9 \u0161otoliny | AGROTEC Petronas Rally\" \/>\n<meta property=\"og:description\" content=\"Druh\u00e1 etapa AGROTEC PETRONAS rally je postavena v\u00a0podobn\u00e9m form\u00e1tu jako v p\u00e1tek, na t\u0159ech rychlostn\u00edch zkou\u0161k\u00e1ch. Pos\u00e1dky je absolvuj\u00ed dvakr\u00e1t (celkem 80,82 km). Sobotn\u00ed den nab\u00eddne v\u011bt\u0161\u00ed porci \u0161otolinov\u00fdch \u00fasek\u016f, kter\u00e9 \u201erally mezi vinicemi\u201c proslavily. \u00a0\u00a0 Sobotn\u00ed sekci zah\u00e1j\u00ed t\u011b\u017ek\u00e1 RZ 7\/10 Horn\u00ed Bojanovice \u2013 Div\u00e1ky (15,30 km). Zde se objev\u00ed u\u017e v\u00edce \u0161otolinov\u00fdch pas\u00e1\u017e\u00ed, [&hellip;]\" \/>\n<meta property=\"og:url\" content=\"https:\/\/www.agrotecrally.cz\/en\/rally-hustopece\/sobota-s-vetsim-zastoupenim-povestne-sotoliny\/\" \/>\n<meta property=\"og:site_name\" content=\"AGROTEC Petronas Rally\" \/>\n<meta property=\"article:publisher\" content=\"https:\/\/www.facebook.com\/agrotecrally\" \/>\n<meta property=\"article:published_time\" content=\"2023-06-13T11:19:20+00:00\" \/>\n<meta property=\"article:modified_time\" content=\"2023-06-14T05:09:18+00:00\" \/>\n<meta property=\"og:image\" content=\"https:\/\/www.agrotecrally.cz\/wp-content\/uploads\/2023\/06\/LCHPS-220618-151800-scaled.jpg\" \/>\n\t<meta property=\"og:image:width\" content=\"2560\" \/>\n\t<meta property=\"og:image:height\" content=\"1707\" \/>\n\t<meta property=\"og:image:type\" content=\"image\/jpeg\" \/>\n<meta name=\"author\" content=\"Tom\u00e1\u0161 Plach\u00fd\" \/>\n<meta name=\"twitter:card\" content=\"summary_large_image\" \/>\n<meta name=\"twitter:label1\" content=\"Written by\" \/>\n\t<meta name=\"twitter:data1\" content=\"Tom\u00e1\u0161 Plach\u00fd\" \/>\n\t<meta name=\"twitter:label2\" content=\"Estimated reading time\" \/>\n\t<meta name=\"twitter:data2\" content=\"3 minutes\" \/>\n<script type=\"application\/ld+json\" class=\"yoast-schema-graph\">{\"@context\":\"https:\/\/schema.org\",\"@graph\":[{\"@type\":\"Article\",\"@id\":\"https:\/\/www.agrotecrally.cz\/rally-hustopece\/sobota-s-vetsim-zastoupenim-povestne-sotoliny\/#article\",\"isPartOf\":{\"@id\":\"https:\/\/www.agrotecrally.cz\/rally-hustopece\/sobota-s-vetsim-zastoupenim-povestne-sotoliny\/\"},\"author\":{\"name\":\"Tom\u00e1\u0161 Plach\u00fd\",\"@id\":\"https:\/\/www.agrotecrally.cz\/#\/schema\/person\/38a02deaa1f019e278fc735d03d83f85\"},\"headline\":\"Sobota s v\u011bt\u0161\u00edm zastoupen\u00edm pov\u011bstn\u00e9 \u0161otoliny\",\"datePublished\":\"2023-06-13T11:19:20+00:00\",\"dateModified\":\"2023-06-14T05:09:18+00:00\",\"mainEntityOfPage\":{\"@id\":\"https:\/\/www.agrotecrally.cz\/rally-hustopece\/sobota-s-vetsim-zastoupenim-povestne-sotoliny\/\"},\"wordCount\":849,\"commentCount\":0,\"publisher\":{\"@id\":\"https:\/\/www.agrotecrally.cz\/#organization\"},\"keywords\":[\"Agrotec\",\"Agrotec Petronas rally\",\"Agrotec rally\",\"historici\",\"Hustope\u010de\",\"M\u010cR\",\"M\u010cR HA\",\"rally mezi vinicemi\",\"\u0161otolina\",\"vinohrady\"],\"articleSection\":[\"AGROTEC rally Hustope\u010de\",\"Rally mezi vinicemi\"],\"inLanguage\":\"en-GB\",\"potentialAction\":[{\"@type\":\"CommentAction\",\"name\":\"Comment\",\"target\":[\"https:\/\/www.agrotecrally.cz\/rally-hustopece\/sobota-s-vetsim-zastoupenim-povestne-sotoliny\/#respond\"]}]},{\"@type\":\"WebPage\",\"@id\":\"https:\/\/www.agrotecrally.cz\/rally-hustopece\/sobota-s-vetsim-zastoupenim-povestne-sotoliny\/\",\"url\":\"https:\/\/www.agrotecrally.cz\/rally-hustopece\/sobota-s-vetsim-zastoupenim-povestne-sotoliny\/\",\"name\":\"Sobota s v\u011bt\u0161\u00edm zastoupen\u00edm pov\u011bstn\u00e9 \u0161otoliny | AGROTEC Petronas Rally\",\"isPartOf\":{\"@id\":\"https:\/\/www.agrotecrally.cz\/#website\"},\"datePublished\":\"2023-06-13T11:19:20+00:00\",\"dateModified\":\"2023-06-14T05:09:18+00:00\",\"breadcrumb\":{\"@id\":\"https:\/\/www.agrotecrally.cz\/rally-hustopece\/sobota-s-vetsim-zastoupenim-povestne-sotoliny\/#breadcrumb\"},\"inLanguage\":\"en-GB\",\"potentialAction\":[{\"@type\":\"ReadAction\",\"target\":[\"https:\/\/www.agrotecrally.cz\/rally-hustopece\/sobota-s-vetsim-zastoupenim-povestne-sotoliny\/\"]}]},{\"@type\":\"BreadcrumbList\",\"@id\":\"https:\/\/www.agrotecrally.cz\/rally-hustopece\/sobota-s-vetsim-zastoupenim-povestne-sotoliny\/#breadcrumb\",\"itemListElement\":[{\"@type\":\"ListItem\",\"position\":1,\"name\":\"Dom\u016f\",\"item\":\"https:\/\/www.agrotecrally.cz\/\"},{\"@type\":\"ListItem\",\"position\":2,\"name\":\"Sobota s v\u011bt\u0161\u00edm zastoupen\u00edm pov\u011bstn\u00e9 \u0161otoliny\"}]},{\"@type\":\"WebSite\",\"@id\":\"https:\/\/www.agrotecrally.cz\/#website\",\"url\":\"https:\/\/www.agrotecrally.cz\/\",\"name\":\"AGROTEC Petronas rally\",\"description\":\"Rally mezi vinicemi\",\"publisher\":{\"@id\":\"https:\/\/www.agrotecrally.cz\/#organization\"},\"potentialAction\":[{\"@type\":\"SearchAction\",\"target\":{\"@type\":\"EntryPoint\",\"urlTemplate\":\"https:\/\/www.agrotecrally.cz\/?s={search_term_string}\"},\"query-input\":\"required name=search_term_string\"}],\"inLanguage\":\"en-GB\"},{\"@type\":\"Organization\",\"@id\":\"https:\/\/www.agrotecrally.cz\/#organization\",\"name\":\"AGROTEC Petronas rally\",\"url\":\"https:\/\/www.agrotecrally.cz\/\",\"logo\":{\"@type\":\"ImageObject\",\"inLanguage\":\"en-GB\",\"@id\":\"https:\/\/www.agrotecrally.cz\/#\/schema\/logo\/image\/\",\"url\":\"https:\/\/www.agrotecrally.cz\/wp-content\/uploads\/2021\/05\/AGROTEC-RALLY_16-01-web-2.png\",\"contentUrl\":\"https:\/\/www.agrotecrally.cz\/wp-content\/uploads\/2021\/05\/AGROTEC-RALLY_16-01-web-2.png\",\"width\":459,\"height\":222,\"caption\":\"AGROTEC Petronas rally\"},\"image\":{\"@id\":\"https:\/\/www.agrotecrally.cz\/#\/schema\/logo\/image\/\"},\"sameAs\":[\"https:\/\/www.facebook.com\/agrotecrally\"]},{\"@type\":\"Person\",\"@id\":\"https:\/\/www.agrotecrally.cz\/#\/schema\/person\/38a02deaa1f019e278fc735d03d83f85\",\"name\":\"Tom\u00e1\u0161 Plach\u00fd\",\"image\":{\"@type\":\"ImageObject\",\"inLanguage\":\"en-GB\",\"@id\":\"https:\/\/www.agrotecrally.cz\/#\/schema\/person\/image\/\",\"url\":\"https:\/\/secure.gravatar.com\/avatar\/a7a68eee7fdb2b4f0975cdc024983e22?s=96&d=mm&r=g\",\"contentUrl\":\"https:\/\/secure.gravatar.com\/avatar\/a7a68eee7fdb2b4f0975cdc024983e22?s=96&d=mm&r=g\",\"caption\":\"Tom\u00e1\u0161 Plach\u00fd\"},\"url\":\"https:\/\/www.agrotecrally.cz\/en\/author\/topmediaseznam-cz\/\"}]}<\/script>\n<!-- \/ Yoast SEO plugin. -->","yoast_head_json":{"title":"Sobota s v\u011bt\u0161\u00edm zastoupen\u00edm pov\u011bstn\u00e9 \u0161otoliny | AGROTEC Petronas Rally","robots":{"index":"index","follow":"follow","max-snippet":"max-snippet:-1","max-image-preview":"max-image-preview:large","max-video-preview":"max-video-preview:-1"},"canonical":"https:\/\/www.agrotecrally.cz\/en\/rally-hustopece\/sobota-s-vetsim-zastoupenim-povestne-sotoliny\/","og_locale":"en_GB","og_type":"article","og_title":"Sobota s v\u011bt\u0161\u00edm zastoupen\u00edm pov\u011bstn\u00e9 \u0161otoliny | AGROTEC Petronas Rally","og_description":"Druh\u00e1 etapa AGROTEC PETRONAS rally je postavena v\u00a0podobn\u00e9m form\u00e1tu jako v p\u00e1tek, na t\u0159ech rychlostn\u00edch zkou\u0161k\u00e1ch. Pos\u00e1dky je absolvuj\u00ed dvakr\u00e1t (celkem 80,82 km). Sobotn\u00ed den nab\u00eddne v\u011bt\u0161\u00ed porci \u0161otolinov\u00fdch \u00fasek\u016f, kter\u00e9 \u201erally mezi vinicemi\u201c proslavily. \u00a0\u00a0 Sobotn\u00ed sekci zah\u00e1j\u00ed t\u011b\u017ek\u00e1 RZ 7\/10 Horn\u00ed Bojanovice \u2013 Div\u00e1ky (15,30 km). Zde se objev\u00ed u\u017e v\u00edce \u0161otolinov\u00fdch pas\u00e1\u017e\u00ed, [&hellip;]","og_url":"https:\/\/www.agrotecrally.cz\/en\/rally-hustopece\/sobota-s-vetsim-zastoupenim-povestne-sotoliny\/","og_site_name":"AGROTEC Petronas Rally","article_publisher":"https:\/\/www.facebook.com\/agrotecrally","article_published_time":"2023-06-13T11:19:20+00:00","article_modified_time":"2023-06-14T05:09:18+00:00","og_image":[{"width":2560,"height":1707,"url":"https:\/\/www.agrotecrally.cz\/wp-content\/uploads\/2023\/06\/LCHPS-220618-151800-scaled.jpg","type":"image\/jpeg"}],"author":"Tom\u00e1\u0161 Plach\u00fd","twitter_card":"summary_large_image","twitter_misc":{"Written by":"Tom\u00e1\u0161 Plach\u00fd","Estimated reading time":"3 minutes"},"schema":{"@context":"https:\/\/schema.org","@graph":[{"@type":"Article","@id":"https:\/\/www.agrotecrally.cz\/rally-hustopece\/sobota-s-vetsim-zastoupenim-povestne-sotoliny\/#article","isPartOf":{"@id":"https:\/\/www.agrotecrally.cz\/rally-hustopece\/sobota-s-vetsim-zastoupenim-povestne-sotoliny\/"},"author":{"name":"Tom\u00e1\u0161 Plach\u00fd","@id":"https:\/\/www.agrotecrally.cz\/#\/schema\/person\/38a02deaa1f019e278fc735d03d83f85"},"headline":"Sobota s v\u011bt\u0161\u00edm zastoupen\u00edm pov\u011bstn\u00e9 \u0161otoliny","datePublished":"2023-06-13T11:19:20+00:00","dateModified":"2023-06-14T05:09:18+00:00","mainEntityOfPage":{"@id":"https:\/\/www.agrotecrally.cz\/rally-hustopece\/sobota-s-vetsim-zastoupenim-povestne-sotoliny\/"},"wordCount":849,"commentCount":0,"publisher":{"@id":"https:\/\/www.agrotecrally.cz\/#organization"},"keywords":["Agrotec","Agrotec Petronas rally","Agrotec rally","historici","Hustope\u010de","M\u010cR","M\u010cR HA","rally mezi vinicemi","\u0161otolina","vinohrady"],"articleSection":["AGROTEC rally Hustope\u010de","Rally mezi vinicemi"],"inLanguage":"en-GB","potentialAction":[{"@type":"CommentAction","name":"Comment","target":["https:\/\/www.agrotecrally.cz\/rally-hustopece\/sobota-s-vetsim-zastoupenim-povestne-sotoliny\/#respond"]}]},{"@type":"WebPage","@id":"https:\/\/www.agrotecrally.cz\/rally-hustopece\/sobota-s-vetsim-zastoupenim-povestne-sotoliny\/","url":"https:\/\/www.agrotecrally.cz\/rally-hustopece\/sobota-s-vetsim-zastoupenim-povestne-sotoliny\/","name":"Sobota s v\u011bt\u0161\u00edm zastoupen\u00edm pov\u011bstn\u00e9 \u0161otoliny | AGROTEC Petronas Rally","isPartOf":{"@id":"https:\/\/www.agrotecrally.cz\/#website"},"datePublished":"2023-06-13T11:19:20+00:00","dateModified":"2023-06-14T05:09:18+00:00","breadcrumb":{"@id":"https:\/\/www.agrotecrally.cz\/rally-hustopece\/sobota-s-vetsim-zastoupenim-povestne-sotoliny\/#breadcrumb"},"inLanguage":"en-GB","potentialAction":[{"@type":"ReadAction","target":["https:\/\/www.agrotecrally.cz\/rally-hustopece\/sobota-s-vetsim-zastoupenim-povestne-sotoliny\/"]}]},{"@type":"BreadcrumbList","@id":"https:\/\/www.agrotecrally.cz\/rally-hustopece\/sobota-s-vetsim-zastoupenim-povestne-sotoliny\/#breadcrumb","itemListElement":[{"@type":"ListItem","position":1,"name":"Dom\u016f","item":"https:\/\/www.agrotecrally.cz\/"},{"@type":"ListItem","position":2,"name":"Sobota s v\u011bt\u0161\u00edm zastoupen\u00edm pov\u011bstn\u00e9 \u0161otoliny"}]},{"@type":"WebSite","@id":"https:\/\/www.agrotecrally.cz\/#website","url":"https:\/\/www.agrotecrally.cz\/","name":"AGROTEC Petronas rally","description":"Rally mezi vinicemi","publisher":{"@id":"https:\/\/www.agrotecrally.cz\/#organization"},"potentialAction":[{"@type":"SearchAction","target":{"@type":"EntryPoint","urlTemplate":"https:\/\/www.agrotecrally.cz\/?s={search_term_string}"},"query-input":"required name=search_term_string"}],"inLanguage":"en-GB"},{"@type":"Organization","@id":"https:\/\/www.agrotecrally.cz\/#organization","name":"AGROTEC Petronas rally","url":"https:\/\/www.agrotecrally.cz\/","logo":{"@type":"ImageObject","inLanguage":"en-GB","@id":"https:\/\/www.agrotecrally.cz\/#\/schema\/logo\/image\/","url":"https:\/\/www.agrotecrally.cz\/wp-content\/uploads\/2021\/05\/AGROTEC-RALLY_16-01-web-2.png","contentUrl":"https:\/\/www.agrotecrally.cz\/wp-content\/uploads\/2021\/05\/AGROTEC-RALLY_16-01-web-2.png","width":459,"height":222,"caption":"AGROTEC Petronas rally"},"image":{"@id":"https:\/\/www.agrotecrally.cz\/#\/schema\/logo\/image\/"},"sameAs":["https:\/\/www.facebook.com\/agrotecrally"]},{"@type":"Person","@id":"https:\/\/www.agrotecrally.cz\/#\/schema\/person\/38a02deaa1f019e278fc735d03d83f85","name":"Tom\u00e1\u0161 Plach\u00fd","image":{"@type":"ImageObject","inLanguage":"en-GB","@id":"https:\/\/www.agrotecrally.cz\/#\/schema\/person\/image\/","url":"https:\/\/secure.gravatar.com\/avatar\/a7a68eee7fdb2b4f0975cdc024983e22?s=96&d=mm&r=g","contentUrl":"https:\/\/secure.gravatar.com\/avatar\/a7a68eee7fdb2b4f0975cdc024983e22?s=96&d=mm&r=g","caption":"Tom\u00e1\u0161 Plach\u00fd"},"url":"https:\/\/www.agrotecrally.cz\/en\/author\/topmediaseznam-cz\/"}]}},"_links":{"self":[{"href":"https:\/\/www.agrotecrally.cz\/en\/wp-json\/wp\/v2\/posts\/2356"}],"collection":[{"href":"https:\/\/www.agrotecrally.cz\/en\/wp-json\/wp\/v2\/posts"}],"about":[{"href":"https:\/\/www.agrotecrally.cz\/en\/wp-json\/wp\/v2\/types\/post"}],"author":[{"embeddable":true,"href":"https:\/\/www.agrotecrally.cz\/en\/wp-json\/wp\/v2\/users\/2"}],"replies":[{"embeddable":true,"href":"https:\/\/www.agrotecrally.cz\/en\/wp-json\/wp\/v2\/comments?post=2356"}],"version-history":[{"count":1,"href":"https:\/\/www.agrotecrally.cz\/en\/wp-json\/wp\/v2\/posts\/2356\/revisions"}],"predecessor-version":[{"id":2359,"href":"https:\/\/www.agrotecrally.cz\/en\/wp-json\/wp\/v2\/posts\/2356\/revisions\/2359"}],"wp:featuredmedia":[{"embeddable":true,"href":"https:\/\/www.agrotecrally.cz\/en\/wp-json\/wp\/v2\/media\/2358"}],"wp:attachment":[{"href":"https:\/\/www.agrotecrally.cz\/en\/wp-json\/wp\/v2\/media?parent=2356"}],"wp:term":[{"taxonomy":"category","embeddable":true,"href":"https:\/\/www.agrotecrally.cz\/en\/wp-json\/wp\/v2\/categories?post=2356"},{"taxonomy":"post_tag","embeddable":true,"href":"https:\/\/www.agrotecrally.cz\/en\/wp-json\/wp\/v2\/tags?post=2356"}],"curies":[{"name":"wp","href":"https:\/\/api.w.org\/{rel}","templated":true}]}}