{"id":2526,"date":"2023-06-16T18:12:28","date_gmt":"2023-06-16T17:12:28","guid":{"rendered":"https:\/\/www.agrotecrally.cz\/?p=2526"},"modified":"2023-06-16T23:43:49","modified_gmt":"2023-06-16T22:43:49","slug":"osmnacte-hustopece-odstartovaly","status":"publish","type":"post","link":"https:\/\/www.agrotecrally.cz\/en\/rally-hustopece\/osmnacte-hustopece-odstartovaly\/","title":{"rendered":"Osmn\u00e1ct\u00e9 Hustope\u010de odstartovaly"},"content":{"rendered":"<p>Slavnostn\u00edmu p\u00e1te\u010dn\u00edm startu leto\u0161n\u00ed 18. AGROTEC PETRONAS Rally p\u0159edch\u00e1zela kr\u00e1tk\u00e1 ofici\u00e1ln\u00ed testovac\u00ed zkou\u0161ka, shakedown, mezi Starovicemi a Uher\u010dicemi. Posledn\u00ed mo\u017enost otestovat nastaven\u00ed sv\u00fdch voz\u016f vyu\u017eila v\u011bt\u0161ina pos\u00e1dek, kdy\u017e nejrychlej\u0161\u00edho \u010dasu dos\u00e1hla na 4.3 km douh\u00e9m \u00faseku dvojice Jan Kopeck\u00fd &#8211; Jan Hlou\u0161ek na \u0160kod\u011b Fabia RS Rally2 v barv\u00e1ch dom\u00e1c\u00edho Agrotec \u0160koda Rally Teamu.<\/p>\n<p>Druh\u00fd nejlep\u0161\u00ed \u010das zaznamenali Adam B\u0159ez\u00edk s Ond\u0159ejem Kraj\u010dou, t\u0159et\u00ed pak byli Dominik St\u0159\u00edtesk\u00fd s Ji\u0159\u00edm Hovorkou (v\u0161ichni \u0160koda Fabia R5). Na rozd\u00edl od v\u00fd\u0161e jmenovan\u00fdch pos\u00e1dek, kter\u00e9 absolvovaly t\u0159i pr\u016fjezdy, naopak pouh\u00e9 dva pr\u016fjezdy sta\u010dily ke spokojenosti dal\u0161\u00ed favorizovan\u00e9 dvojici, tedy V\u00e1clavu Pechovi s Petrem Uhlem na Fordu Focus WRC, a k sedm\u00e9mu \u010dasu o 4.8 sekundy za Kopeck\u00fdm.<\/p>\n<p>Jedin\u00e9, co tak pos\u00e1dk\u00e1m d\u011blalo p\u0159ed startem men\u0161\u00ed starosti byl pohled na oblohu v okol\u00ed Hustope\u010d\u00ed, po n\u00ed\u017e se proh\u00e1n\u011bly bou\u0159kov\u00e9 mraky a spousta sout\u011b\u017e\u00edc\u00edch tak na posledn\u00ed chv\u00edli p\u0159em\u00edtala nad co nejlep\u0161\u00ed volbou pneumatik. Na druhou stranu, oproti p\u0159edchoz\u00edm tropick\u00fdm ro\u010dn\u00edk\u016fm je letos po\u010das\u00ed startuj\u00edc\u00edm i div\u00e1k\u016fm p\u0159\u00edzniv\u011b naklon\u011bno, kdy\u017e se po oba dva dny maj\u00ed pohybovat denn\u00ed teploty okolo hodnoty 25\u00b0C.<\/p>\n<p><strong>Ohlasy jezdc\u016f p\u0159ed startem:<\/strong><\/p>\n<p>Jan Kopeck\u00fd (st.\u010d. 1): <strong><em>&#8222;Na sout\u011b\u017e jsme p\u0159ipraveni dob\u0159e, dobr\u00e1 je i n\u00e1lada v t\u00fdmu p\u0159ed startem. Na shakedownu jsme si jenom ov\u011b\u0159ili nastaven\u00ed auta. O\u010dek\u00e1v\u00e1me tradi\u010dn\u00ed vte\u0159inov\u00e9 souboje jako v p\u0159edchoz\u00edch letech, t\u011b\u0161\u00edme se na to. Jedin\u00e9 co te\u010f p\u0159ed startem \u0159e\u0161\u00edme je po\u010das\u00ed a pneumatiky.&#8220;<\/em><\/strong><\/p>\n<p>V\u00e1clav Pech (st.\u010d. 2): <em><strong>&#8222;Po shakedownu jsme dob\u0159e nalad\u011bn\u00ed, uvid\u00edme, jak\u00e9 to bude p\u0159i z\u00e1vod\u011b. Lo\u0148sk\u00e9 probl\u00e9my s prachem se p\u0159ed startem ne\u0159e\u0161ily, o\u010dek\u00e1v\u00e1m tedy stejnou situaci. S po\u010das\u00edm to vypad\u00e1 v\u0161elijak, p\u0159em\u00fd\u0161l\u00edme nad pneumatikami.&#8220;<\/strong><\/em><\/p>\n<p>Dominik St\u0159\u00edtesk\u00fd (st.\u010d. 3): <em><strong>&#8222;Po Krumlov\u011b to bylo hektick\u00e9, velk\u00fd d\u00edk kluk\u016fm a hlavn\u011b karos\u00e1\u0159\u00fam, \u017ee dok\u00e1zali d\u00e1t auto do po\u0159\u00e1dku. Auto je tady, my jsme p\u0159ipraveni, tak\u017ee m\u016f\u017eeme zp\u00e1tky do boje. N\u00e1lada v t\u00fdmu je super, v\u0161e funguje. Uvid\u00edme, jak n\u00e1m to p\u016fjde, Hustope\u010de nejsou moje nejsiln\u011bj\u0161\u00ed sout\u011b\u017e. Budeme ale bojovat a uvid\u00edme. Rychle pojede nejen Honza s Va\u0161kem, ale taky Adam B\u0159ez\u00edk. Sout\u011b\u017e bude dlouh\u00e1, nav\u00edc se pojede i za tmy a z\u00edtra bude je\u0161t\u011b v\u00edc \u0161otoliny ne\u017e dnes. Bude to ale pro v\u0161echny stejn\u00e9.&#8220;<\/strong><\/em><\/p>\n<p>Adam B\u0159ez\u00edk (st.\u010d. 4):<em><strong> &#8222;Zdej\u0161\u00ed shakedown je asi nejv\u00edc odpov\u00eddaj\u00edc\u00ed charakteristice rally v porovn\u00e1n\u00ed s ostatn\u00edmi sout\u011b\u017eemi, tak\u017ee jsem s n\u00edm spokojen. Jede se mezi vinicemi, poli, je to ukrutn\u011b rychl\u00e9 a v\u0161ude je prach. Vyzkou\u0161eli jsme tedy v\u0161e d\u016fle\u017eit\u00e9, co jsme pot\u0159ebovali. Te\u010f n\u00e1s \u010dek\u00e1 prvn\u00ed sekce za sv\u011btla, druh\u00e1 za tmy, t\u011b\u0161\u00edme se na to. Uvid\u00edme jak\u00e9 bude po\u010das\u00ed, na\u0161t\u011bst\u00ed nejsou \u017e\u00e1dn\u00e9 tropy, kter\u00e9 tu ka\u017edoro\u010dn\u011b b\u00fdvaj\u00ed. Uvid\u00edme, jestli spadnou n\u011bjak\u00e9 p\u0159eh\u00e1\u0148ky. Ka\u017ed\u00fd rok se sem ale t\u011b\u0161\u00edme kv\u016fli \u0161otolinov\u00fdm \u00fasek\u016fm, je to velk\u00e1 z\u00e1bava.&#8220;<\/strong><\/em><\/p>\n<p>V\u011broslav Cvr\u010dek (st.\u010d 5):<em><strong> &#8222;Po shakedownu jsem maxim\u00e1ln\u011b spokojen\u00fd. P\u0159ed sout\u011b\u017e\u00ed jsme ud\u011blali pot\u0159ebn\u00e9 zm\u011bny u\u017e na d\u00edln\u011b a je\u0161t\u011b jsme te\u010f vyzkou\u0161eli n\u011bjak\u00e9 t\u0159i v\u011bci. Bylo to zn\u00e1t, tak\u017ee jsme si mohli vybrat co nejlep\u0161\u00ed nastaven\u00ed. M\u00e1m z toho skv\u011bl\u00fd pocit a douf\u00e1m, \u017ee se n\u00e1m sout\u011b\u017e povede. Zat\u00edm m\u00e1me dob\u0159e rozjetou sez\u00f3nu, po Vala\u0161ce z n\u00e1s spadnul tlak zajet aspo\u0148 jednou n\u011bjak slu\u0161n\u011b erzetu a povedlo se n\u00e1m to i na \u0160umav\u011b. Te\u010f tedy jdeme d\u00e1l z\u00e1vod od z\u00e1vodu, m\u00e1me velkou chu\u0165 se posunout zase dop\u0159edu a pracujeme na tom. \u0160koda jen, \u017ee nem\u00e1me mo\u017enost v\u00edc testovat. Te\u010f u\u017e je dal\u0161\u00ed zlep\u0161en\u00ed o detailech.&#8220;<\/strong><\/em><\/p>\n<p>Martin Vl\u010dek (st.\u010d. 6): <em><strong>&#8222;N\u00e1lada v t\u00fdmu je p\u0159ed startem v\u00fdborn\u00e1, ot\u00e1zkou je, jak\u00e1 je n\u00e1lada motoru na\u0161eho vozu. Snad vydr\u017e\u00ed cel\u00fd z\u00e1vod. Nem\u016f\u017eeme sehnat nov\u00e9 d\u00edly, tak\u017ee to skl\u00e1d\u00e1me ze star\u00fdch v\u011bc\u00ed. Po posledn\u00edch dvou z\u00e1vodech tedy ani moc ne\u0159e\u0161\u00edme pneumatiky, ale techniku, tud\u00ed\u017e n\u00e1s te\u010f ani moc netr\u00e1p\u00ed, jestli zapr\u0161\u00ed nebo ne. \u0158e\u0161\u00edme spolehlivost vozu, na kterou jsme byli zvykl\u00ed, ale d\u00edky tomu probl\u00e9mu s d\u00edly se n\u00e1m to \u00fapln\u011b neda\u0159\u00ed.&#8220;<\/strong><\/em><\/p>\n<p>Tom\u00e1\u0161 Enge (st.\u010d. 16): <em><strong>&#8222;Hlavn\u011b jsem r\u00e1d, \u017ee se s nov\u00fdm t\u00fdmem posunujeme po\u0159\u00e1d vp\u0159ed. Kluci na aut\u011b neskute\u010dn\u011b makaj\u00ed, po\u0159\u00e1d zji\u0161\u0165ujeme, na co si d\u00e1vat pozor a kde co a jak nastavit. Na Vala\u0161ce jsme na mokru jeli docela vla\u017en\u011b, na rozbit\u00e9 \u0160umav\u011b jsme pak zji\u0161\u0165ovali, \u017ee ne v\u0161e dr\u017e\u00ed jak m\u00e1 a s t\u00edm jsme \u0161li do p\u0159\u00edpravy na tuto sout\u011b\u017e. Zkou\u0161\u00edme trochu jin\u00e9 tlumi\u010de a drobn\u00e1 vylep\u0161en\u00ed, auto by m\u011blo b\u00fdt na na\u0161ich trat\u00edch klidn\u011bj\u0161\u00ed, ale rychl\u00e9. Mus\u00edme ale projet minim\u00e1ln\u011b p\u00e1te\u010dn\u00ed etapu, abychom zjistili, kam m\u00e1me nasm\u011b\u0159ovat dal\u0161\u00ed zm\u011bny. Hustope\u010de jsou jedin\u00e1 na\u0161e sout\u011b\u017e, kde jsem nikdy nebyl ani jako div\u00e1k. Ale kdybychom se dostali do top des\u00edtky, bylo by to kr\u00e1sn\u00e9.&#8220;<\/strong><\/em><\/p>\n<p>AGROTEC PETRONAS rally, tiskov\u00fd servis<br \/>\nJan Va\u0161kovi\u010d<\/p>","protected":false},"excerpt":{"rendered":"<p>Slavnostn\u00edmu p\u00e1te\u010dn\u00edm startu leto\u0161n\u00ed 18. AGROTEC PETRONAS Rally p\u0159ech\u00e1zela kr\u00e1tk\u00e1 ofici\u00e1ln\u00ed testovac\u00ed zkou\u0161ka, shakedown, mezi Starovicemi a Uher\u010dicemi.<\/p>","protected":false},"author":2,"featured_media":2329,"comment_status":"open","ping_status":"open","sticky":false,"template":"","format":"standard","meta":{"_et_pb_use_builder":"","_et_pb_old_content":"","_et_gb_content_width":"","footnotes":""},"categories":[10,9],"tags":[],"yoast_head":"<!-- This site is optimized with the Yoast SEO plugin v21.9.1 - https:\/\/yoast.com\/wordpress\/plugins\/seo\/ -->\n<title>Osmn\u00e1ct\u00e9 Hustope\u010de odstartovaly | AGROTEC Petronas Rally<\/title>\n<meta name=\"robots\" content=\"index, follow, max-snippet:-1, max-image-preview:large, max-video-preview:-1\" \/>\n<link rel=\"canonical\" href=\"https:\/\/www.agrotecrally.cz\/en\/rally-hustopece\/osmnacte-hustopece-odstartovaly\/\" \/>\n<meta property=\"og:locale\" content=\"en_GB\" \/>\n<meta property=\"og:type\" content=\"article\" \/>\n<meta property=\"og:title\" content=\"Osmn\u00e1ct\u00e9 Hustope\u010de odstartovaly | AGROTEC Petronas Rally\" \/>\n<meta property=\"og:description\" content=\"Slavnostn\u00edmu p\u00e1te\u010dn\u00edm startu leto\u0161n\u00ed 18. AGROTEC PETRONAS Rally p\u0159ech\u00e1zela kr\u00e1tk\u00e1 ofici\u00e1ln\u00ed testovac\u00ed zkou\u0161ka, shakedown, mezi Starovicemi a Uher\u010dicemi.\" \/>\n<meta property=\"og:url\" content=\"https:\/\/www.agrotecrally.cz\/en\/rally-hustopece\/osmnacte-hustopece-odstartovaly\/\" \/>\n<meta property=\"og:site_name\" content=\"AGROTEC Petronas Rally\" \/>\n<meta property=\"article:publisher\" content=\"https:\/\/www.facebook.com\/agrotecrally\" \/>\n<meta property=\"article:published_time\" content=\"2023-06-16T17:12:28+00:00\" \/>\n<meta property=\"article:modified_time\" content=\"2023-06-16T22:43:49+00:00\" \/>\n<meta property=\"og:image\" content=\"https:\/\/www.agrotecrally.cz\/wp-content\/uploads\/2023\/06\/Hustopece_2022_kravi_hora2-scaled.jpg\" \/>\n\t<meta property=\"og:image:width\" content=\"2560\" \/>\n\t<meta property=\"og:image:height\" content=\"1707\" \/>\n\t<meta property=\"og:image:type\" content=\"image\/jpeg\" \/>\n<meta name=\"author\" content=\"Tom\u00e1\u0161 Plach\u00fd\" \/>\n<meta name=\"twitter:card\" content=\"summary_large_image\" \/>\n<meta name=\"twitter:label1\" content=\"Written by\" \/>\n\t<meta name=\"twitter:data1\" content=\"Tom\u00e1\u0161 Plach\u00fd\" \/>\n\t<meta name=\"twitter:label2\" content=\"Estimated reading time\" \/>\n\t<meta name=\"twitter:data2\" content=\"4 minutes\" \/>\n<script type=\"application\/ld+json\" class=\"yoast-schema-graph\">{\"@context\":\"https:\/\/schema.org\",\"@graph\":[{\"@type\":\"Article\",\"@id\":\"https:\/\/www.agrotecrally.cz\/rally-hustopece\/osmnacte-hustopece-odstartovaly\/#article\",\"isPartOf\":{\"@id\":\"https:\/\/www.agrotecrally.cz\/rally-hustopece\/osmnacte-hustopece-odstartovaly\/\"},\"author\":{\"name\":\"Tom\u00e1\u0161 Plach\u00fd\",\"@id\":\"https:\/\/www.agrotecrally.cz\/#\/schema\/person\/38a02deaa1f019e278fc735d03d83f85\"},\"headline\":\"Osmn\u00e1ct\u00e9 Hustope\u010de odstartovaly\",\"datePublished\":\"2023-06-16T17:12:28+00:00\",\"dateModified\":\"2023-06-16T22:43:49+00:00\",\"mainEntityOfPage\":{\"@id\":\"https:\/\/www.agrotecrally.cz\/rally-hustopece\/osmnacte-hustopece-odstartovaly\/\"},\"wordCount\":1004,\"commentCount\":0,\"publisher\":{\"@id\":\"https:\/\/www.agrotecrally.cz\/#organization\"},\"articleSection\":[\"AGROTEC rally Hustope\u010de\",\"Rally mezi vinicemi\"],\"inLanguage\":\"en-GB\",\"potentialAction\":[{\"@type\":\"CommentAction\",\"name\":\"Comment\",\"target\":[\"https:\/\/www.agrotecrally.cz\/rally-hustopece\/osmnacte-hustopece-odstartovaly\/#respond\"]}]},{\"@type\":\"WebPage\",\"@id\":\"https:\/\/www.agrotecrally.cz\/rally-hustopece\/osmnacte-hustopece-odstartovaly\/\",\"url\":\"https:\/\/www.agrotecrally.cz\/rally-hustopece\/osmnacte-hustopece-odstartovaly\/\",\"name\":\"Osmn\u00e1ct\u00e9 Hustope\u010de odstartovaly | AGROTEC Petronas Rally\",\"isPartOf\":{\"@id\":\"https:\/\/www.agrotecrally.cz\/#website\"},\"datePublished\":\"2023-06-16T17:12:28+00:00\",\"dateModified\":\"2023-06-16T22:43:49+00:00\",\"breadcrumb\":{\"@id\":\"https:\/\/www.agrotecrally.cz\/rally-hustopece\/osmnacte-hustopece-odstartovaly\/#breadcrumb\"},\"inLanguage\":\"en-GB\",\"potentialAction\":[{\"@type\":\"ReadAction\",\"target\":[\"https:\/\/www.agrotecrally.cz\/rally-hustopece\/osmnacte-hustopece-odstartovaly\/\"]}]},{\"@type\":\"BreadcrumbList\",\"@id\":\"https:\/\/www.agrotecrally.cz\/rally-hustopece\/osmnacte-hustopece-odstartovaly\/#breadcrumb\",\"itemListElement\":[{\"@type\":\"ListItem\",\"position\":1,\"name\":\"Dom\u016f\",\"item\":\"https:\/\/www.agrotecrally.cz\/\"},{\"@type\":\"ListItem\",\"position\":2,\"name\":\"Osmn\u00e1ct\u00e9 Hustope\u010de odstartovaly\"}]},{\"@type\":\"WebSite\",\"@id\":\"https:\/\/www.agrotecrally.cz\/#website\",\"url\":\"https:\/\/www.agrotecrally.cz\/\",\"name\":\"AGROTEC Petronas rally\",\"description\":\"Rally mezi vinicemi\",\"publisher\":{\"@id\":\"https:\/\/www.agrotecrally.cz\/#organization\"},\"potentialAction\":[{\"@type\":\"SearchAction\",\"target\":{\"@type\":\"EntryPoint\",\"urlTemplate\":\"https:\/\/www.agrotecrally.cz\/?s={search_term_string}\"},\"query-input\":\"required name=search_term_string\"}],\"inLanguage\":\"en-GB\"},{\"@type\":\"Organization\",\"@id\":\"https:\/\/www.agrotecrally.cz\/#organization\",\"name\":\"AGROTEC Petronas rally\",\"url\":\"https:\/\/www.agrotecrally.cz\/\",\"logo\":{\"@type\":\"ImageObject\",\"inLanguage\":\"en-GB\",\"@id\":\"https:\/\/www.agrotecrally.cz\/#\/schema\/logo\/image\/\",\"url\":\"https:\/\/www.agrotecrally.cz\/wp-content\/uploads\/2021\/05\/AGROTEC-RALLY_16-01-web-2.png\",\"contentUrl\":\"https:\/\/www.agrotecrally.cz\/wp-content\/uploads\/2021\/05\/AGROTEC-RALLY_16-01-web-2.png\",\"width\":459,\"height\":222,\"caption\":\"AGROTEC Petronas rally\"},\"image\":{\"@id\":\"https:\/\/www.agrotecrally.cz\/#\/schema\/logo\/image\/\"},\"sameAs\":[\"https:\/\/www.facebook.com\/agrotecrally\"]},{\"@type\":\"Person\",\"@id\":\"https:\/\/www.agrotecrally.cz\/#\/schema\/person\/38a02deaa1f019e278fc735d03d83f85\",\"name\":\"Tom\u00e1\u0161 Plach\u00fd\",\"image\":{\"@type\":\"ImageObject\",\"inLanguage\":\"en-GB\",\"@id\":\"https:\/\/www.agrotecrally.cz\/#\/schema\/person\/image\/\",\"url\":\"https:\/\/secure.gravatar.com\/avatar\/a7a68eee7fdb2b4f0975cdc024983e22?s=96&d=mm&r=g\",\"contentUrl\":\"https:\/\/secure.gravatar.com\/avatar\/a7a68eee7fdb2b4f0975cdc024983e22?s=96&d=mm&r=g\",\"caption\":\"Tom\u00e1\u0161 Plach\u00fd\"},\"url\":\"https:\/\/www.agrotecrally.cz\/en\/author\/topmediaseznam-cz\/\"}]}<\/script>\n<!-- \/ Yoast SEO plugin. -->","yoast_head_json":{"title":"Osmn\u00e1ct\u00e9 Hustope\u010de odstartovaly | AGROTEC Petronas Rally","robots":{"index":"index","follow":"follow","max-snippet":"max-snippet:-1","max-image-preview":"max-image-preview:large","max-video-preview":"max-video-preview:-1"},"canonical":"https:\/\/www.agrotecrally.cz\/en\/rally-hustopece\/osmnacte-hustopece-odstartovaly\/","og_locale":"en_GB","og_type":"article","og_title":"Osmn\u00e1ct\u00e9 Hustope\u010de odstartovaly | AGROTEC Petronas Rally","og_description":"Slavnostn\u00edmu p\u00e1te\u010dn\u00edm startu leto\u0161n\u00ed 18. AGROTEC PETRONAS Rally p\u0159ech\u00e1zela kr\u00e1tk\u00e1 ofici\u00e1ln\u00ed testovac\u00ed zkou\u0161ka, shakedown, mezi Starovicemi a Uher\u010dicemi.","og_url":"https:\/\/www.agrotecrally.cz\/en\/rally-hustopece\/osmnacte-hustopece-odstartovaly\/","og_site_name":"AGROTEC Petronas Rally","article_publisher":"https:\/\/www.facebook.com\/agrotecrally","article_published_time":"2023-06-16T17:12:28+00:00","article_modified_time":"2023-06-16T22:43:49+00:00","og_image":[{"width":2560,"height":1707,"url":"https:\/\/www.agrotecrally.cz\/wp-content\/uploads\/2023\/06\/Hustopece_2022_kravi_hora2-scaled.jpg","type":"image\/jpeg"}],"author":"Tom\u00e1\u0161 Plach\u00fd","twitter_card":"summary_large_image","twitter_misc":{"Written by":"Tom\u00e1\u0161 Plach\u00fd","Estimated reading time":"4 minutes"},"schema":{"@context":"https:\/\/schema.org","@graph":[{"@type":"Article","@id":"https:\/\/www.agrotecrally.cz\/rally-hustopece\/osmnacte-hustopece-odstartovaly\/#article","isPartOf":{"@id":"https:\/\/www.agrotecrally.cz\/rally-hustopece\/osmnacte-hustopece-odstartovaly\/"},"author":{"name":"Tom\u00e1\u0161 Plach\u00fd","@id":"https:\/\/www.agrotecrally.cz\/#\/schema\/person\/38a02deaa1f019e278fc735d03d83f85"},"headline":"Osmn\u00e1ct\u00e9 Hustope\u010de odstartovaly","datePublished":"2023-06-16T17:12:28+00:00","dateModified":"2023-06-16T22:43:49+00:00","mainEntityOfPage":{"@id":"https:\/\/www.agrotecrally.cz\/rally-hustopece\/osmnacte-hustopece-odstartovaly\/"},"wordCount":1004,"commentCount":0,"publisher":{"@id":"https:\/\/www.agrotecrally.cz\/#organization"},"articleSection":["AGROTEC rally Hustope\u010de","Rally mezi vinicemi"],"inLanguage":"en-GB","potentialAction":[{"@type":"CommentAction","name":"Comment","target":["https:\/\/www.agrotecrally.cz\/rally-hustopece\/osmnacte-hustopece-odstartovaly\/#respond"]}]},{"@type":"WebPage","@id":"https:\/\/www.agrotecrally.cz\/rally-hustopece\/osmnacte-hustopece-odstartovaly\/","url":"https:\/\/www.agrotecrally.cz\/rally-hustopece\/osmnacte-hustopece-odstartovaly\/","name":"Osmn\u00e1ct\u00e9 Hustope\u010de odstartovaly | AGROTEC Petronas Rally","isPartOf":{"@id":"https:\/\/www.agrotecrally.cz\/#website"},"datePublished":"2023-06-16T17:12:28+00:00","dateModified":"2023-06-16T22:43:49+00:00","breadcrumb":{"@id":"https:\/\/www.agrotecrally.cz\/rally-hustopece\/osmnacte-hustopece-odstartovaly\/#breadcrumb"},"inLanguage":"en-GB","potentialAction":[{"@type":"ReadAction","target":["https:\/\/www.agrotecrally.cz\/rally-hustopece\/osmnacte-hustopece-odstartovaly\/"]}]},{"@type":"BreadcrumbList","@id":"https:\/\/www.agrotecrally.cz\/rally-hustopece\/osmnacte-hustopece-odstartovaly\/#breadcrumb","itemListElement":[{"@type":"ListItem","position":1,"name":"Dom\u016f","item":"https:\/\/www.agrotecrally.cz\/"},{"@type":"ListItem","position":2,"name":"Osmn\u00e1ct\u00e9 Hustope\u010de odstartovaly"}]},{"@type":"WebSite","@id":"https:\/\/www.agrotecrally.cz\/#website","url":"https:\/\/www.agrotecrally.cz\/","name":"AGROTEC Petronas rally","description":"Rally mezi vinicemi","publisher":{"@id":"https:\/\/www.agrotecrally.cz\/#organization"},"potentialAction":[{"@type":"SearchAction","target":{"@type":"EntryPoint","urlTemplate":"https:\/\/www.agrotecrally.cz\/?s={search_term_string}"},"query-input":"required name=search_term_string"}],"inLanguage":"en-GB"},{"@type":"Organization","@id":"https:\/\/www.agrotecrally.cz\/#organization","name":"AGROTEC Petronas rally","url":"https:\/\/www.agrotecrally.cz\/","logo":{"@type":"ImageObject","inLanguage":"en-GB","@id":"https:\/\/www.agrotecrally.cz\/#\/schema\/logo\/image\/","url":"https:\/\/www.agrotecrally.cz\/wp-content\/uploads\/2021\/05\/AGROTEC-RALLY_16-01-web-2.png","contentUrl":"https:\/\/www.agrotecrally.cz\/wp-content\/uploads\/2021\/05\/AGROTEC-RALLY_16-01-web-2.png","width":459,"height":222,"caption":"AGROTEC Petronas rally"},"image":{"@id":"https:\/\/www.agrotecrally.cz\/#\/schema\/logo\/image\/"},"sameAs":["https:\/\/www.facebook.com\/agrotecrally"]},{"@type":"Person","@id":"https:\/\/www.agrotecrally.cz\/#\/schema\/person\/38a02deaa1f019e278fc735d03d83f85","name":"Tom\u00e1\u0161 Plach\u00fd","image":{"@type":"ImageObject","inLanguage":"en-GB","@id":"https:\/\/www.agrotecrally.cz\/#\/schema\/person\/image\/","url":"https:\/\/secure.gravatar.com\/avatar\/a7a68eee7fdb2b4f0975cdc024983e22?s=96&d=mm&r=g","contentUrl":"https:\/\/secure.gravatar.com\/avatar\/a7a68eee7fdb2b4f0975cdc024983e22?s=96&d=mm&r=g","caption":"Tom\u00e1\u0161 Plach\u00fd"},"url":"https:\/\/www.agrotecrally.cz\/en\/author\/topmediaseznam-cz\/"}]}},"_links":{"self":[{"href":"https:\/\/www.agrotecrally.cz\/en\/wp-json\/wp\/v2\/posts\/2526"}],"collection":[{"href":"https:\/\/www.agrotecrally.cz\/en\/wp-json\/wp\/v2\/posts"}],"about":[{"href":"https:\/\/www.agrotecrally.cz\/en\/wp-json\/wp\/v2\/types\/post"}],"author":[{"embeddable":true,"href":"https:\/\/www.agrotecrally.cz\/en\/wp-json\/wp\/v2\/users\/2"}],"replies":[{"embeddable":true,"href":"https:\/\/www.agrotecrally.cz\/en\/wp-json\/wp\/v2\/comments?post=2526"}],"version-history":[{"count":4,"href":"https:\/\/www.agrotecrally.cz\/en\/wp-json\/wp\/v2\/posts\/2526\/revisions"}],"predecessor-version":[{"id":2535,"href":"https:\/\/www.agrotecrally.cz\/en\/wp-json\/wp\/v2\/posts\/2526\/revisions\/2535"}],"wp:featuredmedia":[{"embeddable":true,"href":"https:\/\/www.agrotecrally.cz\/en\/wp-json\/wp\/v2\/media\/2329"}],"wp:attachment":[{"href":"https:\/\/www.agrotecrally.cz\/en\/wp-json\/wp\/v2\/media?parent=2526"}],"wp:term":[{"taxonomy":"category","embeddable":true,"href":"https:\/\/www.agrotecrally.cz\/en\/wp-json\/wp\/v2\/categories?post=2526"},{"taxonomy":"post_tag","embeddable":true,"href":"https:\/\/www.agrotecrally.cz\/en\/wp-json\/wp\/v2\/tags?post=2526"}],"curies":[{"name":"wp","href":"https:\/\/api.w.org\/{rel}","templated":true}]}}