{"id":2530,"date":"2023-06-16T20:24:57","date_gmt":"2023-06-16T19:24:57","guid":{"rendered":"https:\/\/www.agrotecrally.cz\/?p=2530"},"modified":"2023-06-16T20:24:57","modified_gmt":"2023-06-16T19:24:57","slug":"uvod-hustopecske-rally-bez-vetsich-prekvapeni","status":"publish","type":"post","link":"https:\/\/www.agrotecrally.cz\/en\/rally-hustopece\/uvod-hustopecske-rally-bez-vetsich-prekvapeni\/","title":{"rendered":"\u00davod hustope\u010dsk\u00e9 rally bez v\u011bt\u0161\u00edch p\u0159ekvapen\u00ed"},"content":{"rendered":"<p>V nezvykle p\u0159\u00edjemn\u00fdch teplot\u00e1ch byla odjeta prvn\u00ed sekce t\u0159\u00ed rychlostn\u00edch zkou\u0161ek, kter\u00e9 otev\u0159ely 18. ro\u010dn\u00edk hustope\u010dsk\u00e9 AGROTEC PETRONAS Rally. Zat\u00edmco v minul\u00fdch letech se pos\u00e1dky musely vypo\u0159\u00e1dat s tropick\u00fdmi teplotami a zv\u00ed\u0159en\u00fdm prachem, leto\u0161ek zat\u00edm vzd\u00e1len\u011b p\u0159ipom\u00edn\u00e1 letn\u00ed idylku. Co naopak div\u00e1ky zved\u00e1 ze \u017eidle, jsou minim\u00e1ln\u00ed rozestupy na prvn\u00edch dvou m\u00edstech pr\u016fb\u011b\u017en\u00e9 absolutn\u00ed klasifikace. V\u00edt\u011bzstv\u00ed na \u00favodn\u00edch t\u0159ech RZ si dle pap\u00edrov\u00fdch p\u0159edpoklad\u016f rozd\u011blila favorizovan\u00e1 dvojice V\u00e1clav Pech a Jan Kopeck\u00fd, jejich\u017e vyrovnanost d\u00e1v\u00e1 vzpomenout na lo\u0148sk\u00fd ro\u010dn\u00edk.<\/p>\n<p>Rozestupy mezi prvn\u00edmi dv\u011bma pos\u00e1dkami jsou tradi\u010dn\u011b minim\u00e1ln\u00ed. Zat\u00edmco V\u00e1clavu Pechovi se poda\u0159ilo opanovat oba del\u0161\u00ed \u00faseky, Jan Kopeck\u00fd vyhr\u00e1l o sedm desetin sekundy nejkrat\u0161\u00ed test dne. V pr\u016fb\u011b\u017en\u00fdch v\u00fdsledc\u00edch to znamen\u00e1, \u017ee pilot Focusu WRC vyr\u00e1\u017e\u00ed do no\u010dn\u00edch pr\u016fjezd\u016f s minim\u00e1ln\u00edm dvousekundov\u00fdm n\u00e1skokem na jezdce \u0160kodovky Rally2 (pro zaj\u00edmavost: loni m\u011bli oba tito piloti po t\u0159ech erzet\u00e1ch shodn\u00fd \u010das). Mezi p\u0159\u00edjemn\u00e1 p\u0159ekvapen\u00ed pat\u0159\u00ed \u010dasy Adama B\u0159ez\u00edka, kter\u00fd se dr\u017e\u00ed v kontaktu s vedouc\u00ed dvojic\u00ed (odstup 0.4 s\/km) a na v\u0161ech dosavadn\u00edch rychlostn\u00edch testech byl rychlej\u0161\u00ed ne\u017e Dominik St\u0159\u00edtesk\u00fd. Jezdci od p\u00e1t\u00e9ho m\u00edsta ji\u017e na prvn\u00ed m\u00edsto ztr\u00e1cej\u00ed v\u00edce ne\u017e 1.3 sekundy na kilometr. Tuto vyrovnanou skupinku jezdc\u016f vede p\u00e1t\u00fd V\u011broslav Cvr\u010dek p\u0159ed Martinem Vl\u010dkem a Ale\u0161em Jir\u00e1skem.<\/p>\n<p>Zat\u00edmco absolutn\u00ed \u0161pi\u010dka vstupuje do no\u010dn\u00edch pr\u016fjezd\u016f v kompletn\u00edm slo\u017een\u00ed, v ni\u017e\u0161\u00edch t\u0159\u00edd\u00e1ch se ji\u017e n\u00e1ro\u010dn\u00e1 tra\u0165 za\u010dala projevovat. Sout\u011b\u017e po hav\u00e1rii opustil \u010dern\u00fd k\u016f\u0148 kategorie 2WD Peter Surovi\u010d, kter\u00fd si svou prvn\u00ed \u201evelkou\u201c rally moc dlouho neu\u017eil. Technika zastavila mimo jin\u00e9 p\u0159edn\u00ed piloty kategorie historick\u00fdch automobil\u016f Ale\u0161e Jir\u00e1tka a Ji\u0159\u00edho \u0160r\u00e1mka, pota\u017emo dom\u00e1c\u00edho Jakuba Fridricha, kter\u00e9ho technick\u00e9 probl\u00e9my v\u016fbec nepustily na tra\u0165.<\/p>\n<p><strong>Ohlasy z kontroly p\u0159eskupen\u00ed po RZ 3:<\/strong><\/p>\n<p>Jan Kopeck\u00fd (st.\u010d. 1): <em><strong>&#8222;P\u0159ed startem to bylo tro\u0161ku chaotick\u00e9. D\u00edvali jsme se na radary , ale nakonec jak se ty mraky rychle vytvo\u0159ily, tak i stejn\u011b rychle zmizely a fronta od T\u0159eb\u00ed\u010de m\u011bla nakonec zpo\u017ed\u011bn\u00ed. Rozhodli jsme se tedy pro p\u011bt tvrd\u00fdch kol, abychom byli co nejleh\u010d\u00ed a vy\u0161lo to. Na\u0161el bych p\u00e1r m\u00edst, kde by se dal jezdeck\u00fd v\u00fdkon vylep\u0161it, ale nechci ud\u011blat nejakou z\u00e1sadn\u00ed chybu. Ve druh\u00fdch pr\u016fjezdech by se na \u0161otolin\u011b m\u011bla zlep\u0161it p\u0159ilnavost, tak\u017ee o\u010dek\u00e1v\u00e1m zrychlen\u00ed i p\u0159es tmu &#8211; pokud tedy nezapr\u0161\u00ed. Mysl\u00edm, \u017ee loni to tady s t\u00edm prachem bylo tro\u0161ku vyhrocen\u00e9. Tajn\u011b jsem doufal, \u017ee budu m\u00edt na aut\u011b dvojku a vyzkou\u0161\u00edm si to. I kv\u016fli tomu abych vid\u011bl jestli je lep\u0161\u00ed p\u0159ilnavost za prvn\u00edm autem p\u0159i prvn\u00edch pr\u016fjezdech. Ale zase m\u00e1me jedni\u010dku.&#8220;<\/strong><\/em><\/p>\n<p>V\u00e1clav Pech (st.\u010d. 2): <em><strong>&#8222;Op\u011bt je to o desetin\u00e1ch vte\u0159iny. Jen se modl\u00edm, aby p\u0159i druh\u00fdch pr\u016fjezdech nez\u016fst\u00e1val ve vzduchu ten prach jako loni. Fouk\u00e1 v\u00edtr, tak\u017ee by to nemuselo b\u00fdt tak \u0161patn\u00e9. Nechci si st\u011b\u017eovat, ale kdy\u017e prost\u011b mus\u00ed\u0161 na rovin\u011b ub\u00edrat proto\u017ee nev\u00ed\u0161 kde jsi &#8230; Tro\u0161ku t\u011b to psychicky rozhod\u00ed, kdy\u017e v\u00ed\u0161, \u017ee Honza m\u016f\u017ee dr\u017eet pln\u00fd plyn a ty ne. Ale snad to d\u00edky tomu v\u011btru nebude jako minul\u00fd rok.&#8220;<\/strong><\/em><\/p>\n<p>Dominik St\u0159\u00edtesk\u00fd (st.\u010d. 3): <em><strong>&#8222;Nem\u016f\u017eu se dostat do tempa a ztr\u00e1ta je v\u011bt\u0161\u00ed ne\u017e bychom cht\u011bli. Pot\u0159ebujeme ale sb\u00edrat body, tak to bereme celkem v klidu. Je p\u0159ed n\u00e1mi cel\u00e1 druh\u00e1 sekce a cel\u00fd z\u00edt\u0159ej\u0161\u00ed den. \u0160otolina byla v pohod\u011b, sp\u00ed\u0161 to klouzalo na asfaltech v t\u011bch les\u00edch kolem. Druh\u00e1 sekce by m\u011bla b\u00fdt v pohod\u011b, pokud se nezvedne prach. Loni to tu hr\u00e1lo dost velkou roli.&#8220;<\/strong><\/em><\/p>\n<p>Adam B\u0159ez\u00edk (st.\u010d. 4): <em><strong>&#8222;Jedeme svoje tempo na pohodu a jsem celkem p\u0159ekvapen\u00fd, jak\u00e9 \u010dasy tam padaj\u00ed. Zat\u00edm nem\u016f\u017eu b\u00fdt nic ne\u017e spokojen. Hl\u00edd\u00e1m si to, abych neud\u011blal zbyte\u010dnou chybu, a abychom mohli b\u00fdt z\u00edtra na ramp\u011b. Mus\u00edme udr\u017eet nervy na uzd\u011b.&#8220;<\/strong><\/em><\/p>\n<p>V\u011broslav Cvr\u010dek (st.\u010d. 5): <em><strong>&#8222;Auto je v po\u0159\u00e1dku a funguje skv\u011ble. Tempo m\u00e1me taky dobr\u00e9, i kdy\u017e nejedeme na doraz. K tomu se pot\u0159ebujeme propracovat, ale to je b\u011b\u017en\u00e9. Tak\u017ee jsme spokojen\u00ed. Podvozek auta funguje l\u00e9pe ne\u017e d\u0159\u00edv. Na tuhle specifickou sout\u011b\u017e se n\u00e1m povedlo naj\u00edt spr\u00e1vn\u00e9 nastaven\u00ed.&#8220;<\/strong><\/em><\/p>\n<p>Martin Vl\u010dek (st.\u010d. 6): <em><strong>&#8222;Zat\u00edm v\u0161echno funguje, bud\u00edky v aut\u011b ukazuj\u00ed co maj\u00ed. Snad se tedy v\u0161echno povedlo, jede se n\u00e1m vcelku dob\u0159e. M\u00edsty n\u00e1s p\u0159ekvapily p\u00edse\u010dky nafoukan\u00e9 na tra\u0165, ob\u010das to bylo na brzdy o fous. Ale je to moc p\u011bkn\u00e9. Div\u00e1k\u016f je spousta, n\u00e1dhern\u00e9 po\u010das\u00ed, co v\u00edc si p\u0159\u00e1t. Druh\u00e1 sekce za tmy mi nevad\u00ed, j\u00e1 jsem slep\u00fd i ve dne, tak\u017ee je mi to jedno <\/strong>(sm\u00edch)<strong>.&#8220;<\/strong><\/em><\/p>\n<p>Karel Trojan (st.\u010d. 7): <em><strong>&#8222;Z moj\u00ed strany to bylo \u0161patn\u00e9. Hned prvn\u00ed odbo\u010dku na prvn\u00ed zkou\u0161ce jsem nedobrzdil. Od t\u00e9 doby se to se mnou veze. Nev\u00edm pro\u010d, jsou tam nebezpe\u010dn\u00e9 momenty i kdy\u017e jedu pomalu. Uvid\u00edme co bude d\u00e1l. Te\u010f p\u0159ijde tma, tak se to zhor\u0161\u00ed . N\u011bjak mi to nejde, ale je to jenom ve mn\u011b.&#8220;<\/strong><\/em><\/p>\n<p>Ond\u0159ej \u0160imek (st.\u010d. 10): <em><strong>&#8222;Zat\u00edm se n\u00e1m to l\u00edb\u00ed. V noci moc nevid\u00edm, ale uvid\u00edme, snad vydr\u017e\u00edme v top des\u00edtce. Ud\u011blali jsme nov\u00e9 nastaven\u00ed podvozku, ale motoricky je to slab\u00e9.&#8220;<\/strong><\/em><\/p>\n<p>Tom\u00e1\u0161 Enge (st.\u010d. 16): <em><strong>&#8222;Tak n\u011bjak se rozkouk\u00e1v\u00e1m v tomto kraji. V\u00edno m\u00e1m r\u00e1d, te\u010f se je\u0161t\u011b mus\u00edm trochu s\u017e\u00edt s vinicemi, ale zat\u00edm to funguje bez probl\u00e9m\u016f. Rozj\u00ed\u017ed\u00edme se a jedeme na co m\u00e1me, vyv\u00edj\u00edme auto d\u00e1l. M\u00edstn\u00ed trat\u011b jsou na motor a v\u00fdkonnostn\u00ed deficit je zn\u00e1t, ale sna\u017e\u00edme se porovn\u00e1vat prim\u00e1rn\u011b s vozy skupiny N. Kdy\u017e se na tom aut\u011b vylad\u00ed dob\u0159e podvozek, tak si mysl\u00edm, \u017ee se s t\u00edm d\u00e1 p\u011bkn\u011b z\u00e1vodit, a o to se sna\u017e\u00edme.&#8220;<\/strong><\/em><\/p>\n<p>Tom\u00e1\u0161 Kurka (st.\u010d. 18): <em><strong>&#8222;Zat\u00edm je to p\u011bkn\u00e9, co se t\u00fdk\u00e1 v\u00fdsledk\u016f. Cht\u011bl jsem b\u00fdt do des\u00edtky, a to se mi splnilo, ale probl\u00e9my byly. Zhasl mi motor na startu druh\u00e9 rychlostky, tam jsem nabral v\u011bt\u0161\u00ed ztr\u00e1tu, ale prvn\u00ed a t\u0159et\u00ed rychlostka mi vy\u0161ly dob\u0159e, tak\u017ee ztr\u00e1ta z dvojky se na celkov\u00e9m v\u00fdsledku z\u00e1sadn\u011b neprojevuje.&#8220;<\/strong><\/em><\/p>\n<p>AGROTEC PETRONAS rally, tiskov\u00fd servis<br \/>\nJan Va\u0161kovi\u010d, Ji\u0159\u00ed Dokulil<\/p>","protected":false},"excerpt":{"rendered":"<p>V nezvykle p\u0159\u00edjemn\u00fdch teplot\u00e1ch byla odjeta prvn\u00ed sekce t\u0159\u00ed rychlostn\u00edch zkou\u0161ek, kter\u00e9 otev\u0159ely 18. ro\u010dn\u00edk hustope\u010dsk\u00e9 AGROTEC PETRONAS Rally. Zat\u00edmco v minul\u00fdch letech se pos\u00e1dky musely vypo\u0159\u00e1dat s tropick\u00fdmi teplotami a zv\u00ed\u0159en\u00fdm prachem, leto\u0161ek zat\u00edm vzd\u00e1len\u011b p\u0159ipom\u00edn\u00e1 letn\u00ed idylku. Co naopak div\u00e1ky zved\u00e1 ze \u017eidle, jsou minim\u00e1ln\u00ed rozestupy na prvn\u00edch dvou m\u00edstech pr\u016fb\u011b\u017en\u00e9 absolutn\u00ed klasifikace. [&hellip;]<\/p>","protected":false},"author":2,"featured_media":2531,"comment_status":"open","ping_status":"open","sticky":false,"template":"","format":"standard","meta":{"_et_pb_use_builder":"","_et_pb_old_content":"","_et_gb_content_width":"","footnotes":""},"categories":[10,9],"tags":[],"yoast_head":"<!-- This site is optimized with the Yoast SEO plugin v21.9.1 - https:\/\/yoast.com\/wordpress\/plugins\/seo\/ -->\n<title>\u00davod hustope\u010dsk\u00e9 rally bez v\u011bt\u0161\u00edch p\u0159ekvapen\u00ed | AGROTEC Petronas Rally<\/title>\n<meta name=\"robots\" content=\"index, follow, max-snippet:-1, max-image-preview:large, max-video-preview:-1\" \/>\n<link rel=\"canonical\" href=\"https:\/\/www.agrotecrally.cz\/en\/rally-hustopece\/uvod-hustopecske-rally-bez-vetsich-prekvapeni\/\" \/>\n<meta property=\"og:locale\" content=\"en_GB\" \/>\n<meta property=\"og:type\" content=\"article\" \/>\n<meta property=\"og:title\" content=\"\u00davod hustope\u010dsk\u00e9 rally bez v\u011bt\u0161\u00edch p\u0159ekvapen\u00ed | AGROTEC Petronas Rally\" \/>\n<meta property=\"og:description\" content=\"V nezvykle p\u0159\u00edjemn\u00fdch teplot\u00e1ch byla odjeta prvn\u00ed sekce t\u0159\u00ed rychlostn\u00edch zkou\u0161ek, kter\u00e9 otev\u0159ely 18. ro\u010dn\u00edk hustope\u010dsk\u00e9 AGROTEC PETRONAS Rally. Zat\u00edmco v minul\u00fdch letech se pos\u00e1dky musely vypo\u0159\u00e1dat s tropick\u00fdmi teplotami a zv\u00ed\u0159en\u00fdm prachem, leto\u0161ek zat\u00edm vzd\u00e1len\u011b p\u0159ipom\u00edn\u00e1 letn\u00ed idylku. Co naopak div\u00e1ky zved\u00e1 ze \u017eidle, jsou minim\u00e1ln\u00ed rozestupy na prvn\u00edch dvou m\u00edstech pr\u016fb\u011b\u017en\u00e9 absolutn\u00ed klasifikace. [&hellip;]\" \/>\n<meta property=\"og:url\" content=\"https:\/\/www.agrotecrally.cz\/en\/rally-hustopece\/uvod-hustopecske-rally-bez-vetsich-prekvapeni\/\" \/>\n<meta property=\"og:site_name\" content=\"AGROTEC Petronas Rally\" \/>\n<meta property=\"article:publisher\" content=\"https:\/\/www.facebook.com\/agrotecrally\" \/>\n<meta property=\"article:published_time\" content=\"2023-06-16T19:24:57+00:00\" \/>\n<meta property=\"og:image\" content=\"https:\/\/www.agrotecrally.cz\/wp-content\/uploads\/2023\/06\/hustopece23regroup.jpg\" \/>\n\t<meta property=\"og:image:width\" content=\"1600\" \/>\n\t<meta property=\"og:image:height\" content=\"1066\" \/>\n\t<meta property=\"og:image:type\" content=\"image\/jpeg\" \/>\n<meta name=\"author\" content=\"Tom\u00e1\u0161 Plach\u00fd\" \/>\n<meta name=\"twitter:card\" content=\"summary_large_image\" \/>\n<meta name=\"twitter:label1\" content=\"Written by\" \/>\n\t<meta name=\"twitter:data1\" content=\"Tom\u00e1\u0161 Plach\u00fd\" \/>\n\t<meta name=\"twitter:label2\" content=\"Estimated reading time\" \/>\n\t<meta name=\"twitter:data2\" content=\"5 minutes\" \/>\n<script type=\"application\/ld+json\" class=\"yoast-schema-graph\">{\"@context\":\"https:\/\/schema.org\",\"@graph\":[{\"@type\":\"Article\",\"@id\":\"https:\/\/www.agrotecrally.cz\/rally-hustopece\/uvod-hustopecske-rally-bez-vetsich-prekvapeni\/#article\",\"isPartOf\":{\"@id\":\"https:\/\/www.agrotecrally.cz\/rally-hustopece\/uvod-hustopecske-rally-bez-vetsich-prekvapeni\/\"},\"author\":{\"name\":\"Tom\u00e1\u0161 Plach\u00fd\",\"@id\":\"https:\/\/www.agrotecrally.cz\/#\/schema\/person\/38a02deaa1f019e278fc735d03d83f85\"},\"headline\":\"\u00davod hustope\u010dsk\u00e9 rally bez v\u011bt\u0161\u00edch p\u0159ekvapen\u00ed\",\"datePublished\":\"2023-06-16T19:24:57+00:00\",\"dateModified\":\"2023-06-16T19:24:57+00:00\",\"mainEntityOfPage\":{\"@id\":\"https:\/\/www.agrotecrally.cz\/rally-hustopece\/uvod-hustopecske-rally-bez-vetsich-prekvapeni\/\"},\"wordCount\":1231,\"commentCount\":0,\"publisher\":{\"@id\":\"https:\/\/www.agrotecrally.cz\/#organization\"},\"articleSection\":[\"AGROTEC rally Hustope\u010de\",\"Rally mezi vinicemi\"],\"inLanguage\":\"en-GB\",\"potentialAction\":[{\"@type\":\"CommentAction\",\"name\":\"Comment\",\"target\":[\"https:\/\/www.agrotecrally.cz\/rally-hustopece\/uvod-hustopecske-rally-bez-vetsich-prekvapeni\/#respond\"]}]},{\"@type\":\"WebPage\",\"@id\":\"https:\/\/www.agrotecrally.cz\/rally-hustopece\/uvod-hustopecske-rally-bez-vetsich-prekvapeni\/\",\"url\":\"https:\/\/www.agrotecrally.cz\/rally-hustopece\/uvod-hustopecske-rally-bez-vetsich-prekvapeni\/\",\"name\":\"\u00davod hustope\u010dsk\u00e9 rally bez v\u011bt\u0161\u00edch p\u0159ekvapen\u00ed | AGROTEC Petronas Rally\",\"isPartOf\":{\"@id\":\"https:\/\/www.agrotecrally.cz\/#website\"},\"datePublished\":\"2023-06-16T19:24:57+00:00\",\"dateModified\":\"2023-06-16T19:24:57+00:00\",\"breadcrumb\":{\"@id\":\"https:\/\/www.agrotecrally.cz\/rally-hustopece\/uvod-hustopecske-rally-bez-vetsich-prekvapeni\/#breadcrumb\"},\"inLanguage\":\"en-GB\",\"potentialAction\":[{\"@type\":\"ReadAction\",\"target\":[\"https:\/\/www.agrotecrally.cz\/rally-hustopece\/uvod-hustopecske-rally-bez-vetsich-prekvapeni\/\"]}]},{\"@type\":\"BreadcrumbList\",\"@id\":\"https:\/\/www.agrotecrally.cz\/rally-hustopece\/uvod-hustopecske-rally-bez-vetsich-prekvapeni\/#breadcrumb\",\"itemListElement\":[{\"@type\":\"ListItem\",\"position\":1,\"name\":\"Dom\u016f\",\"item\":\"https:\/\/www.agrotecrally.cz\/\"},{\"@type\":\"ListItem\",\"position\":2,\"name\":\"\u00davod hustope\u010dsk\u00e9 rally bez v\u011bt\u0161\u00edch p\u0159ekvapen\u00ed\"}]},{\"@type\":\"WebSite\",\"@id\":\"https:\/\/www.agrotecrally.cz\/#website\",\"url\":\"https:\/\/www.agrotecrally.cz\/\",\"name\":\"AGROTEC Petronas rally\",\"description\":\"Rally mezi vinicemi\",\"publisher\":{\"@id\":\"https:\/\/www.agrotecrally.cz\/#organization\"},\"potentialAction\":[{\"@type\":\"SearchAction\",\"target\":{\"@type\":\"EntryPoint\",\"urlTemplate\":\"https:\/\/www.agrotecrally.cz\/?s={search_term_string}\"},\"query-input\":\"required name=search_term_string\"}],\"inLanguage\":\"en-GB\"},{\"@type\":\"Organization\",\"@id\":\"https:\/\/www.agrotecrally.cz\/#organization\",\"name\":\"AGROTEC Petronas rally\",\"url\":\"https:\/\/www.agrotecrally.cz\/\",\"logo\":{\"@type\":\"ImageObject\",\"inLanguage\":\"en-GB\",\"@id\":\"https:\/\/www.agrotecrally.cz\/#\/schema\/logo\/image\/\",\"url\":\"https:\/\/www.agrotecrally.cz\/wp-content\/uploads\/2021\/05\/AGROTEC-RALLY_16-01-web-2.png\",\"contentUrl\":\"https:\/\/www.agrotecrally.cz\/wp-content\/uploads\/2021\/05\/AGROTEC-RALLY_16-01-web-2.png\",\"width\":459,\"height\":222,\"caption\":\"AGROTEC Petronas rally\"},\"image\":{\"@id\":\"https:\/\/www.agrotecrally.cz\/#\/schema\/logo\/image\/\"},\"sameAs\":[\"https:\/\/www.facebook.com\/agrotecrally\"]},{\"@type\":\"Person\",\"@id\":\"https:\/\/www.agrotecrally.cz\/#\/schema\/person\/38a02deaa1f019e278fc735d03d83f85\",\"name\":\"Tom\u00e1\u0161 Plach\u00fd\",\"image\":{\"@type\":\"ImageObject\",\"inLanguage\":\"en-GB\",\"@id\":\"https:\/\/www.agrotecrally.cz\/#\/schema\/person\/image\/\",\"url\":\"https:\/\/secure.gravatar.com\/avatar\/a7a68eee7fdb2b4f0975cdc024983e22?s=96&d=mm&r=g\",\"contentUrl\":\"https:\/\/secure.gravatar.com\/avatar\/a7a68eee7fdb2b4f0975cdc024983e22?s=96&d=mm&r=g\",\"caption\":\"Tom\u00e1\u0161 Plach\u00fd\"},\"url\":\"https:\/\/www.agrotecrally.cz\/en\/author\/topmediaseznam-cz\/\"}]}<\/script>\n<!-- \/ Yoast SEO plugin. -->","yoast_head_json":{"title":"\u00davod hustope\u010dsk\u00e9 rally bez v\u011bt\u0161\u00edch p\u0159ekvapen\u00ed | AGROTEC Petronas Rally","robots":{"index":"index","follow":"follow","max-snippet":"max-snippet:-1","max-image-preview":"max-image-preview:large","max-video-preview":"max-video-preview:-1"},"canonical":"https:\/\/www.agrotecrally.cz\/en\/rally-hustopece\/uvod-hustopecske-rally-bez-vetsich-prekvapeni\/","og_locale":"en_GB","og_type":"article","og_title":"\u00davod hustope\u010dsk\u00e9 rally bez v\u011bt\u0161\u00edch p\u0159ekvapen\u00ed | AGROTEC Petronas Rally","og_description":"V nezvykle p\u0159\u00edjemn\u00fdch teplot\u00e1ch byla odjeta prvn\u00ed sekce t\u0159\u00ed rychlostn\u00edch zkou\u0161ek, kter\u00e9 otev\u0159ely 18. ro\u010dn\u00edk hustope\u010dsk\u00e9 AGROTEC PETRONAS Rally. Zat\u00edmco v minul\u00fdch letech se pos\u00e1dky musely vypo\u0159\u00e1dat s tropick\u00fdmi teplotami a zv\u00ed\u0159en\u00fdm prachem, leto\u0161ek zat\u00edm vzd\u00e1len\u011b p\u0159ipom\u00edn\u00e1 letn\u00ed idylku. Co naopak div\u00e1ky zved\u00e1 ze \u017eidle, jsou minim\u00e1ln\u00ed rozestupy na prvn\u00edch dvou m\u00edstech pr\u016fb\u011b\u017en\u00e9 absolutn\u00ed klasifikace. [&hellip;]","og_url":"https:\/\/www.agrotecrally.cz\/en\/rally-hustopece\/uvod-hustopecske-rally-bez-vetsich-prekvapeni\/","og_site_name":"AGROTEC Petronas Rally","article_publisher":"https:\/\/www.facebook.com\/agrotecrally","article_published_time":"2023-06-16T19:24:57+00:00","og_image":[{"width":1600,"height":1066,"url":"https:\/\/www.agrotecrally.cz\/wp-content\/uploads\/2023\/06\/hustopece23regroup.jpg","type":"image\/jpeg"}],"author":"Tom\u00e1\u0161 Plach\u00fd","twitter_card":"summary_large_image","twitter_misc":{"Written by":"Tom\u00e1\u0161 Plach\u00fd","Estimated reading time":"5 minutes"},"schema":{"@context":"https:\/\/schema.org","@graph":[{"@type":"Article","@id":"https:\/\/www.agrotecrally.cz\/rally-hustopece\/uvod-hustopecske-rally-bez-vetsich-prekvapeni\/#article","isPartOf":{"@id":"https:\/\/www.agrotecrally.cz\/rally-hustopece\/uvod-hustopecske-rally-bez-vetsich-prekvapeni\/"},"author":{"name":"Tom\u00e1\u0161 Plach\u00fd","@id":"https:\/\/www.agrotecrally.cz\/#\/schema\/person\/38a02deaa1f019e278fc735d03d83f85"},"headline":"\u00davod hustope\u010dsk\u00e9 rally bez v\u011bt\u0161\u00edch p\u0159ekvapen\u00ed","datePublished":"2023-06-16T19:24:57+00:00","dateModified":"2023-06-16T19:24:57+00:00","mainEntityOfPage":{"@id":"https:\/\/www.agrotecrally.cz\/rally-hustopece\/uvod-hustopecske-rally-bez-vetsich-prekvapeni\/"},"wordCount":1231,"commentCount":0,"publisher":{"@id":"https:\/\/www.agrotecrally.cz\/#organization"},"articleSection":["AGROTEC rally Hustope\u010de","Rally mezi vinicemi"],"inLanguage":"en-GB","potentialAction":[{"@type":"CommentAction","name":"Comment","target":["https:\/\/www.agrotecrally.cz\/rally-hustopece\/uvod-hustopecske-rally-bez-vetsich-prekvapeni\/#respond"]}]},{"@type":"WebPage","@id":"https:\/\/www.agrotecrally.cz\/rally-hustopece\/uvod-hustopecske-rally-bez-vetsich-prekvapeni\/","url":"https:\/\/www.agrotecrally.cz\/rally-hustopece\/uvod-hustopecske-rally-bez-vetsich-prekvapeni\/","name":"\u00davod hustope\u010dsk\u00e9 rally bez v\u011bt\u0161\u00edch p\u0159ekvapen\u00ed | AGROTEC Petronas Rally","isPartOf":{"@id":"https:\/\/www.agrotecrally.cz\/#website"},"datePublished":"2023-06-16T19:24:57+00:00","dateModified":"2023-06-16T19:24:57+00:00","breadcrumb":{"@id":"https:\/\/www.agrotecrally.cz\/rally-hustopece\/uvod-hustopecske-rally-bez-vetsich-prekvapeni\/#breadcrumb"},"inLanguage":"en-GB","potentialAction":[{"@type":"ReadAction","target":["https:\/\/www.agrotecrally.cz\/rally-hustopece\/uvod-hustopecske-rally-bez-vetsich-prekvapeni\/"]}]},{"@type":"BreadcrumbList","@id":"https:\/\/www.agrotecrally.cz\/rally-hustopece\/uvod-hustopecske-rally-bez-vetsich-prekvapeni\/#breadcrumb","itemListElement":[{"@type":"ListItem","position":1,"name":"Dom\u016f","item":"https:\/\/www.agrotecrally.cz\/"},{"@type":"ListItem","position":2,"name":"\u00davod hustope\u010dsk\u00e9 rally bez v\u011bt\u0161\u00edch p\u0159ekvapen\u00ed"}]},{"@type":"WebSite","@id":"https:\/\/www.agrotecrally.cz\/#website","url":"https:\/\/www.agrotecrally.cz\/","name":"AGROTEC Petronas rally","description":"Rally mezi vinicemi","publisher":{"@id":"https:\/\/www.agrotecrally.cz\/#organization"},"potentialAction":[{"@type":"SearchAction","target":{"@type":"EntryPoint","urlTemplate":"https:\/\/www.agrotecrally.cz\/?s={search_term_string}"},"query-input":"required name=search_term_string"}],"inLanguage":"en-GB"},{"@type":"Organization","@id":"https:\/\/www.agrotecrally.cz\/#organization","name":"AGROTEC Petronas rally","url":"https:\/\/www.agrotecrally.cz\/","logo":{"@type":"ImageObject","inLanguage":"en-GB","@id":"https:\/\/www.agrotecrally.cz\/#\/schema\/logo\/image\/","url":"https:\/\/www.agrotecrally.cz\/wp-content\/uploads\/2021\/05\/AGROTEC-RALLY_16-01-web-2.png","contentUrl":"https:\/\/www.agrotecrally.cz\/wp-content\/uploads\/2021\/05\/AGROTEC-RALLY_16-01-web-2.png","width":459,"height":222,"caption":"AGROTEC Petronas rally"},"image":{"@id":"https:\/\/www.agrotecrally.cz\/#\/schema\/logo\/image\/"},"sameAs":["https:\/\/www.facebook.com\/agrotecrally"]},{"@type":"Person","@id":"https:\/\/www.agrotecrally.cz\/#\/schema\/person\/38a02deaa1f019e278fc735d03d83f85","name":"Tom\u00e1\u0161 Plach\u00fd","image":{"@type":"ImageObject","inLanguage":"en-GB","@id":"https:\/\/www.agrotecrally.cz\/#\/schema\/person\/image\/","url":"https:\/\/secure.gravatar.com\/avatar\/a7a68eee7fdb2b4f0975cdc024983e22?s=96&d=mm&r=g","contentUrl":"https:\/\/secure.gravatar.com\/avatar\/a7a68eee7fdb2b4f0975cdc024983e22?s=96&d=mm&r=g","caption":"Tom\u00e1\u0161 Plach\u00fd"},"url":"https:\/\/www.agrotecrally.cz\/en\/author\/topmediaseznam-cz\/"}]}},"_links":{"self":[{"href":"https:\/\/www.agrotecrally.cz\/en\/wp-json\/wp\/v2\/posts\/2530"}],"collection":[{"href":"https:\/\/www.agrotecrally.cz\/en\/wp-json\/wp\/v2\/posts"}],"about":[{"href":"https:\/\/www.agrotecrally.cz\/en\/wp-json\/wp\/v2\/types\/post"}],"author":[{"embeddable":true,"href":"https:\/\/www.agrotecrally.cz\/en\/wp-json\/wp\/v2\/users\/2"}],"replies":[{"embeddable":true,"href":"https:\/\/www.agrotecrally.cz\/en\/wp-json\/wp\/v2\/comments?post=2530"}],"version-history":[{"count":1,"href":"https:\/\/www.agrotecrally.cz\/en\/wp-json\/wp\/v2\/posts\/2530\/revisions"}],"predecessor-version":[{"id":2532,"href":"https:\/\/www.agrotecrally.cz\/en\/wp-json\/wp\/v2\/posts\/2530\/revisions\/2532"}],"wp:featuredmedia":[{"embeddable":true,"href":"https:\/\/www.agrotecrally.cz\/en\/wp-json\/wp\/v2\/media\/2531"}],"wp:attachment":[{"href":"https:\/\/www.agrotecrally.cz\/en\/wp-json\/wp\/v2\/media?parent=2530"}],"wp:term":[{"taxonomy":"category","embeddable":true,"href":"https:\/\/www.agrotecrally.cz\/en\/wp-json\/wp\/v2\/categories?post=2530"},{"taxonomy":"post_tag","embeddable":true,"href":"https:\/\/www.agrotecrally.cz\/en\/wp-json\/wp\/v2\/tags?post=2530"}],"curies":[{"name":"wp","href":"https:\/\/api.w.org\/{rel}","templated":true}]}}