{"id":279,"date":"2018-06-12T09:44:46","date_gmt":"2018-06-12T08:44:46","guid":{"rendered":"http:\/\/agrotecrally.marekmusil.cz\/?p=279"},"modified":"2021-03-25T14:38:33","modified_gmt":"2021-03-25T13:38:33","slug":"hustopece-tradicni-sotoliny-i-rada-drobnych-uprav","status":"publish","type":"post","link":"https:\/\/www.agrotecrally.cz\/en\/rally-hustopece\/hustopece-tradicni-sotoliny-i-rada-drobnych-uprav\/","title":{"rendered":"Hustope\u010de: tradi\u010dn\u00ed \u0161otoliny i \u0159ada drobn\u00fdch \u00faprav"},"content":{"rendered":"<p><strong>Skaln\u00ed fanou\u0161ci rally se letos musej\u00ed obej\u00edt bez rychlostn\u00ed zkou\u0161ky v\u00a0t\u011bsn\u00e9 bl\u00edzkosti Velk\u00fdch Pavlovic. T\u00edm sout\u011b\u017e p\u0159i\u0161la o jeden z\u00a0kultovn\u00edch \u0161otolinov\u00fdch \u00fasek\u016f, kter\u00fd byl v\u017edy hojn\u011b div\u00e1cky nav\u0161t\u011bvov\u00e1n. A fotografie z\u00a0t\u011bchto m\u00edst pat\u0159ily v\u00a0galeri\u00edch k\u00a0t\u011bm nejak\u010dn\u011bj\u0161\u00edm. Po\u0159adatel\u00e9 museli t\u00edmto krokem reagovat na opravy silnic a s\u00a0t\u00edm spojen\u00e9 obj\u00edzdn\u00e9 trasy.<\/strong><\/p>\n<p>I p\u0159es \u0159adu komplikac\u00ed, hustope\u010dsk\u00e1 sout\u011b\u017e se nad\u00e1le py\u0161n\u00ed nesm\u00edrn\u011b kompaktn\u00edm form\u00e1tem, jezdecky tradi\u010dn\u011b obl\u00edben\u00fdm. P\u00e1te\u010dn\u00ed etapa AGROTEC PETRONAS rally je nov\u011b spojena s\u00a0okol\u00edm Starovic. Pos\u00e1dky si zde budou moci na trati testovac\u00ed zkou\u0161ky od 12:30 do 16:00 hodin naposledy vyzkou\u0161et sv\u00e9 sout\u011b\u017en\u00ed vozy. N\u00e1sledn\u011b pr\u00e1v\u011b starovick\u00e1 okruhov\u00e1 zkou\u0161ka bude prvn\u00edm ostr\u00fdm testem sout\u011b\u017ee. Po mnoha letech se bude v\u00a0okol\u00ed Starovic z\u00e1vodit v\u00a0p\u00e1te\u010dn\u00ed etap\u011b, na polookruhov\u00e9 zkou\u0161ce pak poprv\u00e9 v\u00a0historii za tmy. Druh\u00fd pr\u016fjezd Starovick\u00e9 zkou\u0161ky toti\u017e odstartuje a\u017e ve 22:02 hod.<\/p>\n<p>Pos\u00e1dky se ze Starovic p\u0159esunou na test Kurd\u011bjov. Loni se pr\u00e1v\u011b zde sout\u011b\u017e za\u010d\u00ednala. Vlo\u017eka je pro leto\u0161n\u00ed ro\u010dn\u00edk m\u00edrn\u011b prodlou\u017eena od startu (s kr\u00e1tk\u00fdm \u0161otolinov\u00fdm \u00fasekem) i c\u00edle, novinkou proti za\u017eit\u00e9 podob\u011b je i pr\u016fjezd \u201esadem\u201c, s\u00a0p\u011bknou \u0161otolinovou pas\u00e1\u017e\u00ed. Posledn\u00ed test p\u00e1te\u010dn\u00ed sekce Boleradice \u2013 Bo\u0159etice je proti ro\u010dn\u00edku 2017 v\u00fdrazn\u011b zkr\u00e1cen. Op\u011bt to souvis\u00ed s\u00a0opravami cest v regionu. Na tomto \u00faseku \u010dek\u00e1 na pos\u00e1dky pr\u016fjezd \u201ehustope\u010dsk\u00e9ho lesa\u201c (asi nen\u00ed t\u0159eba v\u00edce popisovat\u2026) a rychl\u00fd \u0161otolinov\u00fd \u00fasek k\u00a0rozhledn\u011b na Krav\u00ed ho\u0159e. V\u00a0t\u00e9to podob\u011b je\u0161t\u011b pos\u00e1dky rozhlednu budou m\u00edt jen na dohled, v\u00a0jej\u00ed bl\u00edzkosti odbo\u010d\u00ed vlevo do Bo\u0159etic, kde bude letos letm\u00fd c\u00edl t\u00e9to zkou\u0161ky.<\/p>\n<p>V\u00a0sobotn\u00ed etap\u011b se za\u010dne v\u00a0\u0160itbo\u0159ic\u00edch. Loni se na tomto testu z\u00e1vodilo u\u017e v\u00a0p\u00e1tek, zkou\u0161ka doznala jen drobn\u00fdch \u00faprav. RZ 8 \/ 11 N\u011bm\u010di\u010dky (6,03 km, nejkrat\u0161\u00ed RZ sout\u011b\u017ee) bude \u201etelevizn\u00edm\u201c testem AGROTEC PETRONAS rally 2018. Jej\u00ed \u00favodn\u00ed \u010d\u00e1st zavede pos\u00e1dky pod rozhlednu na Krav\u00ed Ho\u0159e, kde po \u0161otolinov\u00e9m \u00faseku \u010dek\u00e1 na sout\u011b\u017en\u00ed dvojice op\u011bt \u201ehustope\u010dsk\u00fd les\u201c, tentokr\u00e1t v\u00a0opa\u010dn\u00e9m sm\u011bru. V\u00fdsledkov\u011b nejl\u00e9pe postaven\u00e9 pos\u00e1dky se pr\u00e1v\u011b na tomto \u00faseku v\u00a0\u017eiv\u00e9m p\u0159enosu \u010cT Sport p\u0159edstav\u00ed div\u00e1k\u016fm nejsledovan\u011bj\u0161\u00edho sportovn\u00edho kan\u00e1lu v \u010cesku.<\/p>\n<p>Nic se nem\u011bn\u00ed na podob\u011b a d\u00e9lce \u00faseku Horn\u00ed Bojanovice \u2013 Div\u00e1ky \u2013 Nikol\u010dice (22,50 km, nejdel\u0161\u00ed zkou\u0161ka sout\u011b\u017ee). Op\u011bt bude zkou\u0161kou, kde se m\u016f\u017ee je\u0161t\u011b mnoh\u00e9 rozhodovat. Nab\u00edz\u00ed \u0159adu \u0161otolinov\u00fdch pas\u00e1\u017e\u00ed, stejn\u011b jako nesm\u00edrn\u011b technick\u00fdch a posl\u00e9ze i rychl\u00fdch \u00fasek\u016f.<\/p>\n<p>V harmonogramu AGROTEC PETRONAS rally tedy figuruje celkem dvan\u00e1ct rychlostn\u00edch zkou\u0161ek na \u0161esti \u00fasec\u00edch (\u0161est v\u00a0ka\u017ed\u00e9 etap\u011b). Celkem sout\u011b\u017en\u00ed vozy uraz\u00ed 331,11 km, z\u00a0toho 147,50 km proti chronometru (44,55 procent).<\/p>\n<p>Odkaz na div\u00e1ck\u00e9ho pr\u016fvodce ke sta\u017een\u00ed: <a href=\"http:\/\/www.agrotecrally.cz\/en\/obrazky-soubory\/rally-dm-program2018-1-4d050.pdf\/?redir\" data-cke-saved-href=\"http:\/\/www.agrotecrally.cz\/obrazky-soubory\/rally-dm-program2018-1-4d050.pdf?redir\">http:\/\/www.agrotecrally.cz\/obrazky-soubory\/rally-dm-program2018-1-4d050.pdf?redir<\/a><\/p>\n<p>V\u00edce informac\u00ed k\u00a0sout\u011b\u017ei bude postupn\u011b zve\u0159ejn\u011bno na ofici\u00e1ln\u00ed str\u00e1nce www.agrotecrally.cz, \u0159ada novinek bude dostupn\u00e1 i na facebookov\u00e9m profilu <strong>Agrotec rally Hustope\u010de<\/strong>.<\/p>\n<p>AGROTEC PETRONAS rally Hustope\u010de, tiskov\u00fd servis<\/p>\n<p>Tom\u00e1\u0161 Plach\u00fd<\/p>","protected":false},"excerpt":{"rendered":"<p>V\u00edkendov\u00e9 zve\u0159ejn\u011bn\u00ed ofici\u00e1ln\u00edch map AGROTEC PETRONAS rally 2018 definitivn\u011b odtajnilo leto\u0161n\u00ed itiner\u00e1\u0159 hustope\u010dsk\u00e9 sout\u011b\u017ee, kter\u00e1 odstartuje v\u00a0p\u00e1tek 15. \u010dervna v\u00a018:30 z\u00a0centra Hustope\u010d\u00ed, z\u00a0Husovy ulice. Pravideln\u00fdm n\u00e1v\u0161t\u011bvn\u00edk\u016fm pohled do map mnoh\u00e9 napov\u011bd\u011bl, t\u011bm, kte\u0159\u00ed do Hustope\u010d\u00ed nejezd\u00ed p\u0159\u00edli\u0161 \u010dasto, zkus\u00edme leto\u0161n\u00ed tra\u0165 tro\u0161ku popsat\u2026<\/p>","protected":false},"author":2,"featured_media":280,"comment_status":"open","ping_status":"open","sticky":false,"template":"","format":"standard","meta":{"_et_pb_use_builder":"","_et_pb_old_content":"","_et_gb_content_width":"","footnotes":""},"categories":[10],"tags":[],"yoast_head":"<!-- This site is optimized with the Yoast SEO plugin v21.9.1 - https:\/\/yoast.com\/wordpress\/plugins\/seo\/ -->\n<title>Hustope\u010de: tradi\u010dn\u00ed \u0161otoliny i \u0159ada drobn\u00fdch \u00faprav | AGROTEC Petronas Rally<\/title>\n<meta name=\"robots\" content=\"index, follow, max-snippet:-1, max-image-preview:large, max-video-preview:-1\" \/>\n<link rel=\"canonical\" href=\"https:\/\/www.agrotecrally.cz\/en\/rally-hustopece\/hustopece-tradicni-sotoliny-i-rada-drobnych-uprav\/\" \/>\n<meta property=\"og:locale\" content=\"en_GB\" \/>\n<meta property=\"og:type\" content=\"article\" \/>\n<meta property=\"og:title\" content=\"Hustope\u010de: tradi\u010dn\u00ed \u0161otoliny i \u0159ada drobn\u00fdch \u00faprav | AGROTEC Petronas Rally\" \/>\n<meta property=\"og:description\" content=\"V\u00edkendov\u00e9 zve\u0159ejn\u011bn\u00ed ofici\u00e1ln\u00edch map AGROTEC PETRONAS rally 2018 definitivn\u011b odtajnilo leto\u0161n\u00ed itiner\u00e1\u0159 hustope\u010dsk\u00e9 sout\u011b\u017ee, kter\u00e1 odstartuje v\u00a0p\u00e1tek 15. \u010dervna v\u00a018:30 z\u00a0centra Hustope\u010d\u00ed, z\u00a0Husovy ulice. Pravideln\u00fdm n\u00e1v\u0161t\u011bvn\u00edk\u016fm pohled do map mnoh\u00e9 napov\u011bd\u011bl, t\u011bm, kte\u0159\u00ed do Hustope\u010d\u00ed nejezd\u00ed p\u0159\u00edli\u0161 \u010dasto, zkus\u00edme leto\u0161n\u00ed tra\u0165 tro\u0161ku popsat\u2026\" \/>\n<meta property=\"og:url\" content=\"https:\/\/www.agrotecrally.cz\/en\/rally-hustopece\/hustopece-tradicni-sotoliny-i-rada-drobnych-uprav\/\" \/>\n<meta property=\"og:site_name\" content=\"AGROTEC Petronas Rally\" \/>\n<meta property=\"article:publisher\" content=\"https:\/\/www.facebook.com\/agrotecrally\" \/>\n<meta property=\"article:published_time\" content=\"2018-06-12T08:44:46+00:00\" \/>\n<meta property=\"article:modified_time\" content=\"2021-03-25T13:38:33+00:00\" \/>\n<meta property=\"og:image\" content=\"https:\/\/www.agrotecrally.cz\/wp-content\/uploads\/2021\/03\/IMGP5620.jpg\" \/>\n\t<meta property=\"og:image:width\" content=\"1973\" \/>\n\t<meta property=\"og:image:height\" content=\"1317\" \/>\n\t<meta property=\"og:image:type\" content=\"image\/jpeg\" \/>\n<meta name=\"author\" content=\"Tom\u00e1\u0161 Plach\u00fd\" \/>\n<meta name=\"twitter:card\" content=\"summary_large_image\" \/>\n<meta name=\"twitter:label1\" content=\"Written by\" \/>\n\t<meta name=\"twitter:data1\" content=\"Tom\u00e1\u0161 Plach\u00fd\" \/>\n\t<meta name=\"twitter:label2\" content=\"Estimated reading time\" \/>\n\t<meta name=\"twitter:data2\" content=\"3 minutes\" \/>\n<script type=\"application\/ld+json\" class=\"yoast-schema-graph\">{\"@context\":\"https:\/\/schema.org\",\"@graph\":[{\"@type\":\"Article\",\"@id\":\"https:\/\/www.agrotecrally.cz\/rally-hustopece\/hustopece-tradicni-sotoliny-i-rada-drobnych-uprav\/#article\",\"isPartOf\":{\"@id\":\"https:\/\/www.agrotecrally.cz\/rally-hustopece\/hustopece-tradicni-sotoliny-i-rada-drobnych-uprav\/\"},\"author\":{\"name\":\"Tom\u00e1\u0161 Plach\u00fd\",\"@id\":\"https:\/\/www.agrotecrally.cz\/#\/schema\/person\/38a02deaa1f019e278fc735d03d83f85\"},\"headline\":\"Hustope\u010de: tradi\u010dn\u00ed \u0161otoliny i \u0159ada drobn\u00fdch \u00faprav\",\"datePublished\":\"2018-06-12T08:44:46+00:00\",\"dateModified\":\"2021-03-25T13:38:33+00:00\",\"mainEntityOfPage\":{\"@id\":\"https:\/\/www.agrotecrally.cz\/rally-hustopece\/hustopece-tradicni-sotoliny-i-rada-drobnych-uprav\/\"},\"wordCount\":620,\"commentCount\":0,\"publisher\":{\"@id\":\"https:\/\/www.agrotecrally.cz\/#organization\"},\"articleSection\":[\"AGROTEC rally Hustope\u010de\"],\"inLanguage\":\"en-GB\",\"potentialAction\":[{\"@type\":\"CommentAction\",\"name\":\"Comment\",\"target\":[\"https:\/\/www.agrotecrally.cz\/rally-hustopece\/hustopece-tradicni-sotoliny-i-rada-drobnych-uprav\/#respond\"]}]},{\"@type\":\"WebPage\",\"@id\":\"https:\/\/www.agrotecrally.cz\/rally-hustopece\/hustopece-tradicni-sotoliny-i-rada-drobnych-uprav\/\",\"url\":\"https:\/\/www.agrotecrally.cz\/rally-hustopece\/hustopece-tradicni-sotoliny-i-rada-drobnych-uprav\/\",\"name\":\"Hustope\u010de: tradi\u010dn\u00ed \u0161otoliny i \u0159ada drobn\u00fdch \u00faprav | AGROTEC Petronas Rally\",\"isPartOf\":{\"@id\":\"https:\/\/www.agrotecrally.cz\/#website\"},\"datePublished\":\"2018-06-12T08:44:46+00:00\",\"dateModified\":\"2021-03-25T13:38:33+00:00\",\"breadcrumb\":{\"@id\":\"https:\/\/www.agrotecrally.cz\/rally-hustopece\/hustopece-tradicni-sotoliny-i-rada-drobnych-uprav\/#breadcrumb\"},\"inLanguage\":\"en-GB\",\"potentialAction\":[{\"@type\":\"ReadAction\",\"target\":[\"https:\/\/www.agrotecrally.cz\/rally-hustopece\/hustopece-tradicni-sotoliny-i-rada-drobnych-uprav\/\"]}]},{\"@type\":\"BreadcrumbList\",\"@id\":\"https:\/\/www.agrotecrally.cz\/rally-hustopece\/hustopece-tradicni-sotoliny-i-rada-drobnych-uprav\/#breadcrumb\",\"itemListElement\":[{\"@type\":\"ListItem\",\"position\":1,\"name\":\"Dom\u016f\",\"item\":\"https:\/\/www.agrotecrally.cz\/\"},{\"@type\":\"ListItem\",\"position\":2,\"name\":\"Hustope\u010de: tradi\u010dn\u00ed \u0161otoliny i \u0159ada drobn\u00fdch \u00faprav\"}]},{\"@type\":\"WebSite\",\"@id\":\"https:\/\/www.agrotecrally.cz\/#website\",\"url\":\"https:\/\/www.agrotecrally.cz\/\",\"name\":\"AGROTEC Petronas rally\",\"description\":\"Rally mezi vinicemi\",\"publisher\":{\"@id\":\"https:\/\/www.agrotecrally.cz\/#organization\"},\"potentialAction\":[{\"@type\":\"SearchAction\",\"target\":{\"@type\":\"EntryPoint\",\"urlTemplate\":\"https:\/\/www.agrotecrally.cz\/?s={search_term_string}\"},\"query-input\":\"required name=search_term_string\"}],\"inLanguage\":\"en-GB\"},{\"@type\":\"Organization\",\"@id\":\"https:\/\/www.agrotecrally.cz\/#organization\",\"name\":\"AGROTEC Petronas rally\",\"url\":\"https:\/\/www.agrotecrally.cz\/\",\"logo\":{\"@type\":\"ImageObject\",\"inLanguage\":\"en-GB\",\"@id\":\"https:\/\/www.agrotecrally.cz\/#\/schema\/logo\/image\/\",\"url\":\"https:\/\/www.agrotecrally.cz\/wp-content\/uploads\/2021\/05\/AGROTEC-RALLY_16-01-web-2.png\",\"contentUrl\":\"https:\/\/www.agrotecrally.cz\/wp-content\/uploads\/2021\/05\/AGROTEC-RALLY_16-01-web-2.png\",\"width\":459,\"height\":222,\"caption\":\"AGROTEC Petronas rally\"},\"image\":{\"@id\":\"https:\/\/www.agrotecrally.cz\/#\/schema\/logo\/image\/\"},\"sameAs\":[\"https:\/\/www.facebook.com\/agrotecrally\"]},{\"@type\":\"Person\",\"@id\":\"https:\/\/www.agrotecrally.cz\/#\/schema\/person\/38a02deaa1f019e278fc735d03d83f85\",\"name\":\"Tom\u00e1\u0161 Plach\u00fd\",\"image\":{\"@type\":\"ImageObject\",\"inLanguage\":\"en-GB\",\"@id\":\"https:\/\/www.agrotecrally.cz\/#\/schema\/person\/image\/\",\"url\":\"https:\/\/secure.gravatar.com\/avatar\/a7a68eee7fdb2b4f0975cdc024983e22?s=96&d=mm&r=g\",\"contentUrl\":\"https:\/\/secure.gravatar.com\/avatar\/a7a68eee7fdb2b4f0975cdc024983e22?s=96&d=mm&r=g\",\"caption\":\"Tom\u00e1\u0161 Plach\u00fd\"},\"url\":\"https:\/\/www.agrotecrally.cz\/en\/author\/topmediaseznam-cz\/\"}]}<\/script>\n<!-- \/ Yoast SEO plugin. -->","yoast_head_json":{"title":"Hustope\u010de: tradi\u010dn\u00ed \u0161otoliny i \u0159ada drobn\u00fdch \u00faprav | AGROTEC Petronas Rally","robots":{"index":"index","follow":"follow","max-snippet":"max-snippet:-1","max-image-preview":"max-image-preview:large","max-video-preview":"max-video-preview:-1"},"canonical":"https:\/\/www.agrotecrally.cz\/en\/rally-hustopece\/hustopece-tradicni-sotoliny-i-rada-drobnych-uprav\/","og_locale":"en_GB","og_type":"article","og_title":"Hustope\u010de: tradi\u010dn\u00ed \u0161otoliny i \u0159ada drobn\u00fdch \u00faprav | AGROTEC Petronas Rally","og_description":"V\u00edkendov\u00e9 zve\u0159ejn\u011bn\u00ed ofici\u00e1ln\u00edch map AGROTEC PETRONAS rally 2018 definitivn\u011b odtajnilo leto\u0161n\u00ed itiner\u00e1\u0159 hustope\u010dsk\u00e9 sout\u011b\u017ee, kter\u00e1 odstartuje v\u00a0p\u00e1tek 15. \u010dervna v\u00a018:30 z\u00a0centra Hustope\u010d\u00ed, z\u00a0Husovy ulice. Pravideln\u00fdm n\u00e1v\u0161t\u011bvn\u00edk\u016fm pohled do map mnoh\u00e9 napov\u011bd\u011bl, t\u011bm, kte\u0159\u00ed do Hustope\u010d\u00ed nejezd\u00ed p\u0159\u00edli\u0161 \u010dasto, zkus\u00edme leto\u0161n\u00ed tra\u0165 tro\u0161ku popsat\u2026","og_url":"https:\/\/www.agrotecrally.cz\/en\/rally-hustopece\/hustopece-tradicni-sotoliny-i-rada-drobnych-uprav\/","og_site_name":"AGROTEC Petronas Rally","article_publisher":"https:\/\/www.facebook.com\/agrotecrally","article_published_time":"2018-06-12T08:44:46+00:00","article_modified_time":"2021-03-25T13:38:33+00:00","og_image":[{"width":1973,"height":1317,"url":"https:\/\/www.agrotecrally.cz\/wp-content\/uploads\/2021\/03\/IMGP5620.jpg","type":"image\/jpeg"}],"author":"Tom\u00e1\u0161 Plach\u00fd","twitter_card":"summary_large_image","twitter_misc":{"Written by":"Tom\u00e1\u0161 Plach\u00fd","Estimated reading time":"3 minutes"},"schema":{"@context":"https:\/\/schema.org","@graph":[{"@type":"Article","@id":"https:\/\/www.agrotecrally.cz\/rally-hustopece\/hustopece-tradicni-sotoliny-i-rada-drobnych-uprav\/#article","isPartOf":{"@id":"https:\/\/www.agrotecrally.cz\/rally-hustopece\/hustopece-tradicni-sotoliny-i-rada-drobnych-uprav\/"},"author":{"name":"Tom\u00e1\u0161 Plach\u00fd","@id":"https:\/\/www.agrotecrally.cz\/#\/schema\/person\/38a02deaa1f019e278fc735d03d83f85"},"headline":"Hustope\u010de: tradi\u010dn\u00ed \u0161otoliny i \u0159ada drobn\u00fdch \u00faprav","datePublished":"2018-06-12T08:44:46+00:00","dateModified":"2021-03-25T13:38:33+00:00","mainEntityOfPage":{"@id":"https:\/\/www.agrotecrally.cz\/rally-hustopece\/hustopece-tradicni-sotoliny-i-rada-drobnych-uprav\/"},"wordCount":620,"commentCount":0,"publisher":{"@id":"https:\/\/www.agrotecrally.cz\/#organization"},"articleSection":["AGROTEC rally Hustope\u010de"],"inLanguage":"en-GB","potentialAction":[{"@type":"CommentAction","name":"Comment","target":["https:\/\/www.agrotecrally.cz\/rally-hustopece\/hustopece-tradicni-sotoliny-i-rada-drobnych-uprav\/#respond"]}]},{"@type":"WebPage","@id":"https:\/\/www.agrotecrally.cz\/rally-hustopece\/hustopece-tradicni-sotoliny-i-rada-drobnych-uprav\/","url":"https:\/\/www.agrotecrally.cz\/rally-hustopece\/hustopece-tradicni-sotoliny-i-rada-drobnych-uprav\/","name":"Hustope\u010de: tradi\u010dn\u00ed \u0161otoliny i \u0159ada drobn\u00fdch \u00faprav | AGROTEC Petronas Rally","isPartOf":{"@id":"https:\/\/www.agrotecrally.cz\/#website"},"datePublished":"2018-06-12T08:44:46+00:00","dateModified":"2021-03-25T13:38:33+00:00","breadcrumb":{"@id":"https:\/\/www.agrotecrally.cz\/rally-hustopece\/hustopece-tradicni-sotoliny-i-rada-drobnych-uprav\/#breadcrumb"},"inLanguage":"en-GB","potentialAction":[{"@type":"ReadAction","target":["https:\/\/www.agrotecrally.cz\/rally-hustopece\/hustopece-tradicni-sotoliny-i-rada-drobnych-uprav\/"]}]},{"@type":"BreadcrumbList","@id":"https:\/\/www.agrotecrally.cz\/rally-hustopece\/hustopece-tradicni-sotoliny-i-rada-drobnych-uprav\/#breadcrumb","itemListElement":[{"@type":"ListItem","position":1,"name":"Dom\u016f","item":"https:\/\/www.agrotecrally.cz\/"},{"@type":"ListItem","position":2,"name":"Hustope\u010de: tradi\u010dn\u00ed \u0161otoliny i \u0159ada drobn\u00fdch \u00faprav"}]},{"@type":"WebSite","@id":"https:\/\/www.agrotecrally.cz\/#website","url":"https:\/\/www.agrotecrally.cz\/","name":"AGROTEC Petronas rally","description":"Rally mezi vinicemi","publisher":{"@id":"https:\/\/www.agrotecrally.cz\/#organization"},"potentialAction":[{"@type":"SearchAction","target":{"@type":"EntryPoint","urlTemplate":"https:\/\/www.agrotecrally.cz\/?s={search_term_string}"},"query-input":"required name=search_term_string"}],"inLanguage":"en-GB"},{"@type":"Organization","@id":"https:\/\/www.agrotecrally.cz\/#organization","name":"AGROTEC Petronas rally","url":"https:\/\/www.agrotecrally.cz\/","logo":{"@type":"ImageObject","inLanguage":"en-GB","@id":"https:\/\/www.agrotecrally.cz\/#\/schema\/logo\/image\/","url":"https:\/\/www.agrotecrally.cz\/wp-content\/uploads\/2021\/05\/AGROTEC-RALLY_16-01-web-2.png","contentUrl":"https:\/\/www.agrotecrally.cz\/wp-content\/uploads\/2021\/05\/AGROTEC-RALLY_16-01-web-2.png","width":459,"height":222,"caption":"AGROTEC Petronas rally"},"image":{"@id":"https:\/\/www.agrotecrally.cz\/#\/schema\/logo\/image\/"},"sameAs":["https:\/\/www.facebook.com\/agrotecrally"]},{"@type":"Person","@id":"https:\/\/www.agrotecrally.cz\/#\/schema\/person\/38a02deaa1f019e278fc735d03d83f85","name":"Tom\u00e1\u0161 Plach\u00fd","image":{"@type":"ImageObject","inLanguage":"en-GB","@id":"https:\/\/www.agrotecrally.cz\/#\/schema\/person\/image\/","url":"https:\/\/secure.gravatar.com\/avatar\/a7a68eee7fdb2b4f0975cdc024983e22?s=96&d=mm&r=g","contentUrl":"https:\/\/secure.gravatar.com\/avatar\/a7a68eee7fdb2b4f0975cdc024983e22?s=96&d=mm&r=g","caption":"Tom\u00e1\u0161 Plach\u00fd"},"url":"https:\/\/www.agrotecrally.cz\/en\/author\/topmediaseznam-cz\/"}]}},"_links":{"self":[{"href":"https:\/\/www.agrotecrally.cz\/en\/wp-json\/wp\/v2\/posts\/279"}],"collection":[{"href":"https:\/\/www.agrotecrally.cz\/en\/wp-json\/wp\/v2\/posts"}],"about":[{"href":"https:\/\/www.agrotecrally.cz\/en\/wp-json\/wp\/v2\/types\/post"}],"author":[{"embeddable":true,"href":"https:\/\/www.agrotecrally.cz\/en\/wp-json\/wp\/v2\/users\/2"}],"replies":[{"embeddable":true,"href":"https:\/\/www.agrotecrally.cz\/en\/wp-json\/wp\/v2\/comments?post=279"}],"version-history":[{"count":1,"href":"https:\/\/www.agrotecrally.cz\/en\/wp-json\/wp\/v2\/posts\/279\/revisions"}],"predecessor-version":[{"id":281,"href":"https:\/\/www.agrotecrally.cz\/en\/wp-json\/wp\/v2\/posts\/279\/revisions\/281"}],"wp:featuredmedia":[{"embeddable":true,"href":"https:\/\/www.agrotecrally.cz\/en\/wp-json\/wp\/v2\/media\/280"}],"wp:attachment":[{"href":"https:\/\/www.agrotecrally.cz\/en\/wp-json\/wp\/v2\/media?parent=279"}],"wp:term":[{"taxonomy":"category","embeddable":true,"href":"https:\/\/www.agrotecrally.cz\/en\/wp-json\/wp\/v2\/categories?post=279"},{"taxonomy":"post_tag","embeddable":true,"href":"https:\/\/www.agrotecrally.cz\/en\/wp-json\/wp\/v2\/tags?post=279"}],"curies":[{"name":"wp","href":"https:\/\/api.w.org\/{rel}","templated":true}]}}