{"id":318,"date":"2019-06-07T10:34:42","date_gmt":"2019-06-07T09:34:42","guid":{"rendered":"http:\/\/agrotecrally.marekmusil.cz\/?p=318"},"modified":"2021-03-25T14:29:03","modified_gmt":"2021-03-25T13:29:03","slug":"agrotec-petronas-rally-2019-registruje-stovku-posadek","status":"publish","type":"post","link":"https:\/\/www.agrotecrally.cz\/en\/rally-hustopece\/agrotec-petronas-rally-2019-registruje-stovku-posadek\/","title":{"rendered":"Agrotec Petronas rally 2019 registruje stovku pos\u00e1dek"},"content":{"rendered":"<p><strong>Organiza\u010dn\u00ed t\u00fdm AGROTEC PETRONAS rally, kter\u00e1 je na programu ve dnech 14. \u2013 15. \u010dervna 2019, eviduje ke startu rovnou stovku p\u0159ihl\u00e1\u0161ek sout\u011b\u017en\u00edch pos\u00e1dek. Hustope\u010dsk\u00e1 sout\u011b\u017ee se pojede jako \u010dtvrt\u00fd podnik M\u010cR a t\u0159et\u00ed sout\u011b\u017e MSR (ka\u017ed\u00fd den hodnocen samostatn\u011b).<\/strong><\/p>\n<p>Z\u00a0do\u0161l\u00fdch p\u0159ihl\u00e1\u0161ek po\u0159adatel\u00e9 z\u00edskali zaj\u00edmavou startovn\u00ed listinu se \u0161estn\u00e1cti prioritn\u00edmi pos\u00e1dkami ASN. Bohu\u017eel, jak u\u017e je del\u0161\u00ed dobu zn\u00e1mo, v\u00a0tomto v\u00fd\u010dtu chyb\u00ed \u00fa\u0159aduj\u00edc\u00ed mist\u0159i sv\u011bta WRC2 a \u010de\u0161t\u00ed \u0161ampi\u00f3ni Jan Kopeck\u00fd &#8211; Pavel Dresler. Pos\u00e1dka \u0160kody Motorsport se s\u00a0nov\u00fdm vozem \u0160koda Fabia R5 Evo p\u0159edstav\u00ed ve stejn\u00e9m term\u00ednu na Rally Italia Sardegna (osm\u00fd podnik MS).<\/p>\n<p>Fanou\u0161ci tak budou muset o\u017eelet v\u00edt\u011bze posledn\u00edch \u010dty\u0159 ro\u010dn\u00edk\u016f AGROTEC PETRONAS rally. I p\u0159es tuto ztr\u00e1tu se mohou t\u011b\u0161it na 26 voz\u016f specifikace R5 (stejn\u011b jako na Vala\u0161sk\u00e9 rally) a jeden speci\u00e1l WRC (Jan Dohnal \u2013 Ford Focus WRC).<\/p>\n<p>\u010c\u00edslo 1 tak po\u0159adatel\u00e9 p\u0159id\u011blili \u00fa\u0159aduj\u00edc\u00edm mistr\u016fm Slovenska a l\u00eddr\u016fm pr\u016fb\u011b\u017en\u00e9ho po\u0159ad\u00ed MSR 2019 Martinu Ko\u010dimu s\u00a0Radovanem Moznerem. Pos\u00e1dka st\u00e1je \u0160koda Slovakia Motorsport nav\u00edc obhajuje druhou p\u0159\u00ed\u010dku z\u00a0lo\u0148sk\u00e9ho ro\u010dn\u00edku, kdy podlehli pr\u00e1v\u011b Kopeck\u00e9mu. Do boj\u016f o stupn\u011b v\u00edt\u011bz\u016f se jist\u011b bude cht\u00edt zapojit i lo\u0148sk\u00fd slovensk\u00fd vicemistr Grzegorz Grzyb, ale hlavn\u011b dom\u00e1c\u00ed \u0161pi\u010dka v\u00a0\u010dele s\u00a0Filipem Mare\u0161em, Janem \u010cern\u00fdm a Miroslavem Jake\u0161em (v\u0161ichni \u0160koda Fabia R5 \u2013 celkem 15 voz\u016f t\u00e9to zna\u010dky). Silnou konkurenc\u00ed jim budou Fordy Fiesta R5 v\u00a0rukou trojn\u00e1sobn\u00e9ho hustope\u010dsk\u00e9ho v\u00edt\u011bze V\u00e1clava Pecha a v\u00edt\u011bze ERT Central 2018 Ond\u0159eje Bisahy. T\u0159et\u00ed zna\u010dkou R5 ve startovn\u00edm poli bude Hyundai \u2013 s\u00a0modelem i20 R5 se p\u0159edstav\u00ed t\u0159i jezdci (nejv\u011bt\u0161\u00ed \u0161ance m\u00e1 Martin Vl\u010dek). A ve v\u00fd\u010dtu \u201eer p\u011btek\u201c nesm\u00edme zapomenout na Volkswagen Polo GTI R5 Vojt\u011bcha \u0160tajfa.<\/p>\n<p><em>\u201eBez Honzy Kopeck\u00e9ho se ka\u017ed\u00fd bude sna\u017eit o to v\u00edce. Takov\u00e1 situace, kdy byl k m\u00e1n\u00ed prvn\u00ed stup\u00ednek, tady dlouho b\u011bhem sezony nebyla. I my se te\u010f mus\u00edme na Hustope\u010de dob\u0159e p\u0159ipravit, abychom se mezi ty nejrychlej\u0161\u00ed za\u0159adili,\u201c<\/em> m\u00edn\u00ed aktu\u00e1ln\u011b druh\u00fd jezdec pr\u016fb\u011b\u017en\u00e9ho po\u0159ad\u00ed M\u010cR Filip Mare\u0161.<\/p>\n<p><em>\u201eS kvalitou startovn\u00edho pole jsme spokojeni. Samoz\u0159ejm\u011b v\u0161ech chyb\u00ed dom\u00e1c\u00ed st\u00e1lice Honza Kopeck\u00fd a mo\u017en\u00e1 bych zm\u00ednil je\u0161t\u011b jedno jm\u00e9no, na kter\u00e9 jsme se t\u011b\u0161ili a to Jozefa B\u00e9re\u0161e jun. Jinak je startovka nabit\u00e1 a boje o prvenstv\u00ed jist\u011b budou hodn\u011b vyrovnan\u00e9. Troufnu si tipovat, \u017ee se letos m\u016f\u017ee o v\u00edt\u011bzi rozhodovat a\u017e na trati posledn\u00edho testu sout\u011b\u017ee, kter\u00fd je z\u00e1rove\u0148 nejdel\u0161\u00edm v harmonogramu,\u201c<\/em> nazna\u010duje \u0159editel sout\u011b\u017ee Rudolf Kou\u0159il.<\/p>\n<p>Startovn\u00ed pole tradi\u010dn\u011b dopl\u0148uje mimo \u0161pi\u010dkov\u00e9 vozy t\u0159\u00edd 2 a 13 i plej\u00e1da produk\u010dn\u00edch voz\u016f (t\u0159. 3 \/ 16 voz\u016f &#8211; Hrobsk\u00fd, Pe\u0161l, \u0160ikl, Mat\u011bna, Kone\u010dn\u00fd) a rychl\u00e9 \u201edvoukolky (t\u0159. 5 \/ 9 aut &#8211; Stejskal, t\u0159. 6 \/ 25 voz\u016f \u2013 R. Dohnal, Kamenec, Hordossy, Tala\u0161, Semer\u00e1d). Atraktivn\u00ed pod\u00edvanou slibuj\u00ed i speci\u00e1ly R-GT Porsche 997 a Fiat 124 Abarth (t\u0159. 4 \u2013 dom\u00e1c\u00ed \u017eel\u00edzko Martin Rada). Mezi p\u0159ihl\u00e1\u0161en\u00fdmi najdeme i t\u0159i \u00fa\u010dastnice D\u00e1msk\u00e9ho poh\u00e1ru \u2013 Sandru Pokornou (Subaru Impreza), Pavl\u00ednu Tydla\u010dkovou (Renault Clio) a Barboru Holickou (Citro\u00ebn DS3 R1).<\/p>\n<p>K\u00a0pr\u016fb\u011bhu z\u00e1vodu dodejme, \u017ee slavnostn\u00ed start v\u00a0p\u00e1tek 14. \u010dervna v\u00a0Hustope\u010d\u00edch, na ulici Husova se uskute\u010dn\u00ed v\u00a018:09 hodin\u011b, v\u00a0sobotu budou \u00fasp\u011b\u0161n\u00e9 pos\u00e1dky o\u010dek\u00e1v\u00e1ny v\u00a0c\u00edli v\u00a016:20. Na pos\u00e1dky \u010dek\u00e1 325,49 km dlouh\u00e1 tra\u0165, s deseti rychlostn\u00edmi zkou\u0161kami na p\u011bti \u00fasec\u00edch (150,30 km). To je unik\u00e1tn\u00ed pom\u011br 46 procent (p\u0159ejezdy versus rychlostn\u00ed zkou\u0161ky), co\u017e jen potvrzuje tradi\u010dn\u00ed kompaktnost hustope\u010dsk\u00e9 sout\u011b\u017ee.<\/p>\n<p>V\u00edce informac\u00ed k\u00a0sout\u011b\u017ei bude postupn\u011b zve\u0159ejn\u011bno na ofici\u00e1ln\u00ed str\u00e1nce www.agrotecrally.cz, \u0159ada novinek bude dostupn\u00e1 i na facebookov\u00e9m profilu <strong>Agrotec rally Hustope\u010de<\/strong>.<\/p>\n<p>AGROTEC PETRONAS rally, tiskov\u00fd servis<\/p>\n<p>Tom\u00e1\u0161 Plach\u00fd<\/p>","protected":false},"excerpt":{"rendered":"<p>Organiza\u010dn\u00ed t\u00fdm AGROTEC PETRONAS rally, kter\u00e1 je na programu ve dnech 14. \u2013 15. \u010dervna 2019, eviduje ke startu rovnou stovku p\u0159ihl\u00e1\u0161ek sout\u011b\u017en\u00edch pos\u00e1dek. Hustope\u010dsk\u00e1 sout\u011b\u017ee se pojede jako \u010dtvrt\u00fd podnik M\u010cR a t\u0159et\u00ed sout\u011b\u017e MSR (ka\u017ed\u00fd den hodnocen samostatn\u011b).<\/p>","protected":false},"author":2,"featured_media":319,"comment_status":"open","ping_status":"open","sticky":false,"template":"","format":"standard","meta":{"_et_pb_use_builder":"","_et_pb_old_content":"","_et_gb_content_width":"","footnotes":""},"categories":[10],"tags":[],"yoast_head":"<!-- This site is optimized with the Yoast SEO plugin v21.9.1 - https:\/\/yoast.com\/wordpress\/plugins\/seo\/ -->\n<title>Agrotec Petronas rally 2019 registruje stovku pos\u00e1dek | AGROTEC Petronas Rally<\/title>\n<meta name=\"robots\" content=\"index, follow, max-snippet:-1, max-image-preview:large, max-video-preview:-1\" \/>\n<link rel=\"canonical\" href=\"https:\/\/www.agrotecrally.cz\/en\/rally-hustopece\/agrotec-petronas-rally-2019-registruje-stovku-posadek\/\" \/>\n<meta property=\"og:locale\" content=\"en_GB\" \/>\n<meta property=\"og:type\" content=\"article\" \/>\n<meta property=\"og:title\" content=\"Agrotec Petronas rally 2019 registruje stovku pos\u00e1dek | AGROTEC Petronas Rally\" \/>\n<meta property=\"og:description\" content=\"Organiza\u010dn\u00ed t\u00fdm AGROTEC PETRONAS rally, kter\u00e1 je na programu ve dnech 14. \u2013 15. \u010dervna 2019, eviduje ke startu rovnou stovku p\u0159ihl\u00e1\u0161ek sout\u011b\u017en\u00edch pos\u00e1dek. Hustope\u010dsk\u00e1 sout\u011b\u017ee se pojede jako \u010dtvrt\u00fd podnik M\u010cR a t\u0159et\u00ed sout\u011b\u017e MSR (ka\u017ed\u00fd den hodnocen samostatn\u011b).\" \/>\n<meta property=\"og:url\" content=\"https:\/\/www.agrotecrally.cz\/en\/rally-hustopece\/agrotec-petronas-rally-2019-registruje-stovku-posadek\/\" \/>\n<meta property=\"og:site_name\" content=\"AGROTEC Petronas Rally\" \/>\n<meta property=\"article:publisher\" content=\"https:\/\/www.facebook.com\/agrotecrally\" \/>\n<meta property=\"article:published_time\" content=\"2019-06-07T09:34:42+00:00\" \/>\n<meta property=\"article:modified_time\" content=\"2021-03-25T13:29:03+00:00\" \/>\n<meta property=\"og:image\" content=\"https:\/\/www.agrotecrally.cz\/wp-content\/uploads\/2021\/03\/img_4641-7cab5.jpg\" \/>\n\t<meta property=\"og:image:width\" content=\"1334\" \/>\n\t<meta property=\"og:image:height\" content=\"1000\" \/>\n\t<meta property=\"og:image:type\" content=\"image\/jpeg\" \/>\n<meta name=\"author\" content=\"Tom\u00e1\u0161 Plach\u00fd\" \/>\n<meta name=\"twitter:card\" content=\"summary_large_image\" \/>\n<meta name=\"twitter:label1\" content=\"Written by\" \/>\n\t<meta name=\"twitter:data1\" content=\"Tom\u00e1\u0161 Plach\u00fd\" \/>\n\t<meta name=\"twitter:label2\" content=\"Estimated reading time\" \/>\n\t<meta name=\"twitter:data2\" content=\"4 minutes\" \/>\n<script type=\"application\/ld+json\" class=\"yoast-schema-graph\">{\"@context\":\"https:\/\/schema.org\",\"@graph\":[{\"@type\":\"Article\",\"@id\":\"https:\/\/www.agrotecrally.cz\/rally-hustopece\/agrotec-petronas-rally-2019-registruje-stovku-posadek\/#article\",\"isPartOf\":{\"@id\":\"https:\/\/www.agrotecrally.cz\/rally-hustopece\/agrotec-petronas-rally-2019-registruje-stovku-posadek\/\"},\"author\":{\"name\":\"Tom\u00e1\u0161 Plach\u00fd\",\"@id\":\"https:\/\/www.agrotecrally.cz\/#\/schema\/person\/38a02deaa1f019e278fc735d03d83f85\"},\"headline\":\"Agrotec Petronas rally 2019 registruje stovku pos\u00e1dek\",\"datePublished\":\"2019-06-07T09:34:42+00:00\",\"dateModified\":\"2021-03-25T13:29:03+00:00\",\"mainEntityOfPage\":{\"@id\":\"https:\/\/www.agrotecrally.cz\/rally-hustopece\/agrotec-petronas-rally-2019-registruje-stovku-posadek\/\"},\"wordCount\":743,\"commentCount\":0,\"publisher\":{\"@id\":\"https:\/\/www.agrotecrally.cz\/#organization\"},\"articleSection\":[\"AGROTEC rally Hustope\u010de\"],\"inLanguage\":\"en-GB\",\"potentialAction\":[{\"@type\":\"CommentAction\",\"name\":\"Comment\",\"target\":[\"https:\/\/www.agrotecrally.cz\/rally-hustopece\/agrotec-petronas-rally-2019-registruje-stovku-posadek\/#respond\"]}]},{\"@type\":\"WebPage\",\"@id\":\"https:\/\/www.agrotecrally.cz\/rally-hustopece\/agrotec-petronas-rally-2019-registruje-stovku-posadek\/\",\"url\":\"https:\/\/www.agrotecrally.cz\/rally-hustopece\/agrotec-petronas-rally-2019-registruje-stovku-posadek\/\",\"name\":\"Agrotec Petronas rally 2019 registruje stovku pos\u00e1dek | AGROTEC Petronas Rally\",\"isPartOf\":{\"@id\":\"https:\/\/www.agrotecrally.cz\/#website\"},\"datePublished\":\"2019-06-07T09:34:42+00:00\",\"dateModified\":\"2021-03-25T13:29:03+00:00\",\"breadcrumb\":{\"@id\":\"https:\/\/www.agrotecrally.cz\/rally-hustopece\/agrotec-petronas-rally-2019-registruje-stovku-posadek\/#breadcrumb\"},\"inLanguage\":\"en-GB\",\"potentialAction\":[{\"@type\":\"ReadAction\",\"target\":[\"https:\/\/www.agrotecrally.cz\/rally-hustopece\/agrotec-petronas-rally-2019-registruje-stovku-posadek\/\"]}]},{\"@type\":\"BreadcrumbList\",\"@id\":\"https:\/\/www.agrotecrally.cz\/rally-hustopece\/agrotec-petronas-rally-2019-registruje-stovku-posadek\/#breadcrumb\",\"itemListElement\":[{\"@type\":\"ListItem\",\"position\":1,\"name\":\"Dom\u016f\",\"item\":\"https:\/\/www.agrotecrally.cz\/\"},{\"@type\":\"ListItem\",\"position\":2,\"name\":\"Agrotec Petronas rally 2019 registruje stovku pos\u00e1dek\"}]},{\"@type\":\"WebSite\",\"@id\":\"https:\/\/www.agrotecrally.cz\/#website\",\"url\":\"https:\/\/www.agrotecrally.cz\/\",\"name\":\"AGROTEC Petronas rally\",\"description\":\"Rally mezi vinicemi\",\"publisher\":{\"@id\":\"https:\/\/www.agrotecrally.cz\/#organization\"},\"potentialAction\":[{\"@type\":\"SearchAction\",\"target\":{\"@type\":\"EntryPoint\",\"urlTemplate\":\"https:\/\/www.agrotecrally.cz\/?s={search_term_string}\"},\"query-input\":\"required name=search_term_string\"}],\"inLanguage\":\"en-GB\"},{\"@type\":\"Organization\",\"@id\":\"https:\/\/www.agrotecrally.cz\/#organization\",\"name\":\"AGROTEC Petronas rally\",\"url\":\"https:\/\/www.agrotecrally.cz\/\",\"logo\":{\"@type\":\"ImageObject\",\"inLanguage\":\"en-GB\",\"@id\":\"https:\/\/www.agrotecrally.cz\/#\/schema\/logo\/image\/\",\"url\":\"https:\/\/www.agrotecrally.cz\/wp-content\/uploads\/2021\/05\/AGROTEC-RALLY_16-01-web-2.png\",\"contentUrl\":\"https:\/\/www.agrotecrally.cz\/wp-content\/uploads\/2021\/05\/AGROTEC-RALLY_16-01-web-2.png\",\"width\":459,\"height\":222,\"caption\":\"AGROTEC Petronas rally\"},\"image\":{\"@id\":\"https:\/\/www.agrotecrally.cz\/#\/schema\/logo\/image\/\"},\"sameAs\":[\"https:\/\/www.facebook.com\/agrotecrally\"]},{\"@type\":\"Person\",\"@id\":\"https:\/\/www.agrotecrally.cz\/#\/schema\/person\/38a02deaa1f019e278fc735d03d83f85\",\"name\":\"Tom\u00e1\u0161 Plach\u00fd\",\"image\":{\"@type\":\"ImageObject\",\"inLanguage\":\"en-GB\",\"@id\":\"https:\/\/www.agrotecrally.cz\/#\/schema\/person\/image\/\",\"url\":\"https:\/\/secure.gravatar.com\/avatar\/a7a68eee7fdb2b4f0975cdc024983e22?s=96&d=mm&r=g\",\"contentUrl\":\"https:\/\/secure.gravatar.com\/avatar\/a7a68eee7fdb2b4f0975cdc024983e22?s=96&d=mm&r=g\",\"caption\":\"Tom\u00e1\u0161 Plach\u00fd\"},\"url\":\"https:\/\/www.agrotecrally.cz\/en\/author\/topmediaseznam-cz\/\"}]}<\/script>\n<!-- \/ Yoast SEO plugin. -->","yoast_head_json":{"title":"Agrotec Petronas rally 2019 registruje stovku pos\u00e1dek | AGROTEC Petronas Rally","robots":{"index":"index","follow":"follow","max-snippet":"max-snippet:-1","max-image-preview":"max-image-preview:large","max-video-preview":"max-video-preview:-1"},"canonical":"https:\/\/www.agrotecrally.cz\/en\/rally-hustopece\/agrotec-petronas-rally-2019-registruje-stovku-posadek\/","og_locale":"en_GB","og_type":"article","og_title":"Agrotec Petronas rally 2019 registruje stovku pos\u00e1dek | AGROTEC Petronas Rally","og_description":"Organiza\u010dn\u00ed t\u00fdm AGROTEC PETRONAS rally, kter\u00e1 je na programu ve dnech 14. \u2013 15. \u010dervna 2019, eviduje ke startu rovnou stovku p\u0159ihl\u00e1\u0161ek sout\u011b\u017en\u00edch pos\u00e1dek. Hustope\u010dsk\u00e1 sout\u011b\u017ee se pojede jako \u010dtvrt\u00fd podnik M\u010cR a t\u0159et\u00ed sout\u011b\u017e MSR (ka\u017ed\u00fd den hodnocen samostatn\u011b).","og_url":"https:\/\/www.agrotecrally.cz\/en\/rally-hustopece\/agrotec-petronas-rally-2019-registruje-stovku-posadek\/","og_site_name":"AGROTEC Petronas Rally","article_publisher":"https:\/\/www.facebook.com\/agrotecrally","article_published_time":"2019-06-07T09:34:42+00:00","article_modified_time":"2021-03-25T13:29:03+00:00","og_image":[{"width":1334,"height":1000,"url":"https:\/\/www.agrotecrally.cz\/wp-content\/uploads\/2021\/03\/img_4641-7cab5.jpg","type":"image\/jpeg"}],"author":"Tom\u00e1\u0161 Plach\u00fd","twitter_card":"summary_large_image","twitter_misc":{"Written by":"Tom\u00e1\u0161 Plach\u00fd","Estimated reading time":"4 minutes"},"schema":{"@context":"https:\/\/schema.org","@graph":[{"@type":"Article","@id":"https:\/\/www.agrotecrally.cz\/rally-hustopece\/agrotec-petronas-rally-2019-registruje-stovku-posadek\/#article","isPartOf":{"@id":"https:\/\/www.agrotecrally.cz\/rally-hustopece\/agrotec-petronas-rally-2019-registruje-stovku-posadek\/"},"author":{"name":"Tom\u00e1\u0161 Plach\u00fd","@id":"https:\/\/www.agrotecrally.cz\/#\/schema\/person\/38a02deaa1f019e278fc735d03d83f85"},"headline":"Agrotec Petronas rally 2019 registruje stovku pos\u00e1dek","datePublished":"2019-06-07T09:34:42+00:00","dateModified":"2021-03-25T13:29:03+00:00","mainEntityOfPage":{"@id":"https:\/\/www.agrotecrally.cz\/rally-hustopece\/agrotec-petronas-rally-2019-registruje-stovku-posadek\/"},"wordCount":743,"commentCount":0,"publisher":{"@id":"https:\/\/www.agrotecrally.cz\/#organization"},"articleSection":["AGROTEC rally Hustope\u010de"],"inLanguage":"en-GB","potentialAction":[{"@type":"CommentAction","name":"Comment","target":["https:\/\/www.agrotecrally.cz\/rally-hustopece\/agrotec-petronas-rally-2019-registruje-stovku-posadek\/#respond"]}]},{"@type":"WebPage","@id":"https:\/\/www.agrotecrally.cz\/rally-hustopece\/agrotec-petronas-rally-2019-registruje-stovku-posadek\/","url":"https:\/\/www.agrotecrally.cz\/rally-hustopece\/agrotec-petronas-rally-2019-registruje-stovku-posadek\/","name":"Agrotec Petronas rally 2019 registruje stovku pos\u00e1dek | AGROTEC Petronas Rally","isPartOf":{"@id":"https:\/\/www.agrotecrally.cz\/#website"},"datePublished":"2019-06-07T09:34:42+00:00","dateModified":"2021-03-25T13:29:03+00:00","breadcrumb":{"@id":"https:\/\/www.agrotecrally.cz\/rally-hustopece\/agrotec-petronas-rally-2019-registruje-stovku-posadek\/#breadcrumb"},"inLanguage":"en-GB","potentialAction":[{"@type":"ReadAction","target":["https:\/\/www.agrotecrally.cz\/rally-hustopece\/agrotec-petronas-rally-2019-registruje-stovku-posadek\/"]}]},{"@type":"BreadcrumbList","@id":"https:\/\/www.agrotecrally.cz\/rally-hustopece\/agrotec-petronas-rally-2019-registruje-stovku-posadek\/#breadcrumb","itemListElement":[{"@type":"ListItem","position":1,"name":"Dom\u016f","item":"https:\/\/www.agrotecrally.cz\/"},{"@type":"ListItem","position":2,"name":"Agrotec Petronas rally 2019 registruje stovku pos\u00e1dek"}]},{"@type":"WebSite","@id":"https:\/\/www.agrotecrally.cz\/#website","url":"https:\/\/www.agrotecrally.cz\/","name":"AGROTEC Petronas rally","description":"Rally mezi vinicemi","publisher":{"@id":"https:\/\/www.agrotecrally.cz\/#organization"},"potentialAction":[{"@type":"SearchAction","target":{"@type":"EntryPoint","urlTemplate":"https:\/\/www.agrotecrally.cz\/?s={search_term_string}"},"query-input":"required name=search_term_string"}],"inLanguage":"en-GB"},{"@type":"Organization","@id":"https:\/\/www.agrotecrally.cz\/#organization","name":"AGROTEC Petronas rally","url":"https:\/\/www.agrotecrally.cz\/","logo":{"@type":"ImageObject","inLanguage":"en-GB","@id":"https:\/\/www.agrotecrally.cz\/#\/schema\/logo\/image\/","url":"https:\/\/www.agrotecrally.cz\/wp-content\/uploads\/2021\/05\/AGROTEC-RALLY_16-01-web-2.png","contentUrl":"https:\/\/www.agrotecrally.cz\/wp-content\/uploads\/2021\/05\/AGROTEC-RALLY_16-01-web-2.png","width":459,"height":222,"caption":"AGROTEC Petronas rally"},"image":{"@id":"https:\/\/www.agrotecrally.cz\/#\/schema\/logo\/image\/"},"sameAs":["https:\/\/www.facebook.com\/agrotecrally"]},{"@type":"Person","@id":"https:\/\/www.agrotecrally.cz\/#\/schema\/person\/38a02deaa1f019e278fc735d03d83f85","name":"Tom\u00e1\u0161 Plach\u00fd","image":{"@type":"ImageObject","inLanguage":"en-GB","@id":"https:\/\/www.agrotecrally.cz\/#\/schema\/person\/image\/","url":"https:\/\/secure.gravatar.com\/avatar\/a7a68eee7fdb2b4f0975cdc024983e22?s=96&d=mm&r=g","contentUrl":"https:\/\/secure.gravatar.com\/avatar\/a7a68eee7fdb2b4f0975cdc024983e22?s=96&d=mm&r=g","caption":"Tom\u00e1\u0161 Plach\u00fd"},"url":"https:\/\/www.agrotecrally.cz\/en\/author\/topmediaseznam-cz\/"}]}},"_links":{"self":[{"href":"https:\/\/www.agrotecrally.cz\/en\/wp-json\/wp\/v2\/posts\/318"}],"collection":[{"href":"https:\/\/www.agrotecrally.cz\/en\/wp-json\/wp\/v2\/posts"}],"about":[{"href":"https:\/\/www.agrotecrally.cz\/en\/wp-json\/wp\/v2\/types\/post"}],"author":[{"embeddable":true,"href":"https:\/\/www.agrotecrally.cz\/en\/wp-json\/wp\/v2\/users\/2"}],"replies":[{"embeddable":true,"href":"https:\/\/www.agrotecrally.cz\/en\/wp-json\/wp\/v2\/comments?post=318"}],"version-history":[{"count":1,"href":"https:\/\/www.agrotecrally.cz\/en\/wp-json\/wp\/v2\/posts\/318\/revisions"}],"predecessor-version":[{"id":320,"href":"https:\/\/www.agrotecrally.cz\/en\/wp-json\/wp\/v2\/posts\/318\/revisions\/320"}],"wp:featuredmedia":[{"embeddable":true,"href":"https:\/\/www.agrotecrally.cz\/en\/wp-json\/wp\/v2\/media\/319"}],"wp:attachment":[{"href":"https:\/\/www.agrotecrally.cz\/en\/wp-json\/wp\/v2\/media?parent=318"}],"wp:term":[{"taxonomy":"category","embeddable":true,"href":"https:\/\/www.agrotecrally.cz\/en\/wp-json\/wp\/v2\/categories?post=318"},{"taxonomy":"post_tag","embeddable":true,"href":"https:\/\/www.agrotecrally.cz\/en\/wp-json\/wp\/v2\/tags?post=318"}],"curies":[{"name":"wp","href":"https:\/\/api.w.org\/{rel}","templated":true}]}}