{"id":321,"date":"2019-06-10T10:37:16","date_gmt":"2019-06-10T09:37:16","guid":{"rendered":"http:\/\/agrotecrally.marekmusil.cz\/?p=321"},"modified":"2021-03-25T14:28:58","modified_gmt":"2021-03-25T13:28:58","slug":"rally-detem-nebude-chybet-ani-v-hustopecich","status":"publish","type":"post","link":"https:\/\/www.agrotecrally.cz\/en\/rally-hustopece\/rally-detem-nebude-chybet-ani-v-hustopecich\/","title":{"rendered":"Rally d\u011btem nebude chyb\u011bt ani v Hustope\u010d\u00edch"},"content":{"rendered":"<p><strong>Mistrovstv\u00ed \u010cR pokra\u010duje 14. a 15. \u010dervna v\u00a0Hustope\u010d\u00edch a s\u00a0n\u00edm i dal\u0161\u00ed d\u00edl Rally d\u011btem. Van\u010d\u00edk Motorsport ve spolupr\u00e1ci s\u00a0partnery MOL \u010cesk\u00e1 republika a SAMOH\u00ddL MOTOR uk\u00e1\u017ee d\u011btem v\u0161e, co mohou obvykle vid\u011bt pouze zpoza hrazen\u00ed kolem t\u00fdmov\u00e9ho z\u00e1zem\u00ed. <\/strong><\/p>\n<p>P\u0159ibl\u00ed\u017e\u00edme jim pravidla rally, uk\u00e1\u017eeme jim, co to je rozpis a jak se p\u0159ipravuje, provedeme je z\u00e1zem\u00edm t\u00fdmu jezdc\u016f Miroslava Jake\u0161e a Martina B\u0159ez\u00edka, dozv\u00ed se v\u00edce o tom, jak se pos\u00e1dka p\u0159ipravuje na rally a co d\u011bl\u00e1 v\u00a0jej\u00edm pr\u016fb\u011bhu, jak se pracuje s\u00a0pneumatikami a co v\u0161echno se d\u011bl\u00e1 b\u011bhem servisn\u00ed zast\u00e1vky i co dok\u00e1\u017e\u00ed mechanici v\u0161echno opravit.<\/p>\n<p>Kate\u0159ina Trojanov\u00e1, b\u00fdval\u00e1 rally pilotka a trojn\u00e1sobn\u00e1 dr\u017eitelka ocen\u011bn\u00ed Zlat\u00fd volant, kter\u00e1 bude jejich pr\u016fvodkyn\u00ed, je sezn\u00e1m\u00ed tak\u00e9 s\u00a0bezpe\u010dnostn\u00ed v\u00fdbavou pos\u00e1dky a pod\u011bl\u00ed se s\u00a0nimi o z\u00e1\u017eitky ze sv\u00e9 kari\u00e9ry. Na z\u00e1v\u011br ud\u011bl\u00e1 s\u00a0d\u011btmi mal\u00fd kv\u00edz a p\u0159ed\u00e1 jim na cestu dom\u016f malou rally upom\u00ednku na jejich n\u00e1v\u0161t\u011bvu.<\/p>\n<p>B\u011bhem doby, kdy jsou rally vozy na trati, prob\u011bhnou dv\u011b pades\u00e1timinutov\u00e9 exkurze a to v\u00a0sobotu 15. \u010dervna od\u00a010 a 12 hodin. Prob\u011bhnou v\u00a0servisn\u00edm are\u00e1lu Moss v\u00a0Herbenov\u011b ulici, kde je um\u00edst\u011bna servisn\u00ed z\u00f3na a kde prob\u011bhne od 9:00 a 12:50 servis aut v\u0161ech \u00fa\u010dastn\u00edk\u016f rally. Na\u0161e prvn\u00ed exkurze n\u00e1sleduje a druh\u00e1 exkurze p\u0159edch\u00e1z\u00ed tento servis, aby si d\u011bti mohly spojit z\u00e1\u017eitek ze z\u00e1kulis\u00ed s\u00a0t\u00edm, co uvid\u00ed v\u00a0akci p\u0159i \u201eostr\u00e9m\u201c servisu.<\/p>\n<p><strong>P\u0159ihl\u00e1sit se lze na e-mailu rallydetem@seznam.cz do \u010dtvrtka 13. \u010dervna do p\u016flnoci ve form\u00e1tu jm\u00e9no d\u00edt\u011bte\/v\u011bk\/\u010das exkurze\/mobiln\u00ed telefon. Opozdilci se mohou hl\u00e1sit i v\u00a0p\u00e1tek prost\u0159ednictv\u00edm SMS ve stejn\u00e9m form\u00e1tu na mobil 607 570\u00a0505. <\/strong><\/p>\n<p>T\u011b\u0161\u00edme se na v\u00e1s a douf\u00e1me, \u017ee se d\u011btem bude akce l\u00edbit.<\/p>","protected":false},"excerpt":{"rendered":"<p>Mistrovstv\u00ed \u010cR pokra\u010duje 14. a 15. \u010dervna v\u00a0Hustope\u010d\u00edch a s\u00a0n\u00edm i dal\u0161\u00ed d\u00edl Rally d\u011btem. Van\u010d\u00edk Motorsport ve spolupr\u00e1ci s\u00a0partnery MOL \u010cesk\u00e1 republika a SAMOH\u00ddL MOTOR uk\u00e1\u017ee d\u011btem v\u0161e, co mohou obvykle vid\u011bt pouze zpoza hrazen\u00ed kolem t\u00fdmov\u00e9ho z\u00e1zem\u00ed.<\/p>","protected":false},"author":2,"featured_media":322,"comment_status":"open","ping_status":"open","sticky":false,"template":"","format":"standard","meta":{"_et_pb_use_builder":"","_et_pb_old_content":"","_et_gb_content_width":"","footnotes":""},"categories":[10],"tags":[],"yoast_head":"<!-- This site is optimized with the Yoast SEO plugin v21.9.1 - https:\/\/yoast.com\/wordpress\/plugins\/seo\/ -->\n<title>Rally d\u011btem nebude chyb\u011bt ani v Hustope\u010d\u00edch | AGROTEC Petronas Rally<\/title>\n<meta name=\"robots\" content=\"index, follow, max-snippet:-1, max-image-preview:large, max-video-preview:-1\" \/>\n<link rel=\"canonical\" href=\"https:\/\/www.agrotecrally.cz\/en\/rally-hustopece\/rally-detem-nebude-chybet-ani-v-hustopecich\/\" \/>\n<meta property=\"og:locale\" content=\"en_GB\" \/>\n<meta property=\"og:type\" content=\"article\" \/>\n<meta property=\"og:title\" content=\"Rally d\u011btem nebude chyb\u011bt ani v Hustope\u010d\u00edch | AGROTEC Petronas Rally\" \/>\n<meta property=\"og:description\" content=\"Mistrovstv\u00ed \u010cR pokra\u010duje 14. a 15. \u010dervna v\u00a0Hustope\u010d\u00edch a s\u00a0n\u00edm i dal\u0161\u00ed d\u00edl Rally d\u011btem. Van\u010d\u00edk Motorsport ve spolupr\u00e1ci s\u00a0partnery MOL \u010cesk\u00e1 republika a SAMOH\u00ddL MOTOR uk\u00e1\u017ee d\u011btem v\u0161e, co mohou obvykle vid\u011bt pouze zpoza hrazen\u00ed kolem t\u00fdmov\u00e9ho z\u00e1zem\u00ed.\" \/>\n<meta property=\"og:url\" content=\"https:\/\/www.agrotecrally.cz\/en\/rally-hustopece\/rally-detem-nebude-chybet-ani-v-hustopecich\/\" \/>\n<meta property=\"og:site_name\" content=\"AGROTEC Petronas Rally\" \/>\n<meta property=\"article:publisher\" content=\"https:\/\/www.facebook.com\/agrotecrally\" \/>\n<meta property=\"article:published_time\" content=\"2019-06-10T09:37:16+00:00\" \/>\n<meta property=\"article:modified_time\" content=\"2021-03-25T13:28:58+00:00\" \/>\n<meta property=\"og:image\" content=\"https:\/\/www.agrotecrally.cz\/wp-content\/uploads\/2021\/03\/hustopece-deti-69480.png\" \/>\n\t<meta property=\"og:image:width\" content=\"640\" \/>\n\t<meta property=\"og:image:height\" content=\"480\" \/>\n\t<meta property=\"og:image:type\" content=\"image\/png\" \/>\n<meta name=\"author\" content=\"Tom\u00e1\u0161 Plach\u00fd\" \/>\n<meta name=\"twitter:card\" content=\"summary_large_image\" \/>\n<meta name=\"twitter:label1\" content=\"Written by\" \/>\n\t<meta name=\"twitter:data1\" content=\"Tom\u00e1\u0161 Plach\u00fd\" \/>\n\t<meta name=\"twitter:label2\" content=\"Estimated reading time\" \/>\n\t<meta name=\"twitter:data2\" content=\"2 minutes\" \/>\n<script type=\"application\/ld+json\" class=\"yoast-schema-graph\">{\"@context\":\"https:\/\/schema.org\",\"@graph\":[{\"@type\":\"Article\",\"@id\":\"https:\/\/www.agrotecrally.cz\/rally-hustopece\/rally-detem-nebude-chybet-ani-v-hustopecich\/#article\",\"isPartOf\":{\"@id\":\"https:\/\/www.agrotecrally.cz\/rally-hustopece\/rally-detem-nebude-chybet-ani-v-hustopecich\/\"},\"author\":{\"name\":\"Tom\u00e1\u0161 Plach\u00fd\",\"@id\":\"https:\/\/www.agrotecrally.cz\/#\/schema\/person\/38a02deaa1f019e278fc735d03d83f85\"},\"headline\":\"Rally d\u011btem nebude chyb\u011bt ani v Hustope\u010d\u00edch\",\"datePublished\":\"2019-06-10T09:37:16+00:00\",\"dateModified\":\"2021-03-25T13:28:58+00:00\",\"mainEntityOfPage\":{\"@id\":\"https:\/\/www.agrotecrally.cz\/rally-hustopece\/rally-detem-nebude-chybet-ani-v-hustopecich\/\"},\"wordCount\":380,\"commentCount\":0,\"publisher\":{\"@id\":\"https:\/\/www.agrotecrally.cz\/#organization\"},\"articleSection\":[\"AGROTEC rally Hustope\u010de\"],\"inLanguage\":\"en-GB\",\"potentialAction\":[{\"@type\":\"CommentAction\",\"name\":\"Comment\",\"target\":[\"https:\/\/www.agrotecrally.cz\/rally-hustopece\/rally-detem-nebude-chybet-ani-v-hustopecich\/#respond\"]}]},{\"@type\":\"WebPage\",\"@id\":\"https:\/\/www.agrotecrally.cz\/rally-hustopece\/rally-detem-nebude-chybet-ani-v-hustopecich\/\",\"url\":\"https:\/\/www.agrotecrally.cz\/rally-hustopece\/rally-detem-nebude-chybet-ani-v-hustopecich\/\",\"name\":\"Rally d\u011btem nebude chyb\u011bt ani v Hustope\u010d\u00edch | AGROTEC Petronas Rally\",\"isPartOf\":{\"@id\":\"https:\/\/www.agrotecrally.cz\/#website\"},\"datePublished\":\"2019-06-10T09:37:16+00:00\",\"dateModified\":\"2021-03-25T13:28:58+00:00\",\"breadcrumb\":{\"@id\":\"https:\/\/www.agrotecrally.cz\/rally-hustopece\/rally-detem-nebude-chybet-ani-v-hustopecich\/#breadcrumb\"},\"inLanguage\":\"en-GB\",\"potentialAction\":[{\"@type\":\"ReadAction\",\"target\":[\"https:\/\/www.agrotecrally.cz\/rally-hustopece\/rally-detem-nebude-chybet-ani-v-hustopecich\/\"]}]},{\"@type\":\"BreadcrumbList\",\"@id\":\"https:\/\/www.agrotecrally.cz\/rally-hustopece\/rally-detem-nebude-chybet-ani-v-hustopecich\/#breadcrumb\",\"itemListElement\":[{\"@type\":\"ListItem\",\"position\":1,\"name\":\"Dom\u016f\",\"item\":\"https:\/\/www.agrotecrally.cz\/\"},{\"@type\":\"ListItem\",\"position\":2,\"name\":\"Rally d\u011btem nebude chyb\u011bt ani v Hustope\u010d\u00edch\"}]},{\"@type\":\"WebSite\",\"@id\":\"https:\/\/www.agrotecrally.cz\/#website\",\"url\":\"https:\/\/www.agrotecrally.cz\/\",\"name\":\"AGROTEC Petronas rally\",\"description\":\"Rally mezi vinicemi\",\"publisher\":{\"@id\":\"https:\/\/www.agrotecrally.cz\/#organization\"},\"potentialAction\":[{\"@type\":\"SearchAction\",\"target\":{\"@type\":\"EntryPoint\",\"urlTemplate\":\"https:\/\/www.agrotecrally.cz\/?s={search_term_string}\"},\"query-input\":\"required name=search_term_string\"}],\"inLanguage\":\"en-GB\"},{\"@type\":\"Organization\",\"@id\":\"https:\/\/www.agrotecrally.cz\/#organization\",\"name\":\"AGROTEC Petronas rally\",\"url\":\"https:\/\/www.agrotecrally.cz\/\",\"logo\":{\"@type\":\"ImageObject\",\"inLanguage\":\"en-GB\",\"@id\":\"https:\/\/www.agrotecrally.cz\/#\/schema\/logo\/image\/\",\"url\":\"https:\/\/www.agrotecrally.cz\/wp-content\/uploads\/2021\/05\/AGROTEC-RALLY_16-01-web-2.png\",\"contentUrl\":\"https:\/\/www.agrotecrally.cz\/wp-content\/uploads\/2021\/05\/AGROTEC-RALLY_16-01-web-2.png\",\"width\":459,\"height\":222,\"caption\":\"AGROTEC Petronas rally\"},\"image\":{\"@id\":\"https:\/\/www.agrotecrally.cz\/#\/schema\/logo\/image\/\"},\"sameAs\":[\"https:\/\/www.facebook.com\/agrotecrally\"]},{\"@type\":\"Person\",\"@id\":\"https:\/\/www.agrotecrally.cz\/#\/schema\/person\/38a02deaa1f019e278fc735d03d83f85\",\"name\":\"Tom\u00e1\u0161 Plach\u00fd\",\"image\":{\"@type\":\"ImageObject\",\"inLanguage\":\"en-GB\",\"@id\":\"https:\/\/www.agrotecrally.cz\/#\/schema\/person\/image\/\",\"url\":\"https:\/\/secure.gravatar.com\/avatar\/a7a68eee7fdb2b4f0975cdc024983e22?s=96&d=mm&r=g\",\"contentUrl\":\"https:\/\/secure.gravatar.com\/avatar\/a7a68eee7fdb2b4f0975cdc024983e22?s=96&d=mm&r=g\",\"caption\":\"Tom\u00e1\u0161 Plach\u00fd\"},\"url\":\"https:\/\/www.agrotecrally.cz\/en\/author\/topmediaseznam-cz\/\"}]}<\/script>\n<!-- \/ Yoast SEO plugin. -->","yoast_head_json":{"title":"Rally d\u011btem nebude chyb\u011bt ani v Hustope\u010d\u00edch | AGROTEC Petronas Rally","robots":{"index":"index","follow":"follow","max-snippet":"max-snippet:-1","max-image-preview":"max-image-preview:large","max-video-preview":"max-video-preview:-1"},"canonical":"https:\/\/www.agrotecrally.cz\/en\/rally-hustopece\/rally-detem-nebude-chybet-ani-v-hustopecich\/","og_locale":"en_GB","og_type":"article","og_title":"Rally d\u011btem nebude chyb\u011bt ani v Hustope\u010d\u00edch | AGROTEC Petronas Rally","og_description":"Mistrovstv\u00ed \u010cR pokra\u010duje 14. a 15. \u010dervna v\u00a0Hustope\u010d\u00edch a s\u00a0n\u00edm i dal\u0161\u00ed d\u00edl Rally d\u011btem. Van\u010d\u00edk Motorsport ve spolupr\u00e1ci s\u00a0partnery MOL \u010cesk\u00e1 republika a SAMOH\u00ddL MOTOR uk\u00e1\u017ee d\u011btem v\u0161e, co mohou obvykle vid\u011bt pouze zpoza hrazen\u00ed kolem t\u00fdmov\u00e9ho z\u00e1zem\u00ed.","og_url":"https:\/\/www.agrotecrally.cz\/en\/rally-hustopece\/rally-detem-nebude-chybet-ani-v-hustopecich\/","og_site_name":"AGROTEC Petronas Rally","article_publisher":"https:\/\/www.facebook.com\/agrotecrally","article_published_time":"2019-06-10T09:37:16+00:00","article_modified_time":"2021-03-25T13:28:58+00:00","og_image":[{"width":640,"height":480,"url":"https:\/\/www.agrotecrally.cz\/wp-content\/uploads\/2021\/03\/hustopece-deti-69480.png","type":"image\/png"}],"author":"Tom\u00e1\u0161 Plach\u00fd","twitter_card":"summary_large_image","twitter_misc":{"Written by":"Tom\u00e1\u0161 Plach\u00fd","Estimated reading time":"2 minutes"},"schema":{"@context":"https:\/\/schema.org","@graph":[{"@type":"Article","@id":"https:\/\/www.agrotecrally.cz\/rally-hustopece\/rally-detem-nebude-chybet-ani-v-hustopecich\/#article","isPartOf":{"@id":"https:\/\/www.agrotecrally.cz\/rally-hustopece\/rally-detem-nebude-chybet-ani-v-hustopecich\/"},"author":{"name":"Tom\u00e1\u0161 Plach\u00fd","@id":"https:\/\/www.agrotecrally.cz\/#\/schema\/person\/38a02deaa1f019e278fc735d03d83f85"},"headline":"Rally d\u011btem nebude chyb\u011bt ani v Hustope\u010d\u00edch","datePublished":"2019-06-10T09:37:16+00:00","dateModified":"2021-03-25T13:28:58+00:00","mainEntityOfPage":{"@id":"https:\/\/www.agrotecrally.cz\/rally-hustopece\/rally-detem-nebude-chybet-ani-v-hustopecich\/"},"wordCount":380,"commentCount":0,"publisher":{"@id":"https:\/\/www.agrotecrally.cz\/#organization"},"articleSection":["AGROTEC rally Hustope\u010de"],"inLanguage":"en-GB","potentialAction":[{"@type":"CommentAction","name":"Comment","target":["https:\/\/www.agrotecrally.cz\/rally-hustopece\/rally-detem-nebude-chybet-ani-v-hustopecich\/#respond"]}]},{"@type":"WebPage","@id":"https:\/\/www.agrotecrally.cz\/rally-hustopece\/rally-detem-nebude-chybet-ani-v-hustopecich\/","url":"https:\/\/www.agrotecrally.cz\/rally-hustopece\/rally-detem-nebude-chybet-ani-v-hustopecich\/","name":"Rally d\u011btem nebude chyb\u011bt ani v Hustope\u010d\u00edch | AGROTEC Petronas Rally","isPartOf":{"@id":"https:\/\/www.agrotecrally.cz\/#website"},"datePublished":"2019-06-10T09:37:16+00:00","dateModified":"2021-03-25T13:28:58+00:00","breadcrumb":{"@id":"https:\/\/www.agrotecrally.cz\/rally-hustopece\/rally-detem-nebude-chybet-ani-v-hustopecich\/#breadcrumb"},"inLanguage":"en-GB","potentialAction":[{"@type":"ReadAction","target":["https:\/\/www.agrotecrally.cz\/rally-hustopece\/rally-detem-nebude-chybet-ani-v-hustopecich\/"]}]},{"@type":"BreadcrumbList","@id":"https:\/\/www.agrotecrally.cz\/rally-hustopece\/rally-detem-nebude-chybet-ani-v-hustopecich\/#breadcrumb","itemListElement":[{"@type":"ListItem","position":1,"name":"Dom\u016f","item":"https:\/\/www.agrotecrally.cz\/"},{"@type":"ListItem","position":2,"name":"Rally d\u011btem nebude chyb\u011bt ani v Hustope\u010d\u00edch"}]},{"@type":"WebSite","@id":"https:\/\/www.agrotecrally.cz\/#website","url":"https:\/\/www.agrotecrally.cz\/","name":"AGROTEC Petronas rally","description":"Rally mezi vinicemi","publisher":{"@id":"https:\/\/www.agrotecrally.cz\/#organization"},"potentialAction":[{"@type":"SearchAction","target":{"@type":"EntryPoint","urlTemplate":"https:\/\/www.agrotecrally.cz\/?s={search_term_string}"},"query-input":"required name=search_term_string"}],"inLanguage":"en-GB"},{"@type":"Organization","@id":"https:\/\/www.agrotecrally.cz\/#organization","name":"AGROTEC Petronas rally","url":"https:\/\/www.agrotecrally.cz\/","logo":{"@type":"ImageObject","inLanguage":"en-GB","@id":"https:\/\/www.agrotecrally.cz\/#\/schema\/logo\/image\/","url":"https:\/\/www.agrotecrally.cz\/wp-content\/uploads\/2021\/05\/AGROTEC-RALLY_16-01-web-2.png","contentUrl":"https:\/\/www.agrotecrally.cz\/wp-content\/uploads\/2021\/05\/AGROTEC-RALLY_16-01-web-2.png","width":459,"height":222,"caption":"AGROTEC Petronas rally"},"image":{"@id":"https:\/\/www.agrotecrally.cz\/#\/schema\/logo\/image\/"},"sameAs":["https:\/\/www.facebook.com\/agrotecrally"]},{"@type":"Person","@id":"https:\/\/www.agrotecrally.cz\/#\/schema\/person\/38a02deaa1f019e278fc735d03d83f85","name":"Tom\u00e1\u0161 Plach\u00fd","image":{"@type":"ImageObject","inLanguage":"en-GB","@id":"https:\/\/www.agrotecrally.cz\/#\/schema\/person\/image\/","url":"https:\/\/secure.gravatar.com\/avatar\/a7a68eee7fdb2b4f0975cdc024983e22?s=96&d=mm&r=g","contentUrl":"https:\/\/secure.gravatar.com\/avatar\/a7a68eee7fdb2b4f0975cdc024983e22?s=96&d=mm&r=g","caption":"Tom\u00e1\u0161 Plach\u00fd"},"url":"https:\/\/www.agrotecrally.cz\/en\/author\/topmediaseznam-cz\/"}]}},"_links":{"self":[{"href":"https:\/\/www.agrotecrally.cz\/en\/wp-json\/wp\/v2\/posts\/321"}],"collection":[{"href":"https:\/\/www.agrotecrally.cz\/en\/wp-json\/wp\/v2\/posts"}],"about":[{"href":"https:\/\/www.agrotecrally.cz\/en\/wp-json\/wp\/v2\/types\/post"}],"author":[{"embeddable":true,"href":"https:\/\/www.agrotecrally.cz\/en\/wp-json\/wp\/v2\/users\/2"}],"replies":[{"embeddable":true,"href":"https:\/\/www.agrotecrally.cz\/en\/wp-json\/wp\/v2\/comments?post=321"}],"version-history":[{"count":1,"href":"https:\/\/www.agrotecrally.cz\/en\/wp-json\/wp\/v2\/posts\/321\/revisions"}],"predecessor-version":[{"id":323,"href":"https:\/\/www.agrotecrally.cz\/en\/wp-json\/wp\/v2\/posts\/321\/revisions\/323"}],"wp:featuredmedia":[{"embeddable":true,"href":"https:\/\/www.agrotecrally.cz\/en\/wp-json\/wp\/v2\/media\/322"}],"wp:attachment":[{"href":"https:\/\/www.agrotecrally.cz\/en\/wp-json\/wp\/v2\/media?parent=321"}],"wp:term":[{"taxonomy":"category","embeddable":true,"href":"https:\/\/www.agrotecrally.cz\/en\/wp-json\/wp\/v2\/categories?post=321"},{"taxonomy":"post_tag","embeddable":true,"href":"https:\/\/www.agrotecrally.cz\/en\/wp-json\/wp\/v2\/tags?post=321"}],"curies":[{"name":"wp","href":"https:\/\/api.w.org\/{rel}","templated":true}]}}