{"id":331,"date":"2019-06-14T11:42:50","date_gmt":"2019-06-14T10:42:50","guid":{"rendered":"http:\/\/agrotecrally.marekmusil.cz\/?p=331"},"modified":"2021-03-25T14:28:38","modified_gmt":"2021-03-25T13:28:38","slug":"postrehy-ze-servisni-zony-pred-startem-rally-2019","status":"publish","type":"post","link":"https:\/\/www.agrotecrally.cz\/en\/rally-hustopece\/postrehy-ze-servisni-zony-pred-startem-rally-2019\/","title":{"rendered":"Post\u0159ehy ze servisn\u00ed z\u00f3ny p\u0159ed startem rally 2019"},"content":{"rendered":"<p><em>Rally propocen\u00fdch kombin\u00e9z. Tento slogan prozat\u00edm sed\u00ed jako u\u0161it\u00fd pro XV. ro\u010dn\u00edk Agrotec Petronas Rally Hustope\u010de, kter\u00e1 startuje dnes v\u00a018 hodin. Odpoledn\u00ed shakedown se uskute\u010dnil za vysok\u00fdch teplot a stal se prvn\u00ed zkou\u0161kou odolnosti sout\u011b\u017en\u00edch pos\u00e1dek i jejich techniky. Nejl\u00e9pe z\u00a0n\u00ed vy\u0161li Jan Dohnal s\u00a0Michalem Ernstem na Fordu Focus WRC, kte\u0159\u00ed na \u010dty\u0159kilometrov\u00e9 trati, \u010d\u00e1ste\u010dn\u011b vych\u00e1zej\u00edc\u00ed ze sobotn\u00ed RZ Starovice, porazili svoje soupe\u0159e o 1,7 sekundy a v\u00edce.<\/em><\/p>\n<p><strong>Jan \u010cern\u00fd (\u0160koda Fabia R5, st. \u010d. 4)<\/strong>:<\/p>\n<p>\u201eTra\u0165 je kr\u00e1sn\u00e1 a velice podobn\u00e1 lo\u0148sku \u2013 n\u011bco je obr\u00e1cen\u00e9, n\u011bco tro\u0161ku jinak. Je tu letos hodn\u011b \u201eanticut\u016f\u201c, kter\u00e9 kolikr\u00e1t nejsou moc vid\u011bt, a douf\u00e1m, \u017ee s\u00a0t\u00edm po\u0159adatel\u00e9 p\u0159es noc je\u0161t\u011b n\u011bco ud\u011blali. Na trati jsou \u0161otolinov\u00e9 pas\u00e1\u017ee, pas\u00e1\u017ee rychl\u00e9, pomal\u00e9, technick\u00e9 i usk\u00e1kan\u00e9, tak\u017ee je tam v\u0161echno. Co se t\u00fd\u010de shakedownu, letos byl zat\u00edm ze v\u0161ech sout\u011b\u017e\u00ed nejlep\u0161\u00ed. Je dlouh\u00fd a podobn\u00fd \u201eerzet\u00e1m\u201c, ur\u010dit\u011b se mi v\u00a0t\u00e9to podob\u011b l\u00edbil. Na aut\u011b je\u0161t\u011b budeme d\u011blat drobn\u00e9 \u00fapravy.\u201c<\/p>\n<p><strong>Roman Odlo\u017eil\u00edk (\u0160koda Fabia R5, st. \u010d. 11)<\/strong>:<\/p>\n<p>\u201eLoni jsem tu nebyl, ale proti tomu, co jsme jezdili d\u0159\u00edv, mi to p\u0159ijde b\u00fdt rychlej\u0161\u00ed. Ur\u010dit\u011b ubylo retard\u00e9r\u016f, nev\u00edm pro\u010d, a p\u0159ibylo beton\u016f, co\u017e taky nev\u00edm pro\u010d. Hlavn\u011b jsou \u010dasto na obou stran\u00e1ch zat\u00e1\u010dky, \u010demu\u017e nerozum\u00edm, ale jinak je tra\u0165 hezk\u00e1 a bude to t\u011b\u017ek\u00e9 i ve vztahu k\u00a0po\u010das\u00ed. Start ve Vy\u0161kov\u011b n\u00e1m v\u00a0r\u00e1mci p\u0159\u00edpravy ur\u010dit\u011b pomohl, proto\u017ee je hodn\u011b podobn\u00fd t\u00e9to sout\u011b\u017ei, akor\u00e1t tady jsou n\u011bkter\u00e9 \u00faseky hrbat\u011bj\u0161\u00ed.\u201c<\/p>\n<p><strong>Martin Ko\u010di (\u0160koda Fabia R5, st. \u010d. 1):<\/strong><\/p>\n<p>\u201eTrat\u011b se tu opravdu moc nem\u011bn\u00ed, co\u017e je ale fajn, proto\u017ee jsou moc p\u011bkn\u00e9. Mn\u011b se tu v\u017edy jezdilo moc p\u011bkn\u011b a v\u017edy tu bylo velk\u00e9 horko, tak\u017ee zat\u00edm v\u0161e dle o\u010dek\u00e1v\u00e1n\u00ed. M\u00e1m velmi dobr\u00fd pocit z\u00a0trat\u011b, z auta i z\u00a0na\u0161\u00ed j\u00edzdy na shakedownu, tak\u017ee se na z\u00e1vod t\u011b\u0161\u00edm. Prim\u00e1rn\u011b se budeme starat o slovensk\u00e9 mistrovstv\u00ed, ale budeme se d\u00edvat i na absolutn\u00ed po\u0159ad\u00ed a bylo fajn zajet zde p\u011bkn\u00fd v\u00fdsledek i absolutn\u011b.\u201c<\/p>\n<p><strong>Grzegorz Grzyb (\u0160koda Fabia R5, st. \u010d. 5)<\/strong>:<\/p>\n<p>\u201ePamatujeme si, \u017ee v\u00a0Hustope\u010d\u00edch b\u00fdv\u00e1 v\u017edy horko, snad jen jednou za dobu, co tu startujeme, pr\u0161elo. N\u011bkter\u00e9 \u201eerzety\u201c se jedou v\u00a0jin\u00e9m sm\u011bru, jsou jinak spojen\u00e9, ale je to skoro to, co bylo. P\u0159i v\u011bt\u0161in\u011b na\u0161ich start\u016f jsme m\u011bli prvn\u00ed den dobr\u00fd a druh\u00fd \u0161patn\u00fd, tak\u017ee douf\u00e1m, \u017ee letos se poda\u0159\u00ed jet po oba dny rychle a ud\u011bl\u00e1me super v\u00fdsledek. Na shakedownu jsme byli p\u0159i prvn\u00edm pr\u016fjezdu mimo tra\u0165, ale byla tam vedlej\u0161\u00ed cesta, tak\u017ee jsme to tam poslali a nic autu neud\u011blali. Jinak bylo v\u0161echno OK.\u201c<\/p>\n<p><strong>Miroslav Jake\u0161 (\u0160koda Fabia R5, st. \u010d. 7):<\/strong><\/p>\n<p>\u201ePocity z\u00a0trat\u011b jsou ka\u017ed\u00fd rok stejn\u00e9, tra\u0165 je tu slo\u017eena v\u00edce m\u00e9n\u011b ze stejn\u00fdch \u00fasek\u016f. Mn\u011b se tady l\u00edb\u00ed a l\u00edb\u00ed se mi i prost\u0159ed\u00ed mezi vinicemi. Na shakedownu jsme zkou\u0161eli jen funk\u010dnost auta a jeli star\u00e9 gumy. U\u017e te\u010f jsme si vyzkou\u0161eli velk\u00e9 horko, proto\u017ee jsme po t\u0159ech pr\u016fjezdech byli mok\u0159\u00ed, ale to je pro v\u0161echny stejn\u00e9. Da\u0159ilo se mi tady s\u00a0fiestou i s\u00a0citro\u00ebnem, tak\u017ee v\u011b\u0159\u00edm, \u017ee jsme schopni tady bednu \u201eurvat\u201c, ale je tady p\u011bt, mo\u017en\u00e1 \u0161est lid\u00ed, kte\u0159\u00ed budou cht\u00edt vyhr\u00e1t.\u201c<\/p>\n<p><strong>Vojt\u011bch \u0160tajf (VW Polo Gti R5, st. \u010d. 6):<\/strong><\/p>\n<p>\u201eM\u00e1me tro\u0161ku nev\u00fdhodu, \u017ee jsme tu nestartovali loni, proto\u017ee jak jsem koukal, n\u011bkter\u00e9 zkou\u0161ky se jely v\u00a0podobn\u00e9 variant\u011b jako letos, ale charakterov\u011b se tra\u0165 nem\u011bn\u00ed. Mn\u011b to v\u00a0Hustope\u010d\u00edch v\u017edycky \u0161lo, i kdy\u017e je pravda, \u017ee je to rychl\u00e1 tra\u0165 a kdy\u017e \u010dlov\u011bk ud\u011bl\u00e1 chybu, zpravidla to tady kon\u010d\u00ed blb\u011b. Na stranu druhou je to zaj\u00edmav\u00e9 svezen\u00ed, proto\u017ee asfalty, kde je natahan\u00e1 \u0161otolina, docela klou\u017eou a na \u0161otolin\u011b se jede s\u00a0asfaltov\u00fdm nastaven\u00edm a velk\u00fdmi asfaltov\u00fdmi koly. Te\u010f jsme na shakedownu zkou\u0161eli doladit nastaven\u00ed \u2013 bylo to docela leti\u0161t\u011b, proto\u017ee tam bylo snad jen p\u011bt nebo \u0161est zat\u00e1\u010dek, kde m\u016f\u017ee \u010dlov\u011bk auto opravdu vyzkou\u0161et. Mysl\u00edm, \u017ee jsme p\u0159ipraven\u00ed dob\u0159e. Samoz\u0159ejm\u011b jsme \u0159e\u0161ili i po\u017e\u00e1ry voz\u016f VW Polo Gti R5, \u0159e\u0161\u00edme to intenzivn\u011b s\u00a0Volkswagenem Motorsport a p\u0159ijali jsme opat\u0159en\u00ed, kter\u00e1 n\u00e1m doporu\u010dili. T\u00edm, \u017ee n\u00e1m p\u0159ed dv\u011bma lety sho\u0159ela fabia, tak asi v\u00edme, na co se v\u00a0tomto p\u0159\u00edpad\u011b m\u00e1me soust\u0159edit. Douf\u00e1m, \u017ee se n\u00e1m to vyhne.\u201c<\/p>\n<p><strong>Petr Uhel (spolujezdec V. Pecha, Ford Fiesta R5, st. \u010d. 3):<\/strong><\/p>\n<p>\u201eNa shakedownu jsme se dob\u0159e svezli, auto funguje, tak\u017ee te\u010f u\u017e se budeme jen potit a \u010dekat na start. Trat\u011b jsou po\u0159\u00e1d podobn\u00e9, z\u00e1sadn\u00ed je snad jen oto\u010den\u00ed Starovick\u00e9 vlo\u017eky, co\u017e bude pro n\u00e1s pro v\u0161echny nov\u00e9. Jinak by n\u00e1s snad nem\u011blo nic p\u0159ekvapit. Motivovan\u00ed jsme, ale to b\u00fdv\u00e1me i v p\u0159\u00edpad\u011b, kdy\u017e Honza Kopeck\u00fd startuje. I kdy\u017e bychom r\u00e1di vyhr\u00e1li, je tady hromada \u201evl\u010d\u00e1k\u016f\u201c, kte\u0159\u00ed cht\u011bj\u00ed vyhr\u00e1t. Tahle sout\u011b\u017e je specifick\u00e1 t\u00edm, \u017ee je hodn\u011b rychl\u00e1 a mysl\u00edm, \u017ee na rychlostn\u00edch zkou\u0161k\u00e1ch nebudou velk\u00e9 rozd\u00edly mezi pos\u00e1dkami, tak\u017ee mysl\u00edm, \u017ee to bude nap\u00ednav\u00e9 od za\u010d\u00e1tku a\u017e do konce.\u201c<\/p>\n<p><strong>Michal Ernst (spolujezdec J. Dohnala, Ford Focus WRC, st. \u010d. 8):<\/strong><\/p>\n<p>\u201eP\u0159ipraven\u00ed jsme snad dob\u0159e. Trat\u011b mi p\u0159ijdou b\u00fdt po\u0159\u00e1d podobn\u00e9, nejv\u011bt\u0161\u00edm kouzlem tohoto z\u00e1vodu je z\u00a0m\u00e9ho pohledu kompaktnost. Te\u010f jsme je\u0161t\u011b zkou\u0161eli nov\u011b postaven\u00e9 tlumi\u010de, jinak se nic z\u00e1sadn\u00edho na aut\u011b nem\u011bnilo.\u201c<\/p>\n<p><strong>Ren\u00e9 Dohnal (Peugeot 208 R2, st. \u010d. 41):<\/strong><\/p>\n<p>\u201eDouf\u00e1m, \u017ee to bude p\u011bkn\u00e1 oslava narozenin. Hustope\u010de jsou ka\u017edoro\u010dn\u011b m\u00fdm nejobl\u00edben\u011bj\u0161\u00edm z\u00e1vodem, a\u0165 u\u017e kv\u016fli po\u0159adatelsk\u00e9mu t\u00fdmu, tak z\u00a0pohledu trat\u00ed, tak\u017ee se moc t\u011b\u0161\u00edme. Nastaven\u00ed asi m\u011bnit nebudeme \u2013 m\u00e1me ho z\u00a0lo\u0148sk\u00e9 Barum rally a od t\u00e9 doby n\u00e1m v\u0161ude funguje p\u011bkn\u011b. \u0160ampion\u00e1t m\u00e1me skv\u011ble rozjet\u00fd a mus\u00edm kalkulovat &#8211; nem\u016f\u017eu jet bu\u010f, anebo. Budu se sna\u017eit nad j\u00edzdou v\u00edc p\u0159em\u00fd\u0161let, odv\u00e9st sv\u016fj nejlep\u0161\u00ed mo\u017en\u00fd v\u00fdkon a z\u00edskat co nejv\u00edce bod\u016f.\u201c<\/p>","protected":false},"excerpt":{"rendered":"<p>Rally propocen\u00fdch kombin\u00e9z. Tento slogan prozat\u00edm sed\u00ed jako u\u0161it\u00fd pro XV. ro\u010dn\u00edk Agrotec Petronas Rally Hustope\u010de, kter\u00e1 startuje dnes v\u00a018 hodin. Odpoledn\u00ed shakedown se uskute\u010dnil za vysok\u00fdch teplot a stal se prvn\u00ed zkou\u0161kou odolnosti sout\u011b\u017en\u00edch pos\u00e1dek i jejich techniky.<\/p>","protected":false},"author":2,"featured_media":332,"comment_status":"open","ping_status":"open","sticky":false,"template":"","format":"standard","meta":{"_et_pb_use_builder":"","_et_pb_old_content":"","_et_gb_content_width":"","footnotes":""},"categories":[10],"tags":[],"yoast_head":"<!-- This site is optimized with the Yoast SEO plugin v21.9.1 - https:\/\/yoast.com\/wordpress\/plugins\/seo\/ -->\n<title>Post\u0159ehy ze servisn\u00ed z\u00f3ny p\u0159ed startem rally 2019 | AGROTEC Petronas Rally<\/title>\n<meta name=\"robots\" content=\"index, follow, max-snippet:-1, max-image-preview:large, max-video-preview:-1\" \/>\n<link rel=\"canonical\" href=\"https:\/\/www.agrotecrally.cz\/en\/rally-hustopece\/postrehy-ze-servisni-zony-pred-startem-rally-2019\/\" \/>\n<meta property=\"og:locale\" content=\"en_GB\" \/>\n<meta property=\"og:type\" content=\"article\" \/>\n<meta property=\"og:title\" content=\"Post\u0159ehy ze servisn\u00ed z\u00f3ny p\u0159ed startem rally 2019 | AGROTEC Petronas Rally\" \/>\n<meta property=\"og:description\" content=\"Rally propocen\u00fdch kombin\u00e9z. Tento slogan prozat\u00edm sed\u00ed jako u\u0161it\u00fd pro XV. ro\u010dn\u00edk Agrotec Petronas Rally Hustope\u010de, kter\u00e1 startuje dnes v\u00a018 hodin. Odpoledn\u00ed shakedown se uskute\u010dnil za vysok\u00fdch teplot a stal se prvn\u00ed zkou\u0161kou odolnosti sout\u011b\u017en\u00edch pos\u00e1dek i jejich techniky.\" \/>\n<meta property=\"og:url\" content=\"https:\/\/www.agrotecrally.cz\/en\/rally-hustopece\/postrehy-ze-servisni-zony-pred-startem-rally-2019\/\" \/>\n<meta property=\"og:site_name\" content=\"AGROTEC Petronas Rally\" \/>\n<meta property=\"article:publisher\" content=\"https:\/\/www.facebook.com\/agrotecrally\" \/>\n<meta property=\"article:published_time\" content=\"2019-06-14T10:42:50+00:00\" \/>\n<meta property=\"article:modified_time\" content=\"2021-03-25T13:28:38+00:00\" \/>\n<meta property=\"og:image\" content=\"https:\/\/www.agrotecrally.cz\/wp-content\/uploads\/2021\/03\/IMGP3803.jpg\" \/>\n\t<meta property=\"og:image:width\" content=\"1973\" \/>\n\t<meta property=\"og:image:height\" content=\"1317\" \/>\n\t<meta property=\"og:image:type\" content=\"image\/jpeg\" \/>\n<meta name=\"author\" content=\"Tom\u00e1\u0161 Plach\u00fd\" \/>\n<meta name=\"twitter:card\" content=\"summary_large_image\" \/>\n<meta name=\"twitter:label1\" content=\"Written by\" \/>\n\t<meta name=\"twitter:data1\" content=\"Tom\u00e1\u0161 Plach\u00fd\" \/>\n\t<meta name=\"twitter:label2\" content=\"Estimated reading time\" \/>\n\t<meta name=\"twitter:data2\" content=\"6 minutes\" \/>\n<script type=\"application\/ld+json\" class=\"yoast-schema-graph\">{\"@context\":\"https:\/\/schema.org\",\"@graph\":[{\"@type\":\"Article\",\"@id\":\"https:\/\/www.agrotecrally.cz\/rally-hustopece\/postrehy-ze-servisni-zony-pred-startem-rally-2019\/#article\",\"isPartOf\":{\"@id\":\"https:\/\/www.agrotecrally.cz\/rally-hustopece\/postrehy-ze-servisni-zony-pred-startem-rally-2019\/\"},\"author\":{\"name\":\"Tom\u00e1\u0161 Plach\u00fd\",\"@id\":\"https:\/\/www.agrotecrally.cz\/#\/schema\/person\/38a02deaa1f019e278fc735d03d83f85\"},\"headline\":\"Post\u0159ehy ze servisn\u00ed z\u00f3ny p\u0159ed startem rally 2019\",\"datePublished\":\"2019-06-14T10:42:50+00:00\",\"dateModified\":\"2021-03-25T13:28:38+00:00\",\"mainEntityOfPage\":{\"@id\":\"https:\/\/www.agrotecrally.cz\/rally-hustopece\/postrehy-ze-servisni-zony-pred-startem-rally-2019\/\"},\"wordCount\":1179,\"commentCount\":0,\"publisher\":{\"@id\":\"https:\/\/www.agrotecrally.cz\/#organization\"},\"articleSection\":[\"AGROTEC rally Hustope\u010de\"],\"inLanguage\":\"en-GB\",\"potentialAction\":[{\"@type\":\"CommentAction\",\"name\":\"Comment\",\"target\":[\"https:\/\/www.agrotecrally.cz\/rally-hustopece\/postrehy-ze-servisni-zony-pred-startem-rally-2019\/#respond\"]}]},{\"@type\":\"WebPage\",\"@id\":\"https:\/\/www.agrotecrally.cz\/rally-hustopece\/postrehy-ze-servisni-zony-pred-startem-rally-2019\/\",\"url\":\"https:\/\/www.agrotecrally.cz\/rally-hustopece\/postrehy-ze-servisni-zony-pred-startem-rally-2019\/\",\"name\":\"Post\u0159ehy ze servisn\u00ed z\u00f3ny p\u0159ed startem rally 2019 | AGROTEC Petronas Rally\",\"isPartOf\":{\"@id\":\"https:\/\/www.agrotecrally.cz\/#website\"},\"datePublished\":\"2019-06-14T10:42:50+00:00\",\"dateModified\":\"2021-03-25T13:28:38+00:00\",\"breadcrumb\":{\"@id\":\"https:\/\/www.agrotecrally.cz\/rally-hustopece\/postrehy-ze-servisni-zony-pred-startem-rally-2019\/#breadcrumb\"},\"inLanguage\":\"en-GB\",\"potentialAction\":[{\"@type\":\"ReadAction\",\"target\":[\"https:\/\/www.agrotecrally.cz\/rally-hustopece\/postrehy-ze-servisni-zony-pred-startem-rally-2019\/\"]}]},{\"@type\":\"BreadcrumbList\",\"@id\":\"https:\/\/www.agrotecrally.cz\/rally-hustopece\/postrehy-ze-servisni-zony-pred-startem-rally-2019\/#breadcrumb\",\"itemListElement\":[{\"@type\":\"ListItem\",\"position\":1,\"name\":\"Dom\u016f\",\"item\":\"https:\/\/www.agrotecrally.cz\/\"},{\"@type\":\"ListItem\",\"position\":2,\"name\":\"Post\u0159ehy ze servisn\u00ed z\u00f3ny p\u0159ed startem rally 2019\"}]},{\"@type\":\"WebSite\",\"@id\":\"https:\/\/www.agrotecrally.cz\/#website\",\"url\":\"https:\/\/www.agrotecrally.cz\/\",\"name\":\"AGROTEC Petronas rally\",\"description\":\"Rally mezi vinicemi\",\"publisher\":{\"@id\":\"https:\/\/www.agrotecrally.cz\/#organization\"},\"potentialAction\":[{\"@type\":\"SearchAction\",\"target\":{\"@type\":\"EntryPoint\",\"urlTemplate\":\"https:\/\/www.agrotecrally.cz\/?s={search_term_string}\"},\"query-input\":\"required name=search_term_string\"}],\"inLanguage\":\"en-GB\"},{\"@type\":\"Organization\",\"@id\":\"https:\/\/www.agrotecrally.cz\/#organization\",\"name\":\"AGROTEC Petronas rally\",\"url\":\"https:\/\/www.agrotecrally.cz\/\",\"logo\":{\"@type\":\"ImageObject\",\"inLanguage\":\"en-GB\",\"@id\":\"https:\/\/www.agrotecrally.cz\/#\/schema\/logo\/image\/\",\"url\":\"https:\/\/www.agrotecrally.cz\/wp-content\/uploads\/2021\/05\/AGROTEC-RALLY_16-01-web-2.png\",\"contentUrl\":\"https:\/\/www.agrotecrally.cz\/wp-content\/uploads\/2021\/05\/AGROTEC-RALLY_16-01-web-2.png\",\"width\":459,\"height\":222,\"caption\":\"AGROTEC Petronas rally\"},\"image\":{\"@id\":\"https:\/\/www.agrotecrally.cz\/#\/schema\/logo\/image\/\"},\"sameAs\":[\"https:\/\/www.facebook.com\/agrotecrally\"]},{\"@type\":\"Person\",\"@id\":\"https:\/\/www.agrotecrally.cz\/#\/schema\/person\/38a02deaa1f019e278fc735d03d83f85\",\"name\":\"Tom\u00e1\u0161 Plach\u00fd\",\"image\":{\"@type\":\"ImageObject\",\"inLanguage\":\"en-GB\",\"@id\":\"https:\/\/www.agrotecrally.cz\/#\/schema\/person\/image\/\",\"url\":\"https:\/\/secure.gravatar.com\/avatar\/a7a68eee7fdb2b4f0975cdc024983e22?s=96&d=mm&r=g\",\"contentUrl\":\"https:\/\/secure.gravatar.com\/avatar\/a7a68eee7fdb2b4f0975cdc024983e22?s=96&d=mm&r=g\",\"caption\":\"Tom\u00e1\u0161 Plach\u00fd\"},\"url\":\"https:\/\/www.agrotecrally.cz\/en\/author\/topmediaseznam-cz\/\"}]}<\/script>\n<!-- \/ Yoast SEO plugin. -->","yoast_head_json":{"title":"Post\u0159ehy ze servisn\u00ed z\u00f3ny p\u0159ed startem rally 2019 | AGROTEC Petronas Rally","robots":{"index":"index","follow":"follow","max-snippet":"max-snippet:-1","max-image-preview":"max-image-preview:large","max-video-preview":"max-video-preview:-1"},"canonical":"https:\/\/www.agrotecrally.cz\/en\/rally-hustopece\/postrehy-ze-servisni-zony-pred-startem-rally-2019\/","og_locale":"en_GB","og_type":"article","og_title":"Post\u0159ehy ze servisn\u00ed z\u00f3ny p\u0159ed startem rally 2019 | AGROTEC Petronas Rally","og_description":"Rally propocen\u00fdch kombin\u00e9z. Tento slogan prozat\u00edm sed\u00ed jako u\u0161it\u00fd pro XV. ro\u010dn\u00edk Agrotec Petronas Rally Hustope\u010de, kter\u00e1 startuje dnes v\u00a018 hodin. Odpoledn\u00ed shakedown se uskute\u010dnil za vysok\u00fdch teplot a stal se prvn\u00ed zkou\u0161kou odolnosti sout\u011b\u017en\u00edch pos\u00e1dek i jejich techniky.","og_url":"https:\/\/www.agrotecrally.cz\/en\/rally-hustopece\/postrehy-ze-servisni-zony-pred-startem-rally-2019\/","og_site_name":"AGROTEC Petronas Rally","article_publisher":"https:\/\/www.facebook.com\/agrotecrally","article_published_time":"2019-06-14T10:42:50+00:00","article_modified_time":"2021-03-25T13:28:38+00:00","og_image":[{"width":1973,"height":1317,"url":"https:\/\/www.agrotecrally.cz\/wp-content\/uploads\/2021\/03\/IMGP3803.jpg","type":"image\/jpeg"}],"author":"Tom\u00e1\u0161 Plach\u00fd","twitter_card":"summary_large_image","twitter_misc":{"Written by":"Tom\u00e1\u0161 Plach\u00fd","Estimated reading time":"6 minutes"},"schema":{"@context":"https:\/\/schema.org","@graph":[{"@type":"Article","@id":"https:\/\/www.agrotecrally.cz\/rally-hustopece\/postrehy-ze-servisni-zony-pred-startem-rally-2019\/#article","isPartOf":{"@id":"https:\/\/www.agrotecrally.cz\/rally-hustopece\/postrehy-ze-servisni-zony-pred-startem-rally-2019\/"},"author":{"name":"Tom\u00e1\u0161 Plach\u00fd","@id":"https:\/\/www.agrotecrally.cz\/#\/schema\/person\/38a02deaa1f019e278fc735d03d83f85"},"headline":"Post\u0159ehy ze servisn\u00ed z\u00f3ny p\u0159ed startem rally 2019","datePublished":"2019-06-14T10:42:50+00:00","dateModified":"2021-03-25T13:28:38+00:00","mainEntityOfPage":{"@id":"https:\/\/www.agrotecrally.cz\/rally-hustopece\/postrehy-ze-servisni-zony-pred-startem-rally-2019\/"},"wordCount":1179,"commentCount":0,"publisher":{"@id":"https:\/\/www.agrotecrally.cz\/#organization"},"articleSection":["AGROTEC rally Hustope\u010de"],"inLanguage":"en-GB","potentialAction":[{"@type":"CommentAction","name":"Comment","target":["https:\/\/www.agrotecrally.cz\/rally-hustopece\/postrehy-ze-servisni-zony-pred-startem-rally-2019\/#respond"]}]},{"@type":"WebPage","@id":"https:\/\/www.agrotecrally.cz\/rally-hustopece\/postrehy-ze-servisni-zony-pred-startem-rally-2019\/","url":"https:\/\/www.agrotecrally.cz\/rally-hustopece\/postrehy-ze-servisni-zony-pred-startem-rally-2019\/","name":"Post\u0159ehy ze servisn\u00ed z\u00f3ny p\u0159ed startem rally 2019 | AGROTEC Petronas Rally","isPartOf":{"@id":"https:\/\/www.agrotecrally.cz\/#website"},"datePublished":"2019-06-14T10:42:50+00:00","dateModified":"2021-03-25T13:28:38+00:00","breadcrumb":{"@id":"https:\/\/www.agrotecrally.cz\/rally-hustopece\/postrehy-ze-servisni-zony-pred-startem-rally-2019\/#breadcrumb"},"inLanguage":"en-GB","potentialAction":[{"@type":"ReadAction","target":["https:\/\/www.agrotecrally.cz\/rally-hustopece\/postrehy-ze-servisni-zony-pred-startem-rally-2019\/"]}]},{"@type":"BreadcrumbList","@id":"https:\/\/www.agrotecrally.cz\/rally-hustopece\/postrehy-ze-servisni-zony-pred-startem-rally-2019\/#breadcrumb","itemListElement":[{"@type":"ListItem","position":1,"name":"Dom\u016f","item":"https:\/\/www.agrotecrally.cz\/"},{"@type":"ListItem","position":2,"name":"Post\u0159ehy ze servisn\u00ed z\u00f3ny p\u0159ed startem rally 2019"}]},{"@type":"WebSite","@id":"https:\/\/www.agrotecrally.cz\/#website","url":"https:\/\/www.agrotecrally.cz\/","name":"AGROTEC Petronas rally","description":"Rally mezi vinicemi","publisher":{"@id":"https:\/\/www.agrotecrally.cz\/#organization"},"potentialAction":[{"@type":"SearchAction","target":{"@type":"EntryPoint","urlTemplate":"https:\/\/www.agrotecrally.cz\/?s={search_term_string}"},"query-input":"required name=search_term_string"}],"inLanguage":"en-GB"},{"@type":"Organization","@id":"https:\/\/www.agrotecrally.cz\/#organization","name":"AGROTEC Petronas rally","url":"https:\/\/www.agrotecrally.cz\/","logo":{"@type":"ImageObject","inLanguage":"en-GB","@id":"https:\/\/www.agrotecrally.cz\/#\/schema\/logo\/image\/","url":"https:\/\/www.agrotecrally.cz\/wp-content\/uploads\/2021\/05\/AGROTEC-RALLY_16-01-web-2.png","contentUrl":"https:\/\/www.agrotecrally.cz\/wp-content\/uploads\/2021\/05\/AGROTEC-RALLY_16-01-web-2.png","width":459,"height":222,"caption":"AGROTEC Petronas rally"},"image":{"@id":"https:\/\/www.agrotecrally.cz\/#\/schema\/logo\/image\/"},"sameAs":["https:\/\/www.facebook.com\/agrotecrally"]},{"@type":"Person","@id":"https:\/\/www.agrotecrally.cz\/#\/schema\/person\/38a02deaa1f019e278fc735d03d83f85","name":"Tom\u00e1\u0161 Plach\u00fd","image":{"@type":"ImageObject","inLanguage":"en-GB","@id":"https:\/\/www.agrotecrally.cz\/#\/schema\/person\/image\/","url":"https:\/\/secure.gravatar.com\/avatar\/a7a68eee7fdb2b4f0975cdc024983e22?s=96&d=mm&r=g","contentUrl":"https:\/\/secure.gravatar.com\/avatar\/a7a68eee7fdb2b4f0975cdc024983e22?s=96&d=mm&r=g","caption":"Tom\u00e1\u0161 Plach\u00fd"},"url":"https:\/\/www.agrotecrally.cz\/en\/author\/topmediaseznam-cz\/"}]}},"_links":{"self":[{"href":"https:\/\/www.agrotecrally.cz\/en\/wp-json\/wp\/v2\/posts\/331"}],"collection":[{"href":"https:\/\/www.agrotecrally.cz\/en\/wp-json\/wp\/v2\/posts"}],"about":[{"href":"https:\/\/www.agrotecrally.cz\/en\/wp-json\/wp\/v2\/types\/post"}],"author":[{"embeddable":true,"href":"https:\/\/www.agrotecrally.cz\/en\/wp-json\/wp\/v2\/users\/2"}],"replies":[{"embeddable":true,"href":"https:\/\/www.agrotecrally.cz\/en\/wp-json\/wp\/v2\/comments?post=331"}],"version-history":[{"count":1,"href":"https:\/\/www.agrotecrally.cz\/en\/wp-json\/wp\/v2\/posts\/331\/revisions"}],"predecessor-version":[{"id":333,"href":"https:\/\/www.agrotecrally.cz\/en\/wp-json\/wp\/v2\/posts\/331\/revisions\/333"}],"wp:featuredmedia":[{"embeddable":true,"href":"https:\/\/www.agrotecrally.cz\/en\/wp-json\/wp\/v2\/media\/332"}],"wp:attachment":[{"href":"https:\/\/www.agrotecrally.cz\/en\/wp-json\/wp\/v2\/media?parent=331"}],"wp:term":[{"taxonomy":"category","embeddable":true,"href":"https:\/\/www.agrotecrally.cz\/en\/wp-json\/wp\/v2\/categories?post=331"},{"taxonomy":"post_tag","embeddable":true,"href":"https:\/\/www.agrotecrally.cz\/en\/wp-json\/wp\/v2\/tags?post=331"}],"curies":[{"name":"wp","href":"https:\/\/api.w.org\/{rel}","templated":true}]}}