{"id":338,"date":"2019-06-15T11:46:46","date_gmt":"2019-06-15T10:46:46","guid":{"rendered":"http:\/\/agrotecrally.marekmusil.cz\/?p=338"},"modified":"2021-03-25T14:27:32","modified_gmt":"2021-03-25T13:27:32","slug":"po-prvni-etape-xv-agrotec-petronas-rally-jsou-v-cele-mares-s-hlouskem","status":"publish","type":"post","link":"https:\/\/www.agrotecrally.cz\/en\/rally-hustopece\/po-prvni-etape-xv-agrotec-petronas-rally-jsou-v-cele-mares-s-hlouskem\/","title":{"rendered":"Po prvn\u00ed etap\u011b XV. Agrotec Petronas Rally jsou v \u010dele Mare\u0161 s Hlou\u0161kem"},"content":{"rendered":"<p>Prvn\u00ed etapa leto\u0161n\u00ed XV. Agrotec Petronas Rally s sebou p\u0159inesla \u0159adu dramatick\u00fdch moment\u016f a neust\u00e1l\u00e9 zm\u011bny na \u010dele pr\u016fb\u011b\u017en\u00e9 absolutn\u00ed klasifikace sout\u011b\u017ee.<\/p>\n<p>\u00davod rally vy\u0161el nejl\u00e9pe Janu \u010cern\u00e9mu s Petrem \u010cernohorsk\u00fdm na \u0160kod\u011b Fabia R5, kter\u00e9 n\u00e1sledn\u011b po t\u0159et\u00edm rychlostn\u00edm testu vyst\u0159\u00eddali ve veden\u00ed V\u00e1clav Pech s Petrem Uhlem jedouc\u00ed na Fordu Fiesta R5. Na posledn\u00edm p\u00e1te\u010dn\u00edm testu se v\u0161ak Pech musel pot\u00fdkat s probl\u00e9my zp\u016fsoben\u00fdmi prasklou poloosou a z pozice vedouc\u00ed pos\u00e1dky tak nakonec do druh\u00e9 etapy nastoupila dvojice Filip Mare\u0161 &#8211; Jan Hlou\u0161ek na \u0160kod\u011b Fabii R5.<\/p>\n<p>O n\u00e1ro\u010dnosti prvn\u00ed etapy hovo\u0159\u00ed i fakt, \u017ee ji nedokon\u010dilo hned 22 pos\u00e1dek. To platilo tak\u00e9 o jednom z nejv\u011bt\u0161\u00edch favorit\u016f, Martinu Ko\u010dimu. Dosavadn\u00ed l\u00eddr klasifikace slovensk\u00e9ho \u0161ampion\u00e1tu dostal na posledn\u00ed p\u00e1te\u010dn\u00ed zkou\u0161ce defekt pneumatiky a za c\u00edlem n\u00e1sledn\u011b odstoupil. Vzhledem k tomu, \u017ee se z pohledu mistrovstv\u00ed na\u0161ich v\u00fdchodn\u00edch soused\u016f boduje ka\u017ed\u00fd den hustope\u010dsk\u00e9 rally samostatn\u011b, v\u0161ak bude m\u00edt dnes \u0161anci na repar\u00e1t.<\/p>\n<p>V kategorii voz\u016f s jednou poh\u00e1n\u011bnou n\u00e1pravou m\u00e1 skv\u011ble rozjetou sout\u011b\u017e Jan Tala\u0161 na Peugeotu 208 R2, kter\u00fd v p\u00e1tek vyhr\u00e1l hned t\u0159i rychlostn\u00ed testy. Druh\u00fd je V\u00e1clav Stejskal jun. s Renaultem Clio R3T, t\u0159et\u00ed pak mlad\u00fd Petr Semer\u00e1d s Opelem Adam R2.<\/p>\n<p>V klasifikaci t\u0159\u00eddy 3, tedy b\u00fdval\u00fdch produk\u010dn\u00edch vozech, byl v p\u00e1tek naprosto suver\u00e9nn\u00edm Martin \u0160ikl se \u010dty\u0159mi v\u00edt\u011bzn\u00fdmi \u010dasy. Na druhou p\u0159\u00ed\u010dku t\u0159\u00eddy se na konci dne posunul Pavel \u0160ev\u010d\u00edk a t\u0159et\u00ed pozice pat\u0159ila po \u010dty\u0159ech odjet\u00fdch zkou\u0161k\u00e1ch Jaroslavu Pe\u0161lovi (v\u0161ichni Mitsubishi Lancer Evo IX).<\/p>\n<p>XV. Agrotec Petronas Rally pokra\u010duje dnes \u0161esti rychlostn\u00edmi zkou\u0161kami v celkov\u00e9 d\u00e9lce 85,16 km. Nejlep\u0161\u00ed pos\u00e1dky bychom m\u011bli p\u0159iv\u00edtat na c\u00edlov\u00e9 ramp\u011b v Hustope\u010d\u00edch v 16:20 hodin.<\/p>","protected":false},"excerpt":{"rendered":"<p>Prvn\u00ed etapa leto\u0161n\u00ed XV. Agrotec Petronas Rally s sebou p\u0159inesla \u0159adu dramatick\u00fdch moment\u016f a neust\u00e1l\u00e9 zm\u011bny na \u010dele pr\u016fb\u011b\u017en\u00e9 absolutn\u00ed klasifikace sout\u011b\u017ee.<\/p>","protected":false},"author":2,"featured_media":335,"comment_status":"open","ping_status":"open","sticky":false,"template":"","format":"standard","meta":{"_et_pb_use_builder":"","_et_pb_old_content":"","_et_gb_content_width":"","footnotes":""},"categories":[10],"tags":[],"yoast_head":"<!-- This site is optimized with the Yoast SEO plugin v21.9.1 - https:\/\/yoast.com\/wordpress\/plugins\/seo\/ -->\n<title>Po prvn\u00ed etap\u011b XV. Agrotec Petronas Rally jsou v \u010dele Mare\u0161 s Hlou\u0161kem | AGROTEC Petronas Rally<\/title>\n<meta name=\"robots\" content=\"index, follow, max-snippet:-1, max-image-preview:large, max-video-preview:-1\" \/>\n<link rel=\"canonical\" href=\"https:\/\/www.agrotecrally.cz\/en\/rally-hustopece\/po-prvni-etape-xv-agrotec-petronas-rally-jsou-v-cele-mares-s-hlouskem\/\" \/>\n<meta property=\"og:locale\" content=\"en_GB\" \/>\n<meta property=\"og:type\" content=\"article\" \/>\n<meta property=\"og:title\" content=\"Po prvn\u00ed etap\u011b XV. Agrotec Petronas Rally jsou v \u010dele Mare\u0161 s Hlou\u0161kem | AGROTEC Petronas Rally\" \/>\n<meta property=\"og:description\" content=\"Prvn\u00ed etapa leto\u0161n\u00ed XV. Agrotec Petronas Rally s sebou p\u0159inesla \u0159adu dramatick\u00fdch moment\u016f a neust\u00e1l\u00e9 zm\u011bny na \u010dele pr\u016fb\u011b\u017en\u00e9 absolutn\u00ed klasifikace sout\u011b\u017ee.\" \/>\n<meta property=\"og:url\" content=\"https:\/\/www.agrotecrally.cz\/en\/rally-hustopece\/po-prvni-etape-xv-agrotec-petronas-rally-jsou-v-cele-mares-s-hlouskem\/\" \/>\n<meta property=\"og:site_name\" content=\"AGROTEC Petronas Rally\" \/>\n<meta property=\"article:publisher\" content=\"https:\/\/www.facebook.com\/agrotecrally\" \/>\n<meta property=\"article:published_time\" content=\"2019-06-15T10:46:46+00:00\" \/>\n<meta property=\"article:modified_time\" content=\"2021-03-25T13:27:32+00:00\" \/>\n<meta property=\"og:image\" content=\"https:\/\/www.agrotecrally.cz\/wp-content\/uploads\/2021\/03\/IMGP3869-Edit.jpg\" \/>\n\t<meta property=\"og:image:width\" content=\"1973\" \/>\n\t<meta property=\"og:image:height\" content=\"1317\" \/>\n\t<meta property=\"og:image:type\" content=\"image\/jpeg\" \/>\n<meta name=\"author\" content=\"Tom\u00e1\u0161 Plach\u00fd\" \/>\n<meta name=\"twitter:card\" content=\"summary_large_image\" \/>\n<meta name=\"twitter:label1\" content=\"Written by\" \/>\n\t<meta name=\"twitter:data1\" content=\"Tom\u00e1\u0161 Plach\u00fd\" \/>\n\t<meta name=\"twitter:label2\" content=\"Estimated reading time\" \/>\n\t<meta name=\"twitter:data2\" content=\"2 minutes\" \/>\n<script type=\"application\/ld+json\" class=\"yoast-schema-graph\">{\"@context\":\"https:\/\/schema.org\",\"@graph\":[{\"@type\":\"Article\",\"@id\":\"https:\/\/www.agrotecrally.cz\/rally-hustopece\/po-prvni-etape-xv-agrotec-petronas-rally-jsou-v-cele-mares-s-hlouskem\/#article\",\"isPartOf\":{\"@id\":\"https:\/\/www.agrotecrally.cz\/rally-hustopece\/po-prvni-etape-xv-agrotec-petronas-rally-jsou-v-cele-mares-s-hlouskem\/\"},\"author\":{\"name\":\"Tom\u00e1\u0161 Plach\u00fd\",\"@id\":\"https:\/\/www.agrotecrally.cz\/#\/schema\/person\/38a02deaa1f019e278fc735d03d83f85\"},\"headline\":\"Po prvn\u00ed etap\u011b XV. Agrotec Petronas Rally jsou v \u010dele Mare\u0161 s Hlou\u0161kem\",\"datePublished\":\"2019-06-15T10:46:46+00:00\",\"dateModified\":\"2021-03-25T13:27:32+00:00\",\"mainEntityOfPage\":{\"@id\":\"https:\/\/www.agrotecrally.cz\/rally-hustopece\/po-prvni-etape-xv-agrotec-petronas-rally-jsou-v-cele-mares-s-hlouskem\/\"},\"wordCount\":373,\"commentCount\":0,\"publisher\":{\"@id\":\"https:\/\/www.agrotecrally.cz\/#organization\"},\"articleSection\":[\"AGROTEC rally Hustope\u010de\"],\"inLanguage\":\"en-GB\",\"potentialAction\":[{\"@type\":\"CommentAction\",\"name\":\"Comment\",\"target\":[\"https:\/\/www.agrotecrally.cz\/rally-hustopece\/po-prvni-etape-xv-agrotec-petronas-rally-jsou-v-cele-mares-s-hlouskem\/#respond\"]}]},{\"@type\":\"WebPage\",\"@id\":\"https:\/\/www.agrotecrally.cz\/rally-hustopece\/po-prvni-etape-xv-agrotec-petronas-rally-jsou-v-cele-mares-s-hlouskem\/\",\"url\":\"https:\/\/www.agrotecrally.cz\/rally-hustopece\/po-prvni-etape-xv-agrotec-petronas-rally-jsou-v-cele-mares-s-hlouskem\/\",\"name\":\"Po prvn\u00ed etap\u011b XV. Agrotec Petronas Rally jsou v \u010dele Mare\u0161 s Hlou\u0161kem | AGROTEC Petronas Rally\",\"isPartOf\":{\"@id\":\"https:\/\/www.agrotecrally.cz\/#website\"},\"datePublished\":\"2019-06-15T10:46:46+00:00\",\"dateModified\":\"2021-03-25T13:27:32+00:00\",\"breadcrumb\":{\"@id\":\"https:\/\/www.agrotecrally.cz\/rally-hustopece\/po-prvni-etape-xv-agrotec-petronas-rally-jsou-v-cele-mares-s-hlouskem\/#breadcrumb\"},\"inLanguage\":\"en-GB\",\"potentialAction\":[{\"@type\":\"ReadAction\",\"target\":[\"https:\/\/www.agrotecrally.cz\/rally-hustopece\/po-prvni-etape-xv-agrotec-petronas-rally-jsou-v-cele-mares-s-hlouskem\/\"]}]},{\"@type\":\"BreadcrumbList\",\"@id\":\"https:\/\/www.agrotecrally.cz\/rally-hustopece\/po-prvni-etape-xv-agrotec-petronas-rally-jsou-v-cele-mares-s-hlouskem\/#breadcrumb\",\"itemListElement\":[{\"@type\":\"ListItem\",\"position\":1,\"name\":\"Dom\u016f\",\"item\":\"https:\/\/www.agrotecrally.cz\/\"},{\"@type\":\"ListItem\",\"position\":2,\"name\":\"Po prvn\u00ed etap\u011b XV. Agrotec Petronas Rally jsou v \u010dele Mare\u0161 s Hlou\u0161kem\"}]},{\"@type\":\"WebSite\",\"@id\":\"https:\/\/www.agrotecrally.cz\/#website\",\"url\":\"https:\/\/www.agrotecrally.cz\/\",\"name\":\"AGROTEC Petronas rally\",\"description\":\"Rally mezi vinicemi\",\"publisher\":{\"@id\":\"https:\/\/www.agrotecrally.cz\/#organization\"},\"potentialAction\":[{\"@type\":\"SearchAction\",\"target\":{\"@type\":\"EntryPoint\",\"urlTemplate\":\"https:\/\/www.agrotecrally.cz\/?s={search_term_string}\"},\"query-input\":\"required name=search_term_string\"}],\"inLanguage\":\"en-GB\"},{\"@type\":\"Organization\",\"@id\":\"https:\/\/www.agrotecrally.cz\/#organization\",\"name\":\"AGROTEC Petronas rally\",\"url\":\"https:\/\/www.agrotecrally.cz\/\",\"logo\":{\"@type\":\"ImageObject\",\"inLanguage\":\"en-GB\",\"@id\":\"https:\/\/www.agrotecrally.cz\/#\/schema\/logo\/image\/\",\"url\":\"https:\/\/www.agrotecrally.cz\/wp-content\/uploads\/2021\/05\/AGROTEC-RALLY_16-01-web-2.png\",\"contentUrl\":\"https:\/\/www.agrotecrally.cz\/wp-content\/uploads\/2021\/05\/AGROTEC-RALLY_16-01-web-2.png\",\"width\":459,\"height\":222,\"caption\":\"AGROTEC Petronas rally\"},\"image\":{\"@id\":\"https:\/\/www.agrotecrally.cz\/#\/schema\/logo\/image\/\"},\"sameAs\":[\"https:\/\/www.facebook.com\/agrotecrally\"]},{\"@type\":\"Person\",\"@id\":\"https:\/\/www.agrotecrally.cz\/#\/schema\/person\/38a02deaa1f019e278fc735d03d83f85\",\"name\":\"Tom\u00e1\u0161 Plach\u00fd\",\"image\":{\"@type\":\"ImageObject\",\"inLanguage\":\"en-GB\",\"@id\":\"https:\/\/www.agrotecrally.cz\/#\/schema\/person\/image\/\",\"url\":\"https:\/\/secure.gravatar.com\/avatar\/a7a68eee7fdb2b4f0975cdc024983e22?s=96&d=mm&r=g\",\"contentUrl\":\"https:\/\/secure.gravatar.com\/avatar\/a7a68eee7fdb2b4f0975cdc024983e22?s=96&d=mm&r=g\",\"caption\":\"Tom\u00e1\u0161 Plach\u00fd\"},\"url\":\"https:\/\/www.agrotecrally.cz\/en\/author\/topmediaseznam-cz\/\"}]}<\/script>\n<!-- \/ Yoast SEO plugin. -->","yoast_head_json":{"title":"Po prvn\u00ed etap\u011b XV. Agrotec Petronas Rally jsou v \u010dele Mare\u0161 s Hlou\u0161kem | AGROTEC Petronas Rally","robots":{"index":"index","follow":"follow","max-snippet":"max-snippet:-1","max-image-preview":"max-image-preview:large","max-video-preview":"max-video-preview:-1"},"canonical":"https:\/\/www.agrotecrally.cz\/en\/rally-hustopece\/po-prvni-etape-xv-agrotec-petronas-rally-jsou-v-cele-mares-s-hlouskem\/","og_locale":"en_GB","og_type":"article","og_title":"Po prvn\u00ed etap\u011b XV. Agrotec Petronas Rally jsou v \u010dele Mare\u0161 s Hlou\u0161kem | AGROTEC Petronas Rally","og_description":"Prvn\u00ed etapa leto\u0161n\u00ed XV. Agrotec Petronas Rally s sebou p\u0159inesla \u0159adu dramatick\u00fdch moment\u016f a neust\u00e1l\u00e9 zm\u011bny na \u010dele pr\u016fb\u011b\u017en\u00e9 absolutn\u00ed klasifikace sout\u011b\u017ee.","og_url":"https:\/\/www.agrotecrally.cz\/en\/rally-hustopece\/po-prvni-etape-xv-agrotec-petronas-rally-jsou-v-cele-mares-s-hlouskem\/","og_site_name":"AGROTEC Petronas Rally","article_publisher":"https:\/\/www.facebook.com\/agrotecrally","article_published_time":"2019-06-15T10:46:46+00:00","article_modified_time":"2021-03-25T13:27:32+00:00","og_image":[{"width":1973,"height":1317,"url":"https:\/\/www.agrotecrally.cz\/wp-content\/uploads\/2021\/03\/IMGP3869-Edit.jpg","type":"image\/jpeg"}],"author":"Tom\u00e1\u0161 Plach\u00fd","twitter_card":"summary_large_image","twitter_misc":{"Written by":"Tom\u00e1\u0161 Plach\u00fd","Estimated reading time":"2 minutes"},"schema":{"@context":"https:\/\/schema.org","@graph":[{"@type":"Article","@id":"https:\/\/www.agrotecrally.cz\/rally-hustopece\/po-prvni-etape-xv-agrotec-petronas-rally-jsou-v-cele-mares-s-hlouskem\/#article","isPartOf":{"@id":"https:\/\/www.agrotecrally.cz\/rally-hustopece\/po-prvni-etape-xv-agrotec-petronas-rally-jsou-v-cele-mares-s-hlouskem\/"},"author":{"name":"Tom\u00e1\u0161 Plach\u00fd","@id":"https:\/\/www.agrotecrally.cz\/#\/schema\/person\/38a02deaa1f019e278fc735d03d83f85"},"headline":"Po prvn\u00ed etap\u011b XV. Agrotec Petronas Rally jsou v \u010dele Mare\u0161 s Hlou\u0161kem","datePublished":"2019-06-15T10:46:46+00:00","dateModified":"2021-03-25T13:27:32+00:00","mainEntityOfPage":{"@id":"https:\/\/www.agrotecrally.cz\/rally-hustopece\/po-prvni-etape-xv-agrotec-petronas-rally-jsou-v-cele-mares-s-hlouskem\/"},"wordCount":373,"commentCount":0,"publisher":{"@id":"https:\/\/www.agrotecrally.cz\/#organization"},"articleSection":["AGROTEC rally Hustope\u010de"],"inLanguage":"en-GB","potentialAction":[{"@type":"CommentAction","name":"Comment","target":["https:\/\/www.agrotecrally.cz\/rally-hustopece\/po-prvni-etape-xv-agrotec-petronas-rally-jsou-v-cele-mares-s-hlouskem\/#respond"]}]},{"@type":"WebPage","@id":"https:\/\/www.agrotecrally.cz\/rally-hustopece\/po-prvni-etape-xv-agrotec-petronas-rally-jsou-v-cele-mares-s-hlouskem\/","url":"https:\/\/www.agrotecrally.cz\/rally-hustopece\/po-prvni-etape-xv-agrotec-petronas-rally-jsou-v-cele-mares-s-hlouskem\/","name":"Po prvn\u00ed etap\u011b XV. Agrotec Petronas Rally jsou v \u010dele Mare\u0161 s Hlou\u0161kem | AGROTEC Petronas Rally","isPartOf":{"@id":"https:\/\/www.agrotecrally.cz\/#website"},"datePublished":"2019-06-15T10:46:46+00:00","dateModified":"2021-03-25T13:27:32+00:00","breadcrumb":{"@id":"https:\/\/www.agrotecrally.cz\/rally-hustopece\/po-prvni-etape-xv-agrotec-petronas-rally-jsou-v-cele-mares-s-hlouskem\/#breadcrumb"},"inLanguage":"en-GB","potentialAction":[{"@type":"ReadAction","target":["https:\/\/www.agrotecrally.cz\/rally-hustopece\/po-prvni-etape-xv-agrotec-petronas-rally-jsou-v-cele-mares-s-hlouskem\/"]}]},{"@type":"BreadcrumbList","@id":"https:\/\/www.agrotecrally.cz\/rally-hustopece\/po-prvni-etape-xv-agrotec-petronas-rally-jsou-v-cele-mares-s-hlouskem\/#breadcrumb","itemListElement":[{"@type":"ListItem","position":1,"name":"Dom\u016f","item":"https:\/\/www.agrotecrally.cz\/"},{"@type":"ListItem","position":2,"name":"Po prvn\u00ed etap\u011b XV. Agrotec Petronas Rally jsou v \u010dele Mare\u0161 s Hlou\u0161kem"}]},{"@type":"WebSite","@id":"https:\/\/www.agrotecrally.cz\/#website","url":"https:\/\/www.agrotecrally.cz\/","name":"AGROTEC Petronas rally","description":"Rally mezi vinicemi","publisher":{"@id":"https:\/\/www.agrotecrally.cz\/#organization"},"potentialAction":[{"@type":"SearchAction","target":{"@type":"EntryPoint","urlTemplate":"https:\/\/www.agrotecrally.cz\/?s={search_term_string}"},"query-input":"required name=search_term_string"}],"inLanguage":"en-GB"},{"@type":"Organization","@id":"https:\/\/www.agrotecrally.cz\/#organization","name":"AGROTEC Petronas rally","url":"https:\/\/www.agrotecrally.cz\/","logo":{"@type":"ImageObject","inLanguage":"en-GB","@id":"https:\/\/www.agrotecrally.cz\/#\/schema\/logo\/image\/","url":"https:\/\/www.agrotecrally.cz\/wp-content\/uploads\/2021\/05\/AGROTEC-RALLY_16-01-web-2.png","contentUrl":"https:\/\/www.agrotecrally.cz\/wp-content\/uploads\/2021\/05\/AGROTEC-RALLY_16-01-web-2.png","width":459,"height":222,"caption":"AGROTEC Petronas rally"},"image":{"@id":"https:\/\/www.agrotecrally.cz\/#\/schema\/logo\/image\/"},"sameAs":["https:\/\/www.facebook.com\/agrotecrally"]},{"@type":"Person","@id":"https:\/\/www.agrotecrally.cz\/#\/schema\/person\/38a02deaa1f019e278fc735d03d83f85","name":"Tom\u00e1\u0161 Plach\u00fd","image":{"@type":"ImageObject","inLanguage":"en-GB","@id":"https:\/\/www.agrotecrally.cz\/#\/schema\/person\/image\/","url":"https:\/\/secure.gravatar.com\/avatar\/a7a68eee7fdb2b4f0975cdc024983e22?s=96&d=mm&r=g","contentUrl":"https:\/\/secure.gravatar.com\/avatar\/a7a68eee7fdb2b4f0975cdc024983e22?s=96&d=mm&r=g","caption":"Tom\u00e1\u0161 Plach\u00fd"},"url":"https:\/\/www.agrotecrally.cz\/en\/author\/topmediaseznam-cz\/"}]}},"_links":{"self":[{"href":"https:\/\/www.agrotecrally.cz\/en\/wp-json\/wp\/v2\/posts\/338"}],"collection":[{"href":"https:\/\/www.agrotecrally.cz\/en\/wp-json\/wp\/v2\/posts"}],"about":[{"href":"https:\/\/www.agrotecrally.cz\/en\/wp-json\/wp\/v2\/types\/post"}],"author":[{"embeddable":true,"href":"https:\/\/www.agrotecrally.cz\/en\/wp-json\/wp\/v2\/users\/2"}],"replies":[{"embeddable":true,"href":"https:\/\/www.agrotecrally.cz\/en\/wp-json\/wp\/v2\/comments?post=338"}],"version-history":[{"count":1,"href":"https:\/\/www.agrotecrally.cz\/en\/wp-json\/wp\/v2\/posts\/338\/revisions"}],"predecessor-version":[{"id":339,"href":"https:\/\/www.agrotecrally.cz\/en\/wp-json\/wp\/v2\/posts\/338\/revisions\/339"}],"wp:featuredmedia":[{"embeddable":true,"href":"https:\/\/www.agrotecrally.cz\/en\/wp-json\/wp\/v2\/media\/335"}],"wp:attachment":[{"href":"https:\/\/www.agrotecrally.cz\/en\/wp-json\/wp\/v2\/media?parent=338"}],"wp:term":[{"taxonomy":"category","embeddable":true,"href":"https:\/\/www.agrotecrally.cz\/en\/wp-json\/wp\/v2\/categories?post=338"},{"taxonomy":"post_tag","embeddable":true,"href":"https:\/\/www.agrotecrally.cz\/en\/wp-json\/wp\/v2\/tags?post=338"}],"curies":[{"name":"wp","href":"https:\/\/api.w.org\/{rel}","templated":true}]}}