{"id":3416,"date":"2024-06-14T17:30:47","date_gmt":"2024-06-14T16:30:47","guid":{"rendered":"https:\/\/www.agrotecrally.cz\/?p=3416"},"modified":"2024-06-14T17:36:06","modified_gmt":"2024-06-14T16:36:06","slug":"testovaci-zkouska-predznamenala-start-letosnich-hustopeci","status":"publish","type":"post","link":"https:\/\/www.agrotecrally.cz\/en\/rally-hustopece\/testovaci-zkouska-predznamenala-start-letosnich-hustopeci\/","title":{"rendered":"Testovac\u00ed zkou\u0161ka p\u0159edznamenala start leto\u0161n\u00edch Hustope\u010d\u00ed"},"content":{"rendered":"<p>T\u0159i pr\u016fjezdy sta\u010dily Janu Kopeck\u00e9mu k zajet\u00ed t\u0159et\u00edho nejlep\u0161\u00edho \u010dasu (+0.8 s), spokojen s pocity ze sv\u00e9ho sout\u011b\u017en\u00edho vozu byl i \u010dtvrt\u00fd Adam B\u0159ez\u00edk (+1.6 s), kter\u00fd si sv\u016fj nejrychlej\u0161\u00ed \u010das zapsal ji\u017e p\u0159i druh\u00e9m ze t\u0159\u00ed m\u011b\u0159en\u00fdch pr\u016fjezd\u016f. P\u00e1t\u00fd nejlep\u0161\u00ed v\u00fdkon na testovac\u00ed zkou\u0161ce zaznamenal Ale\u0161 Jir\u00e1sek (+2.5 s) p\u0159ed V\u011broslavem Cvr\u010dkem (+3.0 s).<\/p>\n<p>V p\u00e1te\u010dn\u00ed prvn\u00ed etap\u011b \u010dek\u00e1 na sout\u011b\u017e\u00edc\u00ed celkem \u0161estice rychlostn\u00edch test\u016f v celkov\u00e9 d\u00e9lce 70.5 km. Na start leto\u0161n\u00ed rally mezi vinicemi bylo po technick\u00fdch p\u0159ej\u00edmk\u00e1ch p\u0159evzato celkem 89 pos\u00e1dek soudob\u00e9ho i historick\u00e9ho startovn\u00edho pole.<\/p>\n<p><strong>Ohlasy jezdc\u016f po shakedownu:<\/strong><\/p>\n<p>Jan Kopeck\u00fd (st.\u010d. 2, \u0160koda Fabia RS Rally2): <strong><em>&#8222;Jsme nachystan\u00ed co nejl\u00e9pe jako na ka\u017edou sout\u011b\u017e. Ka\u017edop\u00e1dn\u011b se na to ale t\u011b\u0161\u00edme, proto\u017ee ti mlad\u00ed kluci jedou pekeln\u011b rychle a ty vz\u00e1jemn\u00e9 souboje mus\u00ed div\u00e1ky bavit. N\u00e1s osobn\u011b bav\u00ed extr\u00e9mn\u011b a v\u0161ichni m\u016f\u017eeme b\u00fdt jen r\u00e1di, \u017ee m\u00e1me v na\u0161em mistrovstv\u00ed takov\u00e9to soupe\u0159en\u00ed. Pokud jde o Hustope\u010de, i po v\u0161ech t\u011bch letech zku\u0161enost\u00ed tady \u010dlov\u011bka m\u016f\u017ee na trati n\u011bco p\u0159ekvapit, kdekoliv a cokoliv. Mus\u00edte b\u00fdt opravdu v ka\u017ed\u00e9m okam\u017eiku stoprocentn\u011b soust\u0159ed\u011bn\u00ed.&#8220;<\/em><\/strong><\/p>\n<p>V\u00e1clav Pech (st.\u010d. 3, Ford Focus WRC): <strong><em>&#8222;Douf\u00e1m, \u017ee jsme dob\u0159e p\u0159ipraveni. Hustope\u010de m\u00e1me moc r\u00e1di, pova\u017euji to tady za jednu z posledn\u00edch opravdov\u00fdch rally, kde se mus\u00ed tro\u0161ku improvizovat. Cesty se stra\u0161n\u011b m\u011bn\u00ed, je tu \u0161otolina, pr\u00e1\u0161\u00ed se, katuje se. Opravdu se na to t\u011b\u0161\u00edm, p\u0159esto k tomu ale p\u0159istupuji s obrovsk\u00fdm respektem. Sebemen\u0161\u00ed chyba nebo vyjet\u00ed z ide\u00e1ln\u00ed stopy t\u0159eba jen o centimetr znamen\u00e1 opustit cestu a bojovat s t\u00edm, v lep\u0161\u00edm p\u0159\u00edpad\u011b skon\u010d\u00edte ve vinici, v hor\u0161\u00edm v lese. Nov\u00fd \u00fasek na posledn\u00ed zkou\u0161ce mi \u00fapln\u011b nezapad\u00e1 do rytmu zbytku rally, ale m\u00e1me to v\u0161ichni stejn\u00e9 a n\u011bjak se s t\u00edm popasujeme.&#8220;<\/em><\/strong><\/p>\n<p>Dominik St\u0159\u00edtesk\u00fd (st.\u010d. 4, \u0160koda Fabia RS Rally2): <strong><em>&#8222;Shakedown byl p\u011bkn\u00fd a uv\u00edtali jsme, \u017ee bylo sucho, proto\u017ee test p\u0159ed sout\u011b\u017e\u00ed jsme m\u011bli na vod\u011b. Zat\u00edm to jsou klasick\u00e9 Hustope\u010de, tak uvid\u00edme, co n\u00e1m p\u0159inesou letos. Je super, \u017ee je n\u00e1s letos na \u0161pi\u010dce v\u00fdsledkov\u00e9 listiny v\u00edc, rozhodn\u011b lep\u0161\u00ed, ne\u017e aby mezi n\u00e1mi byly n\u011bjak\u00e9 p\u016flminutov\u00e9 odstupy. Ur\u010dit\u011b se ale navz\u00e1jem n\u011bjak nehecujeme. \u010cek\u00e1me, \u017ee se bude op\u011bt bojovat o vte\u0159inky, tak\u017ee jsme zv\u011bdav\u00ed, jak si povedeme. P\u0159eci jen to nen\u00ed \u00fapln\u011b &#8218;na\u0161e&#8216; sout\u011b\u017e. Tak jako na Krumlov\u011b, i tady se t\u011b\u0161\u00edme na no\u010dn\u00ed zkou\u0161ky. Letos je tu snad jen jeden no\u010dn\u00ed \u0161otolinov\u00fd \u00fasek a jede se po dvou minut\u00e1ch, tak\u017ee by m\u011blo b\u00fdt v\u0161e v pohod\u011b.&#8220;<\/em><\/strong><\/p>\n<p>Erik Cais (st.\u010d. 5, \u0160koda Fabia RS Rally2): <strong><em>&#8222;Z prvn\u00edch dvou pr\u016fjezd\u016f shakedownem jsem nebyl nad\u0161en\u00fd, ale pak se n\u00e1m povedlo zjistit, kde byla chybi\u010dka a douf\u00e1m, \u017ee nastaven\u00ed vozu bude dobr\u00e9. Auto ka\u017edop\u00e1dn\u011b funguje skv\u011ble. Rychlostn\u00ed zkou\u0161ky jsou moc kr\u00e1sn\u00e9, hlavn\u011b ty techni\u010dt\u011bj\u0161\u00ed \u00faseky. Je tu samoz\u0159ejm\u011b hodn\u011b rovin, tak\u017ee mus\u00ed \u010dlov\u011bk p\u0159em\u00fd\u0161let nad ka\u017edou zat\u00e1\u010dkou, aby m\u011bl co mo\u017en\u00e1 nejv\u011bt\u0161\u00ed rychlost. Bude to hodn\u011b o detailech. Na zkou\u0161ky za tmy se moc t\u011b\u0161\u00edm, pat\u0159\u00ed to k rally a za mn\u011b \u010d\u00edm v\u00edc no\u010dn\u00edch zkou\u0161ek, t\u00edm l\u00e9pe.&#8220;<\/em><\/strong><\/p>\n<p>Adam B\u0159ez\u00edk (st.\u010d. 6, \u0160koda Fabia RS Rally2): <strong><em>&#8222;Se shakedownem jsme spokojen\u00ed. Vyzkou\u0161eli jsme co bylo pot\u0159eba a v\u0161e je v pohod\u011b. Na Hustope\u010d\u00edch bychom se r\u00e1di posunuli v\u00fd\u0161 v hodnocen\u00ed mistrovstv\u00ed i v r\u00e1mci na\u0161ich dosavadn\u00edch v\u00fdsledk\u016f na t\u00e9to sout\u011b\u017ei. Ud\u011bl\u00e1me pro to maximum. Pokud jde o nov\u00e9 \u00faseky, na Starovic\u00edch by se mohlo v ur\u010dit\u00fdch ohledech rozhodovat, je to nov\u00e9 pro v\u0161echny a v\u016fbec ne jednoduch\u00e9. Nav\u00edc je to trochu jin\u00e9 ne\u017e zbytek sout\u011b\u017ee, tak\u017ee se tam m\u016f\u017ee l\u00e1mat chleba.&#8220;<\/em><\/strong><\/p>\n<p>AGROTEC PETRONAS rally Hustope\u010de 2024, tiskov\u00fd servis<br \/>\nJan Va\u0161kovi\u010d<\/p>","protected":false},"excerpt":{"rendered":"<p>T\u0159i pr\u016fjezdy sta\u010dily Janu Kopeck\u00e9mu k zajet\u00ed t\u0159et\u00edho nejlep\u0161\u00edho \u010dasu (+0.8 s), spokojen s pocity ze sv\u00e9ho sout\u011b\u017en\u00edho vozu byl i \u010dtvrt\u00fd Adam B\u0159ez\u00edk (+1.6 s), kter\u00fd si sv\u016fj nejrychlej\u0161\u00ed \u010das zapsal ji\u017e p\u0159i druh\u00e9m ze t\u0159\u00ed m\u011b\u0159en\u00fdch pr\u016fjezd\u016f. P\u00e1t\u00fd nejlep\u0161\u00ed v\u00fdkon na testovac\u00ed zkou\u0161ce zaznamenal Ale\u0161 Jir\u00e1sek (+2.5 s) p\u0159ed V\u011broslavem Cvr\u010dkem (+3.0 s). [&hellip;]<\/p>","protected":false},"author":2,"featured_media":3417,"comment_status":"open","ping_status":"open","sticky":false,"template":"","format":"standard","meta":{"_et_pb_use_builder":"","_et_pb_old_content":"","_et_gb_content_width":"","footnotes":""},"categories":[10],"tags":[],"yoast_head":"<!-- This site is optimized with the Yoast SEO plugin v21.9.1 - https:\/\/yoast.com\/wordpress\/plugins\/seo\/ -->\n<title>Testovac\u00ed zkou\u0161ka p\u0159edznamenala start leto\u0161n\u00edch Hustope\u010d\u00ed | AGROTEC Petronas Rally<\/title>\n<meta name=\"robots\" content=\"index, follow, max-snippet:-1, max-image-preview:large, max-video-preview:-1\" \/>\n<link rel=\"canonical\" href=\"https:\/\/www.agrotecrally.cz\/en\/rally-hustopece\/testovaci-zkouska-predznamenala-start-letosnich-hustopeci\/\" \/>\n<meta property=\"og:locale\" content=\"en_GB\" \/>\n<meta property=\"og:type\" content=\"article\" \/>\n<meta property=\"og:title\" content=\"Testovac\u00ed zkou\u0161ka p\u0159edznamenala start leto\u0161n\u00edch Hustope\u010d\u00ed | AGROTEC Petronas Rally\" \/>\n<meta property=\"og:description\" content=\"T\u0159i pr\u016fjezdy sta\u010dily Janu Kopeck\u00e9mu k zajet\u00ed t\u0159et\u00edho nejlep\u0161\u00edho \u010dasu (+0.8 s), spokojen s pocity ze sv\u00e9ho sout\u011b\u017en\u00edho vozu byl i \u010dtvrt\u00fd Adam B\u0159ez\u00edk (+1.6 s), kter\u00fd si sv\u016fj nejrychlej\u0161\u00ed \u010das zapsal ji\u017e p\u0159i druh\u00e9m ze t\u0159\u00ed m\u011b\u0159en\u00fdch pr\u016fjezd\u016f. P\u00e1t\u00fd nejlep\u0161\u00ed v\u00fdkon na testovac\u00ed zkou\u0161ce zaznamenal Ale\u0161 Jir\u00e1sek (+2.5 s) p\u0159ed V\u011broslavem Cvr\u010dkem (+3.0 s). [&hellip;]\" \/>\n<meta property=\"og:url\" content=\"https:\/\/www.agrotecrally.cz\/en\/rally-hustopece\/testovaci-zkouska-predznamenala-start-letosnich-hustopeci\/\" \/>\n<meta property=\"og:site_name\" content=\"AGROTEC Petronas Rally\" \/>\n<meta property=\"article:publisher\" content=\"https:\/\/www.facebook.com\/agrotecrally\" \/>\n<meta property=\"article:published_time\" content=\"2024-06-14T16:30:47+00:00\" \/>\n<meta property=\"article:modified_time\" content=\"2024-06-14T16:36:06+00:00\" \/>\n<meta property=\"og:image\" content=\"https:\/\/www.agrotecrally.cz\/wp-content\/uploads\/2024\/06\/kopecky_start_web.jpg\" \/>\n\t<meta property=\"og:image:width\" content=\"980\" \/>\n\t<meta property=\"og:image:height\" content=\"653\" \/>\n\t<meta property=\"og:image:type\" content=\"image\/jpeg\" \/>\n<meta name=\"author\" content=\"Tom\u00e1\u0161 Plach\u00fd\" \/>\n<meta name=\"twitter:card\" content=\"summary_large_image\" \/>\n<meta name=\"twitter:label1\" content=\"Written by\" \/>\n\t<meta name=\"twitter:data1\" content=\"Tom\u00e1\u0161 Plach\u00fd\" \/>\n\t<meta name=\"twitter:label2\" content=\"Estimated reading time\" \/>\n\t<meta name=\"twitter:data2\" content=\"4 minutes\" \/>\n<script type=\"application\/ld+json\" class=\"yoast-schema-graph\">{\"@context\":\"https:\/\/schema.org\",\"@graph\":[{\"@type\":\"Article\",\"@id\":\"https:\/\/www.agrotecrally.cz\/rally-hustopece\/testovaci-zkouska-predznamenala-start-letosnich-hustopeci\/#article\",\"isPartOf\":{\"@id\":\"https:\/\/www.agrotecrally.cz\/rally-hustopece\/testovaci-zkouska-predznamenala-start-letosnich-hustopeci\/\"},\"author\":{\"name\":\"Tom\u00e1\u0161 Plach\u00fd\",\"@id\":\"https:\/\/www.agrotecrally.cz\/#\/schema\/person\/38a02deaa1f019e278fc735d03d83f85\"},\"headline\":\"Testovac\u00ed zkou\u0161ka p\u0159edznamenala start leto\u0161n\u00edch Hustope\u010d\u00ed\",\"datePublished\":\"2024-06-14T16:30:47+00:00\",\"dateModified\":\"2024-06-14T16:36:06+00:00\",\"mainEntityOfPage\":{\"@id\":\"https:\/\/www.agrotecrally.cz\/rally-hustopece\/testovaci-zkouska-predznamenala-start-letosnich-hustopeci\/\"},\"wordCount\":771,\"commentCount\":0,\"publisher\":{\"@id\":\"https:\/\/www.agrotecrally.cz\/#organization\"},\"articleSection\":[\"AGROTEC rally Hustope\u010de\"],\"inLanguage\":\"en-GB\",\"potentialAction\":[{\"@type\":\"CommentAction\",\"name\":\"Comment\",\"target\":[\"https:\/\/www.agrotecrally.cz\/rally-hustopece\/testovaci-zkouska-predznamenala-start-letosnich-hustopeci\/#respond\"]}]},{\"@type\":\"WebPage\",\"@id\":\"https:\/\/www.agrotecrally.cz\/rally-hustopece\/testovaci-zkouska-predznamenala-start-letosnich-hustopeci\/\",\"url\":\"https:\/\/www.agrotecrally.cz\/rally-hustopece\/testovaci-zkouska-predznamenala-start-letosnich-hustopeci\/\",\"name\":\"Testovac\u00ed zkou\u0161ka p\u0159edznamenala start leto\u0161n\u00edch Hustope\u010d\u00ed | AGROTEC Petronas Rally\",\"isPartOf\":{\"@id\":\"https:\/\/www.agrotecrally.cz\/#website\"},\"datePublished\":\"2024-06-14T16:30:47+00:00\",\"dateModified\":\"2024-06-14T16:36:06+00:00\",\"breadcrumb\":{\"@id\":\"https:\/\/www.agrotecrally.cz\/rally-hustopece\/testovaci-zkouska-predznamenala-start-letosnich-hustopeci\/#breadcrumb\"},\"inLanguage\":\"en-GB\",\"potentialAction\":[{\"@type\":\"ReadAction\",\"target\":[\"https:\/\/www.agrotecrally.cz\/rally-hustopece\/testovaci-zkouska-predznamenala-start-letosnich-hustopeci\/\"]}]},{\"@type\":\"BreadcrumbList\",\"@id\":\"https:\/\/www.agrotecrally.cz\/rally-hustopece\/testovaci-zkouska-predznamenala-start-letosnich-hustopeci\/#breadcrumb\",\"itemListElement\":[{\"@type\":\"ListItem\",\"position\":1,\"name\":\"Dom\u016f\",\"item\":\"https:\/\/www.agrotecrally.cz\/\"},{\"@type\":\"ListItem\",\"position\":2,\"name\":\"Testovac\u00ed zkou\u0161ka p\u0159edznamenala start leto\u0161n\u00edch Hustope\u010d\u00ed\"}]},{\"@type\":\"WebSite\",\"@id\":\"https:\/\/www.agrotecrally.cz\/#website\",\"url\":\"https:\/\/www.agrotecrally.cz\/\",\"name\":\"AGROTEC Petronas rally\",\"description\":\"Rally mezi vinicemi\",\"publisher\":{\"@id\":\"https:\/\/www.agrotecrally.cz\/#organization\"},\"potentialAction\":[{\"@type\":\"SearchAction\",\"target\":{\"@type\":\"EntryPoint\",\"urlTemplate\":\"https:\/\/www.agrotecrally.cz\/?s={search_term_string}\"},\"query-input\":\"required name=search_term_string\"}],\"inLanguage\":\"en-GB\"},{\"@type\":\"Organization\",\"@id\":\"https:\/\/www.agrotecrally.cz\/#organization\",\"name\":\"AGROTEC Petronas rally\",\"url\":\"https:\/\/www.agrotecrally.cz\/\",\"logo\":{\"@type\":\"ImageObject\",\"inLanguage\":\"en-GB\",\"@id\":\"https:\/\/www.agrotecrally.cz\/#\/schema\/logo\/image\/\",\"url\":\"https:\/\/www.agrotecrally.cz\/wp-content\/uploads\/2021\/05\/AGROTEC-RALLY_16-01-web-2.png\",\"contentUrl\":\"https:\/\/www.agrotecrally.cz\/wp-content\/uploads\/2021\/05\/AGROTEC-RALLY_16-01-web-2.png\",\"width\":459,\"height\":222,\"caption\":\"AGROTEC Petronas rally\"},\"image\":{\"@id\":\"https:\/\/www.agrotecrally.cz\/#\/schema\/logo\/image\/\"},\"sameAs\":[\"https:\/\/www.facebook.com\/agrotecrally\"]},{\"@type\":\"Person\",\"@id\":\"https:\/\/www.agrotecrally.cz\/#\/schema\/person\/38a02deaa1f019e278fc735d03d83f85\",\"name\":\"Tom\u00e1\u0161 Plach\u00fd\",\"image\":{\"@type\":\"ImageObject\",\"inLanguage\":\"en-GB\",\"@id\":\"https:\/\/www.agrotecrally.cz\/#\/schema\/person\/image\/\",\"url\":\"https:\/\/secure.gravatar.com\/avatar\/a7a68eee7fdb2b4f0975cdc024983e22?s=96&d=mm&r=g\",\"contentUrl\":\"https:\/\/secure.gravatar.com\/avatar\/a7a68eee7fdb2b4f0975cdc024983e22?s=96&d=mm&r=g\",\"caption\":\"Tom\u00e1\u0161 Plach\u00fd\"},\"url\":\"https:\/\/www.agrotecrally.cz\/en\/author\/topmediaseznam-cz\/\"}]}<\/script>\n<!-- \/ Yoast SEO plugin. -->","yoast_head_json":{"title":"Testovac\u00ed zkou\u0161ka p\u0159edznamenala start leto\u0161n\u00edch Hustope\u010d\u00ed | AGROTEC Petronas Rally","robots":{"index":"index","follow":"follow","max-snippet":"max-snippet:-1","max-image-preview":"max-image-preview:large","max-video-preview":"max-video-preview:-1"},"canonical":"https:\/\/www.agrotecrally.cz\/en\/rally-hustopece\/testovaci-zkouska-predznamenala-start-letosnich-hustopeci\/","og_locale":"en_GB","og_type":"article","og_title":"Testovac\u00ed zkou\u0161ka p\u0159edznamenala start leto\u0161n\u00edch Hustope\u010d\u00ed | AGROTEC Petronas Rally","og_description":"T\u0159i pr\u016fjezdy sta\u010dily Janu Kopeck\u00e9mu k zajet\u00ed t\u0159et\u00edho nejlep\u0161\u00edho \u010dasu (+0.8 s), spokojen s pocity ze sv\u00e9ho sout\u011b\u017en\u00edho vozu byl i \u010dtvrt\u00fd Adam B\u0159ez\u00edk (+1.6 s), kter\u00fd si sv\u016fj nejrychlej\u0161\u00ed \u010das zapsal ji\u017e p\u0159i druh\u00e9m ze t\u0159\u00ed m\u011b\u0159en\u00fdch pr\u016fjezd\u016f. P\u00e1t\u00fd nejlep\u0161\u00ed v\u00fdkon na testovac\u00ed zkou\u0161ce zaznamenal Ale\u0161 Jir\u00e1sek (+2.5 s) p\u0159ed V\u011broslavem Cvr\u010dkem (+3.0 s). [&hellip;]","og_url":"https:\/\/www.agrotecrally.cz\/en\/rally-hustopece\/testovaci-zkouska-predznamenala-start-letosnich-hustopeci\/","og_site_name":"AGROTEC Petronas Rally","article_publisher":"https:\/\/www.facebook.com\/agrotecrally","article_published_time":"2024-06-14T16:30:47+00:00","article_modified_time":"2024-06-14T16:36:06+00:00","og_image":[{"width":980,"height":653,"url":"https:\/\/www.agrotecrally.cz\/wp-content\/uploads\/2024\/06\/kopecky_start_web.jpg","type":"image\/jpeg"}],"author":"Tom\u00e1\u0161 Plach\u00fd","twitter_card":"summary_large_image","twitter_misc":{"Written by":"Tom\u00e1\u0161 Plach\u00fd","Estimated reading time":"4 minutes"},"schema":{"@context":"https:\/\/schema.org","@graph":[{"@type":"Article","@id":"https:\/\/www.agrotecrally.cz\/rally-hustopece\/testovaci-zkouska-predznamenala-start-letosnich-hustopeci\/#article","isPartOf":{"@id":"https:\/\/www.agrotecrally.cz\/rally-hustopece\/testovaci-zkouska-predznamenala-start-letosnich-hustopeci\/"},"author":{"name":"Tom\u00e1\u0161 Plach\u00fd","@id":"https:\/\/www.agrotecrally.cz\/#\/schema\/person\/38a02deaa1f019e278fc735d03d83f85"},"headline":"Testovac\u00ed zkou\u0161ka p\u0159edznamenala start leto\u0161n\u00edch Hustope\u010d\u00ed","datePublished":"2024-06-14T16:30:47+00:00","dateModified":"2024-06-14T16:36:06+00:00","mainEntityOfPage":{"@id":"https:\/\/www.agrotecrally.cz\/rally-hustopece\/testovaci-zkouska-predznamenala-start-letosnich-hustopeci\/"},"wordCount":771,"commentCount":0,"publisher":{"@id":"https:\/\/www.agrotecrally.cz\/#organization"},"articleSection":["AGROTEC rally Hustope\u010de"],"inLanguage":"en-GB","potentialAction":[{"@type":"CommentAction","name":"Comment","target":["https:\/\/www.agrotecrally.cz\/rally-hustopece\/testovaci-zkouska-predznamenala-start-letosnich-hustopeci\/#respond"]}]},{"@type":"WebPage","@id":"https:\/\/www.agrotecrally.cz\/rally-hustopece\/testovaci-zkouska-predznamenala-start-letosnich-hustopeci\/","url":"https:\/\/www.agrotecrally.cz\/rally-hustopece\/testovaci-zkouska-predznamenala-start-letosnich-hustopeci\/","name":"Testovac\u00ed zkou\u0161ka p\u0159edznamenala start leto\u0161n\u00edch Hustope\u010d\u00ed | AGROTEC Petronas Rally","isPartOf":{"@id":"https:\/\/www.agrotecrally.cz\/#website"},"datePublished":"2024-06-14T16:30:47+00:00","dateModified":"2024-06-14T16:36:06+00:00","breadcrumb":{"@id":"https:\/\/www.agrotecrally.cz\/rally-hustopece\/testovaci-zkouska-predznamenala-start-letosnich-hustopeci\/#breadcrumb"},"inLanguage":"en-GB","potentialAction":[{"@type":"ReadAction","target":["https:\/\/www.agrotecrally.cz\/rally-hustopece\/testovaci-zkouska-predznamenala-start-letosnich-hustopeci\/"]}]},{"@type":"BreadcrumbList","@id":"https:\/\/www.agrotecrally.cz\/rally-hustopece\/testovaci-zkouska-predznamenala-start-letosnich-hustopeci\/#breadcrumb","itemListElement":[{"@type":"ListItem","position":1,"name":"Dom\u016f","item":"https:\/\/www.agrotecrally.cz\/"},{"@type":"ListItem","position":2,"name":"Testovac\u00ed zkou\u0161ka p\u0159edznamenala start leto\u0161n\u00edch Hustope\u010d\u00ed"}]},{"@type":"WebSite","@id":"https:\/\/www.agrotecrally.cz\/#website","url":"https:\/\/www.agrotecrally.cz\/","name":"AGROTEC Petronas rally","description":"Rally mezi vinicemi","publisher":{"@id":"https:\/\/www.agrotecrally.cz\/#organization"},"potentialAction":[{"@type":"SearchAction","target":{"@type":"EntryPoint","urlTemplate":"https:\/\/www.agrotecrally.cz\/?s={search_term_string}"},"query-input":"required name=search_term_string"}],"inLanguage":"en-GB"},{"@type":"Organization","@id":"https:\/\/www.agrotecrally.cz\/#organization","name":"AGROTEC Petronas rally","url":"https:\/\/www.agrotecrally.cz\/","logo":{"@type":"ImageObject","inLanguage":"en-GB","@id":"https:\/\/www.agrotecrally.cz\/#\/schema\/logo\/image\/","url":"https:\/\/www.agrotecrally.cz\/wp-content\/uploads\/2021\/05\/AGROTEC-RALLY_16-01-web-2.png","contentUrl":"https:\/\/www.agrotecrally.cz\/wp-content\/uploads\/2021\/05\/AGROTEC-RALLY_16-01-web-2.png","width":459,"height":222,"caption":"AGROTEC Petronas rally"},"image":{"@id":"https:\/\/www.agrotecrally.cz\/#\/schema\/logo\/image\/"},"sameAs":["https:\/\/www.facebook.com\/agrotecrally"]},{"@type":"Person","@id":"https:\/\/www.agrotecrally.cz\/#\/schema\/person\/38a02deaa1f019e278fc735d03d83f85","name":"Tom\u00e1\u0161 Plach\u00fd","image":{"@type":"ImageObject","inLanguage":"en-GB","@id":"https:\/\/www.agrotecrally.cz\/#\/schema\/person\/image\/","url":"https:\/\/secure.gravatar.com\/avatar\/a7a68eee7fdb2b4f0975cdc024983e22?s=96&d=mm&r=g","contentUrl":"https:\/\/secure.gravatar.com\/avatar\/a7a68eee7fdb2b4f0975cdc024983e22?s=96&d=mm&r=g","caption":"Tom\u00e1\u0161 Plach\u00fd"},"url":"https:\/\/www.agrotecrally.cz\/en\/author\/topmediaseznam-cz\/"}]}},"_links":{"self":[{"href":"https:\/\/www.agrotecrally.cz\/en\/wp-json\/wp\/v2\/posts\/3416"}],"collection":[{"href":"https:\/\/www.agrotecrally.cz\/en\/wp-json\/wp\/v2\/posts"}],"about":[{"href":"https:\/\/www.agrotecrally.cz\/en\/wp-json\/wp\/v2\/types\/post"}],"author":[{"embeddable":true,"href":"https:\/\/www.agrotecrally.cz\/en\/wp-json\/wp\/v2\/users\/2"}],"replies":[{"embeddable":true,"href":"https:\/\/www.agrotecrally.cz\/en\/wp-json\/wp\/v2\/comments?post=3416"}],"version-history":[{"count":4,"href":"https:\/\/www.agrotecrally.cz\/en\/wp-json\/wp\/v2\/posts\/3416\/revisions"}],"predecessor-version":[{"id":3421,"href":"https:\/\/www.agrotecrally.cz\/en\/wp-json\/wp\/v2\/posts\/3416\/revisions\/3421"}],"wp:featuredmedia":[{"embeddable":true,"href":"https:\/\/www.agrotecrally.cz\/en\/wp-json\/wp\/v2\/media\/3417"}],"wp:attachment":[{"href":"https:\/\/www.agrotecrally.cz\/en\/wp-json\/wp\/v2\/media?parent=3416"}],"wp:term":[{"taxonomy":"category","embeddable":true,"href":"https:\/\/www.agrotecrally.cz\/en\/wp-json\/wp\/v2\/categories?post=3416"},{"taxonomy":"post_tag","embeddable":true,"href":"https:\/\/www.agrotecrally.cz\/en\/wp-json\/wp\/v2\/tags?post=3416"}],"curies":[{"name":"wp","href":"https:\/\/api.w.org\/{rel}","templated":true}]}}