{"id":343,"date":"2019-06-15T11:48:31","date_gmt":"2019-06-15T10:48:31","guid":{"rendered":"http:\/\/agrotecrally.marekmusil.cz\/?p=343"},"modified":"2021-03-25T14:42:44","modified_gmt":"2021-03-25T13:42:44","slug":"ohlasy-jezdcu-po-rz-7","status":"publish","type":"post","link":"https:\/\/www.agrotecrally.cz\/en\/rally-hustopece\/ohlasy-jezdcu-po-rz-7\/","title":{"rendered":"Ohlasy jezdc\u016f po RZ 7"},"content":{"rendered":"<p><em>P\u0159edposledn\u00ed sekci leto\u0161n\u00ed Agrotec Petronas Rally uzav\u0159el nejrychlej\u0161\u00edm \u010dasem na nejdel\u0161\u00ed zkou\u0161ce sout\u011b\u017ee Filip Mare\u0161 p\u0159ed Janem \u010cern\u00fdm a Miroslavem Jake\u0161em. Trojl\u00edstek jezdc\u016f na vozech \u0160koda Fabia R5 pak ve stejn\u00e9m po\u0159ad\u00ed z\u00e1rove\u0148 figuroval po RZ 7 na \u010dele pr\u016fb\u011b\u017en\u00e9 absolutn\u00ed klasifikace sout\u011b\u017ee.<\/em><\/p>\n<p><em>Asi nejv\u011bt\u0161\u00edm smola\u0159em rally je prozat\u00edm V\u00e1clav Pech, kter\u00fd posledn\u00edm dopoledn\u00edm testu dostal defekt a musel m\u011bnit kolo na trati rychlostn\u00ed zkou\u0161ky. Pilot Fordu Fiesta R5 tak klesnul a\u017e na \u010dtrn\u00e1ctou p\u0159\u00ed\u010dku absolutn\u011b.<\/em><\/p>\n<p><strong>Filip Mare\u0161 (\u0160koda Fabia R5, st.\u010d. 2):<\/strong><br \/>\n&#8222;Nezb\u00fdv\u00e1 n\u00e1m ne\u017e jet rychle. Je sucho, v\u0161ichni do toho jdou a ka\u017ed\u00fd se sna\u017e\u00ed urvat co nejlep\u0161\u00ed v\u00fdsledek. My samoz\u0159ejm\u011b taky. Ur\u010dit\u011b by se je\u0161t\u011b daly naj\u00edt rezervy. Prvn\u00ed rann\u00ed erzetu jsem jel mo\u017en\u00e1 m\u00edsty a\u017e vla\u017en\u011b, dvojku jsme zajeli jak jsme cht\u011bli. Na trojce jsem na t\u00e9 \u0161otolin\u011b byl m\u00edsty zbyte\u010dn\u011b rozevl\u00e1t\u00fd. Je to samoz\u0159ejm\u011b adrenalin. Auto i t\u00fdm funguj\u00ed skv\u011ble, tak\u017ee se jim to sna\u017e\u00edme nepokazit a jedeme dop\u0159edu.&#8220;<\/p>\n<p><strong>Jan \u010cern\u00fd (\u0160koda Fabia R5, st.\u010d. 4): <\/strong><br \/>\n&#8222;Jede se opravdu moc rychle. Filip jede kr\u00e1sn\u011b a ned\u011bl\u00e1 chyby, o n\u00e1s se to \u0159\u00edct ned\u00e1. Ob\u010das couv\u00e1me, ob\u010das jedeme p\u0159\u00edkopem. Na posledn\u00ed zkou\u0161ce jsme ztratili n\u00e1razn\u00edk, byla to takov\u00e1 ro\u010dn\u00ed d\u00e1vka kriz\u00ed. Neklou\u017ee to ale v\u00edc ne\u017e v\u010dera, aspo\u0148 tedy na asfaltu. Mo\u017en\u00e1 jen na m\u00edstech, kde je napr\u00e1\u0161eno.&#8220;<\/p>\n<p><strong>Miroslav Jake\u0161 (\u0160koda Fabia R5, st.\u010d. 7): <\/strong><br \/>\n&#8222;Jede se stra\u0161n\u011b rychle. Na Starovic\u00edch jsem zest\u00e1rnul snad o deset let, v ka\u017ed\u00e9 zat\u00e1\u010dce krize na brzdy a smrt v o\u010d\u00edch, aby to vy\u0161lo. Pak jsem nedobrzdil jednu odbo\u010dku, te\u010f jsem zase jel co to \u0161lo. Hrozn\u00e9 tempo. Je to dobr\u00e9 pro div\u00e1ky i pro n\u00e1s, ale hlavn\u011b aby se nikomu nic nestalo. Chceme b\u00fdt na bedn\u011b, tak\u017ee mus\u00edme jet d\u00e1l.&#8220;<\/p>\n<p><strong>V\u00e1clav Pech (Ford Fiesta R5, st.\u010d. 3): <\/strong><br \/>\n&#8222;\u0160krtnul jsem ve velk\u00e9 rychlosti o protikatovac\u00ed z\u00e1branu, urazili jsme p\u016flku r\u00e1fku a museli to vym\u011bnit na trati. Jednozna\u010dn\u011b moje chyba, \u0161koda. Nem\u016f\u017eu \u0159\u00edct, \u017ee bych byl frustrovan\u00fd, prost\u011b n\u00e1m tenhle z\u00e1vod nevy\u0161el. Ani jedna sekce nebyla bez probl\u00e9m\u016f.&#8220;<\/p>\n<p><strong>Grzegorz Grzyb (\u0160koda Fabia R5, st.\u010d. 5): <\/strong><br \/>\n&#8222;Dneska n\u00e1m to \u00fapln\u011b nejde. Na Starovic\u00edch jsme hodn\u011b dostali, dvojka byla lep\u0161\u00ed, ale na posledn\u00ed zkou\u0161ce jsme te\u010f byli asi p\u011bt kilometr\u016f po startu mimo tra\u0165 a z\u016fstali tam viset. Autu se ale na\u0161t\u011bst\u00ed nic nestalo, m\u016f\u017eeme bojovat d\u00e1l.&#8220;<\/p>\n<p><strong>Martin Ko\u010di (\u0160koda Fabia R5, st.\u010d. 1): <\/strong><br \/>\n&#8222;Nejedeme zdaleka v takov\u00e9m tempu, jak bychom cht\u011bli. Pro n\u00e1s je podstatn\u00e9, \u017ee jsme ve slovensk\u00e9m mistrovstv\u00ed prvn\u00ed. V\u010dera jsme odstoupili, tak dnes je to pro n\u00e1s nov\u00fd den. Jsme necel\u00fdch 20 vte\u0159in p\u0159ed Grzybem. Nemus\u00edme tla\u010dit, sta\u010d\u00ed jet plynule a vyrovnan\u011b a udr\u017eovat si n\u00e1skok.&#8220;<\/p>\n<p><strong>Jan Dohnal (Ford Focus WRC, st.\u010d. 8): <\/strong><br \/>\n&#8222;Auto je cel\u00e9 a jsme tady, to je d\u016fle\u017eit\u00e9. Sout\u011b\u017e je n\u00e1ro\u010dn\u00e1, vzhledem k extr\u00e9mn\u00edmu po\u010das\u00ed. D\u011bl\u00e1me dost chyb a pot\u0159eboval bych se zklidnit, aby byla j\u00edzda plynulej\u0161\u00ed a p\u0159idaly se k tomu i lep\u0161\u00ed \u010dasy.&#8220;<\/p>\n<p><strong>Vojt\u011bch \u0160tajf (\u0160koda Fabia R5, st.\u010d. 6):<\/strong><br \/>\n&#8222;N\u00e1s to te\u010f nesm\u00edrn\u011b bav\u00ed, proto\u017ee Patrik Rujbr tady jede dob\u0159e a m\u00e1me o soupe\u0159e nav\u00edc, na to jsme nebyli zvykl\u00ed. Roman Odlo\u017eil\u00edk a Martin B\u0159ez\u00edk jsou na\u0161i tradi\u010dn\u00ed soupe\u0159i a u Honzy Dohnala je to podle profilu trat\u011b. V rychl\u00e9 RZ jako Starovick\u00e1 na n\u011bj nem\u00e1me. Je to t\u011bsn\u00e9, ale v\u0161echny chceme udr\u017eet za sebou. Po probl\u00e9mu Pecha jsme se celkov\u011b posunuli v\u00fd\u0161. Je\u0161t\u011b to bude n\u00e1ro\u010dn\u00e9, ale jsme spokojen\u00ed.&#8220;<\/p>\n<p><strong>Roman Odlo\u017eil\u00edk (\u0160koda Fabia R5, st.\u010d. 11):<\/strong><br \/>\n&#8222;Vep\u0159edu je to hodn\u011b nat\u011bsno, ale my bojujeme n\u011bkde okolo toho \u0161est\u00e9ho m\u00edsta. Ale aspo\u0148 m\u00e1me o co jet. Je to stra\u0161n\u011b t\u011b\u017ek\u00e9, m\u011bn\u00ed se podm\u00ednky, chv\u00edli to dr\u017e\u00ed, pak zase \u0161\u00edlen\u011b klou\u017ee. Z\u00e1vod je ale p\u011bkn\u00fd a l\u00edb\u00ed se mi. D\u011bl\u00e1m sice chyby, ale jedu jak um\u00edm.&#8220;<\/p>\n<p><strong>Patrik Rujbr (\u0160koda Fabia R5, st.\u010d. 19): <\/strong><br \/>\n&#8222;Druh\u00e1 zkou\u0161ka v sekci n\u00e1m sedla, proto ten dobr\u00fd \u010das. Dokonce v\u00edme, kde jsme mohli nahant tu vte\u0159inku, abychom ji vyhr\u00e1li a to n\u00e1s moc t\u011b\u0161\u00ed. Posledn\u00ed zkou\u0161ku jsme jeli s pokorou, je dlouh\u00e1, spousta \u0161otoliny hodn\u011b se pr\u00e1\u0161ilo. V lese nebylo m\u00edsty vid\u011bt a hodn\u011b jsme tam ztratili.&#8220;<\/p>\n<p><strong>Martin Vl\u010dek (Hyundai i20 R5, st.\u010d. 9): <\/strong><br \/>\n&#8222;Podle \u010das\u016f se n\u00e1m \u00fapln\u011b neda\u0159\u00ed. Jede se sice rychle, to je pravda, ale na druhou stranu, my se po\u0159\u00e1d nem\u016f\u017eeme trefit do v\u00fdb\u011bru pneumatik. Teploty \u0161ly hodn\u011b nahoru a my jsme vyrazili na m\u011bkk\u00fdch gum\u00e1ch, co\u017e nen\u00ed \u00fapln\u011b vhodn\u00e9. Te\u010f jsme zavadili o antikat a m\u00e1me praskl\u00fd r\u00e1fek, tak to mus\u00edme vym\u011bnit.&#8220;<\/p>\n<p><strong>Martin B\u0159ez\u00edk (\u0160koda Fabia R5, st.\u010d. 18): <\/strong><br \/>\n&#8222;Kluci jedou hrozn\u011b rychle, ale my se dnes n\u011bjak nem\u016f\u017eeme dostat do tempa. Po\u0159\u00e1d mi to klou\u017ee, nejdu dob\u0159e na brzdy. Zkus\u00edme tvrd\u0161\u00ed sm\u011bs, je\u0161t\u011b jsme ji vlastn\u011b ani nejeli. Dneska se to u\u017e vozilo, na Div\u00e1k\u00e1ch byly pneu hodn\u011b p\u0159eh\u0159\u00e1t\u00e9. Mus\u00edme to zkusit.&#8220;<\/p>","protected":false},"excerpt":{"rendered":"<p>P\u0159edposledn\u00ed sekci leto\u0161n\u00ed Agrotec Petronas Rally uzav\u0159el nejrychlej\u0161\u00edm \u010dasem na nejdel\u0161\u00ed zkou\u0161ce sout\u011b\u017ee Filip Mare\u0161 p\u0159ed Janem \u010cern\u00fdm a Miroslavem Jake\u0161em. Trojl\u00edstek jezdc\u016f na vozech \u0160koda Fabia R5 pak ve stejn\u00e9m po\u0159ad\u00ed z\u00e1rove\u0148 figuroval po RZ 7 na \u010dele pr\u016fb\u011b\u017en\u00e9 absolutn\u00ed klasifikace sout\u011b\u017ee.<\/p>","protected":false},"author":2,"featured_media":345,"comment_status":"open","ping_status":"open","sticky":false,"template":"","format":"standard","meta":{"_et_pb_use_builder":"","_et_pb_old_content":"","_et_gb_content_width":"","footnotes":""},"categories":[10],"tags":[],"yoast_head":"<!-- This site is optimized with the Yoast SEO plugin v21.9.1 - https:\/\/yoast.com\/wordpress\/plugins\/seo\/ -->\n<title>Ohlasy jezdc\u016f po RZ 7 | AGROTEC Petronas Rally<\/title>\n<meta name=\"robots\" content=\"index, follow, max-snippet:-1, max-image-preview:large, max-video-preview:-1\" \/>\n<link rel=\"canonical\" href=\"https:\/\/www.agrotecrally.cz\/en\/rally-hustopece\/ohlasy-jezdcu-po-rz-7\/\" \/>\n<meta property=\"og:locale\" content=\"en_GB\" \/>\n<meta property=\"og:type\" content=\"article\" \/>\n<meta property=\"og:title\" content=\"Ohlasy jezdc\u016f po RZ 7 | AGROTEC Petronas Rally\" \/>\n<meta property=\"og:description\" content=\"P\u0159edposledn\u00ed sekci leto\u0161n\u00ed Agrotec Petronas Rally uzav\u0159el nejrychlej\u0161\u00edm \u010dasem na nejdel\u0161\u00ed zkou\u0161ce sout\u011b\u017ee Filip Mare\u0161 p\u0159ed Janem \u010cern\u00fdm a Miroslavem Jake\u0161em. Trojl\u00edstek jezdc\u016f na vozech \u0160koda Fabia R5 pak ve stejn\u00e9m po\u0159ad\u00ed z\u00e1rove\u0148 figuroval po RZ 7 na \u010dele pr\u016fb\u011b\u017en\u00e9 absolutn\u00ed klasifikace sout\u011b\u017ee.\" \/>\n<meta property=\"og:url\" content=\"https:\/\/www.agrotecrally.cz\/en\/rally-hustopece\/ohlasy-jezdcu-po-rz-7\/\" \/>\n<meta property=\"og:site_name\" content=\"AGROTEC Petronas Rally\" \/>\n<meta property=\"article:publisher\" content=\"https:\/\/www.facebook.com\/agrotecrally\" \/>\n<meta property=\"article:published_time\" content=\"2019-06-15T10:48:31+00:00\" \/>\n<meta property=\"article:modified_time\" content=\"2021-03-25T13:42:44+00:00\" \/>\n<meta property=\"og:image\" content=\"https:\/\/www.agrotecrally.cz\/wp-content\/uploads\/2019\/06\/IMGP3754.jpg\" \/>\n\t<meta property=\"og:image:width\" content=\"1973\" \/>\n\t<meta property=\"og:image:height\" content=\"1317\" \/>\n\t<meta property=\"og:image:type\" content=\"image\/jpeg\" \/>\n<meta name=\"author\" content=\"Tom\u00e1\u0161 Plach\u00fd\" \/>\n<meta name=\"twitter:card\" content=\"summary_large_image\" \/>\n<meta name=\"twitter:label1\" content=\"Written by\" \/>\n\t<meta name=\"twitter:data1\" content=\"Tom\u00e1\u0161 Plach\u00fd\" \/>\n\t<meta name=\"twitter:label2\" content=\"Estimated reading time\" \/>\n\t<meta name=\"twitter:data2\" content=\"5 minutes\" \/>\n<script type=\"application\/ld+json\" class=\"yoast-schema-graph\">{\"@context\":\"https:\/\/schema.org\",\"@graph\":[{\"@type\":\"Article\",\"@id\":\"https:\/\/www.agrotecrally.cz\/en\/rally-hustopece\/ohlasy-jezdcu-po-rz-7\/#article\",\"isPartOf\":{\"@id\":\"https:\/\/www.agrotecrally.cz\/en\/rally-hustopece\/ohlasy-jezdcu-po-rz-7\/\"},\"author\":{\"name\":\"Tom\u00e1\u0161 Plach\u00fd\",\"@id\":\"https:\/\/www.agrotecrally.cz\/#\/schema\/person\/38a02deaa1f019e278fc735d03d83f85\"},\"headline\":\"Ohlasy jezdc\u016f po RZ 7\",\"datePublished\":\"2019-06-15T10:48:31+00:00\",\"dateModified\":\"2021-03-25T13:42:44+00:00\",\"mainEntityOfPage\":{\"@id\":\"https:\/\/www.agrotecrally.cz\/en\/rally-hustopece\/ohlasy-jezdcu-po-rz-7\/\"},\"wordCount\":970,\"commentCount\":0,\"publisher\":{\"@id\":\"https:\/\/www.agrotecrally.cz\/#organization\"},\"articleSection\":[\"AGROTEC rally Hustope\u010de\"],\"inLanguage\":\"en-GB\",\"potentialAction\":[{\"@type\":\"CommentAction\",\"name\":\"Comment\",\"target\":[\"https:\/\/www.agrotecrally.cz\/en\/rally-hustopece\/ohlasy-jezdcu-po-rz-7\/#respond\"]}]},{\"@type\":\"WebPage\",\"@id\":\"https:\/\/www.agrotecrally.cz\/en\/rally-hustopece\/ohlasy-jezdcu-po-rz-7\/\",\"url\":\"https:\/\/www.agrotecrally.cz\/en\/rally-hustopece\/ohlasy-jezdcu-po-rz-7\/\",\"name\":\"Ohlasy jezdc\u016f po RZ 7 | AGROTEC Petronas Rally\",\"isPartOf\":{\"@id\":\"https:\/\/www.agrotecrally.cz\/#website\"},\"datePublished\":\"2019-06-15T10:48:31+00:00\",\"dateModified\":\"2021-03-25T13:42:44+00:00\",\"breadcrumb\":{\"@id\":\"https:\/\/www.agrotecrally.cz\/en\/rally-hustopece\/ohlasy-jezdcu-po-rz-7\/#breadcrumb\"},\"inLanguage\":\"en-GB\",\"potentialAction\":[{\"@type\":\"ReadAction\",\"target\":[\"https:\/\/www.agrotecrally.cz\/en\/rally-hustopece\/ohlasy-jezdcu-po-rz-7\/\"]}]},{\"@type\":\"BreadcrumbList\",\"@id\":\"https:\/\/www.agrotecrally.cz\/en\/rally-hustopece\/ohlasy-jezdcu-po-rz-7\/#breadcrumb\",\"itemListElement\":[{\"@type\":\"ListItem\",\"position\":1,\"name\":\"Dom\u016f\",\"item\":\"https:\/\/www.agrotecrally.cz\/\"},{\"@type\":\"ListItem\",\"position\":2,\"name\":\"Ohlasy jezdc\u016f po RZ 7\"}]},{\"@type\":\"WebSite\",\"@id\":\"https:\/\/www.agrotecrally.cz\/#website\",\"url\":\"https:\/\/www.agrotecrally.cz\/\",\"name\":\"AGROTEC Petronas rally\",\"description\":\"Rally mezi vinicemi\",\"publisher\":{\"@id\":\"https:\/\/www.agrotecrally.cz\/#organization\"},\"potentialAction\":[{\"@type\":\"SearchAction\",\"target\":{\"@type\":\"EntryPoint\",\"urlTemplate\":\"https:\/\/www.agrotecrally.cz\/?s={search_term_string}\"},\"query-input\":\"required name=search_term_string\"}],\"inLanguage\":\"en-GB\"},{\"@type\":\"Organization\",\"@id\":\"https:\/\/www.agrotecrally.cz\/#organization\",\"name\":\"AGROTEC Petronas rally\",\"url\":\"https:\/\/www.agrotecrally.cz\/\",\"logo\":{\"@type\":\"ImageObject\",\"inLanguage\":\"en-GB\",\"@id\":\"https:\/\/www.agrotecrally.cz\/#\/schema\/logo\/image\/\",\"url\":\"https:\/\/www.agrotecrally.cz\/wp-content\/uploads\/2021\/05\/AGROTEC-RALLY_16-01-web-2.png\",\"contentUrl\":\"https:\/\/www.agrotecrally.cz\/wp-content\/uploads\/2021\/05\/AGROTEC-RALLY_16-01-web-2.png\",\"width\":459,\"height\":222,\"caption\":\"AGROTEC Petronas rally\"},\"image\":{\"@id\":\"https:\/\/www.agrotecrally.cz\/#\/schema\/logo\/image\/\"},\"sameAs\":[\"https:\/\/www.facebook.com\/agrotecrally\"]},{\"@type\":\"Person\",\"@id\":\"https:\/\/www.agrotecrally.cz\/#\/schema\/person\/38a02deaa1f019e278fc735d03d83f85\",\"name\":\"Tom\u00e1\u0161 Plach\u00fd\",\"image\":{\"@type\":\"ImageObject\",\"inLanguage\":\"en-GB\",\"@id\":\"https:\/\/www.agrotecrally.cz\/#\/schema\/person\/image\/\",\"url\":\"https:\/\/secure.gravatar.com\/avatar\/a7a68eee7fdb2b4f0975cdc024983e22?s=96&d=mm&r=g\",\"contentUrl\":\"https:\/\/secure.gravatar.com\/avatar\/a7a68eee7fdb2b4f0975cdc024983e22?s=96&d=mm&r=g\",\"caption\":\"Tom\u00e1\u0161 Plach\u00fd\"},\"url\":\"https:\/\/www.agrotecrally.cz\/en\/author\/topmediaseznam-cz\/\"}]}<\/script>\n<!-- \/ Yoast SEO plugin. -->","yoast_head_json":{"title":"Ohlasy jezdc\u016f po RZ 7 | AGROTEC Petronas Rally","robots":{"index":"index","follow":"follow","max-snippet":"max-snippet:-1","max-image-preview":"max-image-preview:large","max-video-preview":"max-video-preview:-1"},"canonical":"https:\/\/www.agrotecrally.cz\/en\/rally-hustopece\/ohlasy-jezdcu-po-rz-7\/","og_locale":"en_GB","og_type":"article","og_title":"Ohlasy jezdc\u016f po RZ 7 | AGROTEC Petronas Rally","og_description":"P\u0159edposledn\u00ed sekci leto\u0161n\u00ed Agrotec Petronas Rally uzav\u0159el nejrychlej\u0161\u00edm \u010dasem na nejdel\u0161\u00ed zkou\u0161ce sout\u011b\u017ee Filip Mare\u0161 p\u0159ed Janem \u010cern\u00fdm a Miroslavem Jake\u0161em. Trojl\u00edstek jezdc\u016f na vozech \u0160koda Fabia R5 pak ve stejn\u00e9m po\u0159ad\u00ed z\u00e1rove\u0148 figuroval po RZ 7 na \u010dele pr\u016fb\u011b\u017en\u00e9 absolutn\u00ed klasifikace sout\u011b\u017ee.","og_url":"https:\/\/www.agrotecrally.cz\/en\/rally-hustopece\/ohlasy-jezdcu-po-rz-7\/","og_site_name":"AGROTEC Petronas Rally","article_publisher":"https:\/\/www.facebook.com\/agrotecrally","article_published_time":"2019-06-15T10:48:31+00:00","article_modified_time":"2021-03-25T13:42:44+00:00","og_image":[{"width":1973,"height":1317,"url":"https:\/\/www.agrotecrally.cz\/wp-content\/uploads\/2019\/06\/IMGP3754.jpg","type":"image\/jpeg"}],"author":"Tom\u00e1\u0161 Plach\u00fd","twitter_card":"summary_large_image","twitter_misc":{"Written by":"Tom\u00e1\u0161 Plach\u00fd","Estimated reading time":"5 minutes"},"schema":{"@context":"https:\/\/schema.org","@graph":[{"@type":"Article","@id":"https:\/\/www.agrotecrally.cz\/en\/rally-hustopece\/ohlasy-jezdcu-po-rz-7\/#article","isPartOf":{"@id":"https:\/\/www.agrotecrally.cz\/en\/rally-hustopece\/ohlasy-jezdcu-po-rz-7\/"},"author":{"name":"Tom\u00e1\u0161 Plach\u00fd","@id":"https:\/\/www.agrotecrally.cz\/#\/schema\/person\/38a02deaa1f019e278fc735d03d83f85"},"headline":"Ohlasy jezdc\u016f po RZ 7","datePublished":"2019-06-15T10:48:31+00:00","dateModified":"2021-03-25T13:42:44+00:00","mainEntityOfPage":{"@id":"https:\/\/www.agrotecrally.cz\/en\/rally-hustopece\/ohlasy-jezdcu-po-rz-7\/"},"wordCount":970,"commentCount":0,"publisher":{"@id":"https:\/\/www.agrotecrally.cz\/#organization"},"articleSection":["AGROTEC rally Hustope\u010de"],"inLanguage":"en-GB","potentialAction":[{"@type":"CommentAction","name":"Comment","target":["https:\/\/www.agrotecrally.cz\/en\/rally-hustopece\/ohlasy-jezdcu-po-rz-7\/#respond"]}]},{"@type":"WebPage","@id":"https:\/\/www.agrotecrally.cz\/en\/rally-hustopece\/ohlasy-jezdcu-po-rz-7\/","url":"https:\/\/www.agrotecrally.cz\/en\/rally-hustopece\/ohlasy-jezdcu-po-rz-7\/","name":"Ohlasy jezdc\u016f po RZ 7 | AGROTEC Petronas Rally","isPartOf":{"@id":"https:\/\/www.agrotecrally.cz\/#website"},"datePublished":"2019-06-15T10:48:31+00:00","dateModified":"2021-03-25T13:42:44+00:00","breadcrumb":{"@id":"https:\/\/www.agrotecrally.cz\/en\/rally-hustopece\/ohlasy-jezdcu-po-rz-7\/#breadcrumb"},"inLanguage":"en-GB","potentialAction":[{"@type":"ReadAction","target":["https:\/\/www.agrotecrally.cz\/en\/rally-hustopece\/ohlasy-jezdcu-po-rz-7\/"]}]},{"@type":"BreadcrumbList","@id":"https:\/\/www.agrotecrally.cz\/en\/rally-hustopece\/ohlasy-jezdcu-po-rz-7\/#breadcrumb","itemListElement":[{"@type":"ListItem","position":1,"name":"Dom\u016f","item":"https:\/\/www.agrotecrally.cz\/"},{"@type":"ListItem","position":2,"name":"Ohlasy jezdc\u016f po RZ 7"}]},{"@type":"WebSite","@id":"https:\/\/www.agrotecrally.cz\/#website","url":"https:\/\/www.agrotecrally.cz\/","name":"AGROTEC Petronas rally","description":"Rally mezi vinicemi","publisher":{"@id":"https:\/\/www.agrotecrally.cz\/#organization"},"potentialAction":[{"@type":"SearchAction","target":{"@type":"EntryPoint","urlTemplate":"https:\/\/www.agrotecrally.cz\/?s={search_term_string}"},"query-input":"required name=search_term_string"}],"inLanguage":"en-GB"},{"@type":"Organization","@id":"https:\/\/www.agrotecrally.cz\/#organization","name":"AGROTEC Petronas rally","url":"https:\/\/www.agrotecrally.cz\/","logo":{"@type":"ImageObject","inLanguage":"en-GB","@id":"https:\/\/www.agrotecrally.cz\/#\/schema\/logo\/image\/","url":"https:\/\/www.agrotecrally.cz\/wp-content\/uploads\/2021\/05\/AGROTEC-RALLY_16-01-web-2.png","contentUrl":"https:\/\/www.agrotecrally.cz\/wp-content\/uploads\/2021\/05\/AGROTEC-RALLY_16-01-web-2.png","width":459,"height":222,"caption":"AGROTEC Petronas rally"},"image":{"@id":"https:\/\/www.agrotecrally.cz\/#\/schema\/logo\/image\/"},"sameAs":["https:\/\/www.facebook.com\/agrotecrally"]},{"@type":"Person","@id":"https:\/\/www.agrotecrally.cz\/#\/schema\/person\/38a02deaa1f019e278fc735d03d83f85","name":"Tom\u00e1\u0161 Plach\u00fd","image":{"@type":"ImageObject","inLanguage":"en-GB","@id":"https:\/\/www.agrotecrally.cz\/#\/schema\/person\/image\/","url":"https:\/\/secure.gravatar.com\/avatar\/a7a68eee7fdb2b4f0975cdc024983e22?s=96&d=mm&r=g","contentUrl":"https:\/\/secure.gravatar.com\/avatar\/a7a68eee7fdb2b4f0975cdc024983e22?s=96&d=mm&r=g","caption":"Tom\u00e1\u0161 Plach\u00fd"},"url":"https:\/\/www.agrotecrally.cz\/en\/author\/topmediaseznam-cz\/"}]}},"_links":{"self":[{"href":"https:\/\/www.agrotecrally.cz\/en\/wp-json\/wp\/v2\/posts\/343"}],"collection":[{"href":"https:\/\/www.agrotecrally.cz\/en\/wp-json\/wp\/v2\/posts"}],"about":[{"href":"https:\/\/www.agrotecrally.cz\/en\/wp-json\/wp\/v2\/types\/post"}],"author":[{"embeddable":true,"href":"https:\/\/www.agrotecrally.cz\/en\/wp-json\/wp\/v2\/users\/2"}],"replies":[{"embeddable":true,"href":"https:\/\/www.agrotecrally.cz\/en\/wp-json\/wp\/v2\/comments?post=343"}],"version-history":[{"count":1,"href":"https:\/\/www.agrotecrally.cz\/en\/wp-json\/wp\/v2\/posts\/343\/revisions"}],"predecessor-version":[{"id":344,"href":"https:\/\/www.agrotecrally.cz\/en\/wp-json\/wp\/v2\/posts\/343\/revisions\/344"}],"wp:featuredmedia":[{"embeddable":true,"href":"https:\/\/www.agrotecrally.cz\/en\/wp-json\/wp\/v2\/media\/345"}],"wp:attachment":[{"href":"https:\/\/www.agrotecrally.cz\/en\/wp-json\/wp\/v2\/media?parent=343"}],"wp:term":[{"taxonomy":"category","embeddable":true,"href":"https:\/\/www.agrotecrally.cz\/en\/wp-json\/wp\/v2\/categories?post=343"},{"taxonomy":"post_tag","embeddable":true,"href":"https:\/\/www.agrotecrally.cz\/en\/wp-json\/wp\/v2\/tags?post=343"}],"curies":[{"name":"wp","href":"https:\/\/api.w.org\/{rel}","templated":true}]}}