{"id":3436,"date":"2024-06-15T08:59:20","date_gmt":"2024-06-15T07:59:20","guid":{"rendered":"https:\/\/www.agrotecrally.cz\/?p=3436"},"modified":"2024-06-15T08:59:20","modified_gmt":"2024-06-15T07:59:20","slug":"ohlasy-jezdcu-po-1-etape-19-agrotec-petronas-rally-2024","status":"publish","type":"post","link":"https:\/\/www.agrotecrally.cz\/en\/rally-hustopece\/ohlasy-jezdcu-po-1-etape-19-agrotec-petronas-rally-2024\/","title":{"rendered":"Ohlasy jezdc\u016f po 1. etap\u011b 19. AGROTEC PETRONAS rally 2024"},"content":{"rendered":"<p><strong>P\u0159ed p\u00e1te\u010dn\u00ed no\u010dn\u00ed pauzou jsme pro v\u00e1s v uzav\u0159en\u00e9m parkovi\u0161ti v Hustope\u010d\u00edch op\u011bt zaznamenali aktu\u00e1ln\u00ed dojmy sout\u011b\u017en\u00edch jezdc\u016f z prvn\u00ed des\u00edtky pr\u016fb\u011b\u017en\u00e9ho absolutn\u00edho hodnocen\u00ed leto\u0161n\u00ed Agrotec Petronas rally. Samoz\u0159ejm\u011b p\u0159i\u0161ly na \u0159adu i n\u00e1zory spojen\u00e9 se sobotn\u00ed druhou etapou sout\u011b\u017ee.<\/strong><\/p>\n<p>Ohlasy po 1. etap\u011b:<\/p>\n<p>Jan Kopeck\u00fd (1. m\u00edsto): <em><strong>&#8222;Jsme samoz\u0159ejm\u011b r\u00e1di, \u017ee jsme na prvn\u00edm m\u00edst\u011b. Adam jede p\u011bkn\u011b a m\u00e1 n\u00e1s na dost\u0159el, ostatn\u00ed mlad\u00edci chybovali, ale to k Hustope\u010d\u00edm pat\u0159\u00ed. Zbytek sout\u011b\u017ee ur\u010dit\u011b klidn\u00fd nebude, ale to asi nikdo ani nechce. V\u0161ichni chceme jet rychle, tak aby n\u00e1s to bavilo. Na RZ 2 a 5 jsme zajeli shodn\u00fd \u010das, bylo to d\u00e1no t\u00edm, \u017ee to bylo na asfaltu a i v prvn\u00edm pr\u016fjezdu jsme jeli na maximum. Naopak \u0161otolinov\u00e9 \u00faseky se na druh\u00fd pr\u016fjezd trochu vy\u010distily a dalo se jet rychleji.&#8220;<\/strong><\/em><\/p>\n<p>Adam B\u0159ez\u00edk (2. m\u00edsto): <em><strong>&#8222;Za mn\u011b to te\u010f bylo super. Jen na t\u011bch kr\u00e1tk\u00fdch \u0160itbo\u0159ic\u00edch si to budu muset n\u011bjak proj\u00edt a \u0159\u00edct si, kde jsem mohl ztratit, aby se to p\u0159\u00ed\u0161t\u00ed rok neopakovalo. P\u011bt vte\u0159in za Honzou je nic, ale z\u00e1rove\u0148 hrozn\u011b moc, proto\u017ee se letos jede i v dvoudenn\u00edch sout\u011b\u017e\u00edch stylem sprintu. P\u0159i t\u00e9 vyrovnanosti je tak i p\u011bt vte\u0159in hodn\u011b. Z\u00e1rove\u0148 se d\u00e1 ale i snadno vyrobit chyba a ztr\u00e1ta t\u0159iceti sekund, pak by n\u00e1s p\u0159esko\u010dili i kluci za n\u00e1mi. Mus\u00edme tedy zvolit n\u011bjakou dobrou taktiku, zkus\u00edme zatla\u010dit na Honzu a podobn\u011b jako Dominik na Krumlov\u011b, i my bychom si r\u00e1di ten z\u00e1\u0159ez p\u0159ipsali. S t\u00edm do toho v sobotu p\u016fjdeme. Respekt m\u00e1m hned z prvn\u00ed sobotn\u00ed zkou\u0161ky, kde se na \u0161otolin\u011b jede hrozn\u011b rychle a na t\u011bch asfaltov\u00fdch pneumatik\u00e1ch to nebude \u017e\u00e1dn\u00e1 sranda.&#8220;<\/strong><\/em><\/p>\n<p>Dominik St\u0159\u00edtesk\u00fd (3. m\u00edsto): <em><strong>&#8222;Mrz\u00ed n\u00e1s ta chyba z prvn\u00ed zkou\u0161ky, ale taky jsme tam mohli skon\u010dit. Sez\u00f3na je kr\u00e1tk\u00e1 a body za t\u0159et\u00ed m\u00edsto z etapy ur\u010dit\u011b bereme. Ztr\u00e1ta p\u0159ed n\u00e1mi je velk\u00e1 a naopak Erik je hned za n\u00e1mi, ur\u010dit\u011b nem\u016f\u017eeme jet v klidu. Uvid\u00edme, jak\u00e9 tempo se pojede z\u00edtra, ale t\u011bch dvacet vte\u0159in p\u0159ed n\u00e1mi se sjet ned\u00e1.&#8220;<\/strong><\/em><\/p>\n<p>Erik Cais (4. m\u00edsto): <em><strong>&#8222;Dne\u0161ek pro n\u00e1s nebyl v\u016fbec ide\u00e1ln\u00ed. Po dlouh\u00e9 dob\u011b se mi stalo, \u017ee jsem vyrobil hned n\u011bkolik chyb. V\u00edm zhruba, z \u010deho pramenily. Mo\u017en\u00e1 u\u017e to pak byla i p\u0159em\u00edra snahy, kter\u00e1 byla absolutn\u011b kontraproduktivn\u00ed. Jednou n\u00e1m zhaslo auto na brzd\u00e1ch a jednou jsme se p\u0159eto\u010dili, to byly asi dva nejv\u011bt\u0161\u00ed chyby. Doufejme, \u017ee to z\u00edtra nebudeme opakovat.&#8220;<\/strong><\/em><\/p>\n<p>Ale\u0161 Jir\u00e1sek (5. m\u00edsto): <em><strong>&#8222;Dneska nebyl rozd\u00edl ani tak v aut\u011b jako v nasazen\u00ed. Sna\u017eil jsem se tro\u0161ku p\u0159izp\u016fsobit, prvn\u00ed sekce s \u010dasy vy\u0161la, ale d\u011blal jsem poka\u017ed\u00e9 spoustu chyb a na ka\u017ed\u00e9 zkou\u0161ce jsem t\u00edm nechal tak t\u0159i a\u017e \u0161est vte\u0159in. Na noc jsem to tedy cht\u011bl tro\u0161ku zklidnit. \u0160koda zru\u0161en\u00ed posledn\u00ed zkou\u0161ky, t\u011b\u0161ili jsme se na ten hezk\u00fd \u0161otolinov\u00fd \u00fasek se skv\u011blou div\u00e1ckou kulisou. Jinak to ale byl super den. Na z\u00edt\u0159ek se t\u011b\u0161\u00edm, v\u011b\u0159\u00edm, \u017ee budu schopn\u00fd postupn\u011b zrychlovat. L\u00edb\u00ed se mi ty rychl\u00e9 \u0161otolinov\u00e9 \u00faseky, nejv\u00edc se asi t\u011b\u0161\u00edm na Starovice, i kdy\u017e ten za\u010d\u00e1tek je zr\u00e1dn\u00fd, hodn\u011b usk\u00e1kan\u00fd a \u00fazk\u00fd.&#8220;<\/strong><\/em><\/p>\n<p>Martin Vl\u010dek (6. m\u00edsto): <em><strong>&#8222;Na p\u00e1t\u00e9 zkou\u0161ce se n\u00e1m to povedlo, tro\u0161ku jsme zat\u00e1hli a posko\u010dili na \u0161est\u00e9 m\u00edsto. Vyhovovalo mi, \u017ee se jelo na sv\u011btla, m\u00e1me novou rampu, kter\u00e1 kr\u00e1sn\u011b sv\u00edt\u00ed. Je ale \u0161koda, \u017ee se nejela ta posledn\u00ed zkou\u0161ka, i kdy\u017e nev\u00edm, jestli bychom tu pozici udr\u017eeli i po n\u00ed. Kluci na \u010dele jedou jako by pro n\u011b ani neplatily fyzik\u00e1ln\u00ed z\u00e1kony, ani jsme se n\u011bjak nesna\u017eili dr\u017eet s nimi krok. Bylo by to velk\u00e9 riziko. Je fajn, \u017ee dnes bereme body za \u0161est\u00e9 m\u00edsto a z\u00edtra pokra\u010dujeme.&#8220;<\/strong><\/em><\/p>\n<p>V\u011broslav Cvr\u010dek (7. m\u00edsto): <em><strong>&#8222;Na p\u00e1t\u00e9 zkou\u0161ce jsem byl venku a dost ztratil. Auto bylo sice jen v tr\u00e1v\u011b, ale v\u016fbec jsem se nemohl vyjet zp\u00e1tky na cestu, tak\u017ee ta ztr\u00e1ta byla z\u00e1sadn\u00ed. Jinak to krom t\u011bch hodin na t\u0159et\u00ed zkou\u0161ce dnes bylo skv\u011bl\u00e9. S\u017e\u00edv\u00e1me se s nov\u00fdm autem, te\u010f to pot\u0159ebujeme trochu uklidnit. Tempo je hodn\u011b vysok\u00e9 a t\u011b\u017eko se hled\u00e1 spr\u00e1vn\u00e9 nasazen\u00ed. Sta\u010d\u00ed trochu zav\u00e1hat a \u010das je z\u00e1sadn\u011b hor\u0161\u00ed. Jede se rychle p\u0159ed n\u00e1mi i za n\u00e1mi a nen\u00ed prostor na n\u011bjak\u00e9 taktizov\u00e1n\u00ed. Z\u00edtra se pokus\u00edme udr\u017eet dne\u0161n\u00ed nasazen\u00ed a z\u00e1rove\u0148 se vyvarovat chyb.&#8220;<\/strong><\/em><\/p>\n<p>Jakub Jirovec (8. m\u00edsto): <em><strong>&#8222;Te\u010f jsem d\u011blal docela dost chyb, v\u011bt\u0161inou na brzdy, co\u017e m\u011b ve fin\u00e1le dost mrzelo. V noci jsme se zat\u00edm v\u017edycky zlep\u0161ili, dnes se naopak zhor\u0161ili. Jsme ale po\u0159\u00e1d osm\u00ed, p\u0159ed n\u00e1mi je Cvr\u010dek a za n\u00e1mi Trojan, tak\u017ee jsme v dobr\u00e9 skupin\u011b. Z\u00edtra se samoz\u0159ejm\u011b budeme sna\u017eit dostat v\u00edc dop\u0159edu, jinak ani p\u0159em\u00fd\u0161let nem\u016f\u017eeme. Mus\u00ed\u0161 se sna\u017eit zlep\u0161ovat a\u017e do posledn\u00ed erzety.&#8220;<\/strong><\/em><\/p>\n<p>AGROTEC PETRONAS rally Hustope\u010de 2024, tiskov\u00fd servis<br \/>\nJan Va\u0161kovi\u010d<\/p>","protected":false},"excerpt":{"rendered":"<p>P\u0159ed p\u00e1te\u010dn\u00ed no\u010dn\u00ed pauzou jsme pro v\u00e1s v uzav\u0159en\u00e9m parkovi\u0161ti v Hustope\u010d\u00edch op\u011bt zaznamenali aktu\u00e1ln\u00ed dojmy sout\u011b\u017en\u00edch jezdc\u016f z prvn\u00ed des\u00edtky pr\u016fb\u011b\u017en\u00e9ho absolutn\u00edho hodnocen\u00ed leto\u0161n\u00ed Agrotec Petronas rally. Samoz\u0159ejm\u011b p\u0159i\u0161ly na \u0159adu i n\u00e1zory spojen\u00e9 se sobotn\u00ed druhou etapou sout\u011b\u017ee. Ohlasy po 1. etap\u011b: Jan Kopeck\u00fd (1. m\u00edsto): &#8222;Jsme samoz\u0159ejm\u011b r\u00e1di, \u017ee jsme na prvn\u00edm [&hellip;]<\/p>","protected":false},"author":2,"featured_media":3437,"comment_status":"open","ping_status":"open","sticky":false,"template":"","format":"standard","meta":{"_et_pb_use_builder":"","_et_pb_old_content":"","_et_gb_content_width":"","footnotes":""},"categories":[10],"tags":[],"yoast_head":"<!-- This site is optimized with the Yoast SEO plugin v21.9.1 - https:\/\/yoast.com\/wordpress\/plugins\/seo\/ -->\n<title>Ohlasy jezdc\u016f po 1. etap\u011b 19. AGROTEC PETRONAS rally 2024 | AGROTEC Petronas Rally<\/title>\n<meta name=\"robots\" content=\"index, follow, max-snippet:-1, max-image-preview:large, max-video-preview:-1\" \/>\n<link rel=\"canonical\" href=\"https:\/\/www.agrotecrally.cz\/en\/rally-hustopece\/ohlasy-jezdcu-po-1-etape-19-agrotec-petronas-rally-2024\/\" \/>\n<meta property=\"og:locale\" content=\"en_GB\" \/>\n<meta property=\"og:type\" content=\"article\" \/>\n<meta property=\"og:title\" content=\"Ohlasy jezdc\u016f po 1. etap\u011b 19. AGROTEC PETRONAS rally 2024 | AGROTEC Petronas Rally\" \/>\n<meta property=\"og:description\" content=\"P\u0159ed p\u00e1te\u010dn\u00ed no\u010dn\u00ed pauzou jsme pro v\u00e1s v uzav\u0159en\u00e9m parkovi\u0161ti v Hustope\u010d\u00edch op\u011bt zaznamenali aktu\u00e1ln\u00ed dojmy sout\u011b\u017en\u00edch jezdc\u016f z prvn\u00ed des\u00edtky pr\u016fb\u011b\u017en\u00e9ho absolutn\u00edho hodnocen\u00ed leto\u0161n\u00ed Agrotec Petronas rally. Samoz\u0159ejm\u011b p\u0159i\u0161ly na \u0159adu i n\u00e1zory spojen\u00e9 se sobotn\u00ed druhou etapou sout\u011b\u017ee. Ohlasy po 1. etap\u011b: Jan Kopeck\u00fd (1. m\u00edsto): &#8222;Jsme samoz\u0159ejm\u011b r\u00e1di, \u017ee jsme na prvn\u00edm [&hellip;]\" \/>\n<meta property=\"og:url\" content=\"https:\/\/www.agrotecrally.cz\/en\/rally-hustopece\/ohlasy-jezdcu-po-1-etape-19-agrotec-petronas-rally-2024\/\" \/>\n<meta property=\"og:site_name\" content=\"AGROTEC Petronas Rally\" \/>\n<meta property=\"article:publisher\" content=\"https:\/\/www.facebook.com\/agrotecrally\" \/>\n<meta property=\"article:published_time\" content=\"2024-06-15T07:59:20+00:00\" \/>\n<meta property=\"og:image\" content=\"https:\/\/www.agrotecrally.cz\/wp-content\/uploads\/2024\/06\/Rally_Hustopece_24-1972.jpg\" \/>\n\t<meta property=\"og:image:width\" content=\"980\" \/>\n\t<meta property=\"og:image:height\" content=\"653\" \/>\n\t<meta property=\"og:image:type\" content=\"image\/jpeg\" \/>\n<meta name=\"author\" content=\"Tom\u00e1\u0161 Plach\u00fd\" \/>\n<meta name=\"twitter:card\" content=\"summary_large_image\" \/>\n<meta name=\"twitter:label1\" content=\"Written by\" \/>\n\t<meta name=\"twitter:data1\" content=\"Tom\u00e1\u0161 Plach\u00fd\" \/>\n\t<meta name=\"twitter:label2\" content=\"Estimated reading time\" \/>\n\t<meta name=\"twitter:data2\" content=\"5 minutes\" \/>\n<script type=\"application\/ld+json\" class=\"yoast-schema-graph\">{\"@context\":\"https:\/\/schema.org\",\"@graph\":[{\"@type\":\"Article\",\"@id\":\"https:\/\/www.agrotecrally.cz\/rally-hustopece\/ohlasy-jezdcu-po-1-etape-19-agrotec-petronas-rally-2024\/#article\",\"isPartOf\":{\"@id\":\"https:\/\/www.agrotecrally.cz\/rally-hustopece\/ohlasy-jezdcu-po-1-etape-19-agrotec-petronas-rally-2024\/\"},\"author\":{\"name\":\"Tom\u00e1\u0161 Plach\u00fd\",\"@id\":\"https:\/\/www.agrotecrally.cz\/#\/schema\/person\/38a02deaa1f019e278fc735d03d83f85\"},\"headline\":\"Ohlasy jezdc\u016f po 1. etap\u011b 19. AGROTEC PETRONAS rally 2024\",\"datePublished\":\"2024-06-15T07:59:20+00:00\",\"dateModified\":\"2024-06-15T07:59:20+00:00\",\"mainEntityOfPage\":{\"@id\":\"https:\/\/www.agrotecrally.cz\/rally-hustopece\/ohlasy-jezdcu-po-1-etape-19-agrotec-petronas-rally-2024\/\"},\"wordCount\":995,\"commentCount\":0,\"publisher\":{\"@id\":\"https:\/\/www.agrotecrally.cz\/#organization\"},\"articleSection\":[\"AGROTEC rally Hustope\u010de\"],\"inLanguage\":\"en-GB\",\"potentialAction\":[{\"@type\":\"CommentAction\",\"name\":\"Comment\",\"target\":[\"https:\/\/www.agrotecrally.cz\/rally-hustopece\/ohlasy-jezdcu-po-1-etape-19-agrotec-petronas-rally-2024\/#respond\"]}]},{\"@type\":\"WebPage\",\"@id\":\"https:\/\/www.agrotecrally.cz\/rally-hustopece\/ohlasy-jezdcu-po-1-etape-19-agrotec-petronas-rally-2024\/\",\"url\":\"https:\/\/www.agrotecrally.cz\/rally-hustopece\/ohlasy-jezdcu-po-1-etape-19-agrotec-petronas-rally-2024\/\",\"name\":\"Ohlasy jezdc\u016f po 1. etap\u011b 19. AGROTEC PETRONAS rally 2024 | AGROTEC Petronas Rally\",\"isPartOf\":{\"@id\":\"https:\/\/www.agrotecrally.cz\/#website\"},\"datePublished\":\"2024-06-15T07:59:20+00:00\",\"dateModified\":\"2024-06-15T07:59:20+00:00\",\"breadcrumb\":{\"@id\":\"https:\/\/www.agrotecrally.cz\/rally-hustopece\/ohlasy-jezdcu-po-1-etape-19-agrotec-petronas-rally-2024\/#breadcrumb\"},\"inLanguage\":\"en-GB\",\"potentialAction\":[{\"@type\":\"ReadAction\",\"target\":[\"https:\/\/www.agrotecrally.cz\/rally-hustopece\/ohlasy-jezdcu-po-1-etape-19-agrotec-petronas-rally-2024\/\"]}]},{\"@type\":\"BreadcrumbList\",\"@id\":\"https:\/\/www.agrotecrally.cz\/rally-hustopece\/ohlasy-jezdcu-po-1-etape-19-agrotec-petronas-rally-2024\/#breadcrumb\",\"itemListElement\":[{\"@type\":\"ListItem\",\"position\":1,\"name\":\"Dom\u016f\",\"item\":\"https:\/\/www.agrotecrally.cz\/\"},{\"@type\":\"ListItem\",\"position\":2,\"name\":\"Ohlasy jezdc\u016f po 1. etap\u011b 19. AGROTEC PETRONAS rally 2024\"}]},{\"@type\":\"WebSite\",\"@id\":\"https:\/\/www.agrotecrally.cz\/#website\",\"url\":\"https:\/\/www.agrotecrally.cz\/\",\"name\":\"AGROTEC Petronas rally\",\"description\":\"Rally mezi vinicemi\",\"publisher\":{\"@id\":\"https:\/\/www.agrotecrally.cz\/#organization\"},\"potentialAction\":[{\"@type\":\"SearchAction\",\"target\":{\"@type\":\"EntryPoint\",\"urlTemplate\":\"https:\/\/www.agrotecrally.cz\/?s={search_term_string}\"},\"query-input\":\"required name=search_term_string\"}],\"inLanguage\":\"en-GB\"},{\"@type\":\"Organization\",\"@id\":\"https:\/\/www.agrotecrally.cz\/#organization\",\"name\":\"AGROTEC Petronas rally\",\"url\":\"https:\/\/www.agrotecrally.cz\/\",\"logo\":{\"@type\":\"ImageObject\",\"inLanguage\":\"en-GB\",\"@id\":\"https:\/\/www.agrotecrally.cz\/#\/schema\/logo\/image\/\",\"url\":\"https:\/\/www.agrotecrally.cz\/wp-content\/uploads\/2021\/05\/AGROTEC-RALLY_16-01-web-2.png\",\"contentUrl\":\"https:\/\/www.agrotecrally.cz\/wp-content\/uploads\/2021\/05\/AGROTEC-RALLY_16-01-web-2.png\",\"width\":459,\"height\":222,\"caption\":\"AGROTEC Petronas rally\"},\"image\":{\"@id\":\"https:\/\/www.agrotecrally.cz\/#\/schema\/logo\/image\/\"},\"sameAs\":[\"https:\/\/www.facebook.com\/agrotecrally\"]},{\"@type\":\"Person\",\"@id\":\"https:\/\/www.agrotecrally.cz\/#\/schema\/person\/38a02deaa1f019e278fc735d03d83f85\",\"name\":\"Tom\u00e1\u0161 Plach\u00fd\",\"image\":{\"@type\":\"ImageObject\",\"inLanguage\":\"en-GB\",\"@id\":\"https:\/\/www.agrotecrally.cz\/#\/schema\/person\/image\/\",\"url\":\"https:\/\/secure.gravatar.com\/avatar\/a7a68eee7fdb2b4f0975cdc024983e22?s=96&d=mm&r=g\",\"contentUrl\":\"https:\/\/secure.gravatar.com\/avatar\/a7a68eee7fdb2b4f0975cdc024983e22?s=96&d=mm&r=g\",\"caption\":\"Tom\u00e1\u0161 Plach\u00fd\"},\"url\":\"https:\/\/www.agrotecrally.cz\/en\/author\/topmediaseznam-cz\/\"}]}<\/script>\n<!-- \/ Yoast SEO plugin. -->","yoast_head_json":{"title":"Ohlasy jezdc\u016f po 1. etap\u011b 19. AGROTEC PETRONAS rally 2024 | AGROTEC Petronas Rally","robots":{"index":"index","follow":"follow","max-snippet":"max-snippet:-1","max-image-preview":"max-image-preview:large","max-video-preview":"max-video-preview:-1"},"canonical":"https:\/\/www.agrotecrally.cz\/en\/rally-hustopece\/ohlasy-jezdcu-po-1-etape-19-agrotec-petronas-rally-2024\/","og_locale":"en_GB","og_type":"article","og_title":"Ohlasy jezdc\u016f po 1. etap\u011b 19. AGROTEC PETRONAS rally 2024 | AGROTEC Petronas Rally","og_description":"P\u0159ed p\u00e1te\u010dn\u00ed no\u010dn\u00ed pauzou jsme pro v\u00e1s v uzav\u0159en\u00e9m parkovi\u0161ti v Hustope\u010d\u00edch op\u011bt zaznamenali aktu\u00e1ln\u00ed dojmy sout\u011b\u017en\u00edch jezdc\u016f z prvn\u00ed des\u00edtky pr\u016fb\u011b\u017en\u00e9ho absolutn\u00edho hodnocen\u00ed leto\u0161n\u00ed Agrotec Petronas rally. Samoz\u0159ejm\u011b p\u0159i\u0161ly na \u0159adu i n\u00e1zory spojen\u00e9 se sobotn\u00ed druhou etapou sout\u011b\u017ee. Ohlasy po 1. etap\u011b: Jan Kopeck\u00fd (1. m\u00edsto): &#8222;Jsme samoz\u0159ejm\u011b r\u00e1di, \u017ee jsme na prvn\u00edm [&hellip;]","og_url":"https:\/\/www.agrotecrally.cz\/en\/rally-hustopece\/ohlasy-jezdcu-po-1-etape-19-agrotec-petronas-rally-2024\/","og_site_name":"AGROTEC Petronas Rally","article_publisher":"https:\/\/www.facebook.com\/agrotecrally","article_published_time":"2024-06-15T07:59:20+00:00","og_image":[{"width":980,"height":653,"url":"https:\/\/www.agrotecrally.cz\/wp-content\/uploads\/2024\/06\/Rally_Hustopece_24-1972.jpg","type":"image\/jpeg"}],"author":"Tom\u00e1\u0161 Plach\u00fd","twitter_card":"summary_large_image","twitter_misc":{"Written by":"Tom\u00e1\u0161 Plach\u00fd","Estimated reading time":"5 minutes"},"schema":{"@context":"https:\/\/schema.org","@graph":[{"@type":"Article","@id":"https:\/\/www.agrotecrally.cz\/rally-hustopece\/ohlasy-jezdcu-po-1-etape-19-agrotec-petronas-rally-2024\/#article","isPartOf":{"@id":"https:\/\/www.agrotecrally.cz\/rally-hustopece\/ohlasy-jezdcu-po-1-etape-19-agrotec-petronas-rally-2024\/"},"author":{"name":"Tom\u00e1\u0161 Plach\u00fd","@id":"https:\/\/www.agrotecrally.cz\/#\/schema\/person\/38a02deaa1f019e278fc735d03d83f85"},"headline":"Ohlasy jezdc\u016f po 1. etap\u011b 19. AGROTEC PETRONAS rally 2024","datePublished":"2024-06-15T07:59:20+00:00","dateModified":"2024-06-15T07:59:20+00:00","mainEntityOfPage":{"@id":"https:\/\/www.agrotecrally.cz\/rally-hustopece\/ohlasy-jezdcu-po-1-etape-19-agrotec-petronas-rally-2024\/"},"wordCount":995,"commentCount":0,"publisher":{"@id":"https:\/\/www.agrotecrally.cz\/#organization"},"articleSection":["AGROTEC rally Hustope\u010de"],"inLanguage":"en-GB","potentialAction":[{"@type":"CommentAction","name":"Comment","target":["https:\/\/www.agrotecrally.cz\/rally-hustopece\/ohlasy-jezdcu-po-1-etape-19-agrotec-petronas-rally-2024\/#respond"]}]},{"@type":"WebPage","@id":"https:\/\/www.agrotecrally.cz\/rally-hustopece\/ohlasy-jezdcu-po-1-etape-19-agrotec-petronas-rally-2024\/","url":"https:\/\/www.agrotecrally.cz\/rally-hustopece\/ohlasy-jezdcu-po-1-etape-19-agrotec-petronas-rally-2024\/","name":"Ohlasy jezdc\u016f po 1. etap\u011b 19. AGROTEC PETRONAS rally 2024 | AGROTEC Petronas Rally","isPartOf":{"@id":"https:\/\/www.agrotecrally.cz\/#website"},"datePublished":"2024-06-15T07:59:20+00:00","dateModified":"2024-06-15T07:59:20+00:00","breadcrumb":{"@id":"https:\/\/www.agrotecrally.cz\/rally-hustopece\/ohlasy-jezdcu-po-1-etape-19-agrotec-petronas-rally-2024\/#breadcrumb"},"inLanguage":"en-GB","potentialAction":[{"@type":"ReadAction","target":["https:\/\/www.agrotecrally.cz\/rally-hustopece\/ohlasy-jezdcu-po-1-etape-19-agrotec-petronas-rally-2024\/"]}]},{"@type":"BreadcrumbList","@id":"https:\/\/www.agrotecrally.cz\/rally-hustopece\/ohlasy-jezdcu-po-1-etape-19-agrotec-petronas-rally-2024\/#breadcrumb","itemListElement":[{"@type":"ListItem","position":1,"name":"Dom\u016f","item":"https:\/\/www.agrotecrally.cz\/"},{"@type":"ListItem","position":2,"name":"Ohlasy jezdc\u016f po 1. etap\u011b 19. AGROTEC PETRONAS rally 2024"}]},{"@type":"WebSite","@id":"https:\/\/www.agrotecrally.cz\/#website","url":"https:\/\/www.agrotecrally.cz\/","name":"AGROTEC Petronas rally","description":"Rally mezi vinicemi","publisher":{"@id":"https:\/\/www.agrotecrally.cz\/#organization"},"potentialAction":[{"@type":"SearchAction","target":{"@type":"EntryPoint","urlTemplate":"https:\/\/www.agrotecrally.cz\/?s={search_term_string}"},"query-input":"required name=search_term_string"}],"inLanguage":"en-GB"},{"@type":"Organization","@id":"https:\/\/www.agrotecrally.cz\/#organization","name":"AGROTEC Petronas rally","url":"https:\/\/www.agrotecrally.cz\/","logo":{"@type":"ImageObject","inLanguage":"en-GB","@id":"https:\/\/www.agrotecrally.cz\/#\/schema\/logo\/image\/","url":"https:\/\/www.agrotecrally.cz\/wp-content\/uploads\/2021\/05\/AGROTEC-RALLY_16-01-web-2.png","contentUrl":"https:\/\/www.agrotecrally.cz\/wp-content\/uploads\/2021\/05\/AGROTEC-RALLY_16-01-web-2.png","width":459,"height":222,"caption":"AGROTEC Petronas rally"},"image":{"@id":"https:\/\/www.agrotecrally.cz\/#\/schema\/logo\/image\/"},"sameAs":["https:\/\/www.facebook.com\/agrotecrally"]},{"@type":"Person","@id":"https:\/\/www.agrotecrally.cz\/#\/schema\/person\/38a02deaa1f019e278fc735d03d83f85","name":"Tom\u00e1\u0161 Plach\u00fd","image":{"@type":"ImageObject","inLanguage":"en-GB","@id":"https:\/\/www.agrotecrally.cz\/#\/schema\/person\/image\/","url":"https:\/\/secure.gravatar.com\/avatar\/a7a68eee7fdb2b4f0975cdc024983e22?s=96&d=mm&r=g","contentUrl":"https:\/\/secure.gravatar.com\/avatar\/a7a68eee7fdb2b4f0975cdc024983e22?s=96&d=mm&r=g","caption":"Tom\u00e1\u0161 Plach\u00fd"},"url":"https:\/\/www.agrotecrally.cz\/en\/author\/topmediaseznam-cz\/"}]}},"_links":{"self":[{"href":"https:\/\/www.agrotecrally.cz\/en\/wp-json\/wp\/v2\/posts\/3436"}],"collection":[{"href":"https:\/\/www.agrotecrally.cz\/en\/wp-json\/wp\/v2\/posts"}],"about":[{"href":"https:\/\/www.agrotecrally.cz\/en\/wp-json\/wp\/v2\/types\/post"}],"author":[{"embeddable":true,"href":"https:\/\/www.agrotecrally.cz\/en\/wp-json\/wp\/v2\/users\/2"}],"replies":[{"embeddable":true,"href":"https:\/\/www.agrotecrally.cz\/en\/wp-json\/wp\/v2\/comments?post=3436"}],"version-history":[{"count":1,"href":"https:\/\/www.agrotecrally.cz\/en\/wp-json\/wp\/v2\/posts\/3436\/revisions"}],"predecessor-version":[{"id":3438,"href":"https:\/\/www.agrotecrally.cz\/en\/wp-json\/wp\/v2\/posts\/3436\/revisions\/3438"}],"wp:featuredmedia":[{"embeddable":true,"href":"https:\/\/www.agrotecrally.cz\/en\/wp-json\/wp\/v2\/media\/3437"}],"wp:attachment":[{"href":"https:\/\/www.agrotecrally.cz\/en\/wp-json\/wp\/v2\/media?parent=3436"}],"wp:term":[{"taxonomy":"category","embeddable":true,"href":"https:\/\/www.agrotecrally.cz\/en\/wp-json\/wp\/v2\/categories?post=3436"},{"taxonomy":"post_tag","embeddable":true,"href":"https:\/\/www.agrotecrally.cz\/en\/wp-json\/wp\/v2\/tags?post=3436"}],"curies":[{"name":"wp","href":"https:\/\/api.w.org\/{rel}","templated":true}]}}