{"id":346,"date":"2019-06-15T12:49:06","date_gmt":"2019-06-15T11:49:06","guid":{"rendered":"http:\/\/agrotecrally.marekmusil.cz\/?p=346"},"modified":"2021-03-25T14:25:04","modified_gmt":"2021-03-25T13:25:04","slug":"filip-mares-a-jan-hlousek-vitezi-xv-agrotec-petronas-rally-2019","status":"publish","type":"post","link":"https:\/\/www.agrotecrally.cz\/en\/rally-hustopece\/filip-mares-a-jan-hlousek-vitezi-xv-agrotec-petronas-rally-2019\/","title":{"rendered":"Filip Mare\u0161 a Jan Hlou\u0161ek v\u00edt\u011bzi XV. Agrotec Petronas Rally 2019"},"content":{"rendered":"<p><em>Absolutn\u00edmi v\u00edt\u011bzi leto\u0161n\u00ed XV. Agrotec Petronas Rally se stali Filip Mare\u0161 s Janem Hlou\u0161kem na \u0160kod\u011b Fabii R5. Druhou p\u0159\u00ed\u010dku nakonec z\u00edskal po dramatick\u00e9m z\u00e1v\u011bru sout\u011b\u017ee Jan Dohnal na Fordu Focus WRC, t\u0159et\u00ed pak polsk\u00fd host Grzegorz Grzyb se \u0160kodou Fabia R5.<\/em><\/p>\n<p><em>Mare\u0161 prok\u00e1zal sv\u00e9 kvality, kdy\u017e b\u011bhem druh\u00e9 etapy dok\u00e1zal udr\u017eet veden\u00ed p\u0159ed dot\u00edraj\u00edc\u00edm Janem \u010cern\u00fdm. Ten nakonec skon\u010dil na trati posledn\u00ed rychlostn\u00ed zkou\u0161ky s rozbitou p\u0159evodovkou. C\u00edl nakonec nespat\u0159il ani Miroslav Jake\u0161, kter\u00fd sice zd\u00e1rn\u011b absolvoval v\u0161echny m\u011b\u0159en\u00e9 \u00faseky, ale za c\u00edlem toho z\u00e1v\u011bre\u010dn\u00e9ho ho zradila elektronika jeho vozu.<\/em><\/p>\n<p><em>B\u011bhem n\u00e1ro\u010dn\u00e9ho dvoudenn\u00edho kl\u00e1n\u00ed se musely \u00fa\u010dastn\u00edci XV. Agrotec Petronas Rally 2019 vypo\u0159\u00e1dat s tropick\u00fdmi vedry, kdy\u017e teploty v kokpitech sout\u011b\u017en\u00edch voz\u016f \u0161plhaly i k pades\u00e1ti stup\u0148\u016fm celsiovy stupnice. Specifick\u00e9 trat\u011b pak dokonale prov\u011b\u0159ily tak\u00e9 p\u0159ipravenost techniky.<\/em><\/p>\n<p><em>Po ro\u010dn\u00ed pauze se uk\u00e1zalo, \u017ee v \u010desk\u00e9m \u0161ampion\u00e1tu specifick\u00e1 a kompaktn\u00ed rally mezi vinohrady m\u00e1 sv\u00e9 nezpochybniteln\u00e9 kouzlo. P\u0159i absenci \u00fa\u0159aduj\u00edc\u00edho mistra \u010cesk\u00e9 republiky a t\u00edm p\u00e1dem jasn\u00e9ho favorita Jana Kopeck\u00e9ho jsme letos mohli sledovat po celou dobu fantastick\u00e9 souboje na \u010dele rally, kter\u00e9 p\u0159isp\u011bly k je\u0161t\u011b v\u011bt\u0161\u00ed atraktivit\u011b hustope\u010dsk\u00e9 sout\u011b\u017ee.<\/em><\/p>\n<p><strong>Kone\u010dn\u00e9 neofici\u00e1ln\u00ed v\u00fdsledky: <\/strong><\/p>\n<p>1. Mare\u0161 \u2013 Hlou\u0161ek (\u0160koda Fabia R5) 1:22:56,1<br \/>\n2. Dohnal \u2013 Ernst (Ford Focus WRC) +1:05,8<br \/>\n3. Grzyb \u2013 Wr\u00f3bel (\u0160koda Fabia R5) +1:15,7<br \/>\n4. \u0160tajf \u2013 Havelkov\u00e1 (VW Polo Gti R5) +1:23,6<br \/>\n5. Odlo\u017eil\u00edk \u2013 Ture\u010dek (\u0160koda Fabia R5) +1:36,3<\/p>\n<p><strong>Ohlasy z c\u00edle<\/strong><\/p>\n<p><strong>Filip Mare\u0161 (\u0160koda Fabia R5, 1. m\u00edsto):\u00a0 <\/strong><br \/>\n&#8222;Je to m\u00e9 prvn\u00ed v\u00edt\u011bzstv\u00ed, a je\u0161t\u011b mi to ani v\u0161echno nedoch\u00e1z\u00ed. Cht\u011bl bych pod\u011bkovat hlavn\u011b cel\u00e9mu t\u00fdmu za tento v\u00fdsledek. Jelo se od za\u010d\u00e1tku rychle, nemohli jsme se fl\u00e1kat a jsem r\u00e1d, \u017ee jsme udr\u017eeli nervy na uzd\u011b a zvl\u00e1dli jsme to.\u00a0 Pro n\u00e1s je to fantastick\u00fd v\u00fdsledek, po roce a \u010dtvrt z\u00e1vod\u011bn\u00ed s R5. Je to snad dobr\u00e9 znamen\u00ed, \u017ee se m\u016f\u017eeme dostat n\u011bkam d\u00e1l a ud\u011bl\u00e1me pro to maximum. Mrz\u00ed m\u011b, jak dopadl Honza \u010cern\u00fd a Mirek Jake\u0161. &#8220;<\/p>\n<p><strong>Grzegorz Grzyb (\u0160koda Fabia R5, 2. m\u00edsto): <\/strong><br \/>\n&#8222;Jsme spokojen\u00ed. To by byl s p\u00f3diov\u00fdm um\u00edst\u011bn\u00edm ka\u017ed\u00fd. V Hustope\u010d\u00edch n\u00e1m to nikdy ne\u0161lo, ale nakonec na\u0161i soupe\u0159i ud\u011blali chyby, tak\u017ee v\u00fdsledek je nakonec dobr\u00fd. Douf\u00e1m, \u017ee za rok budeme je\u0161t\u011b rychlej\u0161\u00ed.&#8220;<\/p>\n<p><strong>Jan Dohnal (Ford Focus WRC, 3. m\u00edsto): <\/strong><br \/>\n&#8222;Z v\u00fdsledku m\u00e1me velkou radost, p\u0159edev\u0161\u00edm ze zlep\u0161uj\u00edc\u00ed se tendence na\u0161ich um\u00edst\u011bn\u00ed. Sna\u017eili jsme se p\u0159izp\u016fsobovat auto zdej\u0161\u00edm podm\u00ednk\u00e1m a dnes jsme hodn\u011b zrychlili. Mus\u00edm pochv\u00e1lit v\u00fdkony v\u0161ech jezdc\u016f, kte\u0159\u00ed byli p\u0159ed n\u00e1mi. Bohu\u017eel nedojeli a\u017e do c\u00edle z r\u016fzn\u00fdch d\u016fvod\u016f a n\u00e1m to nakonec spadlo do kl\u00edna.&#8220;<\/p>\n<p><strong>Vojt\u011bch \u0160tajf (Volkswagen Polo Gti R5, 4. m\u00edsto):<\/strong><br \/>\n&#8222;Op\u011bt se potvrdilo, \u017ee ka\u017ed\u00e1 rally kon\u010d\u00ed a\u017e v c\u00edli, v posledn\u00ed \u010dasov\u00e9 kontrole. Kluk\u016f je mi ale l\u00edto, hlavn\u011b Mirek Jake\u0161 m\u00e1 letos opravdu sm\u016flu. My jsme naopak potvrdili spolehlivost Volkswagenu a d\u00edk za to pat\u0159\u00ed na\u0161emu t\u00fdmu. Na aut\u011b jsme ud\u011blali v\u0161e, co n\u00e1m u VW doporu\u010dili a \u017e\u00e1dn\u00fd probl\u00e9m nenastal, tak to snad i z\u016fstane. Douf\u00e1m, \u017ee na Bohemce nav\u00e1\u017eeme na tento v\u00fdsledek a t\u011b\u0161\u00edm se na nov\u00e9 rychlostn\u00ed zkou\u0161ky. Nav\u00edc n\u00e1m to s Veronikou funguje skv\u011ble, tak\u017ee n\u00e1s to bav\u00ed.&#8220;<\/p>\n<p><strong>Roman Odlo\u017eil\u00edk (\u0160koda Fabia R5, 5. m\u00edsto): <\/strong><br \/>\n&#8222;Jezd\u00ed se neskute\u010dn\u011b rychle, ale uk\u00e1zalo se, \u017ee pro n\u00e1s se vyplat\u00ed jet s rozumem, proto\u017ee rychlost\u00ed u\u017e na kluky vep\u0159edu nem\u00e1me. U\u017eili jsme si to a d\u00edky odstoupen\u00ed n\u011bkter\u00fdch pos\u00e1dek p\u0159ed n\u00e1mi je v\u00fdsledek v\u00fdborn\u00fd. \u0160koda, \u017ee jsem dnes r\u00e1no ud\u011blal na druh\u00e9 zkou\u0161ce chybu, proto\u017ee to mohlo b\u00fdt je\u0161t\u011b lep\u0161\u00ed.&#8220;<\/p>\n<p><strong>Patrik Rujbr (\u0160koda Fabia R5, 6. m\u00edsto):<\/strong><br \/>\n&#8222;Celou sout\u011b\u017e jsme si u\u017eili. Jelo se hodn\u011b rychle. Na posledn\u00ed zkou\u0161ce jsme je\u0161t\u011b zkusili zatla\u010dit na Romana Odlo\u017eil\u00edka, ale dal n\u00e1m naopak moc on. Jsme spokojen\u00ed, \u017ee jsme v c\u00edli. V aut\u011b mi hodn\u011b pom\u00e1h\u00e1 Mirek, \u0159e\u0161\u00edme styl j\u00edzdy, brzdy, techniku. To je ur\u010dit\u011b p\u0159idan\u00e1 hodnota.&#8220;<\/p>\n<p><strong>Martin B\u0159ez\u00edk (\u0160koda Fabia R5, 7. m\u00edsto):\u00a0 <\/strong><br \/>\n&#8222;Z na\u0161eho pohledu velice n\u00e1ro\u010dn\u00e1 sout\u011b\u017e. Jede se neskute\u010dn\u011b rychle a mus\u00edm smeknout p\u0159ed v\u00fdkony kluk\u016f p\u0159ed n\u00e1mi. Bav\u00ed n\u00e1s to, ale rychleji u\u017e asi nepojedeme. Z pohledu t\u00fdmu to nen\u00ed tak dobr\u00e9. Odstoupit na posledn\u00ed RZ, kdy se auto zastav\u00ed kv\u016fli technick\u00fdm probl\u00e9m\u016fm jako v p\u0159\u00edpad\u011b Mirka Jake\u0161e, je sm\u016fla.&#8220;<\/p>\n<p><strong>Martin Vl\u010dek (Hyundai i20 R5, 8. m\u00edsto):<\/strong><br \/>\n&#8222;Postupem \u010dasu se to zlep\u0161ovalo. Byl jsem nerv\u00f3zn\u00ed hlavn\u011b v noci z t\u011bch p\u00eds\u010dit\u00fdch m\u00edst. Podm\u00ednky ale m\u011bli v\u0161ichni stejn\u00e9. Nakonec m\u00e1me docela slu\u0161n\u00e9 body. Dost jsme se natr\u00e1pili kv\u016fli tomu horku, v t\u011bch dlouh\u00fdch zkou\u0161k\u00e1ch jsem si s\u00e1hnul na dno. Ur\u010dit\u011b to ale byla hezk\u00e1 rally s \u0161otolinou a spoustou div\u00e1k\u016f. Rally mezi vinohrady je jedna z nejhez\u010d\u00edch.&#8220;<\/p>\n<p><strong>Tom\u00e1\u0161 Posp\u00ed\u0161il\u00edk (\u0160koda Fabia R5, 9. m\u00edsto): <\/strong><br \/>\n&#8222;Hustope\u010de byly opravdu n\u00e1ro\u010dn\u00e9. Pro n\u00e1s o to v\u00edc, \u017ee jsem dva m\u011bs\u00edce nesed\u011bl v aut\u011b. Tak\u017ee v tomto atypick\u00e9m z\u00e1vod\u011b jsem si na prvn\u00edch rychlostk\u00e1ch p\u0159ipadal, jako bych v aut\u011b sed\u011bl poprv\u00e9. Postupn\u011b jsme zrychlovali, necht\u011bli chybovat, tak\u017ee to chv\u00edli trvalo, ne\u017e jsme se rozjeli. \u0160koda, \u017ee z\u00e1vod neza\u010d\u00edn\u00e1 te\u010f.&#8220;<\/p>\n<p><strong>V\u00e1clav Pech (Ford Fiesta R5, 10. m\u00edsto):<\/strong><br \/>\n&#8222;M\u00e1m z toho dva pocity. Jeden je ten, \u017ee kdy\u017e jsme jeli, tak to bylo kr\u00e1sn\u00e9 svezen\u00ed a \u0161lo n\u00e1m to, byla z toho radost. Ale potom bohu\u017eel p\u0159i\u0161ly dva probl\u00e9my, kdy n\u00e1m praskla poloosa v\u010dera a dnes jsme p\u0159ehl\u00e9dli jeden antikat. Nakonec se to nepovedlo dot\u00e1hnout na bednu.&#8220;<\/p>\n<p><strong>Pavel \u0160ev\u010d\u00edk (Mitsubishi Lancer Evo IX, 1. m\u00edsto t\u0159. 3): <\/strong><br \/>\n&#8222;Po dvoulet\u00e9 pauze, pokud pominu Vy\u0161kov, jsme se zase museli trochu dostat do tempa. Ale u\u017e\u00edvali jsme si to. V prvn\u00ed zkou\u0161ce n\u00e1s potr\u00e1pila elektrika, n\u011bjak\u00fd zkrat, jednou se auto \u00fapln\u011b zastavilo. Nakonec jsme to za c\u00edlem n\u011bjak spravili a to byl asi jedin\u00fd technick\u00fd probl\u00e9m. Jezdeck\u00fdch kriz\u00ed bylo ur\u010dit\u011b dost, hlavn\u011b v p\u00e1tek. Ur\u010dit\u011b to byl dobr\u00fd test p\u0159ed Pa\u010dejovem.&#8220;<\/p>\n<p><strong>Jan Tala\u0161 (Peugeot 208 R2, 1. m\u00edsto 2WD): <\/strong><br \/>\n&#8222;\u010cekali jsme, \u017ee bude velk\u00e9 konkurence, tak jsme se museli sna\u017eit od sam\u00e9ho po\u010d\u00e1tku. Dnes jsme m\u011bli po\u0159\u00e1d rezervy, jeli jsme tak, abysme nerozbili auto. Kdybychom m\u011bli lep\u0161\u00ed gumy, mo\u017en\u00e1 by to bylo i lep\u0161\u00ed. Pokud jde o tra\u0165, loni ur\u010dit\u011b nebylo tolik protikatovac\u00edch z\u00e1bran a letos byly i hodn\u011b \u0161patn\u011b postaven\u00e9. Nav\u00edc, kdy\u017e je n\u011bkdo trefil a vyhodil, nikdo u\u017e je nevr\u00e1til na p\u016fvodn\u00ed m\u00edsto. Nebylo to moc dob\u0159e vymy\u0161len\u00e9.&#8220;<\/p>","protected":false},"excerpt":{"rendered":"<p>Absolutn\u00edmi v\u00edt\u011bzi leto\u0161n\u00ed XV. Agrotec Petronas Rally se stali Filip Mare\u0161 s Janem Hlou\u0161kem na \u0160kod\u011b Fabii R5. Druhou p\u0159\u00ed\u010dku nakonec z\u00edskal po dramatick\u00e9m z\u00e1v\u011bru sout\u011b\u017ee Jan Dohnal na Fordu Focus WRC, t\u0159et\u00ed pak polsk\u00fd host Grzegorz Grzyb se \u0160kodou Fabia R5.<\/p>","protected":false},"author":2,"featured_media":347,"comment_status":"open","ping_status":"open","sticky":false,"template":"","format":"standard","meta":{"_et_pb_use_builder":"","_et_pb_old_content":"","_et_gb_content_width":"","footnotes":""},"categories":[10],"tags":[],"yoast_head":"<!-- This site is optimized with the Yoast SEO plugin v21.9.1 - https:\/\/yoast.com\/wordpress\/plugins\/seo\/ -->\n<title>Filip Mare\u0161 a Jan Hlou\u0161ek v\u00edt\u011bzi XV. Agrotec Petronas Rally 2019 | AGROTEC Petronas Rally<\/title>\n<meta name=\"robots\" content=\"index, follow, max-snippet:-1, max-image-preview:large, max-video-preview:-1\" \/>\n<link rel=\"canonical\" href=\"https:\/\/www.agrotecrally.cz\/en\/rally-hustopece\/filip-mares-a-jan-hlousek-vitezi-xv-agrotec-petronas-rally-2019\/\" \/>\n<meta property=\"og:locale\" content=\"en_GB\" \/>\n<meta property=\"og:type\" content=\"article\" \/>\n<meta property=\"og:title\" content=\"Filip Mare\u0161 a Jan Hlou\u0161ek v\u00edt\u011bzi XV. Agrotec Petronas Rally 2019 | AGROTEC Petronas Rally\" \/>\n<meta property=\"og:description\" content=\"Absolutn\u00edmi v\u00edt\u011bzi leto\u0161n\u00ed XV. Agrotec Petronas Rally se stali Filip Mare\u0161 s Janem Hlou\u0161kem na \u0160kod\u011b Fabii R5. Druhou p\u0159\u00ed\u010dku nakonec z\u00edskal po dramatick\u00e9m z\u00e1v\u011bru sout\u011b\u017ee Jan Dohnal na Fordu Focus WRC, t\u0159et\u00ed pak polsk\u00fd host Grzegorz Grzyb se \u0160kodou Fabia R5.\" \/>\n<meta property=\"og:url\" content=\"https:\/\/www.agrotecrally.cz\/en\/rally-hustopece\/filip-mares-a-jan-hlousek-vitezi-xv-agrotec-petronas-rally-2019\/\" \/>\n<meta property=\"og:site_name\" content=\"AGROTEC Petronas Rally\" \/>\n<meta property=\"article:publisher\" content=\"https:\/\/www.facebook.com\/agrotecrally\" \/>\n<meta property=\"article:published_time\" content=\"2019-06-15T11:49:06+00:00\" \/>\n<meta property=\"article:modified_time\" content=\"2021-03-25T13:25:04+00:00\" \/>\n<meta property=\"og:image\" content=\"https:\/\/www.agrotecrally.cz\/wp-content\/uploads\/2021\/03\/IMGP3867.jpg\" \/>\n\t<meta property=\"og:image:width\" content=\"1973\" \/>\n\t<meta property=\"og:image:height\" content=\"1317\" \/>\n\t<meta property=\"og:image:type\" content=\"image\/jpeg\" \/>\n<meta name=\"author\" content=\"Tom\u00e1\u0161 Plach\u00fd\" \/>\n<meta name=\"twitter:card\" content=\"summary_large_image\" \/>\n<meta name=\"twitter:label1\" content=\"Written by\" \/>\n\t<meta name=\"twitter:data1\" content=\"Tom\u00e1\u0161 Plach\u00fd\" \/>\n\t<meta name=\"twitter:label2\" content=\"Estimated reading time\" \/>\n\t<meta name=\"twitter:data2\" content=\"7 minutes\" \/>\n<script type=\"application\/ld+json\" class=\"yoast-schema-graph\">{\"@context\":\"https:\/\/schema.org\",\"@graph\":[{\"@type\":\"Article\",\"@id\":\"https:\/\/www.agrotecrally.cz\/rally-hustopece\/filip-mares-a-jan-hlousek-vitezi-xv-agrotec-petronas-rally-2019\/#article\",\"isPartOf\":{\"@id\":\"https:\/\/www.agrotecrally.cz\/rally-hustopece\/filip-mares-a-jan-hlousek-vitezi-xv-agrotec-petronas-rally-2019\/\"},\"author\":{\"name\":\"Tom\u00e1\u0161 Plach\u00fd\",\"@id\":\"https:\/\/www.agrotecrally.cz\/#\/schema\/person\/38a02deaa1f019e278fc735d03d83f85\"},\"headline\":\"Filip Mare\u0161 a Jan Hlou\u0161ek v\u00edt\u011bzi XV. Agrotec Petronas Rally 2019\",\"datePublished\":\"2019-06-15T11:49:06+00:00\",\"dateModified\":\"2021-03-25T13:25:04+00:00\",\"mainEntityOfPage\":{\"@id\":\"https:\/\/www.agrotecrally.cz\/rally-hustopece\/filip-mares-a-jan-hlousek-vitezi-xv-agrotec-petronas-rally-2019\/\"},\"wordCount\":1313,\"commentCount\":0,\"publisher\":{\"@id\":\"https:\/\/www.agrotecrally.cz\/#organization\"},\"articleSection\":[\"AGROTEC rally Hustope\u010de\"],\"inLanguage\":\"en-GB\",\"potentialAction\":[{\"@type\":\"CommentAction\",\"name\":\"Comment\",\"target\":[\"https:\/\/www.agrotecrally.cz\/rally-hustopece\/filip-mares-a-jan-hlousek-vitezi-xv-agrotec-petronas-rally-2019\/#respond\"]}]},{\"@type\":\"WebPage\",\"@id\":\"https:\/\/www.agrotecrally.cz\/rally-hustopece\/filip-mares-a-jan-hlousek-vitezi-xv-agrotec-petronas-rally-2019\/\",\"url\":\"https:\/\/www.agrotecrally.cz\/rally-hustopece\/filip-mares-a-jan-hlousek-vitezi-xv-agrotec-petronas-rally-2019\/\",\"name\":\"Filip Mare\u0161 a Jan Hlou\u0161ek v\u00edt\u011bzi XV. Agrotec Petronas Rally 2019 | AGROTEC Petronas Rally\",\"isPartOf\":{\"@id\":\"https:\/\/www.agrotecrally.cz\/#website\"},\"datePublished\":\"2019-06-15T11:49:06+00:00\",\"dateModified\":\"2021-03-25T13:25:04+00:00\",\"breadcrumb\":{\"@id\":\"https:\/\/www.agrotecrally.cz\/rally-hustopece\/filip-mares-a-jan-hlousek-vitezi-xv-agrotec-petronas-rally-2019\/#breadcrumb\"},\"inLanguage\":\"en-GB\",\"potentialAction\":[{\"@type\":\"ReadAction\",\"target\":[\"https:\/\/www.agrotecrally.cz\/rally-hustopece\/filip-mares-a-jan-hlousek-vitezi-xv-agrotec-petronas-rally-2019\/\"]}]},{\"@type\":\"BreadcrumbList\",\"@id\":\"https:\/\/www.agrotecrally.cz\/rally-hustopece\/filip-mares-a-jan-hlousek-vitezi-xv-agrotec-petronas-rally-2019\/#breadcrumb\",\"itemListElement\":[{\"@type\":\"ListItem\",\"position\":1,\"name\":\"Dom\u016f\",\"item\":\"https:\/\/www.agrotecrally.cz\/\"},{\"@type\":\"ListItem\",\"position\":2,\"name\":\"Filip Mare\u0161 a Jan Hlou\u0161ek v\u00edt\u011bzi XV. Agrotec Petronas Rally 2019\"}]},{\"@type\":\"WebSite\",\"@id\":\"https:\/\/www.agrotecrally.cz\/#website\",\"url\":\"https:\/\/www.agrotecrally.cz\/\",\"name\":\"AGROTEC Petronas rally\",\"description\":\"Rally mezi vinicemi\",\"publisher\":{\"@id\":\"https:\/\/www.agrotecrally.cz\/#organization\"},\"potentialAction\":[{\"@type\":\"SearchAction\",\"target\":{\"@type\":\"EntryPoint\",\"urlTemplate\":\"https:\/\/www.agrotecrally.cz\/?s={search_term_string}\"},\"query-input\":\"required name=search_term_string\"}],\"inLanguage\":\"en-GB\"},{\"@type\":\"Organization\",\"@id\":\"https:\/\/www.agrotecrally.cz\/#organization\",\"name\":\"AGROTEC Petronas rally\",\"url\":\"https:\/\/www.agrotecrally.cz\/\",\"logo\":{\"@type\":\"ImageObject\",\"inLanguage\":\"en-GB\",\"@id\":\"https:\/\/www.agrotecrally.cz\/#\/schema\/logo\/image\/\",\"url\":\"https:\/\/www.agrotecrally.cz\/wp-content\/uploads\/2021\/05\/AGROTEC-RALLY_16-01-web-2.png\",\"contentUrl\":\"https:\/\/www.agrotecrally.cz\/wp-content\/uploads\/2021\/05\/AGROTEC-RALLY_16-01-web-2.png\",\"width\":459,\"height\":222,\"caption\":\"AGROTEC Petronas rally\"},\"image\":{\"@id\":\"https:\/\/www.agrotecrally.cz\/#\/schema\/logo\/image\/\"},\"sameAs\":[\"https:\/\/www.facebook.com\/agrotecrally\"]},{\"@type\":\"Person\",\"@id\":\"https:\/\/www.agrotecrally.cz\/#\/schema\/person\/38a02deaa1f019e278fc735d03d83f85\",\"name\":\"Tom\u00e1\u0161 Plach\u00fd\",\"image\":{\"@type\":\"ImageObject\",\"inLanguage\":\"en-GB\",\"@id\":\"https:\/\/www.agrotecrally.cz\/#\/schema\/person\/image\/\",\"url\":\"https:\/\/secure.gravatar.com\/avatar\/a7a68eee7fdb2b4f0975cdc024983e22?s=96&d=mm&r=g\",\"contentUrl\":\"https:\/\/secure.gravatar.com\/avatar\/a7a68eee7fdb2b4f0975cdc024983e22?s=96&d=mm&r=g\",\"caption\":\"Tom\u00e1\u0161 Plach\u00fd\"},\"url\":\"https:\/\/www.agrotecrally.cz\/en\/author\/topmediaseznam-cz\/\"}]}<\/script>\n<!-- \/ Yoast SEO plugin. -->","yoast_head_json":{"title":"Filip Mare\u0161 a Jan Hlou\u0161ek v\u00edt\u011bzi XV. Agrotec Petronas Rally 2019 | AGROTEC Petronas Rally","robots":{"index":"index","follow":"follow","max-snippet":"max-snippet:-1","max-image-preview":"max-image-preview:large","max-video-preview":"max-video-preview:-1"},"canonical":"https:\/\/www.agrotecrally.cz\/en\/rally-hustopece\/filip-mares-a-jan-hlousek-vitezi-xv-agrotec-petronas-rally-2019\/","og_locale":"en_GB","og_type":"article","og_title":"Filip Mare\u0161 a Jan Hlou\u0161ek v\u00edt\u011bzi XV. Agrotec Petronas Rally 2019 | AGROTEC Petronas Rally","og_description":"Absolutn\u00edmi v\u00edt\u011bzi leto\u0161n\u00ed XV. Agrotec Petronas Rally se stali Filip Mare\u0161 s Janem Hlou\u0161kem na \u0160kod\u011b Fabii R5. Druhou p\u0159\u00ed\u010dku nakonec z\u00edskal po dramatick\u00e9m z\u00e1v\u011bru sout\u011b\u017ee Jan Dohnal na Fordu Focus WRC, t\u0159et\u00ed pak polsk\u00fd host Grzegorz Grzyb se \u0160kodou Fabia R5.","og_url":"https:\/\/www.agrotecrally.cz\/en\/rally-hustopece\/filip-mares-a-jan-hlousek-vitezi-xv-agrotec-petronas-rally-2019\/","og_site_name":"AGROTEC Petronas Rally","article_publisher":"https:\/\/www.facebook.com\/agrotecrally","article_published_time":"2019-06-15T11:49:06+00:00","article_modified_time":"2021-03-25T13:25:04+00:00","og_image":[{"width":1973,"height":1317,"url":"https:\/\/www.agrotecrally.cz\/wp-content\/uploads\/2021\/03\/IMGP3867.jpg","type":"image\/jpeg"}],"author":"Tom\u00e1\u0161 Plach\u00fd","twitter_card":"summary_large_image","twitter_misc":{"Written by":"Tom\u00e1\u0161 Plach\u00fd","Estimated reading time":"7 minutes"},"schema":{"@context":"https:\/\/schema.org","@graph":[{"@type":"Article","@id":"https:\/\/www.agrotecrally.cz\/rally-hustopece\/filip-mares-a-jan-hlousek-vitezi-xv-agrotec-petronas-rally-2019\/#article","isPartOf":{"@id":"https:\/\/www.agrotecrally.cz\/rally-hustopece\/filip-mares-a-jan-hlousek-vitezi-xv-agrotec-petronas-rally-2019\/"},"author":{"name":"Tom\u00e1\u0161 Plach\u00fd","@id":"https:\/\/www.agrotecrally.cz\/#\/schema\/person\/38a02deaa1f019e278fc735d03d83f85"},"headline":"Filip Mare\u0161 a Jan Hlou\u0161ek v\u00edt\u011bzi XV. Agrotec Petronas Rally 2019","datePublished":"2019-06-15T11:49:06+00:00","dateModified":"2021-03-25T13:25:04+00:00","mainEntityOfPage":{"@id":"https:\/\/www.agrotecrally.cz\/rally-hustopece\/filip-mares-a-jan-hlousek-vitezi-xv-agrotec-petronas-rally-2019\/"},"wordCount":1313,"commentCount":0,"publisher":{"@id":"https:\/\/www.agrotecrally.cz\/#organization"},"articleSection":["AGROTEC rally Hustope\u010de"],"inLanguage":"en-GB","potentialAction":[{"@type":"CommentAction","name":"Comment","target":["https:\/\/www.agrotecrally.cz\/rally-hustopece\/filip-mares-a-jan-hlousek-vitezi-xv-agrotec-petronas-rally-2019\/#respond"]}]},{"@type":"WebPage","@id":"https:\/\/www.agrotecrally.cz\/rally-hustopece\/filip-mares-a-jan-hlousek-vitezi-xv-agrotec-petronas-rally-2019\/","url":"https:\/\/www.agrotecrally.cz\/rally-hustopece\/filip-mares-a-jan-hlousek-vitezi-xv-agrotec-petronas-rally-2019\/","name":"Filip Mare\u0161 a Jan Hlou\u0161ek v\u00edt\u011bzi XV. Agrotec Petronas Rally 2019 | AGROTEC Petronas Rally","isPartOf":{"@id":"https:\/\/www.agrotecrally.cz\/#website"},"datePublished":"2019-06-15T11:49:06+00:00","dateModified":"2021-03-25T13:25:04+00:00","breadcrumb":{"@id":"https:\/\/www.agrotecrally.cz\/rally-hustopece\/filip-mares-a-jan-hlousek-vitezi-xv-agrotec-petronas-rally-2019\/#breadcrumb"},"inLanguage":"en-GB","potentialAction":[{"@type":"ReadAction","target":["https:\/\/www.agrotecrally.cz\/rally-hustopece\/filip-mares-a-jan-hlousek-vitezi-xv-agrotec-petronas-rally-2019\/"]}]},{"@type":"BreadcrumbList","@id":"https:\/\/www.agrotecrally.cz\/rally-hustopece\/filip-mares-a-jan-hlousek-vitezi-xv-agrotec-petronas-rally-2019\/#breadcrumb","itemListElement":[{"@type":"ListItem","position":1,"name":"Dom\u016f","item":"https:\/\/www.agrotecrally.cz\/"},{"@type":"ListItem","position":2,"name":"Filip Mare\u0161 a Jan Hlou\u0161ek v\u00edt\u011bzi XV. Agrotec Petronas Rally 2019"}]},{"@type":"WebSite","@id":"https:\/\/www.agrotecrally.cz\/#website","url":"https:\/\/www.agrotecrally.cz\/","name":"AGROTEC Petronas rally","description":"Rally mezi vinicemi","publisher":{"@id":"https:\/\/www.agrotecrally.cz\/#organization"},"potentialAction":[{"@type":"SearchAction","target":{"@type":"EntryPoint","urlTemplate":"https:\/\/www.agrotecrally.cz\/?s={search_term_string}"},"query-input":"required name=search_term_string"}],"inLanguage":"en-GB"},{"@type":"Organization","@id":"https:\/\/www.agrotecrally.cz\/#organization","name":"AGROTEC Petronas rally","url":"https:\/\/www.agrotecrally.cz\/","logo":{"@type":"ImageObject","inLanguage":"en-GB","@id":"https:\/\/www.agrotecrally.cz\/#\/schema\/logo\/image\/","url":"https:\/\/www.agrotecrally.cz\/wp-content\/uploads\/2021\/05\/AGROTEC-RALLY_16-01-web-2.png","contentUrl":"https:\/\/www.agrotecrally.cz\/wp-content\/uploads\/2021\/05\/AGROTEC-RALLY_16-01-web-2.png","width":459,"height":222,"caption":"AGROTEC Petronas rally"},"image":{"@id":"https:\/\/www.agrotecrally.cz\/#\/schema\/logo\/image\/"},"sameAs":["https:\/\/www.facebook.com\/agrotecrally"]},{"@type":"Person","@id":"https:\/\/www.agrotecrally.cz\/#\/schema\/person\/38a02deaa1f019e278fc735d03d83f85","name":"Tom\u00e1\u0161 Plach\u00fd","image":{"@type":"ImageObject","inLanguage":"en-GB","@id":"https:\/\/www.agrotecrally.cz\/#\/schema\/person\/image\/","url":"https:\/\/secure.gravatar.com\/avatar\/a7a68eee7fdb2b4f0975cdc024983e22?s=96&d=mm&r=g","contentUrl":"https:\/\/secure.gravatar.com\/avatar\/a7a68eee7fdb2b4f0975cdc024983e22?s=96&d=mm&r=g","caption":"Tom\u00e1\u0161 Plach\u00fd"},"url":"https:\/\/www.agrotecrally.cz\/en\/author\/topmediaseznam-cz\/"}]}},"_links":{"self":[{"href":"https:\/\/www.agrotecrally.cz\/en\/wp-json\/wp\/v2\/posts\/346"}],"collection":[{"href":"https:\/\/www.agrotecrally.cz\/en\/wp-json\/wp\/v2\/posts"}],"about":[{"href":"https:\/\/www.agrotecrally.cz\/en\/wp-json\/wp\/v2\/types\/post"}],"author":[{"embeddable":true,"href":"https:\/\/www.agrotecrally.cz\/en\/wp-json\/wp\/v2\/users\/2"}],"replies":[{"embeddable":true,"href":"https:\/\/www.agrotecrally.cz\/en\/wp-json\/wp\/v2\/comments?post=346"}],"version-history":[{"count":1,"href":"https:\/\/www.agrotecrally.cz\/en\/wp-json\/wp\/v2\/posts\/346\/revisions"}],"predecessor-version":[{"id":348,"href":"https:\/\/www.agrotecrally.cz\/en\/wp-json\/wp\/v2\/posts\/346\/revisions\/348"}],"wp:featuredmedia":[{"embeddable":true,"href":"https:\/\/www.agrotecrally.cz\/en\/wp-json\/wp\/v2\/media\/347"}],"wp:attachment":[{"href":"https:\/\/www.agrotecrally.cz\/en\/wp-json\/wp\/v2\/media?parent=346"}],"wp:term":[{"taxonomy":"category","embeddable":true,"href":"https:\/\/www.agrotecrally.cz\/en\/wp-json\/wp\/v2\/categories?post=346"},{"taxonomy":"post_tag","embeddable":true,"href":"https:\/\/www.agrotecrally.cz\/en\/wp-json\/wp\/v2\/tags?post=346"}],"curies":[{"name":"wp","href":"https:\/\/api.w.org\/{rel}","templated":true}]}}