{"id":349,"date":"2020-04-14T12:49:29","date_gmt":"2020-04-14T11:49:29","guid":{"rendered":"http:\/\/agrotecrally.marekmusil.cz\/?p=349"},"modified":"2021-03-25T14:25:01","modified_gmt":"2021-03-25T13:25:01","slug":"agrotec-petronas-rally-2020-se-neuskutecni","status":"publish","type":"post","link":"https:\/\/www.agrotecrally.cz\/en\/rally-hustopece\/agrotec-petronas-rally-2020-se-neuskutecni\/","title":{"rendered":"AGROTEC Petronas rally 2020 se neuskute\u010dn\u00ed"},"content":{"rendered":"<p><strong>V\u00e1\u017een\u00ed sportovn\u00ed p\u0159\u00e1tel\u00e9, fandov\u00e9 rally,<\/strong><\/p>\n<p>I kdy\u017e jsou p\u0159\u00edpravy na 16. ro\u010dn\u00edk AGROTEC PETRONAS Rally 2020 v\u00a0pln\u00e9m b\u011bhu a cel\u00fd organiza\u010dn\u00ed t\u00fdm pe\u010dliv\u011b pracuje na organizaci a zaji\u0161t\u011bn\u00ed, mus\u00edm vzhledem k\u00a0sou\u010dasn\u00e9 situaci v\u00a0r\u00e1mci opat\u0159en\u00ed k\u00a0zamezen\u00ed \u0161\u00ed\u0159en\u00ed koronaviru ozn\u00e1mit, \u017ee\u00a0 leto\u0161n\u00ed ro\u010dn\u00edk v\u00a0term\u00ednu \u00a019.-20. \u010dervna 2020<\/p>\n<p><strong>NEUSPO\u0158\u00c1D\u00c1ME.<\/strong><\/p>\n<p>Nut\u00ed n\u00e1s k\u00a0tomu nejasn\u00e1 situace okolo mo\u017enosti uvoln\u011bn\u00ed uspo\u0159\u00e1d\u00e1n\u00ed sportovn\u00edch podnik\u016f s\u00a0\u00fa\u010dast\u00ed div\u00e1k\u016f do konce \u010dervna, ale i situace v z\u00fa\u010dastn\u011bn\u00fdch obc\u00edch a m\u011bstech, zainteresovan\u00fdch \u00fa\u0159adech a v\u00a0neposledn\u00ed \u0159ad\u011b u na\u0161ich partner\u016f a sponzor\u016f.<\/p>\n<p>I pro n\u00e1s to je t\u011b\u017ek\u00e9 rozhodnut\u00ed, proto\u017ee m\u00e1me r\u00e1di tento sport. Tak\u00e9 letos jsme cht\u011bli na ji\u017en\u00ed Morav\u011b pro pos\u00e1dky p\u0159ipravit zaj\u00edmavou kompaktn\u00ed rally mezi vinicemi, s p\u0159\u00e1telsk\u00fdm p\u0159\u00edstupem k\u00a0\u00fa\u010dastn\u00edk\u016fm.<\/p>\n<p>Vzhledem k\u00a0sou\u010dasn\u00e9 situaci jsme v\u0161ak p\u0159\u00edpravy p\u0159eru\u0161ili a rozhodli nab\u00eddnout pomoc na\u0161eho AGROTEC Autoklubu v\u00a0A\u010cR obc\u00edm, m\u011bst\u016fm a partner\u016fm, kte\u0159\u00ed s\u00a0n\u00e1mi dlouhodob\u011b spolupracuj\u00ed a podporuj\u00ed organizaci rally v\u00a0na\u0161em regionu.<\/p>\n<p>V\u011b\u0159\u00edm, \u017ee ch\u00e1pete na\u0161e rozhodnut\u00ed. Jsme p\u0159esv\u011bd\u010deni, \u017ee t\u00edm podpo\u0159\u00edme mo\u017enost uspo\u0159\u00e1d\u00e1n\u00ed n\u00e1sleduj\u00edc\u00edch ro\u010dn\u00edk\u016f a pokra\u010dov\u00e1n\u00ed skv\u011bl\u00e9 spolupr\u00e1ce s\u00a0obcemi, m\u011bsty, \u00fa\u0159ady, ale tak\u00e9 s partnery a sponzory.<\/p>\n<p>Pod\u011bkovat chci V\u00e1m v\u0161em, kdo jste do t\u00e9to doby na organizaci pracovali, vydali pot\u0159ebn\u00e1 rozhodnut\u00ed, schv\u00e1len\u00ed, souhlasy nebo poskytli podporu s\u00a0uspo\u0159\u00e1d\u00e1n\u00edm leto\u0161n\u00edho ro\u010dn\u00edku. Velice si toho v\u00e1\u017e\u00edm.<\/p>\n<p>Martin Rada<\/p>\n<p>p\u0159edseda organiza\u010dn\u00edho v\u00fdboru<\/p>\n<p>AGROTEC PETRONAS RALLY<\/p>","protected":false},"excerpt":{"rendered":"<p>XVI. ro\u010dn\u00edk AGROTEC Petronas rally 2020 se v Hustope\u010d\u00edch neuskute\u010dn\u00ed. Po\u0159adatel &#8222;rally mezi vinicemi&#8220; se soust\u0159ed\u00ed na pomoc regionu a aktivity spojen\u00e9 s rallysportem p\u0159esouv\u00e1 na sezonu 2021.\u00a0\u00a0<\/p>","protected":false},"author":2,"featured_media":350,"comment_status":"open","ping_status":"open","sticky":false,"template":"","format":"standard","meta":{"_et_pb_use_builder":"","_et_pb_old_content":"","_et_gb_content_width":"","footnotes":""},"categories":[10],"tags":[],"yoast_head":"<!-- This site is optimized with the Yoast SEO plugin v21.9.1 - https:\/\/yoast.com\/wordpress\/plugins\/seo\/ -->\n<title>AGROTEC Petronas rally 2020 se neuskute\u010dn\u00ed | AGROTEC Petronas Rally<\/title>\n<meta name=\"robots\" content=\"index, follow, max-snippet:-1, max-image-preview:large, max-video-preview:-1\" \/>\n<link rel=\"canonical\" href=\"https:\/\/www.agrotecrally.cz\/en\/rally-hustopece\/agrotec-petronas-rally-2020-se-neuskutecni\/\" \/>\n<meta property=\"og:locale\" content=\"en_GB\" \/>\n<meta property=\"og:type\" content=\"article\" \/>\n<meta property=\"og:title\" content=\"AGROTEC Petronas rally 2020 se neuskute\u010dn\u00ed | AGROTEC Petronas Rally\" \/>\n<meta property=\"og:description\" content=\"XVI. ro\u010dn\u00edk AGROTEC Petronas rally 2020 se v Hustope\u010d\u00edch neuskute\u010dn\u00ed. Po\u0159adatel &quot;rally mezi vinicemi&quot; se soust\u0159ed\u00ed na pomoc regionu a aktivity spojen\u00e9 s rallysportem p\u0159esouv\u00e1 na sezonu 2021.\u00a0\u00a0\" \/>\n<meta property=\"og:url\" content=\"https:\/\/www.agrotecrally.cz\/en\/rally-hustopece\/agrotec-petronas-rally-2020-se-neuskutecni\/\" \/>\n<meta property=\"og:site_name\" content=\"AGROTEC Petronas Rally\" \/>\n<meta property=\"article:publisher\" content=\"https:\/\/www.facebook.com\/agrotecrally\" \/>\n<meta property=\"article:published_time\" content=\"2020-04-14T11:49:29+00:00\" \/>\n<meta property=\"article:modified_time\" content=\"2021-03-25T13:25:01+00:00\" \/>\n<meta property=\"og:image\" content=\"https:\/\/www.agrotecrally.cz\/wp-content\/uploads\/2021\/03\/IMGP4219-Edit.jpg\" \/>\n\t<meta property=\"og:image:width\" content=\"1973\" \/>\n\t<meta property=\"og:image:height\" content=\"1317\" \/>\n\t<meta property=\"og:image:type\" content=\"image\/jpeg\" \/>\n<meta name=\"author\" content=\"Tom\u00e1\u0161 Plach\u00fd\" \/>\n<meta name=\"twitter:card\" content=\"summary_large_image\" \/>\n<meta name=\"twitter:label1\" content=\"Written by\" \/>\n\t<meta name=\"twitter:data1\" content=\"Tom\u00e1\u0161 Plach\u00fd\" \/>\n\t<meta name=\"twitter:label2\" content=\"Estimated reading time\" \/>\n\t<meta name=\"twitter:data2\" content=\"2 minutes\" \/>\n<script type=\"application\/ld+json\" class=\"yoast-schema-graph\">{\"@context\":\"https:\/\/schema.org\",\"@graph\":[{\"@type\":\"Article\",\"@id\":\"https:\/\/www.agrotecrally.cz\/en\/rally-hustopece\/agrotec-petronas-rally-2020-se-neuskutecni\/#article\",\"isPartOf\":{\"@id\":\"https:\/\/www.agrotecrally.cz\/en\/rally-hustopece\/agrotec-petronas-rally-2020-se-neuskutecni\/\"},\"author\":{\"name\":\"Tom\u00e1\u0161 Plach\u00fd\",\"@id\":\"https:\/\/www.agrotecrally.cz\/#\/schema\/person\/38a02deaa1f019e278fc735d03d83f85\"},\"headline\":\"AGROTEC Petronas rally 2020 se neuskute\u010dn\u00ed\",\"datePublished\":\"2020-04-14T11:49:29+00:00\",\"dateModified\":\"2021-03-25T13:25:01+00:00\",\"mainEntityOfPage\":{\"@id\":\"https:\/\/www.agrotecrally.cz\/en\/rally-hustopece\/agrotec-petronas-rally-2020-se-neuskutecni\/\"},\"wordCount\":325,\"commentCount\":0,\"publisher\":{\"@id\":\"https:\/\/www.agrotecrally.cz\/#organization\"},\"articleSection\":[\"AGROTEC rally Hustope\u010de\"],\"inLanguage\":\"en-GB\",\"potentialAction\":[{\"@type\":\"CommentAction\",\"name\":\"Comment\",\"target\":[\"https:\/\/www.agrotecrally.cz\/en\/rally-hustopece\/agrotec-petronas-rally-2020-se-neuskutecni\/#respond\"]}]},{\"@type\":\"WebPage\",\"@id\":\"https:\/\/www.agrotecrally.cz\/en\/rally-hustopece\/agrotec-petronas-rally-2020-se-neuskutecni\/\",\"url\":\"https:\/\/www.agrotecrally.cz\/en\/rally-hustopece\/agrotec-petronas-rally-2020-se-neuskutecni\/\",\"name\":\"AGROTEC Petronas rally 2020 se neuskute\u010dn\u00ed | AGROTEC Petronas Rally\",\"isPartOf\":{\"@id\":\"https:\/\/www.agrotecrally.cz\/#website\"},\"datePublished\":\"2020-04-14T11:49:29+00:00\",\"dateModified\":\"2021-03-25T13:25:01+00:00\",\"breadcrumb\":{\"@id\":\"https:\/\/www.agrotecrally.cz\/en\/rally-hustopece\/agrotec-petronas-rally-2020-se-neuskutecni\/#breadcrumb\"},\"inLanguage\":\"en-GB\",\"potentialAction\":[{\"@type\":\"ReadAction\",\"target\":[\"https:\/\/www.agrotecrally.cz\/en\/rally-hustopece\/agrotec-petronas-rally-2020-se-neuskutecni\/\"]}]},{\"@type\":\"BreadcrumbList\",\"@id\":\"https:\/\/www.agrotecrally.cz\/en\/rally-hustopece\/agrotec-petronas-rally-2020-se-neuskutecni\/#breadcrumb\",\"itemListElement\":[{\"@type\":\"ListItem\",\"position\":1,\"name\":\"Dom\u016f\",\"item\":\"https:\/\/www.agrotecrally.cz\/\"},{\"@type\":\"ListItem\",\"position\":2,\"name\":\"AGROTEC Petronas rally 2020 se neuskute\u010dn\u00ed\"}]},{\"@type\":\"WebSite\",\"@id\":\"https:\/\/www.agrotecrally.cz\/#website\",\"url\":\"https:\/\/www.agrotecrally.cz\/\",\"name\":\"AGROTEC Petronas rally\",\"description\":\"Rally mezi vinicemi\",\"publisher\":{\"@id\":\"https:\/\/www.agrotecrally.cz\/#organization\"},\"potentialAction\":[{\"@type\":\"SearchAction\",\"target\":{\"@type\":\"EntryPoint\",\"urlTemplate\":\"https:\/\/www.agrotecrally.cz\/?s={search_term_string}\"},\"query-input\":\"required name=search_term_string\"}],\"inLanguage\":\"en-GB\"},{\"@type\":\"Organization\",\"@id\":\"https:\/\/www.agrotecrally.cz\/#organization\",\"name\":\"AGROTEC Petronas rally\",\"url\":\"https:\/\/www.agrotecrally.cz\/\",\"logo\":{\"@type\":\"ImageObject\",\"inLanguage\":\"en-GB\",\"@id\":\"https:\/\/www.agrotecrally.cz\/#\/schema\/logo\/image\/\",\"url\":\"https:\/\/www.agrotecrally.cz\/wp-content\/uploads\/2021\/05\/AGROTEC-RALLY_16-01-web-2.png\",\"contentUrl\":\"https:\/\/www.agrotecrally.cz\/wp-content\/uploads\/2021\/05\/AGROTEC-RALLY_16-01-web-2.png\",\"width\":459,\"height\":222,\"caption\":\"AGROTEC Petronas rally\"},\"image\":{\"@id\":\"https:\/\/www.agrotecrally.cz\/#\/schema\/logo\/image\/\"},\"sameAs\":[\"https:\/\/www.facebook.com\/agrotecrally\"]},{\"@type\":\"Person\",\"@id\":\"https:\/\/www.agrotecrally.cz\/#\/schema\/person\/38a02deaa1f019e278fc735d03d83f85\",\"name\":\"Tom\u00e1\u0161 Plach\u00fd\",\"image\":{\"@type\":\"ImageObject\",\"inLanguage\":\"en-GB\",\"@id\":\"https:\/\/www.agrotecrally.cz\/#\/schema\/person\/image\/\",\"url\":\"https:\/\/secure.gravatar.com\/avatar\/a7a68eee7fdb2b4f0975cdc024983e22?s=96&d=mm&r=g\",\"contentUrl\":\"https:\/\/secure.gravatar.com\/avatar\/a7a68eee7fdb2b4f0975cdc024983e22?s=96&d=mm&r=g\",\"caption\":\"Tom\u00e1\u0161 Plach\u00fd\"},\"url\":\"https:\/\/www.agrotecrally.cz\/en\/author\/topmediaseznam-cz\/\"}]}<\/script>\n<!-- \/ Yoast SEO plugin. -->","yoast_head_json":{"title":"AGROTEC Petronas rally 2020 se neuskute\u010dn\u00ed | AGROTEC Petronas Rally","robots":{"index":"index","follow":"follow","max-snippet":"max-snippet:-1","max-image-preview":"max-image-preview:large","max-video-preview":"max-video-preview:-1"},"canonical":"https:\/\/www.agrotecrally.cz\/en\/rally-hustopece\/agrotec-petronas-rally-2020-se-neuskutecni\/","og_locale":"en_GB","og_type":"article","og_title":"AGROTEC Petronas rally 2020 se neuskute\u010dn\u00ed | AGROTEC Petronas Rally","og_description":"XVI. ro\u010dn\u00edk AGROTEC Petronas rally 2020 se v Hustope\u010d\u00edch neuskute\u010dn\u00ed. Po\u0159adatel \"rally mezi vinicemi\" se soust\u0159ed\u00ed na pomoc regionu a aktivity spojen\u00e9 s rallysportem p\u0159esouv\u00e1 na sezonu 2021.\u00a0\u00a0","og_url":"https:\/\/www.agrotecrally.cz\/en\/rally-hustopece\/agrotec-petronas-rally-2020-se-neuskutecni\/","og_site_name":"AGROTEC Petronas Rally","article_publisher":"https:\/\/www.facebook.com\/agrotecrally","article_published_time":"2020-04-14T11:49:29+00:00","article_modified_time":"2021-03-25T13:25:01+00:00","og_image":[{"width":1973,"height":1317,"url":"https:\/\/www.agrotecrally.cz\/wp-content\/uploads\/2021\/03\/IMGP4219-Edit.jpg","type":"image\/jpeg"}],"author":"Tom\u00e1\u0161 Plach\u00fd","twitter_card":"summary_large_image","twitter_misc":{"Written by":"Tom\u00e1\u0161 Plach\u00fd","Estimated reading time":"2 minutes"},"schema":{"@context":"https:\/\/schema.org","@graph":[{"@type":"Article","@id":"https:\/\/www.agrotecrally.cz\/en\/rally-hustopece\/agrotec-petronas-rally-2020-se-neuskutecni\/#article","isPartOf":{"@id":"https:\/\/www.agrotecrally.cz\/en\/rally-hustopece\/agrotec-petronas-rally-2020-se-neuskutecni\/"},"author":{"name":"Tom\u00e1\u0161 Plach\u00fd","@id":"https:\/\/www.agrotecrally.cz\/#\/schema\/person\/38a02deaa1f019e278fc735d03d83f85"},"headline":"AGROTEC Petronas rally 2020 se neuskute\u010dn\u00ed","datePublished":"2020-04-14T11:49:29+00:00","dateModified":"2021-03-25T13:25:01+00:00","mainEntityOfPage":{"@id":"https:\/\/www.agrotecrally.cz\/en\/rally-hustopece\/agrotec-petronas-rally-2020-se-neuskutecni\/"},"wordCount":325,"commentCount":0,"publisher":{"@id":"https:\/\/www.agrotecrally.cz\/#organization"},"articleSection":["AGROTEC rally Hustope\u010de"],"inLanguage":"en-GB","potentialAction":[{"@type":"CommentAction","name":"Comment","target":["https:\/\/www.agrotecrally.cz\/en\/rally-hustopece\/agrotec-petronas-rally-2020-se-neuskutecni\/#respond"]}]},{"@type":"WebPage","@id":"https:\/\/www.agrotecrally.cz\/en\/rally-hustopece\/agrotec-petronas-rally-2020-se-neuskutecni\/","url":"https:\/\/www.agrotecrally.cz\/en\/rally-hustopece\/agrotec-petronas-rally-2020-se-neuskutecni\/","name":"AGROTEC Petronas rally 2020 se neuskute\u010dn\u00ed | AGROTEC Petronas Rally","isPartOf":{"@id":"https:\/\/www.agrotecrally.cz\/#website"},"datePublished":"2020-04-14T11:49:29+00:00","dateModified":"2021-03-25T13:25:01+00:00","breadcrumb":{"@id":"https:\/\/www.agrotecrally.cz\/en\/rally-hustopece\/agrotec-petronas-rally-2020-se-neuskutecni\/#breadcrumb"},"inLanguage":"en-GB","potentialAction":[{"@type":"ReadAction","target":["https:\/\/www.agrotecrally.cz\/en\/rally-hustopece\/agrotec-petronas-rally-2020-se-neuskutecni\/"]}]},{"@type":"BreadcrumbList","@id":"https:\/\/www.agrotecrally.cz\/en\/rally-hustopece\/agrotec-petronas-rally-2020-se-neuskutecni\/#breadcrumb","itemListElement":[{"@type":"ListItem","position":1,"name":"Dom\u016f","item":"https:\/\/www.agrotecrally.cz\/"},{"@type":"ListItem","position":2,"name":"AGROTEC Petronas rally 2020 se neuskute\u010dn\u00ed"}]},{"@type":"WebSite","@id":"https:\/\/www.agrotecrally.cz\/#website","url":"https:\/\/www.agrotecrally.cz\/","name":"AGROTEC Petronas rally","description":"Rally mezi vinicemi","publisher":{"@id":"https:\/\/www.agrotecrally.cz\/#organization"},"potentialAction":[{"@type":"SearchAction","target":{"@type":"EntryPoint","urlTemplate":"https:\/\/www.agrotecrally.cz\/?s={search_term_string}"},"query-input":"required name=search_term_string"}],"inLanguage":"en-GB"},{"@type":"Organization","@id":"https:\/\/www.agrotecrally.cz\/#organization","name":"AGROTEC Petronas rally","url":"https:\/\/www.agrotecrally.cz\/","logo":{"@type":"ImageObject","inLanguage":"en-GB","@id":"https:\/\/www.agrotecrally.cz\/#\/schema\/logo\/image\/","url":"https:\/\/www.agrotecrally.cz\/wp-content\/uploads\/2021\/05\/AGROTEC-RALLY_16-01-web-2.png","contentUrl":"https:\/\/www.agrotecrally.cz\/wp-content\/uploads\/2021\/05\/AGROTEC-RALLY_16-01-web-2.png","width":459,"height":222,"caption":"AGROTEC Petronas rally"},"image":{"@id":"https:\/\/www.agrotecrally.cz\/#\/schema\/logo\/image\/"},"sameAs":["https:\/\/www.facebook.com\/agrotecrally"]},{"@type":"Person","@id":"https:\/\/www.agrotecrally.cz\/#\/schema\/person\/38a02deaa1f019e278fc735d03d83f85","name":"Tom\u00e1\u0161 Plach\u00fd","image":{"@type":"ImageObject","inLanguage":"en-GB","@id":"https:\/\/www.agrotecrally.cz\/#\/schema\/person\/image\/","url":"https:\/\/secure.gravatar.com\/avatar\/a7a68eee7fdb2b4f0975cdc024983e22?s=96&d=mm&r=g","contentUrl":"https:\/\/secure.gravatar.com\/avatar\/a7a68eee7fdb2b4f0975cdc024983e22?s=96&d=mm&r=g","caption":"Tom\u00e1\u0161 Plach\u00fd"},"url":"https:\/\/www.agrotecrally.cz\/en\/author\/topmediaseznam-cz\/"}]}},"_links":{"self":[{"href":"https:\/\/www.agrotecrally.cz\/en\/wp-json\/wp\/v2\/posts\/349"}],"collection":[{"href":"https:\/\/www.agrotecrally.cz\/en\/wp-json\/wp\/v2\/posts"}],"about":[{"href":"https:\/\/www.agrotecrally.cz\/en\/wp-json\/wp\/v2\/types\/post"}],"author":[{"embeddable":true,"href":"https:\/\/www.agrotecrally.cz\/en\/wp-json\/wp\/v2\/users\/2"}],"replies":[{"embeddable":true,"href":"https:\/\/www.agrotecrally.cz\/en\/wp-json\/wp\/v2\/comments?post=349"}],"version-history":[{"count":1,"href":"https:\/\/www.agrotecrally.cz\/en\/wp-json\/wp\/v2\/posts\/349\/revisions"}],"predecessor-version":[{"id":351,"href":"https:\/\/www.agrotecrally.cz\/en\/wp-json\/wp\/v2\/posts\/349\/revisions\/351"}],"wp:featuredmedia":[{"embeddable":true,"href":"https:\/\/www.agrotecrally.cz\/en\/wp-json\/wp\/v2\/media\/350"}],"wp:attachment":[{"href":"https:\/\/www.agrotecrally.cz\/en\/wp-json\/wp\/v2\/media?parent=349"}],"wp:term":[{"taxonomy":"category","embeddable":true,"href":"https:\/\/www.agrotecrally.cz\/en\/wp-json\/wp\/v2\/categories?post=349"},{"taxonomy":"post_tag","embeddable":true,"href":"https:\/\/www.agrotecrally.cz\/en\/wp-json\/wp\/v2\/tags?post=349"}],"curies":[{"name":"wp","href":"https:\/\/api.w.org\/{rel}","templated":true}]}}