{"id":352,"date":"2020-06-08T12:55:45","date_gmt":"2020-06-08T11:55:45","guid":{"rendered":"http:\/\/agrotecrally.marekmusil.cz\/?p=352"},"modified":"2021-03-25T14:24:57","modified_gmt":"2021-03-25T13:24:57","slug":"1-e-agrotec-petronas-rally-2020","status":"publish","type":"post","link":"https:\/\/www.agrotecrally.cz\/en\/e-agrotec-rally\/1-e-agrotec-petronas-rally-2020\/","title":{"rendered":"1. e-AGROTEC Petronas rally 2020"},"content":{"rendered":"<p>V n\u00e1vaznosti <a href=\"https:\/\/www.agrotec.cz\/aktuality\/oznameni-o-zruseni-agrotec-petronas-rally-2020\" target=\"_blank\" rel=\"noopener\" data-cke-saved-href=\"https:\/\/www.agrotec.cz\/aktuality\/oznameni-o-zruseni-agrotec-petronas-rally-2020\">na zru\u0161en\u00ed AGROTEC Petronas rally 2020<\/a>\u00a0do\u0161lo pro leto\u0161ek k transformaci z\u00e1vodu <strong>do virtu\u00e1ln\u00ed podoby<\/strong>. V tradi\u010dn\u00edm \u010dervnov\u00e9m term\u00ednu odstartuje <strong>1. e-AGROTEC Petronas rally 2020<\/strong>, kter\u00e1 z\u00e1rove\u0148 bude druh\u00fdm z\u00e1vodem <strong>SONAX Mezin\u00e1rodn\u00edho mistrovstv\u00ed \u010cesk\u00e9 republiky v online rally<\/strong>. \u0160ampion\u00e1t se bude konat ve dnech <strong>16. \u2013 21. 6. 2020<\/strong> a form\u00e1t rally bude <strong>jednoetapov\u00fd <\/strong>se souhrnou d\u00e9lkou rychlostn\u00edch zkou\u0161ek <strong>78 km<\/strong>.<\/p>\n<p>Digit\u00e1ln\u00ed varianta z\u016fstane v\u011brn\u00e1 sv\u00e9 re\u00e1ln\u00e9 p\u0159edloze, a tak nab\u00eddne <strong>typick\u00e9 rychlostn\u00ed zkou\u0161ky mezi vinohrady<\/strong>, \u00fazk\u00e9 cesti\u010dky mezi poli i v \u010cesku ojedin\u011bl\u00e9, ale mezi jezdci velmi obl\u00edben\u00e9, <strong>\u0161otolinov\u00e9 pas\u00e1\u017ee<\/strong>.<img decoding=\"async\" src=\"\/obrazky-soubory\/erally-1-01-web-985e4.png\" alt=\"\" data-cke-saved-src=\"\/obrazky-soubory\/erally-1-01-web-985e4.png\" \/><br \/>\n<em><strong>Vzhledem k sou\u010dasn\u00e9 situaci prob\u011bhne leto\u0161n\u00ed ro\u010dn\u00edk AGROTEC Petronas rally ve virtu\u00e1ln\u00ed realit\u011b.<\/strong><\/em><\/p>\n<h2>Jak se bude z\u00e1vodit<\/h2>\n<p>\u0160ampion\u00e1t se jede ve h\u0159e <strong>Richard Burns Rally<\/strong>, od jej\u00edho\u017e vyd\u00e1n\u00ed uplynulo ji\u017e t\u00e9m\u011b\u0159 16 let, d\u00edky \u010demu\u017e ji <a href=\"https:\/\/hry-pro-pc.heureka.cz\/richard-burns-rally\/\" target=\"_blank\" rel=\"noopener\" data-cke-saved-href=\"https:\/\/hry-pro-pc.heureka.cz\/richard-burns-rally\/\">lze aktu\u00e1ln\u011b zakoupit za necel\u00fdch 100 K\u010d<\/a>. Zastaralej\u0161\u00ed grafika s sebou ale nese v\u00fdhodu <strong>m\u00edrn\u00fdch po\u017eadavk\u016f na v\u00fdkon va\u0161eho po\u010d\u00edta\u010de<\/strong> a v r\u00e1mci pilotn\u00edho ro\u010dn\u00edku nav\u00edc z\u00edsk\u00e1te<strong> z\u00e1vodn\u00ed licenci eSports od Autoklubu \u010cR zdarma<\/strong>, tak\u017ee v\u00e1m nic nebr\u00e1n\u00ed se <strong>1. e-AGROTEC Petronas rally z\u00fa\u010dastnit<\/strong>. Ke h\u0159e budete pot\u0159ebovat <a href=\"http:\/\/rbr.onlineracing.cz\/index.php?act=al&amp;p=howtostart\" target=\"_blank\" rel=\"noopener\" data-cke-saved-href=\"http:\/\/rbr.onlineracing.cz\/index.php?act=al&amp;p=howtostart\">online plugin RBR Czech<\/a> s fyzik\u00e1ln\u00edm m\u00f3dem <strong>NGP6<\/strong> pro re\u00e1lnou <strong>simulaci chov\u00e1n\u00ed vozu<\/strong>. D\u00e1le si budete muset <strong>st\u00e1hnout bal\u00ed\u010dek textur<\/strong>, kter\u00fd se objev\u00ed v detailu z\u00e1vodu <a href=\"https:\/\/onlinerally.cz\/esport-zavody\/agrotec-online-rally-hustopece-2020\/\" target=\"_blank\" rel=\"noopener\" data-cke-saved-href=\"https:\/\/onlinerally.cz\/esport-zavody\/agrotec-online-rally-hustopece-2020\/\">na str\u00e1nk\u00e1ch Online Rally<\/a>. D\u00edky po\u010detn\u00e9 z\u00e1kladn\u011b v\u00fdvoj\u00e1\u0159\u016f z \u0159ad fanou\u0161k\u016f rally se m\u016f\u017eete t\u011b\u0161it na tu <strong>nejlep\u0161\u00ed po\u010d\u00edta\u010dovou simulaci i aktu\u00e1ln\u00ed vozy<\/strong> v\u010detn\u011b v\u0161ech mo\u017enost\u00ed nastaven\u00ed.<\/p>\n<h2>Kdo m\u016f\u017ee z\u00e1vodit<\/h2>\n<p>Sout\u011b\u017e je otev\u0159ena pro dom\u00e1c\u00ed i zahrani\u010dn\u00ed jezdce <strong>s platnou licenc\u00ed eSports vydanou Autoklubem \u010cR<\/strong>, p\u0159i\u010dem\u017e detailn\u00ed informace, jak tuto licenci z\u00edskat, naleznete <a href=\"http:\/\/www.onlinerally.cz\/\" target=\"_blank\" rel=\"noopener\" data-cke-saved-href=\"http:\/\/www.onlinerally.cz\/\">na ofici\u00e1ln\u00edm webu \u0161ampion\u00e1tu<\/a>. Na stejn\u00fdch str\u00e1nk\u00e1ch naleznete i\u00a0<a href=\"https:\/\/onlinerally.cz\/pravidla\/\" target=\"_blank\" rel=\"noopener\" data-cke-saved-href=\"https:\/\/onlinerally.cz\/pravidla\/\">\u00fapln\u00e1 pravidla pro \u00fa\u010dastn\u00edky sout\u011b\u017ee<\/a>. Z\u00e1vodit se bude s vozy od nejmen\u0161\u00edch <strong>dvoukolek t\u0159\u00eddy R1<\/strong> a\u017e po <strong>vrcholnou kategorii R5<\/strong> a nebudou chyb\u011bt ani <strong>speci\u00e1ly R-GT<\/strong>, mezi ne\u017e pat\u0159\u00ed nap\u0159\u00edklad\u00a0<a href=\"\/en\/abarth-124-rally-laska-na-prvni-pohled\/\" target=\"_blank\" rel=\"noopener\" data-cke-saved-href=\"\/abarth-124-rally-laska-na-prvni-pohled\">i Abarth 124 rally<\/a> z\u00e1vodn\u00edho t\u00fdmu <strong>AGROTEC Czech Abarth Team<\/strong>.<\/p>\n<p>T\u011b\u0161\u00edme se<strong> na virtu\u00e1ln\u00ed setk\u00e1n\u00ed s v\u00e1mi<\/strong> a z\u00e1rove\u0148 pro ro\u010dn\u00edk 2021 douf\u00e1me v n\u00e1vrat do kr\u00e1sn\u00e9ho okol\u00ed Hustope\u010d\u00ed.<\/p>\n<p><a href=\"https:\/\/onlinerally.cz\/wp-content\/uploads\/2020\/06\/esport-rally_hustopece_zu_20.pdf\" target=\"_blank\" rel=\"noopener\" data-cke-saved-href=\"https:\/\/onlinerally.cz\/wp-content\/uploads\/2020\/06\/esport-rally_hustopece_zu_20.pdf\">Supplementary regulation<\/a><\/p>\n<p><a href=\"https:\/\/onlinerally.cz\/wp-content\/uploads\/2020\/06\/e-sport_rally_hustopece_2020-entrylist.pdf\" target=\"_blank\" rel=\"noopener\" data-cke-saved-href=\"https:\/\/onlinerally.cz\/wp-content\/uploads\/2020\/06\/e-sport_rally_hustopece_2020-entrylist.pdf\">Seznam p\u0159ihl\u00e1\u0161en\u00fdch pos\u00e1dek<\/a><\/p>\n<p><a href=\"https:\/\/drive.google.com\/file\/d\/16vh7QFMXD1kHP6OaJfFBZn_2o4HOTHXC\/view\" target=\"_blank\" rel=\"noopener\" data-cke-saved-href=\"https:\/\/drive.google.com\/file\/d\/16vh7QFMXD1kHP6OaJfFBZn_2o4HOTHXC\/view\">Instala\u010dn\u00ed bal\u00ed\u010dek textur<\/a><\/p>\n<p><a href=\"https:\/\/onlinerally.cz\/wp-content\/uploads\/2020\/06\/e-sport_rally_hustopece_2020-plates.zip\" target=\"_blank\" rel=\"noopener\" data-cke-saved-href=\"https:\/\/onlinerally.cz\/wp-content\/uploads\/2020\/06\/e-sport_rally_hustopece_2020-plates.zip\">Startovn\u00ed \u010d\u00edsla a povinn\u00e9 reklamy<\/a><\/p>","protected":false},"excerpt":{"rendered":"<p>V n\u00e1vaznosti na zru\u0161en\u00ed tradi\u010dn\u00edho form\u00e1tu AGROTEC Petronas rally 2020 do\u0161lo pro leto\u0161ek k transformaci z\u00e1vodu do virtu\u00e1ln\u00ed podoby. Zjist\u011bte, jak se m\u016f\u017eete z\u00fa\u010dastnit i vy.<\/p>","protected":false},"author":2,"featured_media":353,"comment_status":"open","ping_status":"open","sticky":false,"template":"","format":"standard","meta":{"_et_pb_use_builder":"","_et_pb_old_content":"","_et_gb_content_width":"","footnotes":""},"categories":[12],"tags":[],"yoast_head":"<!-- This site is optimized with the Yoast SEO plugin v21.9.1 - https:\/\/yoast.com\/wordpress\/plugins\/seo\/ -->\n<title>1. e-AGROTEC Petronas rally 2020 | AGROTEC Petronas Rally<\/title>\n<meta name=\"robots\" content=\"index, follow, max-snippet:-1, max-image-preview:large, max-video-preview:-1\" \/>\n<link rel=\"canonical\" href=\"https:\/\/www.agrotecrally.cz\/en\/e-agrotec-rally\/1-e-agrotec-petronas-rally-2020\/\" \/>\n<meta property=\"og:locale\" content=\"en_GB\" \/>\n<meta property=\"og:type\" content=\"article\" \/>\n<meta property=\"og:title\" content=\"1. e-AGROTEC Petronas rally 2020 | AGROTEC Petronas Rally\" \/>\n<meta property=\"og:description\" content=\"V n\u00e1vaznosti na zru\u0161en\u00ed tradi\u010dn\u00edho form\u00e1tu AGROTEC Petronas rally 2020 do\u0161lo pro leto\u0161ek k transformaci z\u00e1vodu do virtu\u00e1ln\u00ed podoby. Zjist\u011bte, jak se m\u016f\u017eete z\u00fa\u010dastnit i vy.\" \/>\n<meta property=\"og:url\" content=\"https:\/\/www.agrotecrally.cz\/en\/e-agrotec-rally\/1-e-agrotec-petronas-rally-2020\/\" \/>\n<meta property=\"og:site_name\" content=\"AGROTEC Petronas Rally\" \/>\n<meta property=\"article:publisher\" content=\"https:\/\/www.facebook.com\/agrotecrally\" \/>\n<meta property=\"article:published_time\" content=\"2020-06-08T11:55:45+00:00\" \/>\n<meta property=\"article:modified_time\" content=\"2021-03-25T13:24:57+00:00\" \/>\n<meta property=\"og:image\" content=\"https:\/\/www.agrotecrally.cz\/wp-content\/uploads\/2021\/03\/imgp2900-edit-70cf5.jpg\" \/>\n\t<meta property=\"og:image:width\" content=\"1499\" \/>\n\t<meta property=\"og:image:height\" content=\"1000\" \/>\n\t<meta property=\"og:image:type\" content=\"image\/jpeg\" \/>\n<meta name=\"author\" content=\"Tom\u00e1\u0161 Plach\u00fd\" \/>\n<meta name=\"twitter:card\" content=\"summary_large_image\" \/>\n<meta name=\"twitter:label1\" content=\"Written by\" \/>\n\t<meta name=\"twitter:data1\" content=\"Tom\u00e1\u0161 Plach\u00fd\" \/>\n\t<meta name=\"twitter:label2\" content=\"Estimated reading time\" \/>\n\t<meta name=\"twitter:data2\" content=\"2 minutes\" \/>\n<script type=\"application\/ld+json\" class=\"yoast-schema-graph\">{\"@context\":\"https:\/\/schema.org\",\"@graph\":[{\"@type\":\"Article\",\"@id\":\"https:\/\/www.agrotecrally.cz\/en\/e-agrotec-rally\/1-e-agrotec-petronas-rally-2020\/#article\",\"isPartOf\":{\"@id\":\"https:\/\/www.agrotecrally.cz\/en\/e-agrotec-rally\/1-e-agrotec-petronas-rally-2020\/\"},\"author\":{\"name\":\"Tom\u00e1\u0161 Plach\u00fd\",\"@id\":\"https:\/\/www.agrotecrally.cz\/#\/schema\/person\/38a02deaa1f019e278fc735d03d83f85\"},\"headline\":\"1. e-AGROTEC Petronas rally 2020\",\"datePublished\":\"2020-06-08T11:55:45+00:00\",\"dateModified\":\"2021-03-25T13:24:57+00:00\",\"mainEntityOfPage\":{\"@id\":\"https:\/\/www.agrotecrally.cz\/en\/e-agrotec-rally\/1-e-agrotec-petronas-rally-2020\/\"},\"wordCount\":461,\"commentCount\":0,\"publisher\":{\"@id\":\"https:\/\/www.agrotecrally.cz\/#organization\"},\"articleSection\":[\"e-AGROTEC rally\"],\"inLanguage\":\"en-GB\",\"potentialAction\":[{\"@type\":\"CommentAction\",\"name\":\"Comment\",\"target\":[\"https:\/\/www.agrotecrally.cz\/en\/e-agrotec-rally\/1-e-agrotec-petronas-rally-2020\/#respond\"]}]},{\"@type\":\"WebPage\",\"@id\":\"https:\/\/www.agrotecrally.cz\/en\/e-agrotec-rally\/1-e-agrotec-petronas-rally-2020\/\",\"url\":\"https:\/\/www.agrotecrally.cz\/en\/e-agrotec-rally\/1-e-agrotec-petronas-rally-2020\/\",\"name\":\"1. e-AGROTEC Petronas rally 2020 | AGROTEC Petronas Rally\",\"isPartOf\":{\"@id\":\"https:\/\/www.agrotecrally.cz\/#website\"},\"datePublished\":\"2020-06-08T11:55:45+00:00\",\"dateModified\":\"2021-03-25T13:24:57+00:00\",\"breadcrumb\":{\"@id\":\"https:\/\/www.agrotecrally.cz\/en\/e-agrotec-rally\/1-e-agrotec-petronas-rally-2020\/#breadcrumb\"},\"inLanguage\":\"en-GB\",\"potentialAction\":[{\"@type\":\"ReadAction\",\"target\":[\"https:\/\/www.agrotecrally.cz\/en\/e-agrotec-rally\/1-e-agrotec-petronas-rally-2020\/\"]}]},{\"@type\":\"BreadcrumbList\",\"@id\":\"https:\/\/www.agrotecrally.cz\/en\/e-agrotec-rally\/1-e-agrotec-petronas-rally-2020\/#breadcrumb\",\"itemListElement\":[{\"@type\":\"ListItem\",\"position\":1,\"name\":\"Dom\u016f\",\"item\":\"https:\/\/www.agrotecrally.cz\/\"},{\"@type\":\"ListItem\",\"position\":2,\"name\":\"1. e-AGROTEC Petronas rally 2020\"}]},{\"@type\":\"WebSite\",\"@id\":\"https:\/\/www.agrotecrally.cz\/#website\",\"url\":\"https:\/\/www.agrotecrally.cz\/\",\"name\":\"AGROTEC Petronas rally\",\"description\":\"Rally mezi vinicemi\",\"publisher\":{\"@id\":\"https:\/\/www.agrotecrally.cz\/#organization\"},\"potentialAction\":[{\"@type\":\"SearchAction\",\"target\":{\"@type\":\"EntryPoint\",\"urlTemplate\":\"https:\/\/www.agrotecrally.cz\/?s={search_term_string}\"},\"query-input\":\"required name=search_term_string\"}],\"inLanguage\":\"en-GB\"},{\"@type\":\"Organization\",\"@id\":\"https:\/\/www.agrotecrally.cz\/#organization\",\"name\":\"AGROTEC Petronas rally\",\"url\":\"https:\/\/www.agrotecrally.cz\/\",\"logo\":{\"@type\":\"ImageObject\",\"inLanguage\":\"en-GB\",\"@id\":\"https:\/\/www.agrotecrally.cz\/#\/schema\/logo\/image\/\",\"url\":\"https:\/\/www.agrotecrally.cz\/wp-content\/uploads\/2021\/05\/AGROTEC-RALLY_16-01-web-2.png\",\"contentUrl\":\"https:\/\/www.agrotecrally.cz\/wp-content\/uploads\/2021\/05\/AGROTEC-RALLY_16-01-web-2.png\",\"width\":459,\"height\":222,\"caption\":\"AGROTEC Petronas rally\"},\"image\":{\"@id\":\"https:\/\/www.agrotecrally.cz\/#\/schema\/logo\/image\/\"},\"sameAs\":[\"https:\/\/www.facebook.com\/agrotecrally\"]},{\"@type\":\"Person\",\"@id\":\"https:\/\/www.agrotecrally.cz\/#\/schema\/person\/38a02deaa1f019e278fc735d03d83f85\",\"name\":\"Tom\u00e1\u0161 Plach\u00fd\",\"image\":{\"@type\":\"ImageObject\",\"inLanguage\":\"en-GB\",\"@id\":\"https:\/\/www.agrotecrally.cz\/#\/schema\/person\/image\/\",\"url\":\"https:\/\/secure.gravatar.com\/avatar\/a7a68eee7fdb2b4f0975cdc024983e22?s=96&d=mm&r=g\",\"contentUrl\":\"https:\/\/secure.gravatar.com\/avatar\/a7a68eee7fdb2b4f0975cdc024983e22?s=96&d=mm&r=g\",\"caption\":\"Tom\u00e1\u0161 Plach\u00fd\"},\"url\":\"https:\/\/www.agrotecrally.cz\/en\/author\/topmediaseznam-cz\/\"}]}<\/script>\n<!-- \/ Yoast SEO plugin. -->","yoast_head_json":{"title":"1. e-AGROTEC Petronas rally 2020 | AGROTEC Petronas Rally","robots":{"index":"index","follow":"follow","max-snippet":"max-snippet:-1","max-image-preview":"max-image-preview:large","max-video-preview":"max-video-preview:-1"},"canonical":"https:\/\/www.agrotecrally.cz\/en\/e-agrotec-rally\/1-e-agrotec-petronas-rally-2020\/","og_locale":"en_GB","og_type":"article","og_title":"1. e-AGROTEC Petronas rally 2020 | AGROTEC Petronas Rally","og_description":"V n\u00e1vaznosti na zru\u0161en\u00ed tradi\u010dn\u00edho form\u00e1tu AGROTEC Petronas rally 2020 do\u0161lo pro leto\u0161ek k transformaci z\u00e1vodu do virtu\u00e1ln\u00ed podoby. Zjist\u011bte, jak se m\u016f\u017eete z\u00fa\u010dastnit i vy.","og_url":"https:\/\/www.agrotecrally.cz\/en\/e-agrotec-rally\/1-e-agrotec-petronas-rally-2020\/","og_site_name":"AGROTEC Petronas Rally","article_publisher":"https:\/\/www.facebook.com\/agrotecrally","article_published_time":"2020-06-08T11:55:45+00:00","article_modified_time":"2021-03-25T13:24:57+00:00","og_image":[{"width":1499,"height":1000,"url":"https:\/\/www.agrotecrally.cz\/wp-content\/uploads\/2021\/03\/imgp2900-edit-70cf5.jpg","type":"image\/jpeg"}],"author":"Tom\u00e1\u0161 Plach\u00fd","twitter_card":"summary_large_image","twitter_misc":{"Written by":"Tom\u00e1\u0161 Plach\u00fd","Estimated reading time":"2 minutes"},"schema":{"@context":"https:\/\/schema.org","@graph":[{"@type":"Article","@id":"https:\/\/www.agrotecrally.cz\/en\/e-agrotec-rally\/1-e-agrotec-petronas-rally-2020\/#article","isPartOf":{"@id":"https:\/\/www.agrotecrally.cz\/en\/e-agrotec-rally\/1-e-agrotec-petronas-rally-2020\/"},"author":{"name":"Tom\u00e1\u0161 Plach\u00fd","@id":"https:\/\/www.agrotecrally.cz\/#\/schema\/person\/38a02deaa1f019e278fc735d03d83f85"},"headline":"1. e-AGROTEC Petronas rally 2020","datePublished":"2020-06-08T11:55:45+00:00","dateModified":"2021-03-25T13:24:57+00:00","mainEntityOfPage":{"@id":"https:\/\/www.agrotecrally.cz\/en\/e-agrotec-rally\/1-e-agrotec-petronas-rally-2020\/"},"wordCount":461,"commentCount":0,"publisher":{"@id":"https:\/\/www.agrotecrally.cz\/#organization"},"articleSection":["e-AGROTEC rally"],"inLanguage":"en-GB","potentialAction":[{"@type":"CommentAction","name":"Comment","target":["https:\/\/www.agrotecrally.cz\/en\/e-agrotec-rally\/1-e-agrotec-petronas-rally-2020\/#respond"]}]},{"@type":"WebPage","@id":"https:\/\/www.agrotecrally.cz\/en\/e-agrotec-rally\/1-e-agrotec-petronas-rally-2020\/","url":"https:\/\/www.agrotecrally.cz\/en\/e-agrotec-rally\/1-e-agrotec-petronas-rally-2020\/","name":"1. e-AGROTEC Petronas rally 2020 | AGROTEC Petronas Rally","isPartOf":{"@id":"https:\/\/www.agrotecrally.cz\/#website"},"datePublished":"2020-06-08T11:55:45+00:00","dateModified":"2021-03-25T13:24:57+00:00","breadcrumb":{"@id":"https:\/\/www.agrotecrally.cz\/en\/e-agrotec-rally\/1-e-agrotec-petronas-rally-2020\/#breadcrumb"},"inLanguage":"en-GB","potentialAction":[{"@type":"ReadAction","target":["https:\/\/www.agrotecrally.cz\/en\/e-agrotec-rally\/1-e-agrotec-petronas-rally-2020\/"]}]},{"@type":"BreadcrumbList","@id":"https:\/\/www.agrotecrally.cz\/en\/e-agrotec-rally\/1-e-agrotec-petronas-rally-2020\/#breadcrumb","itemListElement":[{"@type":"ListItem","position":1,"name":"Dom\u016f","item":"https:\/\/www.agrotecrally.cz\/"},{"@type":"ListItem","position":2,"name":"1. e-AGROTEC Petronas rally 2020"}]},{"@type":"WebSite","@id":"https:\/\/www.agrotecrally.cz\/#website","url":"https:\/\/www.agrotecrally.cz\/","name":"AGROTEC Petronas rally","description":"Rally mezi vinicemi","publisher":{"@id":"https:\/\/www.agrotecrally.cz\/#organization"},"potentialAction":[{"@type":"SearchAction","target":{"@type":"EntryPoint","urlTemplate":"https:\/\/www.agrotecrally.cz\/?s={search_term_string}"},"query-input":"required name=search_term_string"}],"inLanguage":"en-GB"},{"@type":"Organization","@id":"https:\/\/www.agrotecrally.cz\/#organization","name":"AGROTEC Petronas rally","url":"https:\/\/www.agrotecrally.cz\/","logo":{"@type":"ImageObject","inLanguage":"en-GB","@id":"https:\/\/www.agrotecrally.cz\/#\/schema\/logo\/image\/","url":"https:\/\/www.agrotecrally.cz\/wp-content\/uploads\/2021\/05\/AGROTEC-RALLY_16-01-web-2.png","contentUrl":"https:\/\/www.agrotecrally.cz\/wp-content\/uploads\/2021\/05\/AGROTEC-RALLY_16-01-web-2.png","width":459,"height":222,"caption":"AGROTEC Petronas rally"},"image":{"@id":"https:\/\/www.agrotecrally.cz\/#\/schema\/logo\/image\/"},"sameAs":["https:\/\/www.facebook.com\/agrotecrally"]},{"@type":"Person","@id":"https:\/\/www.agrotecrally.cz\/#\/schema\/person\/38a02deaa1f019e278fc735d03d83f85","name":"Tom\u00e1\u0161 Plach\u00fd","image":{"@type":"ImageObject","inLanguage":"en-GB","@id":"https:\/\/www.agrotecrally.cz\/#\/schema\/person\/image\/","url":"https:\/\/secure.gravatar.com\/avatar\/a7a68eee7fdb2b4f0975cdc024983e22?s=96&d=mm&r=g","contentUrl":"https:\/\/secure.gravatar.com\/avatar\/a7a68eee7fdb2b4f0975cdc024983e22?s=96&d=mm&r=g","caption":"Tom\u00e1\u0161 Plach\u00fd"},"url":"https:\/\/www.agrotecrally.cz\/en\/author\/topmediaseznam-cz\/"}]}},"_links":{"self":[{"href":"https:\/\/www.agrotecrally.cz\/en\/wp-json\/wp\/v2\/posts\/352"}],"collection":[{"href":"https:\/\/www.agrotecrally.cz\/en\/wp-json\/wp\/v2\/posts"}],"about":[{"href":"https:\/\/www.agrotecrally.cz\/en\/wp-json\/wp\/v2\/types\/post"}],"author":[{"embeddable":true,"href":"https:\/\/www.agrotecrally.cz\/en\/wp-json\/wp\/v2\/users\/2"}],"replies":[{"embeddable":true,"href":"https:\/\/www.agrotecrally.cz\/en\/wp-json\/wp\/v2\/comments?post=352"}],"version-history":[{"count":1,"href":"https:\/\/www.agrotecrally.cz\/en\/wp-json\/wp\/v2\/posts\/352\/revisions"}],"predecessor-version":[{"id":354,"href":"https:\/\/www.agrotecrally.cz\/en\/wp-json\/wp\/v2\/posts\/352\/revisions\/354"}],"wp:featuredmedia":[{"embeddable":true,"href":"https:\/\/www.agrotecrally.cz\/en\/wp-json\/wp\/v2\/media\/353"}],"wp:attachment":[{"href":"https:\/\/www.agrotecrally.cz\/en\/wp-json\/wp\/v2\/media?parent=352"}],"wp:term":[{"taxonomy":"category","embeddable":true,"href":"https:\/\/www.agrotecrally.cz\/en\/wp-json\/wp\/v2\/categories?post=352"},{"taxonomy":"post_tag","embeddable":true,"href":"https:\/\/www.agrotecrally.cz\/en\/wp-json\/wp\/v2\/tags?post=352"}],"curies":[{"name":"wp","href":"https:\/\/api.w.org\/{rel}","templated":true}]}}