{"id":3975,"date":"2025-06-13T08:29:09","date_gmt":"2025-06-13T07:29:09","guid":{"rendered":"https:\/\/www.agrotecrally.cz\/?p=3975"},"modified":"2025-06-13T08:31:14","modified_gmt":"2025-06-13T07:31:14","slug":"hustopecska-oslava-dvaceti-let-poradnou-davkou-kilometru","status":"publish","type":"post","link":"https:\/\/www.agrotecrally.cz\/en\/rally-hustopece\/hustopecska-oslava-dvaceti-let-poradnou-davkou-kilometru\/","title":{"rendered":"AGROTEC PETRONAS Rally Hustope\u010de slav\u00ed 20 let s po\u0159\u00e1dnou d\u00e1vkou kilometr\u016f"},"content":{"rendered":"<p><strong>Ve dnech 20.\u201321. \u010dervna 2025 se v Hustope\u010d\u00edch pojede jubilejn\u00ed 20. ro\u010dn\u00edk AGROTEC PETRONAS Rally Hustope\u010de, kter\u00e1 se b\u011bhem dvou dek\u00e1d vyprofilovala jako jedna z nejn\u00e1ro\u010dn\u011bj\u0161\u00edch, ale z\u00e1rove\u0148 nejobl\u00edben\u011bj\u0161\u00edch sout\u011b\u017e\u00ed dom\u00e1c\u00edho \u0161ampion\u00e1tu. Leto\u0161n\u00ed ro\u010dn\u00edk bude op\u011bt sou\u010d\u00e1st\u00ed European Rally Trophy (ERT) i Mistrovstv\u00ed z\u00f3ny st\u0159edn\u00ed Evropy (CEZ) a nab\u00eddne mimo\u0159\u00e1dn\u00fd sportovn\u00ed i spole\u010densk\u00fd z\u00e1\u017eitek.<\/strong><\/p>\n<p>Rally, kter\u00e1 se pravideln\u011b kon\u00e1 v malebn\u00e9m prost\u0159ed\u00ed jihomoravsk\u00fdch vinohrad\u016f, letos op\u011bt ponese podtitul Memori\u00e1l Rudolfa Kou\u0159ila, na po\u010dest dlouholet\u00e9ho \u0159editele a spoluzakladatele sout\u011b\u017ee, kter\u00fd by se v t\u011bchto dnech do\u017eil 67 let. I p\u0159es tuto tragickou ud\u00e1lost pokra\u010duje organiza\u010dn\u00ed t\u00fdm \u201erally mezi vinohrady\u201c ve sv\u00e9 pr\u00e1ci, letos na jubilejn\u00edm ro\u010dn\u00edku. Prvn\u00ed start hustope\u010dsk\u00e9 rally se uskute\u010dnil v sez\u00f3n\u011b 2005, pandemick\u00e1 jednolet\u00e1 pauza v roce 2020 pak p\u0159esunula oslavy jubilea na leto\u0161ek.<\/p>\n<p>\u201e<em>Je to a\u017e neuv\u011b\u0159iteln\u00e9, \u017ee u\u017e jedeme 20. ro\u010dn\u00edk. Od prvn\u00edho z\u00e1vodu, kter\u00fd jsme p\u0159ipravili za necel\u00fd m\u011bs\u00edc, co\u017e v\u00a0tehdej\u0161\u00edch podm\u00ednk\u00e1ch bylo mo\u017en\u00e9, uplynulo dvacet let. M\u00e1m radost, \u017ee s n\u00e1mi v organiza\u010dn\u00edm t\u00fdmu st\u00e1le z\u016fst\u00e1vaj\u00ed i lid\u00e9, kte\u0159\u00ed byli u za\u010d\u00e1tk\u016f. A \u017ee se n\u00e1m poda\u0159ilo vytvo\u0159it symbi\u00f3zu s obcemi, \u00fa\u0159ady i polici\u00ed, bez nich\u017e by sout\u011b\u017e nebylo mo\u017en\u00e9 realizovat,<\/em>\u201c \u0159\u00edk\u00e1 <strong>Martin Rada, p\u0159edseda organiza\u010dn\u00edho v\u00fdboru rally a tak\u00e9 aktivn\u00ed a v\u00a0Hustope\u010d\u00edch startuj\u00edc\u00ed z\u00e1vodn\u00edk<\/strong>.<\/p>\n<p><strong><u>200 m\u011b\u0159en\u00fdch kilometr\u016f b\u011bhem 24 hodin<\/u><\/strong><\/p>\n<p>Leto\u0161n\u00ed ro\u010dn\u00edk p\u0159in\u00e1\u0161\u00ed 200 m\u011b\u0159en\u00fdch kilometr\u016f rozd\u011blen\u00fdch do 14 rychlostn\u00edch zkou\u0161ek na sedmi \u00fasec\u00edch, z nich\u017e dva maj\u00ed polookruhov\u00fd form\u00e1t. Z\u00e1vod tak spl\u0148uje i ty nejp\u0159\u00edsn\u011bj\u0161\u00ed parametry mezin\u00e1rodn\u00edch sout\u011b\u017e\u00ed a bude n\u00e1ro\u010dn\u00fd jak pro pos\u00e1dky, tak pro techniku. Raritou AGROTEC Rally je i skute\u010dnost, \u017ee d\u00e9lka rychlostn\u00edch zkou\u0161ek p\u0159evy\u0161uje d\u00e9lku p\u0159ejezd\u016f (200 m\u011b\u0159en\u00fdch km vs. 164,53 km p\u0159ejezd\u016f). Takov\u00fd pom\u011br je nejen v\u00a0\u010desk\u00e9m \u0161ampion\u00e1tu, ale i kdekoliv v zahrani\u010d\u00ed skute\u010dnou raritou.<\/p>\n<p>Rally odstartuje v p\u00e1tek 20. \u010dervna v 16:42 z Husovy ulice v Hustope\u010d\u00edch, s no\u010dn\u00edm zakon\u010den\u00edm v 22:25. V sobotu 21. \u010dervna pokra\u010duje druhou etapou, kter\u00e1 za\u010dne v 8:30 a vyvrchol\u00ed vyhl\u00e1\u0161en\u00edm v\u00edt\u011bz\u016f na c\u00edlov\u00e9 ramp\u011b kr\u00e1tce po 15:30.<\/p>\n<p>V\u011bt\u0161ina rychlostn\u00edch zkou\u0161ek doznala v\u00a0leto\u0161n\u00edm roce drobn\u00fdch zm\u011bn. Bu\u010f se pojedou v\u00a0opa\u010dn\u00e9m sm\u011bru, nebo se za\u0159azen\u00edm nov\u00fdch \u00fasek\u016f, p\u0159\u00edpadn\u011b v kombinaci obou mo\u017enost\u00ed.<br \/>\nN\u00e1v\u0161t\u011bvn\u00edci se mohou t\u011b\u0161it i na zcela nov\u00fd m\u011b\u0159en\u00fd test \u0160itbo\u0159ice \u2013 K\u0159epice. Prvn\u00ed mo\u017enost\u00ed nav\u0161t\u00edvit hustope\u010dskou sout\u011b\u017e bude polookruhov\u00e1 rychlostn\u00ed zkou\u0161ka nad Starovicemi, kterou v p\u00e1tek rally odstartuje.<\/p>\n<p>Chyb\u011bt nebude ani tolik obl\u00edben\u00e1 p\u00e1te\u010dn\u00ed no\u010dn\u00ed \u010d\u00e1st, kter\u00e1 vy\u017eaduje mont\u00e1\u017e p\u0159\u00eddavn\u00fdch sv\u011btlomet\u016f. Za tmy nen\u00ed na tra\u0165 p\u0159\u00edli\u0161 vid\u011bt, ale o to lep\u0161\u00ed je sv\u011bteln\u00e1 show pro div\u00e1ky.<\/p>\n<p><strong><u>Novinky a tradi\u010dn\u00ed z\u00e1zem\u00ed<\/u><\/strong><\/p>\n<p>Div\u00e1ky \u010dek\u00e1 \u0159ada novinek \u2013 krom\u011b zcela nov\u00e9 rychlostn\u00ed zkou\u0161ky i upraven\u00fd shakedown, hlavn\u011b bezpe\u010dn\u00e9 div\u00e1ck\u00e9 z\u00f3ny s dobr\u00fdm v\u00fdhledem. T\u011bch bude v\u00a0leto\u0161n\u00edm roce op\u011bt v\u00edce ne\u017e loni. 20. ro\u010dn\u00edk si toti\u017e zaslou\u017e\u00ed 20 m\u00edst pro skv\u011bl\u00fd v\u00fdhled.<br \/>\nServisn\u00ed z\u00f3na z\u016fst\u00e1v\u00e1 tradi\u010dn\u011b v are\u00e1lu MOSS logistics v Hustope\u010d\u00edch. Vstup do n\u00ed bude, stejn\u011b jako na celou rally, zdarma. Krom\u011b setk\u00e1n\u00ed s\u00a0jezdci a obhl\u00e9dnut\u00ed servisn\u00edch p\u0159\u00edprav, bude mo\u017en\u00e9 v\u00a0are\u00e1lu zakoupit ob\u010derstven\u00ed a tak\u00e9 rally merch, kter\u00fd je v\u00fdborn\u00fdm suven\u00fdrem ze z\u00e1vodn\u00edho v\u00edkendu.<\/p>\n<p><strong><u>Oslava motorsportu, regionu a spolupr\u00e1ce<\/u><\/strong><\/p>\n<p>\u201e<em>Rally v Hustope\u010d\u00edch nikdy nebyla jen sportovn\u00ed ud\u00e1lost\u00ed. Je to tradice, kterou jsme po 20 let budovali spole\u010dn\u011b \u2013 organiz\u00e1to\u0159i, z\u00e1vodn\u00edci, fanou\u0161ci, obce i partne\u0159i. Dnes u\u017e m\u016f\u017eeme \u0159\u00edct, \u017ee AGROTEC PETRONAS Rally v\u00fdznamn\u011b p\u0159isp\u00edv\u00e1 k propagaci cel\u00e9ho regionu, m\u011bsta v\u00edna a mandlon\u00ed,<\/em>\u201c dopl\u0148uje <strong>Martin Rada<\/strong>.<\/p>\n<p>Na z\u00e1v\u011br vyjad\u0159uje pod\u011bkov\u00e1n\u00ed v\u0161em obc\u00edm, partner\u016fm, dobrovoln\u00edk\u016fm i slo\u017ek\u00e1m IZS za jejich dlouhodobou podporu. \u201e<em>Bez v\u00e1s by to ne\u0161lo. D\u00edky v\u00e1m se m\u016f\u017ee ka\u017ed\u00fd rok uskute\u010dnit akce, kter\u00e1 spojuje lidi, p\u0159in\u00e1\u0161\u00ed radost i adrenalin a d\u011bl\u00e1 regionu skv\u011blou vizitku.<\/em>\u201c<\/p>\n<p>V\u00edce informac\u00ed a aktualit najdete na webu <a href=\"https:\/\/www.agrotecrally.cz\/en\/\">agrotecrally.cz<\/a>, na facebookov\u00e9 str\u00e1nce <a href=\"https:\/\/www.facebook.com\/agrotecgroup\">AGROTEC Group<\/a> a <a href=\"https:\/\/www.facebook.com\/agrotecrally\">AGROTEC Rally Hustope\u010de<\/a>.<\/p>\n<p>AGROTEC PETRONAS Rally Hustope\u010de 2025 je sou\u010d\u00e1st\u00ed: FIA European Rally Trophy pro jezdce a\u00a0spolujezdce 2025, FIA Junior ERT pro jezdce, FIA Z\u00f3na st\u0159edn\u00ed Evropa HA, AUTOKLUB Mistrovstv\u00ed \u010cesk\u00e9 republiky v\u00a0rally 2025, AUTOKLUB Rally Challange 2025, AUTOKLUB Mistrovstv\u00ed \u010cesk\u00e9 republiky historick\u00fdch automobil\u016f v\u00a0rally 2025, AUTOKLUB Juniorsk\u00fd mistr \u010cR, D\u00e1msk\u00fd poh\u00e1r \u010cR, Poh\u00e1r 55+, Toyota Yaris Cup Czech, CSF Adam Cup, Poh\u00e1r po\u0159adatele AGROTEC Group, Memori\u00e1l Rudolfa Kou\u0159ila.<\/p>","protected":false},"excerpt":{"rendered":"<p>Ve dnech 20.\u201321. \u010dervna 2025 se v Hustope\u010d\u00edch pojede jubilejn\u00ed 20. ro\u010dn\u00edk AGROTEC PETRONAS Rally Hustope\u010de, kter\u00e1 se b\u011bhem dvou dek\u00e1d vyprofilovala jako jedna z nejn\u00e1ro\u010dn\u011bj\u0161\u00edch, ale z\u00e1rove\u0148 nejobl\u00edben\u011bj\u0161\u00edch sout\u011b\u017e\u00ed dom\u00e1c\u00edho \u0161ampion\u00e1tu. Leto\u0161n\u00ed ro\u010dn\u00edk bude op\u011bt sou\u010d\u00e1st\u00ed European Rally Trophy (ERT) i Mistrovstv\u00ed z\u00f3ny st\u0159edn\u00ed Evropy (CEZ) a nab\u00eddne mimo\u0159\u00e1dn\u00fd sportovn\u00ed i spole\u010densk\u00fd z\u00e1\u017eitek. Rally, [&hellip;]<\/p>","protected":false},"author":2,"featured_media":3976,"comment_status":"open","ping_status":"open","sticky":false,"template":"","format":"standard","meta":{"_et_pb_use_builder":"","_et_pb_old_content":"","_et_gb_content_width":"","footnotes":""},"categories":[10,9],"tags":[97,84,19,21,20,88],"yoast_head":"<!-- This site is optimized with the Yoast SEO plugin v21.9.1 - https:\/\/yoast.com\/wordpress\/plugins\/seo\/ -->\n<title>AGROTEC PETRONAS Rally Hustope\u010de slav\u00ed 20 let s po\u0159\u00e1dnou d\u00e1vkou kilometr\u016f | AGROTEC Petronas Rally<\/title>\n<meta name=\"robots\" content=\"index, follow, max-snippet:-1, max-image-preview:large, max-video-preview:-1\" \/>\n<link rel=\"canonical\" href=\"https:\/\/www.agrotecrally.cz\/en\/rally-hustopece\/hustopecska-oslava-dvaceti-let-poradnou-davkou-kilometru\/\" \/>\n<meta property=\"og:locale\" content=\"en_GB\" \/>\n<meta property=\"og:type\" content=\"article\" \/>\n<meta property=\"og:title\" content=\"AGROTEC PETRONAS Rally Hustope\u010de slav\u00ed 20 let s po\u0159\u00e1dnou d\u00e1vkou kilometr\u016f | AGROTEC Petronas Rally\" \/>\n<meta property=\"og:description\" content=\"Ve dnech 20.\u201321. \u010dervna 2025 se v Hustope\u010d\u00edch pojede jubilejn\u00ed 20. ro\u010dn\u00edk AGROTEC PETRONAS Rally Hustope\u010de, kter\u00e1 se b\u011bhem dvou dek\u00e1d vyprofilovala jako jedna z nejn\u00e1ro\u010dn\u011bj\u0161\u00edch, ale z\u00e1rove\u0148 nejobl\u00edben\u011bj\u0161\u00edch sout\u011b\u017e\u00ed dom\u00e1c\u00edho \u0161ampion\u00e1tu. Leto\u0161n\u00ed ro\u010dn\u00edk bude op\u011bt sou\u010d\u00e1st\u00ed European Rally Trophy (ERT) i Mistrovstv\u00ed z\u00f3ny st\u0159edn\u00ed Evropy (CEZ) a nab\u00eddne mimo\u0159\u00e1dn\u00fd sportovn\u00ed i spole\u010densk\u00fd z\u00e1\u017eitek. Rally, [&hellip;]\" \/>\n<meta property=\"og:url\" content=\"https:\/\/www.agrotecrally.cz\/en\/rally-hustopece\/hustopecska-oslava-dvaceti-let-poradnou-davkou-kilometru\/\" \/>\n<meta property=\"og:site_name\" content=\"AGROTEC Petronas Rally\" \/>\n<meta property=\"article:publisher\" content=\"https:\/\/www.facebook.com\/agrotecrally\" \/>\n<meta property=\"article:published_time\" content=\"2025-06-13T07:29:09+00:00\" \/>\n<meta property=\"article:modified_time\" content=\"2025-06-13T07:31:14+00:00\" \/>\n<meta property=\"og:image\" content=\"https:\/\/www.agrotecrally.cz\/wp-content\/uploads\/2025\/06\/Krumlov_2025_kopecky_web.jpg\" \/>\n\t<meta property=\"og:image:width\" content=\"2500\" \/>\n\t<meta property=\"og:image:height\" content=\"1667\" \/>\n\t<meta property=\"og:image:type\" content=\"image\/jpeg\" \/>\n<meta name=\"author\" content=\"Tom\u00e1\u0161 Plach\u00fd\" \/>\n<meta name=\"twitter:card\" content=\"summary_large_image\" \/>\n<meta name=\"twitter:label1\" content=\"Written by\" \/>\n\t<meta name=\"twitter:data1\" content=\"Tom\u00e1\u0161 Plach\u00fd\" \/>\n\t<meta name=\"twitter:label2\" content=\"Estimated reading time\" \/>\n\t<meta name=\"twitter:data2\" content=\"4 minutes\" \/>\n<script type=\"application\/ld+json\" class=\"yoast-schema-graph\">{\"@context\":\"https:\/\/schema.org\",\"@graph\":[{\"@type\":\"Article\",\"@id\":\"https:\/\/www.agrotecrally.cz\/rally-hustopece\/hustopecska-oslava-dvaceti-let-poradnou-davkou-kilometru\/#article\",\"isPartOf\":{\"@id\":\"https:\/\/www.agrotecrally.cz\/rally-hustopece\/hustopecska-oslava-dvaceti-let-poradnou-davkou-kilometru\/\"},\"author\":{\"name\":\"Tom\u00e1\u0161 Plach\u00fd\",\"@id\":\"https:\/\/www.agrotecrally.cz\/#\/schema\/person\/38a02deaa1f019e278fc735d03d83f85\"},\"headline\":\"AGROTEC PETRONAS Rally Hustope\u010de slav\u00ed 20 let s po\u0159\u00e1dnou d\u00e1vkou kilometr\u016f\",\"datePublished\":\"2025-06-13T07:29:09+00:00\",\"dateModified\":\"2025-06-13T07:31:14+00:00\",\"mainEntityOfPage\":{\"@id\":\"https:\/\/www.agrotecrally.cz\/rally-hustopece\/hustopecska-oslava-dvaceti-let-poradnou-davkou-kilometru\/\"},\"wordCount\":927,\"commentCount\":0,\"publisher\":{\"@id\":\"https:\/\/www.agrotecrally.cz\/#organization\"},\"keywords\":[\"20. ro\u010dn\u00edk\",\"Agrotec Petronas rally\",\"Hustope\u010de\",\"M\u010cR v rally\",\"rally mezi vinicemi\",\"vinohrady\"],\"articleSection\":[\"AGROTEC rally Hustope\u010de\",\"Rally mezi vinicemi\"],\"inLanguage\":\"en-GB\",\"potentialAction\":[{\"@type\":\"CommentAction\",\"name\":\"Comment\",\"target\":[\"https:\/\/www.agrotecrally.cz\/rally-hustopece\/hustopecska-oslava-dvaceti-let-poradnou-davkou-kilometru\/#respond\"]}]},{\"@type\":\"WebPage\",\"@id\":\"https:\/\/www.agrotecrally.cz\/rally-hustopece\/hustopecska-oslava-dvaceti-let-poradnou-davkou-kilometru\/\",\"url\":\"https:\/\/www.agrotecrally.cz\/rally-hustopece\/hustopecska-oslava-dvaceti-let-poradnou-davkou-kilometru\/\",\"name\":\"AGROTEC PETRONAS Rally Hustope\u010de slav\u00ed 20 let s po\u0159\u00e1dnou d\u00e1vkou kilometr\u016f | AGROTEC Petronas Rally\",\"isPartOf\":{\"@id\":\"https:\/\/www.agrotecrally.cz\/#website\"},\"datePublished\":\"2025-06-13T07:29:09+00:00\",\"dateModified\":\"2025-06-13T07:31:14+00:00\",\"breadcrumb\":{\"@id\":\"https:\/\/www.agrotecrally.cz\/rally-hustopece\/hustopecska-oslava-dvaceti-let-poradnou-davkou-kilometru\/#breadcrumb\"},\"inLanguage\":\"en-GB\",\"potentialAction\":[{\"@type\":\"ReadAction\",\"target\":[\"https:\/\/www.agrotecrally.cz\/rally-hustopece\/hustopecska-oslava-dvaceti-let-poradnou-davkou-kilometru\/\"]}]},{\"@type\":\"BreadcrumbList\",\"@id\":\"https:\/\/www.agrotecrally.cz\/rally-hustopece\/hustopecska-oslava-dvaceti-let-poradnou-davkou-kilometru\/#breadcrumb\",\"itemListElement\":[{\"@type\":\"ListItem\",\"position\":1,\"name\":\"Dom\u016f\",\"item\":\"https:\/\/www.agrotecrally.cz\/\"},{\"@type\":\"ListItem\",\"position\":2,\"name\":\"AGROTEC PETRONAS Rally Hustope\u010de slav\u00ed 20 let s po\u0159\u00e1dnou d\u00e1vkou kilometr\u016f\"}]},{\"@type\":\"WebSite\",\"@id\":\"https:\/\/www.agrotecrally.cz\/#website\",\"url\":\"https:\/\/www.agrotecrally.cz\/\",\"name\":\"AGROTEC Petronas rally\",\"description\":\"Rally mezi vinicemi\",\"publisher\":{\"@id\":\"https:\/\/www.agrotecrally.cz\/#organization\"},\"potentialAction\":[{\"@type\":\"SearchAction\",\"target\":{\"@type\":\"EntryPoint\",\"urlTemplate\":\"https:\/\/www.agrotecrally.cz\/?s={search_term_string}\"},\"query-input\":\"required name=search_term_string\"}],\"inLanguage\":\"en-GB\"},{\"@type\":\"Organization\",\"@id\":\"https:\/\/www.agrotecrally.cz\/#organization\",\"name\":\"AGROTEC Petronas rally\",\"url\":\"https:\/\/www.agrotecrally.cz\/\",\"logo\":{\"@type\":\"ImageObject\",\"inLanguage\":\"en-GB\",\"@id\":\"https:\/\/www.agrotecrally.cz\/#\/schema\/logo\/image\/\",\"url\":\"https:\/\/www.agrotecrally.cz\/wp-content\/uploads\/2021\/05\/AGROTEC-RALLY_16-01-web-2.png\",\"contentUrl\":\"https:\/\/www.agrotecrally.cz\/wp-content\/uploads\/2021\/05\/AGROTEC-RALLY_16-01-web-2.png\",\"width\":459,\"height\":222,\"caption\":\"AGROTEC Petronas rally\"},\"image\":{\"@id\":\"https:\/\/www.agrotecrally.cz\/#\/schema\/logo\/image\/\"},\"sameAs\":[\"https:\/\/www.facebook.com\/agrotecrally\"]},{\"@type\":\"Person\",\"@id\":\"https:\/\/www.agrotecrally.cz\/#\/schema\/person\/38a02deaa1f019e278fc735d03d83f85\",\"name\":\"Tom\u00e1\u0161 Plach\u00fd\",\"image\":{\"@type\":\"ImageObject\",\"inLanguage\":\"en-GB\",\"@id\":\"https:\/\/www.agrotecrally.cz\/#\/schema\/person\/image\/\",\"url\":\"https:\/\/secure.gravatar.com\/avatar\/a7a68eee7fdb2b4f0975cdc024983e22?s=96&d=mm&r=g\",\"contentUrl\":\"https:\/\/secure.gravatar.com\/avatar\/a7a68eee7fdb2b4f0975cdc024983e22?s=96&d=mm&r=g\",\"caption\":\"Tom\u00e1\u0161 Plach\u00fd\"},\"url\":\"https:\/\/www.agrotecrally.cz\/en\/author\/topmediaseznam-cz\/\"}]}<\/script>\n<!-- \/ Yoast SEO plugin. -->","yoast_head_json":{"title":"AGROTEC PETRONAS Rally Hustope\u010de slav\u00ed 20 let s po\u0159\u00e1dnou d\u00e1vkou kilometr\u016f | AGROTEC Petronas Rally","robots":{"index":"index","follow":"follow","max-snippet":"max-snippet:-1","max-image-preview":"max-image-preview:large","max-video-preview":"max-video-preview:-1"},"canonical":"https:\/\/www.agrotecrally.cz\/en\/rally-hustopece\/hustopecska-oslava-dvaceti-let-poradnou-davkou-kilometru\/","og_locale":"en_GB","og_type":"article","og_title":"AGROTEC PETRONAS Rally Hustope\u010de slav\u00ed 20 let s po\u0159\u00e1dnou d\u00e1vkou kilometr\u016f | AGROTEC Petronas Rally","og_description":"Ve dnech 20.\u201321. \u010dervna 2025 se v Hustope\u010d\u00edch pojede jubilejn\u00ed 20. ro\u010dn\u00edk AGROTEC PETRONAS Rally Hustope\u010de, kter\u00e1 se b\u011bhem dvou dek\u00e1d vyprofilovala jako jedna z nejn\u00e1ro\u010dn\u011bj\u0161\u00edch, ale z\u00e1rove\u0148 nejobl\u00edben\u011bj\u0161\u00edch sout\u011b\u017e\u00ed dom\u00e1c\u00edho \u0161ampion\u00e1tu. Leto\u0161n\u00ed ro\u010dn\u00edk bude op\u011bt sou\u010d\u00e1st\u00ed European Rally Trophy (ERT) i Mistrovstv\u00ed z\u00f3ny st\u0159edn\u00ed Evropy (CEZ) a nab\u00eddne mimo\u0159\u00e1dn\u00fd sportovn\u00ed i spole\u010densk\u00fd z\u00e1\u017eitek. Rally, [&hellip;]","og_url":"https:\/\/www.agrotecrally.cz\/en\/rally-hustopece\/hustopecska-oslava-dvaceti-let-poradnou-davkou-kilometru\/","og_site_name":"AGROTEC Petronas Rally","article_publisher":"https:\/\/www.facebook.com\/agrotecrally","article_published_time":"2025-06-13T07:29:09+00:00","article_modified_time":"2025-06-13T07:31:14+00:00","og_image":[{"width":2500,"height":1667,"url":"https:\/\/www.agrotecrally.cz\/wp-content\/uploads\/2025\/06\/Krumlov_2025_kopecky_web.jpg","type":"image\/jpeg"}],"author":"Tom\u00e1\u0161 Plach\u00fd","twitter_card":"summary_large_image","twitter_misc":{"Written by":"Tom\u00e1\u0161 Plach\u00fd","Estimated reading time":"4 minutes"},"schema":{"@context":"https:\/\/schema.org","@graph":[{"@type":"Article","@id":"https:\/\/www.agrotecrally.cz\/rally-hustopece\/hustopecska-oslava-dvaceti-let-poradnou-davkou-kilometru\/#article","isPartOf":{"@id":"https:\/\/www.agrotecrally.cz\/rally-hustopece\/hustopecska-oslava-dvaceti-let-poradnou-davkou-kilometru\/"},"author":{"name":"Tom\u00e1\u0161 Plach\u00fd","@id":"https:\/\/www.agrotecrally.cz\/#\/schema\/person\/38a02deaa1f019e278fc735d03d83f85"},"headline":"AGROTEC PETRONAS Rally Hustope\u010de slav\u00ed 20 let s po\u0159\u00e1dnou d\u00e1vkou kilometr\u016f","datePublished":"2025-06-13T07:29:09+00:00","dateModified":"2025-06-13T07:31:14+00:00","mainEntityOfPage":{"@id":"https:\/\/www.agrotecrally.cz\/rally-hustopece\/hustopecska-oslava-dvaceti-let-poradnou-davkou-kilometru\/"},"wordCount":927,"commentCount":0,"publisher":{"@id":"https:\/\/www.agrotecrally.cz\/#organization"},"keywords":["20. ro\u010dn\u00edk","Agrotec Petronas rally","Hustope\u010de","M\u010cR v rally","rally mezi vinicemi","vinohrady"],"articleSection":["AGROTEC rally Hustope\u010de","Rally mezi vinicemi"],"inLanguage":"en-GB","potentialAction":[{"@type":"CommentAction","name":"Comment","target":["https:\/\/www.agrotecrally.cz\/rally-hustopece\/hustopecska-oslava-dvaceti-let-poradnou-davkou-kilometru\/#respond"]}]},{"@type":"WebPage","@id":"https:\/\/www.agrotecrally.cz\/rally-hustopece\/hustopecska-oslava-dvaceti-let-poradnou-davkou-kilometru\/","url":"https:\/\/www.agrotecrally.cz\/rally-hustopece\/hustopecska-oslava-dvaceti-let-poradnou-davkou-kilometru\/","name":"AGROTEC PETRONAS Rally Hustope\u010de slav\u00ed 20 let s po\u0159\u00e1dnou d\u00e1vkou kilometr\u016f | AGROTEC Petronas Rally","isPartOf":{"@id":"https:\/\/www.agrotecrally.cz\/#website"},"datePublished":"2025-06-13T07:29:09+00:00","dateModified":"2025-06-13T07:31:14+00:00","breadcrumb":{"@id":"https:\/\/www.agrotecrally.cz\/rally-hustopece\/hustopecska-oslava-dvaceti-let-poradnou-davkou-kilometru\/#breadcrumb"},"inLanguage":"en-GB","potentialAction":[{"@type":"ReadAction","target":["https:\/\/www.agrotecrally.cz\/rally-hustopece\/hustopecska-oslava-dvaceti-let-poradnou-davkou-kilometru\/"]}]},{"@type":"BreadcrumbList","@id":"https:\/\/www.agrotecrally.cz\/rally-hustopece\/hustopecska-oslava-dvaceti-let-poradnou-davkou-kilometru\/#breadcrumb","itemListElement":[{"@type":"ListItem","position":1,"name":"Dom\u016f","item":"https:\/\/www.agrotecrally.cz\/"},{"@type":"ListItem","position":2,"name":"AGROTEC PETRONAS Rally Hustope\u010de slav\u00ed 20 let s po\u0159\u00e1dnou d\u00e1vkou kilometr\u016f"}]},{"@type":"WebSite","@id":"https:\/\/www.agrotecrally.cz\/#website","url":"https:\/\/www.agrotecrally.cz\/","name":"AGROTEC Petronas rally","description":"Rally mezi vinicemi","publisher":{"@id":"https:\/\/www.agrotecrally.cz\/#organization"},"potentialAction":[{"@type":"SearchAction","target":{"@type":"EntryPoint","urlTemplate":"https:\/\/www.agrotecrally.cz\/?s={search_term_string}"},"query-input":"required name=search_term_string"}],"inLanguage":"en-GB"},{"@type":"Organization","@id":"https:\/\/www.agrotecrally.cz\/#organization","name":"AGROTEC Petronas rally","url":"https:\/\/www.agrotecrally.cz\/","logo":{"@type":"ImageObject","inLanguage":"en-GB","@id":"https:\/\/www.agrotecrally.cz\/#\/schema\/logo\/image\/","url":"https:\/\/www.agrotecrally.cz\/wp-content\/uploads\/2021\/05\/AGROTEC-RALLY_16-01-web-2.png","contentUrl":"https:\/\/www.agrotecrally.cz\/wp-content\/uploads\/2021\/05\/AGROTEC-RALLY_16-01-web-2.png","width":459,"height":222,"caption":"AGROTEC Petronas rally"},"image":{"@id":"https:\/\/www.agrotecrally.cz\/#\/schema\/logo\/image\/"},"sameAs":["https:\/\/www.facebook.com\/agrotecrally"]},{"@type":"Person","@id":"https:\/\/www.agrotecrally.cz\/#\/schema\/person\/38a02deaa1f019e278fc735d03d83f85","name":"Tom\u00e1\u0161 Plach\u00fd","image":{"@type":"ImageObject","inLanguage":"en-GB","@id":"https:\/\/www.agrotecrally.cz\/#\/schema\/person\/image\/","url":"https:\/\/secure.gravatar.com\/avatar\/a7a68eee7fdb2b4f0975cdc024983e22?s=96&d=mm&r=g","contentUrl":"https:\/\/secure.gravatar.com\/avatar\/a7a68eee7fdb2b4f0975cdc024983e22?s=96&d=mm&r=g","caption":"Tom\u00e1\u0161 Plach\u00fd"},"url":"https:\/\/www.agrotecrally.cz\/en\/author\/topmediaseznam-cz\/"}]}},"_links":{"self":[{"href":"https:\/\/www.agrotecrally.cz\/en\/wp-json\/wp\/v2\/posts\/3975"}],"collection":[{"href":"https:\/\/www.agrotecrally.cz\/en\/wp-json\/wp\/v2\/posts"}],"about":[{"href":"https:\/\/www.agrotecrally.cz\/en\/wp-json\/wp\/v2\/types\/post"}],"author":[{"embeddable":true,"href":"https:\/\/www.agrotecrally.cz\/en\/wp-json\/wp\/v2\/users\/2"}],"replies":[{"embeddable":true,"href":"https:\/\/www.agrotecrally.cz\/en\/wp-json\/wp\/v2\/comments?post=3975"}],"version-history":[{"count":2,"href":"https:\/\/www.agrotecrally.cz\/en\/wp-json\/wp\/v2\/posts\/3975\/revisions"}],"predecessor-version":[{"id":3978,"href":"https:\/\/www.agrotecrally.cz\/en\/wp-json\/wp\/v2\/posts\/3975\/revisions\/3978"}],"wp:featuredmedia":[{"embeddable":true,"href":"https:\/\/www.agrotecrally.cz\/en\/wp-json\/wp\/v2\/media\/3976"}],"wp:attachment":[{"href":"https:\/\/www.agrotecrally.cz\/en\/wp-json\/wp\/v2\/media?parent=3975"}],"wp:term":[{"taxonomy":"category","embeddable":true,"href":"https:\/\/www.agrotecrally.cz\/en\/wp-json\/wp\/v2\/categories?post=3975"},{"taxonomy":"post_tag","embeddable":true,"href":"https:\/\/www.agrotecrally.cz\/en\/wp-json\/wp\/v2\/tags?post=3975"}],"curies":[{"name":"wp","href":"https:\/\/api.w.org\/{rel}","templated":true}]}}