{"id":4185,"date":"2025-06-20T23:11:36","date_gmt":"2025-06-20T22:11:36","guid":{"rendered":"https:\/\/www.agrotecrally.cz\/?p=4185"},"modified":"2025-06-21T09:08:09","modified_gmt":"2025-06-21T08:08:09","slug":"kopecky-v-zaveru-prvniho-dne-predstihl-brezika","status":"publish","type":"post","link":"https:\/\/www.agrotecrally.cz\/en\/uncategorized\/kopecky-v-zaveru-prvniho-dne-predstihl-brezika\/","title":{"rendered":"Kopeck\u00fd v z\u00e1v\u011bru prvn\u00edho dne p\u0159edstihl B\u0159ez\u00edka"},"content":{"rendered":"<p><strong>A\u017e z\u00e1v\u011bre\u010dn\u00e1 rychlostn\u00ed zkou\u0161ka druh\u00e9 sekce rozhodla o tom, \u017ee se pomysln\u00fdm v\u00edt\u011bzem prvn\u00ed etapy leto\u0161n\u00ed AGROTEC PETRONAS rally stal Jan Kopeck\u00fd na \u0160kod\u011b Fabii RS Rally2. Osmin\u00e1sobn\u00fd v\u00edt\u011bz hustope\u010dsk\u00e9 sout\u011b\u017ee toti\u017e dok\u00e1zal ve druh\u00fdch pr\u016fjezdech p\u00e1te\u010dn\u00edmi rychlostn\u00edmi zkou\u0161kami v\u00fdznamn\u011b zrychlit a zaznamenal tak\u00e9 nejlep\u0161\u00ed d\u00edl\u010d\u00ed \u010das na RZ 5.<\/strong><\/p>\n<p>Do druh\u00e9 etapy tak nastoup\u00ed z pozice nejbli\u017e\u0161\u00edho Kopeck\u00e9ho pron\u00e1sledovatele Adam B\u0159ez\u00edk (+3.0 s), za n\u00edm\u017e figuruje s minim\u00e1ln\u00ed ztr\u00e1tou 2.2 vte\u0159iny Filip Mare\u0161. Mladoboleslavsk\u00fd pilot Toyoty GR Yaris Rally2 vyhr\u00e1l \u010dtvrt\u00fd i p\u00e1t\u00fd rychlostn\u00ed test a v t\u011bsn\u00e9 p\u0159etahovan\u00e9 o pomysln\u00e9 stupn\u011b v\u00edt\u011bz\u016f dok\u00e1zal oproti prvn\u00ed sekci sn\u00ed\u017eit svou ztr\u00e1tu na vedouc\u00ed pozici o 4.3 sekundy.<\/p>\n<p>\u010ctvrt\u00e1 pozice pat\u0159\u00ed po \u0161esti odjet\u00fdch testech Eriku Caisovi, fry\u0161t\u00e1ck\u00fd jezdec v\u0161ak zaost\u00e1v\u00e1 za l\u00eddrem pr\u016fb\u011b\u017en\u00e9 absolutn\u00ed klasifikace Kopeck\u00fdm t\u00e9m\u011b\u0159 o p\u016fl minuty. Na p\u00e1tou pozici se po RZ 6 dostal \u00fa\u0159aduj\u00edc\u00ed \u010desk\u00fd mistr Dominik St\u0159\u00edtesk\u00fd, kdy\u017e za sebe odsunul o 1.8 vte\u0159iny V\u011broslava Cvr\u010dka. Pr\u00e1v\u011b Cvr\u010dka lze ale kv\u016fli dosa\u017een\u00fdm d\u00edl\u010d\u00edm \u010das\u016fm po pr\u00e1vu ozna\u010dit za jedno z nejv\u011bt\u0161\u00edch p\u0159ekvapen\u00ed prvn\u00ed etapy leto\u0161n\u00ed hustope\u010dsk\u00e9 rally.<\/p>\n<p>V pr\u016fb\u011b\u017en\u00e9 klasifikaci voz\u016f s jednou poh\u00e1n\u011bnou n\u00e1pravou se zat\u00edm nejl\u00e9pe da\u0159ilo Janu Dvo\u0159\u00e1kovi, kter\u00fd zajel p\u011bt nejrychlej\u0161\u00edch \u010das\u016f a na druh\u00e9ho Davida \u0160tefana m\u00e1 po \u00favodn\u00ed etap\u011b k dobru rovn\u00fdch 26 vte\u0159in. T\u0159et\u00ed p\u0159\u00ed\u010dka se ztr\u00e1tou 50.7 vte\u0159iny na Dvo\u0159\u00e1ka pat\u0159\u00ed aktu\u00e1ln\u011b v\u00edt\u011bzi \u00favodn\u00edch dvou sout\u011b\u017e\u00ed MM\u010cR, Filipu Ocelkovi.<\/p>\n<p><strong>Ohlasy po 1. etap\u011b<\/strong> (aktualizov\u00e1no):<\/p>\n<p>Jan Kopeck\u00fd (1. m\u00edsto): <em><strong>&#8222;Ani jsem nev\u011bd\u011bl, \u017ee vedeme. Na druh\u00e9 pr\u016fjezdy jsme hodn\u011b zrychlili, v prvn\u00edm pr\u016fjezdu to bylo hodn\u011b uklouzan\u00e9.\u0160otolina se malinko vy\u010distila. Ale nejsem si jist\u00fd, jestli je pro n\u00e1s dob\u0159e, \u017ee z\u00edtra pojedeme jako prvn\u00ed. Doufal jsem, \u017ee budeme aspo\u0148 druz\u00ed, t\u00e9 \u0161otoliny bude p\u0159eci jenom v\u00edc. Posledn\u00ed rychlostka za tmy byla n\u00e1dhern\u00e1, oproti denn\u00edmu sv\u011btlu jsme zrychlili o deset vte\u0159in, to hovo\u0159\u00ed za v\u0161echno. P\u0159ilnavost se ve druh\u00fdch pr\u016fjezdech opravdu zlep\u0161uje, m\u00e1me s t\u00edm dost zku\u0161enost\u00ed. V m\u00edst\u011b, kde se na kr\u00e1tk\u00e9 \u0161otolin\u011b dobr\u017e\u010fuje na dvojku, odbo\u010duje doprava za gumy a pak se jede naplno proti kopci, tak jsem m\u011bl te\u010f p\u011btku za\u0159azenou asi o dv\u011bst\u011b metr\u016f d\u0159\u00edv. Auto v\u016fbec nehrabalo a m\u011blo podstatn\u011b lep\u0161\u00ed trakci. Z\u00edtra n\u00e1m nezbyde ne\u017e jet po\u0159\u00e1d naplno, bude to slo\u017eit\u00e9.&#8220;<\/strong><\/em><\/p>\n<p>Adam B\u0159ez\u00edk (2. m\u00edsto): <em><strong>&#8222;Probl\u00e9my jsme nem\u011bli. Prost\u011b n\u00e1m p\u0159i\u0161lo, \u017ee jedeme rychle, ale ostatn\u00ed se zrychlili. Mimo to jsme na dvojce trefili zaj\u00edce, tak\u017ee prvn\u00edch p\u00e1r kilometr\u016f jsem hledal, jestli nestoup\u00e1 teplota a jestli je v\u0161echno OK, tak\u017ee tam jsme taky n\u011bco nechali. Pro n\u00e1s je jedin\u011b dob\u0159e, \u017ee pojedeme z\u00edtra druz\u00ed, aspo\u0148 n\u00e1m to Honza vy\u010dist\u00ed.&#8220;<\/strong> <\/em><\/p>\n<p>Filip Mare\u0161 (3.m\u00edsto): <em><strong>&#8222;T\u0159et\u00ed m\u00edsto nen\u00ed \u00fapln\u011b skv\u011bl\u00e1 pozice, pom\u00fd\u0161leli jsme v\u00fd\u0161. Na druhou stranu, ve\u010dern\u00ed sekce pro n\u00e1s byla mnohem lep\u0161\u00ed a poda\u0159ilo se mi ztr\u00e1tu na prvn\u00ed m\u00edsto trochu st\u00e1hnout. Na aut\u011b jsme ud\u011blali jen kosmetick\u00e9zm\u011bny, zm\u011bnu jsem ud\u011blal sp\u00ed\u0161 v hlav\u011b. Jednozna\u010dn\u011b jsem se na trati l\u00edp c\u00edtil, bylo to takov\u00e9 stabiln\u011bj\u0161\u00ed, m\u00ed\u0148 agresivn\u00ed a na \u010dasech se to projevilo pozitivn\u011b. \u0158ekl bych, \u017ee jsme v aut\u011b c\u00edtili i men\u0161\u00ed riziko. Jsem spokojen\u00fd hlavn\u011b s posledn\u00ed rychlostkou za tmy, kde jsme zkusili trochu pot\u00e1hnout a jsem r\u00e1d, \u017ee jsme to urvali.&#8220;<br \/>\n<\/strong><\/em><\/p>\n<p>Erik Cais (4. m\u00edsto): <em><strong>&#8222;\u00dapln\u011b n\u00e1m to nevyhovuje jak bych si asi p\u0159\u00e1l. P\u0159eci jen nen\u00ed m\u00fdm zvykem ve dvou rund\u00e1ch j\u00edt n\u011bkolikr\u00e1t p\u016flkou auta ven z trati, i kdy\u017e tady se to trochu nab\u00edz\u00ed. \u010clov\u011bk v\u00ed, \u017ee skon\u010d\u00ed maxim\u00e1ln\u011b v poli, tak\u017ee zkou\u0161\u00ed j\u00edt do absolutn\u00edho maxima a mo\u017en\u00e1 jsme i paradoxn\u011b t\u011bch v\u00fdlet\u016f do pol\u00ed m\u011bli ze v\u0161ech nejm\u00ed\u0148. Asi jedeme pod n\u011bjak\u00e9 hranice mo\u017enost\u00ed. Auto funguje skv\u011ble, Martin Vl\u010dek je n\u00e1m velice n\u00e1pomocen pokud jde o jeho nastaven\u00ed, v\u0161e je jak bych si p\u0159\u00e1l. M\u011b prost\u011b sch\u00e1z\u00ed najet\u00e9 kilometry do t\u011bch nejrychlej\u0161\u00edch pas\u00e1\u017e\u00ed, kde si \u010dlov\u011bk mus\u00ed b\u00fdt absolutn\u011b jist\u00fd. N\u00e1jezdov\u00e1 rychlost do n\u011bkter\u00fdch zat\u00e1\u010dek by mohla b\u00fdt t\u0159eba o deset kilometr\u016f jinde a pak je z toho naprosto markantn\u00ed rozd\u00edl. Z\u00e1klad bude pohl\u00eddat si z\u00e1da a \u010dekat na chybu soupe\u0159\u016f, dneska jsme na to \u010delo prost\u011b nem\u011bli.&#8220;<\/strong><\/em><\/p>\n<p>Dominik St\u0159\u00edtesk\u00fd (5. m\u00edsto): <em><strong>&#8222;Mohlo by to b\u00fdt lep\u0161\u00ed, ale to v\u017edycky. Jsme tady ale s cel\u00fdm autem a nakonec p\u00e1t\u00e9 m\u00edsto, tak uvid\u00edme, co bude z\u00edtra. Dnes mi to celkov\u011b ne\u0161lo, probl\u00e9m byl mezi seda\u010dkou a volantem. Auto fungovalo para\u00e1dn\u011b, pneumatiky taky. Je pot\u0159eba se do toho n\u011bjak dostat. T\u011b\u017eko \u0159\u00edct, jak, ale prost\u011b r\u00e1no auto umyjeme, d\u00e1me nov\u00e9 kola a zkus\u00edme to znovu.&#8220;<\/strong><\/em><\/p>\n<p>V\u011broslav Cvr\u010dek (6. m\u00edsto): <em><strong>&#8222;Tro\u0161ku jsme se po prvn\u00ed sekci zamysleli, jestli to tempo nen\u00ed moc vysok\u00e9 a ne, \u017ee bychom zvolnili, ale sp\u00ed\u0161 jsme to uklidnili, soust\u0159edili se na detaily a ve druh\u00e9 sekci to bylo je\u0161t\u011b lep\u0161\u00ed. Moc to nech\u00e1pu &#8211; mysl\u00edm, \u017ee v\u0161ichni z prvn\u00ed des\u00edtky od Krumlova v aut\u011b sed\u011bli, my v\u016fbec a najednou tam padaj\u00ed skv\u011bl\u00e9 \u010dasy. Z\u00edt\u0159ej\u0161\u00ed rychlostn\u00ed zkou\u0161ky jsou stra\u0161n\u011b t\u011b\u017ek\u00e9 a my se mus\u00edme soust\u0159edit, abychom je projeli v klidu. I kdy\u017e bychom n\u011bjak\u00e9 pozice ztratili, tak sezona je je\u0161t\u011b dlouh\u00e1 a nechceme si rozb\u00edt auto. Samoz\u0159ejm\u011b budeme bojovat, ale nechceme j\u00edt do n\u011bjak\u00e9ho rizika.&#8220;<\/strong><\/em><\/p>\n<p>V\u00e1clav Pech (7. m\u00edsto): <em><strong>&#8222;Sedm\u00e9 m\u00edsto asi nen\u00ed to, co bych si p\u0159\u00e1l, ale zase ty zku\u0161enosti, co tu nab\u00edr\u00e1me, a to, jak jedeme, je pro n\u00e1s stra\u0161n\u011b pozitivn\u00ed. V\u011bd\u011bli jsme, \u017ee to nebude hned, ale je dobr\u00e9, \u017ee auto funguje, je dobr\u00e9, \u017ee ho ovl\u00e1d\u00e1m, akor\u00e1t ho mus\u00edm za\u010d\u00edt vyu\u017e\u00edvat. Prost\u011b jedu blbej styl, brzd\u00edm v z\u00e1sadn\u00edch zat\u00e1\u010dk\u00e1ch, ale to se snad nau\u010d\u00edm. Bohu\u017eel jsme je\u0161t\u011b probrzdili jeden retard\u00e9r a p\u0159esk\u00e1kali jsme p\u0159es protikaty.&#8220;<\/strong><\/em><\/p>\n<p>J\u00e1n Kundl\u00e1k (8. m\u00edsto): <em><strong>&#8222;Sna\u017e\u00edm se, se\u010d mi s\u00edly sta\u010d\u00ed, abych to udr\u017eel na cest\u011b. Nemysl\u00edm si, \u017ee se jede pomalu. Jede se stra\u0161n\u011b rychle a i j\u00e1 tak mus\u00edm jet. U\u017e jsem to \u0159\u00edkal v jin\u00fdch rozhovorech, \u017ee mo\u017en\u00e1 t\u00edm, \u017ee je to tu tro\u0161ku leh\u010d\u00ed a nen\u00ed to tak technick\u00e9, tak se jede hodn\u011b vyrovnan\u011b a samoz\u0159ejm\u011b, \u017ee jsou tyto trat\u011b pro modern\u011bj\u0161\u00ed techniku p\u0159\u00edzniv\u011bj\u0161\u00ed. Ale t\u00edm se nechci vymlouvat. Jsem spokojen\u00fd a neb\u00fdt toho jednoho retard\u00e9ru, tak jsem je\u0161t\u011b spokojen\u011bj\u0161\u00ed.&#8220;<\/strong><\/em><\/p>\n<p>Albert von Thurn und Taxis (9. m\u00edsto):<em><strong> &#8222;Tentokr\u00e1t jsem byl a\u017e moc jist\u00fd a skon\u010dilo to v\u00fdletem mimo tra\u0165 na druh\u00e9 zkou\u0161ce sekce. V relativn\u011b pomal\u00e9 zat\u00e1\u010dce jsem \u0161el pozd\u011b na brzdy a auto se sklouzlo na prachu. Skon\u010dili jsme ve k\u0159ov\u00ed a m\u011bli \u0161t\u011bst\u00ed, \u017ee jsme mohli vycouvat zp\u00e1tky. P\u0159i couv\u00e1n\u00ed jsem je\u0161t\u011b n\u011bco trefil zadkem auta, ale na\u0161t\u011bst\u00ed se to obe\u0161lo bez n\u011bjak\u00e9ho po\u0161kozen\u00ed a mohli jsme pokra\u010dovat. Na posledn\u00ed zkou\u0161ce to tedy bylo hodn\u011b n\u00e1ro\u010dn\u00e9, rychl\u00fd \u0161otolinov\u00fd sjezd a usk\u00e1kan\u00e1 m\u00edsta, byl jsem rad\u0161i trochu opatrn\u011bj\u0161\u00ed. Ale jsem r\u00e1d, \u017ee jsme ve fin\u00e1le neztratili na\u0161i pozici, celkov\u011b to byl dobr\u00fd den. V\u011b\u0159\u00edm, \u017ee si to z\u00edtra u\u017eijeme v\u00edc, rytmus zkou\u0161ek bude podle m\u011b plynulej\u0161\u00ed. Dnes to pro m\u011b bylo hodn\u011b n\u00e1ro\u010dn\u00e9, na rozpis i j\u00edzdou ve tm\u011b. D\u00e1me si je\u0161t\u011b pivo na dobrou noc a r\u00e1no se do toho zase pust\u00edme.&#8220;<\/strong><\/em><\/p>\n<p>Filip Kohn (10. m\u00edsto): <em><strong>&#8222;Auto u\u017e fungovalo dob\u0159e, nastavili jsme u \u0159azen\u00ed v\u011bt\u0161\u00ed prodlevu. Erzety byly ve druh\u00e9m pr\u016fjezdu mo\u017en\u00e1 je\u0161t\u011b rychlej\u0161\u00ed, podm\u00ednky v noci byly fakt zaj\u00edmav\u00e9. Byl to docela masakr. Kluci vep\u0159edu jedou stra\u0161nou palbu, dost kouk\u00e1m. Je to asi ve zku\u0161enostech a jistot\u011b, kterou tam maj\u00ed. Pevn\u011b v\u011b\u0159\u00edm, \u017ee to tam p\u0159\u00ed\u0161t\u00ed rok budeme m\u00edt taky. Pot\u0159ebujeme hlavn\u011b z\u016fstat na cest\u011b a vyt\u011b\u017eit maximum informac\u00ed na p\u0159\u00ed\u0161t\u011b.&#8220;<\/strong><\/em><\/p>\n<p>Ale\u0161 Jir\u00e1sek (11. m\u00edsto): <em><strong>&#8222;Dnes to bylo takov\u00e9 nahoru dol\u016f. Ob\u010das jsme jeli tempo jak bych si p\u0159\u00e1l, ale po n\u00e1vratu z okruh\u016f jsem se s t\u00edm zpo\u010d\u00e1tku nedok\u00e1zal \u00fapln\u011b popasovat. Chvilku mi trvalo dostat se do tempa. Zajeli jsme p\u00e1r dobr\u00fdch \u010das\u016f, ale na \u010dtvrt\u00e9 zkou\u0161ce jsem dostal dvacet vte\u0159in. Mo\u017en\u00e1 to bylo a\u017e p\u0159\u00edli\u0161 opatrn\u00e9, ob\u010das mi chyb\u00ed lep\u0161\u00ed pocit z auta. Nech\u00e1me to ale na z\u00edtra v nastaven\u00ed z posledn\u00ed sekce, m\u00e1me tro\u0161ku jinak nastaven\u00e9 stabiliz\u00e1tory, ale sp\u00ed\u0161 se s t\u00edm nau\u010d\u00edm jet. Mo\u017en\u00e1 si pohrajeme s v\u00fd\u0161kou podvozku. P\u0159ed n\u00e1mi je Albert s Filipem, tak jich bychom se cht\u011bli dr\u017eet, Cvrnda n\u00e1m te\u010f odsko\u010dil do jin\u00e9 ligy. Dneska jel skv\u011ble. Uvid\u00edme, v\u011b\u0159\u00edm, \u017ee z\u00edt\u0159ek n\u00e1m bude sed\u011bt v\u00edc.&#8220;<\/strong><\/em><\/p>\n<p>Jan Dvo\u0159\u00e1k (1. m\u00edsto 2WD): <em><strong>&#8222;Vcelku n\u00e1m to \u0161lo. Poda\u0159ilo se mi jet p\u011bkn\u011b na \u010das, ned\u011blal \u017e\u00e1dn\u00e9 hlouposti. Jen na jedni\u010dce jsem probrzdil jednu odbo\u010dku a skon\u010dil na chv\u00edli v tr\u00e1v\u011b, nechali jsme tam tak p\u011bt \u0161est vte\u0159in. Jinak ale mus\u00edm zaklepat, \u017ee jde zat\u00edm v\u0161e podle pl\u00e1nu, vlastn\u011b bez probl\u00e9m\u016f. Do nastaven\u00ed auta moc nesah\u00e1m, jedeme jak\u00fdsi zlat\u00fd st\u0159ed, kter\u00fd funguje, i kdy\u017e mi to tu ob\u010das hodn\u011b sk\u00e1\u010de. Na druhou stranu to pot\u0159ebuji trochu tvrd\u0161\u00ed kv\u016fli p\u0159esn\u00e9mu n\u00e1jezdu do zat\u00e1\u010dek. Rozpis je v pohod\u011b, posledn\u00ed dva roky v zahrani\u010d\u00ed jsme na n\u011bm hodn\u011b pracovali a te\u010f se n\u00e1m to vrac\u00ed.&#8220;<\/strong><\/em><\/p>\n<p>David \u0160tefan (2. m\u00edsto 2WD): <em><strong>&#8222;Jede se stra\u0161n\u011b rychle a bude to asi pravda, proto\u017ee se na tom v\u0161ichni shoduj\u00ed. Ale l\u00edbilo se n\u00e1m to, mysl\u00edm, \u017ee jsme si to fakt u\u017eili. Na m\u016fj vkus tam sice bylo a\u017e moc chyb, ale jsme tady, nic vylo\u017een\u011b z\u00e1sadn\u00edho jsme nevyvedli. P\u00e1rkr\u00e1t jsme byli dlouz\u00ed, p\u00e1rkr\u00e1t jsme n\u011bkde zavl\u00e1li, ale to k tomu prost\u011b asi pat\u0159\u00ed, kdy\u017e se jede takhle rychle. Z\u00edt\u0159ek bude hodn\u011b dlouh\u00fd a zase hodn\u011b rychl\u00fd. Je to snad nejrychlej\u0161\u00ed, co jsem tu zat\u00edm za\u017eil. Bude to ur\u010dit\u011b zaj\u00edmav\u00e9 a hezk\u00e9, po\u010das\u00ed taky vy\u0161lo, t\u011b\u0161\u00edme se. Snad vydr\u017e\u00edme s pneumatikami, trochu bojujeme s rozpo\u010dtem, tak doj\u00ed\u017ed\u00edme star\u00e9 gumy a i ty n\u00e1m doch\u00e1z\u00ed.&#8220;<\/strong><\/em><\/p>\n<p>Filip Ocelka (3. m\u00edsto 2WD): <em><strong>&#8222;Bylo to hodn\u011b n\u00e1ro\u010dn\u00e9, hodn\u011b rychl\u00e9. Kluci p\u0159ed n\u00e1mi jedou luxusn\u011b, klobouk dol\u016f. My se sna\u017e\u00edme jet co um\u00edme. Na z\u00edt\u0159ek asi nebudeme nic m\u011bnit, nech\u00e1me to jak to je.&#8220;<\/strong><\/em><\/p>\n<p><em><strong>\u00a0<\/strong><\/em><\/p>\n<p>AGROTEC PETRONAS rally Hustope\u010de 2025, tiskov\u00fd servis<br \/>\nJan Va\u0161kovi\u010d, Ji\u0159\u00ed Dokulil \u2013 foto: Franti\u0161ek Du\u0161ek<\/p>","protected":false},"excerpt":{"rendered":"<p>A\u017e z\u00e1v\u011bre\u010dn\u00e1 rychlostn\u00ed zkou\u0161ka druh\u00e9 sekce rozhodla o tom, \u017ee se pomysln\u00fdm v\u00edt\u011bzem prvn\u00ed etapy leto\u0161n\u00ed AGROTEC PETRONAS rally stal Jan Kopeck\u00fd na \u0160kod\u011b Fabii RS Rally2. Osmin\u00e1sobn\u00fd v\u00edt\u011bz hustope\u010dsk\u00e9 sout\u011b\u017ee toti\u017e dok\u00e1zal ve druh\u00fdch pr\u016fjezdech p\u00e1te\u010dn\u00edmi rychlostn\u00edmi zkou\u0161kami v\u00fdznamn\u011b zrychlit a zaznamenal tak\u00e9 nejlep\u0161\u00ed d\u00edl\u010d\u00ed \u010das na RZ 5. Do druh\u00e9 etapy tak nastoup\u00ed [&hellip;]<\/p>","protected":false},"author":2,"featured_media":4194,"comment_status":"open","ping_status":"open","sticky":false,"template":"","format":"standard","meta":{"_et_pb_use_builder":"","_et_pb_old_content":"","_et_gb_content_width":"","footnotes":""},"categories":[10,1],"tags":[],"yoast_head":"<!-- This site is optimized with the Yoast SEO plugin v21.9.1 - https:\/\/yoast.com\/wordpress\/plugins\/seo\/ -->\n<title>Kopeck\u00fd v z\u00e1v\u011bru prvn\u00edho dne p\u0159edstihl B\u0159ez\u00edka | AGROTEC Petronas Rally<\/title>\n<meta name=\"robots\" content=\"index, follow, max-snippet:-1, max-image-preview:large, max-video-preview:-1\" \/>\n<link rel=\"canonical\" href=\"https:\/\/www.agrotecrally.cz\/en\/uncategorized\/kopecky-v-zaveru-prvniho-dne-predstihl-brezika\/\" \/>\n<meta property=\"og:locale\" content=\"en_GB\" \/>\n<meta property=\"og:type\" content=\"article\" \/>\n<meta property=\"og:title\" content=\"Kopeck\u00fd v z\u00e1v\u011bru prvn\u00edho dne p\u0159edstihl B\u0159ez\u00edka | AGROTEC Petronas Rally\" \/>\n<meta property=\"og:description\" content=\"A\u017e z\u00e1v\u011bre\u010dn\u00e1 rychlostn\u00ed zkou\u0161ka druh\u00e9 sekce rozhodla o tom, \u017ee se pomysln\u00fdm v\u00edt\u011bzem prvn\u00ed etapy leto\u0161n\u00ed AGROTEC PETRONAS rally stal Jan Kopeck\u00fd na \u0160kod\u011b Fabii RS Rally2. Osmin\u00e1sobn\u00fd v\u00edt\u011bz hustope\u010dsk\u00e9 sout\u011b\u017ee toti\u017e dok\u00e1zal ve druh\u00fdch pr\u016fjezdech p\u00e1te\u010dn\u00edmi rychlostn\u00edmi zkou\u0161kami v\u00fdznamn\u011b zrychlit a zaznamenal tak\u00e9 nejlep\u0161\u00ed d\u00edl\u010d\u00ed \u010das na RZ 5. Do druh\u00e9 etapy tak nastoup\u00ed [&hellip;]\" \/>\n<meta property=\"og:url\" content=\"https:\/\/www.agrotecrally.cz\/en\/uncategorized\/kopecky-v-zaveru-prvniho-dne-predstihl-brezika\/\" \/>\n<meta property=\"og:site_name\" content=\"AGROTEC Petronas Rally\" \/>\n<meta property=\"article:publisher\" content=\"https:\/\/www.facebook.com\/agrotecrally\" \/>\n<meta property=\"article:published_time\" content=\"2025-06-20T22:11:36+00:00\" \/>\n<meta property=\"article:modified_time\" content=\"2025-06-21T08:08:09+00:00\" \/>\n<meta property=\"og:image\" content=\"https:\/\/www.agrotecrally.cz\/wp-content\/uploads\/2025\/06\/kopecky_hustopece25fd.jpg\" \/>\n\t<meta property=\"og:image:width\" content=\"980\" \/>\n\t<meta property=\"og:image:height\" content=\"654\" \/>\n\t<meta property=\"og:image:type\" content=\"image\/jpeg\" \/>\n<meta name=\"author\" content=\"Tom\u00e1\u0161 Plach\u00fd\" \/>\n<meta name=\"twitter:card\" content=\"summary_large_image\" \/>\n<meta name=\"twitter:label1\" content=\"Written by\" \/>\n\t<meta name=\"twitter:data1\" content=\"Tom\u00e1\u0161 Plach\u00fd\" \/>\n\t<meta name=\"twitter:label2\" content=\"Estimated reading time\" \/>\n\t<meta name=\"twitter:data2\" content=\"9 minutes\" \/>\n<script type=\"application\/ld+json\" class=\"yoast-schema-graph\">{\"@context\":\"https:\/\/schema.org\",\"@graph\":[{\"@type\":\"Article\",\"@id\":\"https:\/\/www.agrotecrally.cz\/uncategorized\/kopecky-v-zaveru-prvniho-dne-predstihl-brezika\/#article\",\"isPartOf\":{\"@id\":\"https:\/\/www.agrotecrally.cz\/uncategorized\/kopecky-v-zaveru-prvniho-dne-predstihl-brezika\/\"},\"author\":{\"name\":\"Tom\u00e1\u0161 Plach\u00fd\",\"@id\":\"https:\/\/www.agrotecrally.cz\/#\/schema\/person\/38a02deaa1f019e278fc735d03d83f85\"},\"headline\":\"Kopeck\u00fd v z\u00e1v\u011bru prvn\u00edho dne p\u0159edstihl B\u0159ez\u00edka\",\"datePublished\":\"2025-06-20T22:11:36+00:00\",\"dateModified\":\"2025-06-21T08:08:09+00:00\",\"mainEntityOfPage\":{\"@id\":\"https:\/\/www.agrotecrally.cz\/uncategorized\/kopecky-v-zaveru-prvniho-dne-predstihl-brezika\/\"},\"wordCount\":2074,\"commentCount\":0,\"publisher\":{\"@id\":\"https:\/\/www.agrotecrally.cz\/#organization\"},\"articleSection\":[\"AGROTEC rally Hustope\u010de\",\"Uncategorized\"],\"inLanguage\":\"en-GB\",\"potentialAction\":[{\"@type\":\"CommentAction\",\"name\":\"Comment\",\"target\":[\"https:\/\/www.agrotecrally.cz\/uncategorized\/kopecky-v-zaveru-prvniho-dne-predstihl-brezika\/#respond\"]}]},{\"@type\":\"WebPage\",\"@id\":\"https:\/\/www.agrotecrally.cz\/uncategorized\/kopecky-v-zaveru-prvniho-dne-predstihl-brezika\/\",\"url\":\"https:\/\/www.agrotecrally.cz\/uncategorized\/kopecky-v-zaveru-prvniho-dne-predstihl-brezika\/\",\"name\":\"Kopeck\u00fd v z\u00e1v\u011bru prvn\u00edho dne p\u0159edstihl B\u0159ez\u00edka | AGROTEC Petronas Rally\",\"isPartOf\":{\"@id\":\"https:\/\/www.agrotecrally.cz\/#website\"},\"datePublished\":\"2025-06-20T22:11:36+00:00\",\"dateModified\":\"2025-06-21T08:08:09+00:00\",\"breadcrumb\":{\"@id\":\"https:\/\/www.agrotecrally.cz\/uncategorized\/kopecky-v-zaveru-prvniho-dne-predstihl-brezika\/#breadcrumb\"},\"inLanguage\":\"en-GB\",\"potentialAction\":[{\"@type\":\"ReadAction\",\"target\":[\"https:\/\/www.agrotecrally.cz\/uncategorized\/kopecky-v-zaveru-prvniho-dne-predstihl-brezika\/\"]}]},{\"@type\":\"BreadcrumbList\",\"@id\":\"https:\/\/www.agrotecrally.cz\/uncategorized\/kopecky-v-zaveru-prvniho-dne-predstihl-brezika\/#breadcrumb\",\"itemListElement\":[{\"@type\":\"ListItem\",\"position\":1,\"name\":\"Dom\u016f\",\"item\":\"https:\/\/www.agrotecrally.cz\/\"},{\"@type\":\"ListItem\",\"position\":2,\"name\":\"Kopeck\u00fd v z\u00e1v\u011bru prvn\u00edho dne p\u0159edstihl B\u0159ez\u00edka\"}]},{\"@type\":\"WebSite\",\"@id\":\"https:\/\/www.agrotecrally.cz\/#website\",\"url\":\"https:\/\/www.agrotecrally.cz\/\",\"name\":\"AGROTEC Petronas rally\",\"description\":\"Rally mezi vinicemi\",\"publisher\":{\"@id\":\"https:\/\/www.agrotecrally.cz\/#organization\"},\"potentialAction\":[{\"@type\":\"SearchAction\",\"target\":{\"@type\":\"EntryPoint\",\"urlTemplate\":\"https:\/\/www.agrotecrally.cz\/?s={search_term_string}\"},\"query-input\":\"required name=search_term_string\"}],\"inLanguage\":\"en-GB\"},{\"@type\":\"Organization\",\"@id\":\"https:\/\/www.agrotecrally.cz\/#organization\",\"name\":\"AGROTEC Petronas rally\",\"url\":\"https:\/\/www.agrotecrally.cz\/\",\"logo\":{\"@type\":\"ImageObject\",\"inLanguage\":\"en-GB\",\"@id\":\"https:\/\/www.agrotecrally.cz\/#\/schema\/logo\/image\/\",\"url\":\"https:\/\/www.agrotecrally.cz\/wp-content\/uploads\/2021\/05\/AGROTEC-RALLY_16-01-web-2.png\",\"contentUrl\":\"https:\/\/www.agrotecrally.cz\/wp-content\/uploads\/2021\/05\/AGROTEC-RALLY_16-01-web-2.png\",\"width\":459,\"height\":222,\"caption\":\"AGROTEC Petronas rally\"},\"image\":{\"@id\":\"https:\/\/www.agrotecrally.cz\/#\/schema\/logo\/image\/\"},\"sameAs\":[\"https:\/\/www.facebook.com\/agrotecrally\"]},{\"@type\":\"Person\",\"@id\":\"https:\/\/www.agrotecrally.cz\/#\/schema\/person\/38a02deaa1f019e278fc735d03d83f85\",\"name\":\"Tom\u00e1\u0161 Plach\u00fd\",\"image\":{\"@type\":\"ImageObject\",\"inLanguage\":\"en-GB\",\"@id\":\"https:\/\/www.agrotecrally.cz\/#\/schema\/person\/image\/\",\"url\":\"https:\/\/secure.gravatar.com\/avatar\/a7a68eee7fdb2b4f0975cdc024983e22?s=96&d=mm&r=g\",\"contentUrl\":\"https:\/\/secure.gravatar.com\/avatar\/a7a68eee7fdb2b4f0975cdc024983e22?s=96&d=mm&r=g\",\"caption\":\"Tom\u00e1\u0161 Plach\u00fd\"},\"url\":\"https:\/\/www.agrotecrally.cz\/en\/author\/topmediaseznam-cz\/\"}]}<\/script>\n<!-- \/ Yoast SEO plugin. -->","yoast_head_json":{"title":"Kopeck\u00fd v z\u00e1v\u011bru prvn\u00edho dne p\u0159edstihl B\u0159ez\u00edka | AGROTEC Petronas Rally","robots":{"index":"index","follow":"follow","max-snippet":"max-snippet:-1","max-image-preview":"max-image-preview:large","max-video-preview":"max-video-preview:-1"},"canonical":"https:\/\/www.agrotecrally.cz\/en\/uncategorized\/kopecky-v-zaveru-prvniho-dne-predstihl-brezika\/","og_locale":"en_GB","og_type":"article","og_title":"Kopeck\u00fd v z\u00e1v\u011bru prvn\u00edho dne p\u0159edstihl B\u0159ez\u00edka | AGROTEC Petronas Rally","og_description":"A\u017e z\u00e1v\u011bre\u010dn\u00e1 rychlostn\u00ed zkou\u0161ka druh\u00e9 sekce rozhodla o tom, \u017ee se pomysln\u00fdm v\u00edt\u011bzem prvn\u00ed etapy leto\u0161n\u00ed AGROTEC PETRONAS rally stal Jan Kopeck\u00fd na \u0160kod\u011b Fabii RS Rally2. Osmin\u00e1sobn\u00fd v\u00edt\u011bz hustope\u010dsk\u00e9 sout\u011b\u017ee toti\u017e dok\u00e1zal ve druh\u00fdch pr\u016fjezdech p\u00e1te\u010dn\u00edmi rychlostn\u00edmi zkou\u0161kami v\u00fdznamn\u011b zrychlit a zaznamenal tak\u00e9 nejlep\u0161\u00ed d\u00edl\u010d\u00ed \u010das na RZ 5. Do druh\u00e9 etapy tak nastoup\u00ed [&hellip;]","og_url":"https:\/\/www.agrotecrally.cz\/en\/uncategorized\/kopecky-v-zaveru-prvniho-dne-predstihl-brezika\/","og_site_name":"AGROTEC Petronas Rally","article_publisher":"https:\/\/www.facebook.com\/agrotecrally","article_published_time":"2025-06-20T22:11:36+00:00","article_modified_time":"2025-06-21T08:08:09+00:00","og_image":[{"width":980,"height":654,"url":"https:\/\/www.agrotecrally.cz\/wp-content\/uploads\/2025\/06\/kopecky_hustopece25fd.jpg","type":"image\/jpeg"}],"author":"Tom\u00e1\u0161 Plach\u00fd","twitter_card":"summary_large_image","twitter_misc":{"Written by":"Tom\u00e1\u0161 Plach\u00fd","Estimated reading time":"9 minutes"},"schema":{"@context":"https:\/\/schema.org","@graph":[{"@type":"Article","@id":"https:\/\/www.agrotecrally.cz\/uncategorized\/kopecky-v-zaveru-prvniho-dne-predstihl-brezika\/#article","isPartOf":{"@id":"https:\/\/www.agrotecrally.cz\/uncategorized\/kopecky-v-zaveru-prvniho-dne-predstihl-brezika\/"},"author":{"name":"Tom\u00e1\u0161 Plach\u00fd","@id":"https:\/\/www.agrotecrally.cz\/#\/schema\/person\/38a02deaa1f019e278fc735d03d83f85"},"headline":"Kopeck\u00fd v z\u00e1v\u011bru prvn\u00edho dne p\u0159edstihl B\u0159ez\u00edka","datePublished":"2025-06-20T22:11:36+00:00","dateModified":"2025-06-21T08:08:09+00:00","mainEntityOfPage":{"@id":"https:\/\/www.agrotecrally.cz\/uncategorized\/kopecky-v-zaveru-prvniho-dne-predstihl-brezika\/"},"wordCount":2074,"commentCount":0,"publisher":{"@id":"https:\/\/www.agrotecrally.cz\/#organization"},"articleSection":["AGROTEC rally Hustope\u010de","Uncategorized"],"inLanguage":"en-GB","potentialAction":[{"@type":"CommentAction","name":"Comment","target":["https:\/\/www.agrotecrally.cz\/uncategorized\/kopecky-v-zaveru-prvniho-dne-predstihl-brezika\/#respond"]}]},{"@type":"WebPage","@id":"https:\/\/www.agrotecrally.cz\/uncategorized\/kopecky-v-zaveru-prvniho-dne-predstihl-brezika\/","url":"https:\/\/www.agrotecrally.cz\/uncategorized\/kopecky-v-zaveru-prvniho-dne-predstihl-brezika\/","name":"Kopeck\u00fd v z\u00e1v\u011bru prvn\u00edho dne p\u0159edstihl B\u0159ez\u00edka | AGROTEC Petronas Rally","isPartOf":{"@id":"https:\/\/www.agrotecrally.cz\/#website"},"datePublished":"2025-06-20T22:11:36+00:00","dateModified":"2025-06-21T08:08:09+00:00","breadcrumb":{"@id":"https:\/\/www.agrotecrally.cz\/uncategorized\/kopecky-v-zaveru-prvniho-dne-predstihl-brezika\/#breadcrumb"},"inLanguage":"en-GB","potentialAction":[{"@type":"ReadAction","target":["https:\/\/www.agrotecrally.cz\/uncategorized\/kopecky-v-zaveru-prvniho-dne-predstihl-brezika\/"]}]},{"@type":"BreadcrumbList","@id":"https:\/\/www.agrotecrally.cz\/uncategorized\/kopecky-v-zaveru-prvniho-dne-predstihl-brezika\/#breadcrumb","itemListElement":[{"@type":"ListItem","position":1,"name":"Dom\u016f","item":"https:\/\/www.agrotecrally.cz\/"},{"@type":"ListItem","position":2,"name":"Kopeck\u00fd v z\u00e1v\u011bru prvn\u00edho dne p\u0159edstihl B\u0159ez\u00edka"}]},{"@type":"WebSite","@id":"https:\/\/www.agrotecrally.cz\/#website","url":"https:\/\/www.agrotecrally.cz\/","name":"AGROTEC Petronas rally","description":"Rally mezi vinicemi","publisher":{"@id":"https:\/\/www.agrotecrally.cz\/#organization"},"potentialAction":[{"@type":"SearchAction","target":{"@type":"EntryPoint","urlTemplate":"https:\/\/www.agrotecrally.cz\/?s={search_term_string}"},"query-input":"required name=search_term_string"}],"inLanguage":"en-GB"},{"@type":"Organization","@id":"https:\/\/www.agrotecrally.cz\/#organization","name":"AGROTEC Petronas rally","url":"https:\/\/www.agrotecrally.cz\/","logo":{"@type":"ImageObject","inLanguage":"en-GB","@id":"https:\/\/www.agrotecrally.cz\/#\/schema\/logo\/image\/","url":"https:\/\/www.agrotecrally.cz\/wp-content\/uploads\/2021\/05\/AGROTEC-RALLY_16-01-web-2.png","contentUrl":"https:\/\/www.agrotecrally.cz\/wp-content\/uploads\/2021\/05\/AGROTEC-RALLY_16-01-web-2.png","width":459,"height":222,"caption":"AGROTEC Petronas rally"},"image":{"@id":"https:\/\/www.agrotecrally.cz\/#\/schema\/logo\/image\/"},"sameAs":["https:\/\/www.facebook.com\/agrotecrally"]},{"@type":"Person","@id":"https:\/\/www.agrotecrally.cz\/#\/schema\/person\/38a02deaa1f019e278fc735d03d83f85","name":"Tom\u00e1\u0161 Plach\u00fd","image":{"@type":"ImageObject","inLanguage":"en-GB","@id":"https:\/\/www.agrotecrally.cz\/#\/schema\/person\/image\/","url":"https:\/\/secure.gravatar.com\/avatar\/a7a68eee7fdb2b4f0975cdc024983e22?s=96&d=mm&r=g","contentUrl":"https:\/\/secure.gravatar.com\/avatar\/a7a68eee7fdb2b4f0975cdc024983e22?s=96&d=mm&r=g","caption":"Tom\u00e1\u0161 Plach\u00fd"},"url":"https:\/\/www.agrotecrally.cz\/en\/author\/topmediaseznam-cz\/"}]}},"_links":{"self":[{"href":"https:\/\/www.agrotecrally.cz\/en\/wp-json\/wp\/v2\/posts\/4185"}],"collection":[{"href":"https:\/\/www.agrotecrally.cz\/en\/wp-json\/wp\/v2\/posts"}],"about":[{"href":"https:\/\/www.agrotecrally.cz\/en\/wp-json\/wp\/v2\/types\/post"}],"author":[{"embeddable":true,"href":"https:\/\/www.agrotecrally.cz\/en\/wp-json\/wp\/v2\/users\/2"}],"replies":[{"embeddable":true,"href":"https:\/\/www.agrotecrally.cz\/en\/wp-json\/wp\/v2\/comments?post=4185"}],"version-history":[{"count":5,"href":"https:\/\/www.agrotecrally.cz\/en\/wp-json\/wp\/v2\/posts\/4185\/revisions"}],"predecessor-version":[{"id":4195,"href":"https:\/\/www.agrotecrally.cz\/en\/wp-json\/wp\/v2\/posts\/4185\/revisions\/4195"}],"wp:featuredmedia":[{"embeddable":true,"href":"https:\/\/www.agrotecrally.cz\/en\/wp-json\/wp\/v2\/media\/4194"}],"wp:attachment":[{"href":"https:\/\/www.agrotecrally.cz\/en\/wp-json\/wp\/v2\/media?parent=4185"}],"wp:term":[{"taxonomy":"category","embeddable":true,"href":"https:\/\/www.agrotecrally.cz\/en\/wp-json\/wp\/v2\/categories?post=4185"},{"taxonomy":"post_tag","embeddable":true,"href":"https:\/\/www.agrotecrally.cz\/en\/wp-json\/wp\/v2\/tags?post=4185"}],"curies":[{"name":"wp","href":"https:\/\/api.w.org\/{rel}","templated":true}]}}