{"id":4203,"date":"2025-06-21T16:13:59","date_gmt":"2025-06-21T15:13:59","guid":{"rendered":"https:\/\/www.agrotecrally.cz\/?p=4203"},"modified":"2025-06-21T18:27:32","modified_gmt":"2025-06-21T17:27:32","slug":"adam-brezik-obhajil-lonske-prvenstvi","status":"publish","type":"post","link":"https:\/\/www.agrotecrally.cz\/en\/rally-hustopece\/adam-brezik-obhajil-lonske-prvenstvi\/","title":{"rendered":"Adam B\u0159ez\u00edk obh\u00e1jil lo\u0148sk\u00e9 prvenstv\u00ed"},"content":{"rendered":"<p><strong>A\u017e posledn\u00ed rychlostn\u00ed zkou\u0161ka definitivn\u011b potvrdila jm\u00e9na v\u00edt\u011bzn\u00e9 pos\u00e1dky leto\u0161n\u00ed jubilejn\u00ed 20. AGROTEC PETRONAS Rally Hustope\u010de. Stejn\u011b jako v roce lo\u0148sk\u00e9m se na nejvy\u0161\u0161\u00ed stupe\u0148 v\u00edt\u011bz\u016f na c\u00edlov\u00e9 ramp\u011b postavila dvojice Adam B\u0159ez\u00edk &#8211; Ond\u0159ej Kraj\u010da se \u0160kodou Fabia RS Rally2.<\/strong><\/p>\n<p>O tom, \u017ee se v okol\u00ed Hustope\u010d\u00ed letos op\u011bt bojovalo doslova a\u017e do posledn\u00edho metru, sv\u011bd\u010dil mimo jin\u00e9 i B\u0159ez\u00edk\u016fv v\u00fdlet mimo tra\u0165 na jedn\u00e9 z odbo\u010dek z\u00e1v\u011bre\u010dn\u00e9ho testu. Velk\u00e9 nervy kv\u016fli probl\u00e9m\u016fm s pneumatikami (defekt, chyb\u011bj\u00edc\u00ed kus dez\u00e9nu) pak v z\u00e1v\u011bru sout\u011b\u017ee za\u017e\u00edvala i celkov\u011b druh\u00e1 pos\u00e1dka v c\u00edli Jan Kopeck\u00fd &#8211; Ji\u0159\u00ed Hovorka s dal\u0161\u00ed Fabi\u00ed RS Rally2, kterou nakonec d\u011blilo od prvn\u00edho m\u00edsta 6.4 sekundy.<\/p>\n<p>Body za t\u0159et\u00ed m\u00edsto si odv\u00e1\u017e\u00ed z leto\u0161n\u00edch Hustope\u010d\u00ed Filip Mare\u0161 s Radovanem Buchou, jejich Toyota GR Yaris Rally2 zaostala za nejrychlej\u0161\u00ed B\u0159ez\u00edkovou Fabi\u00ed v c\u00edli o 9.1 sekundy. Mladoboleslavsk\u00e9ho pilota tak bohu\u017eel o to v\u00edc mohla v c\u00edli sout\u011b\u017ee mrzet dne\u0161n\u00ed desetivte\u0159inov\u00e1 penalizace za p\u0159ed\u010dasn\u00fd start do rychlostn\u00ed zkou\u0161ky.<\/p>\n<p>\u010ctvrt\u00e9 m\u00edsto si dnes bezpe\u010dn\u011b pohl\u00eddal Erik Cais (Hyundai i20 N Rally2, +49.0 s), kdy\u017e je\u0161t\u011b v z\u00e1v\u011bre\u010dn\u00e9 sekci lehce nav\u00fd\u0161il sv\u016fj n\u00e1skok na p\u00e1t\u00e9ho Dominika St\u0159\u00edtesk\u00e9ho (\u0160koda Fabia RS Rally2, +1:30.9 min). S pocitem dob\u0159e odveden\u00e9 pr\u00e1ce se budou z t\u0159et\u00ed sout\u011b\u017ee dom\u00e1c\u00edho \u0161ampion\u00e1tu vracet ur\u010dit\u011b \u0161est\u00fd V\u011broslav Cvr\u010dek i sedm\u00fd J\u00e1n Kundl\u00e1k, kter\u00fd letos poprv\u00e9 pravideln\u011b startuje s vozem kategorie Rally2.<\/p>\n<p>S osmou p\u0159\u00ed\u010dkou se musel po p\u00e1te\u010dn\u00edch nesn\u00e1z\u00edch sm\u00ed\u0159it Simon Wagner, rakousk\u00fd pilot si v\u0161ak alespo\u0148 trochu spravil n\u00e1ladu nejrychlej\u0161\u00edm \u010dasem z posledn\u00ed rychlostn\u00ed zkou\u0161ky. Dev\u00e1t\u00e1 p\u0159\u00ed\u010dka pat\u0159\u00ed V\u00e1clavu Pechovi, kter\u00fd se s\u017e\u00edv\u00e1 s novou technikou v podob\u011b Citroenu C3 Rally2, des\u00edtku nejlep\u0161\u00edch uzav\u0159el letos p\u0159i sv\u00e9 premi\u00e9\u0159e v Hustope\u010d\u00edch Filip Kohn.<\/p>\n<p>V r\u00e1mci absolutn\u00edho hodnocen\u00ed voz\u016f s jednou poh\u00e1n\u011bnou n\u00e1pravou se nakonec z v\u00edt\u011bzstv\u00ed radoval David \u0160tefan na Peugeotu 208 Rally4 p\u0159ed Filipem Ocelkou (Renault Clio Rally4, +23.3 s) a Maxmilianem Lichteneggerem (Opel Corsa Rally4, +52.0 s), kter\u00fd v souboji n\u011bmecky hovo\u0159\u00edc\u00edch jezdc\u016f na posledn\u00ed rychlostn\u00ed zkou\u0161ce dok\u00e1zal p\u0159esko\u010dit Ren\u00e9ho Nollera o 1.7 vte\u0159iny.<\/p>\n<p>V r\u00e1mci hodnocen\u00ed M\u010cR rally historick\u00fdch automobil\u016f do c\u00edle nedorazila ani polovina startovn\u00edho pole. Z v\u00edt\u011bzstv\u00ed se raduje Miroslav Janouch na Mitsubishi Lancer Evo III p\u0159ed Jind\u0159ichem \u0160tolfou (Ford Ecort RS 1600, +46.9 s) a V\u00e1clavem Hosta\u0161em (Lada VFTS, +10:48.0 min).<\/p>\n<p><strong>Pr\u016fb\u011b\u017en\u00e9 neofici\u00e1ln\u00ed po\u0159ad\u00ed Autoklub M\u010cR v rally (po 3 ze 6 sout\u011b\u017e\u00edch):<\/strong><br \/>\n<em>1. Kopeck\u00fd (\u0160koda Fabia RS Rally2) 146 bod\u016f; 2. Mare\u0161 (Toyota GR Yaris Rally2) 135; 3. Cais (Hyundai i20N Rally2) 116; 4. Wagner (Rak.\/Hyundai i20 N Rally2) 104; 5. B\u0159ez\u00edk (\u0160koda Fabia RS Rally2) 79; 6. Kundl\u00e1k (\u0160koda Fabia R5) 72; 7. St\u0159\u00edtesk\u00fd (\u0160koda Fabia RS Rally2) 61; 8. Cvr\u010dek (\u0160koda Fabia RS Rally2) 50; 9. Kohn (\u010cR, Brit.\/\u0160koda Fabia RS Rally2) 49; 10. Pech (Citro\u00ebn C3 Rally2) 45<br \/>\n<\/em><br \/>\nAGROTEC PETRONAS rally Hustope\u010de 2025, tiskov\u00fd servis<br \/>\nJan Va\u0161kovi\u010d \u2013 foto: Franti\u0161ek Du\u0161ek<em><br \/>\n<\/em><\/p>","protected":false},"excerpt":{"rendered":"<p>A\u017e posledn\u00ed rychlostn\u00ed zkou\u0161ka definitivn\u011b potvrdila jm\u00e9na v\u00edt\u011bzn\u00e9 pos\u00e1dky leto\u0161n\u00ed jubilejn\u00ed 20. AGROTEC PETRONAS Rally Hustope\u010de. Stejn\u011b jako v roce lo\u0148sk\u00e9m se na nejvy\u0161\u0161\u00ed stupe\u0148 v\u00edt\u011bz\u016f na c\u00edlov\u00e9 ramp\u011b postavila dvojice Adam B\u0159ez\u00edk &#8211; Ond\u0159ej Kraj\u010da se \u0160kodou Fabia RS Rally2. O tom, \u017ee se v okol\u00ed Hustope\u010d\u00ed letos op\u011bt bojovalo doslova a\u017e do posledn\u00edho [&hellip;]<\/p>","protected":false},"author":2,"featured_media":4204,"comment_status":"open","ping_status":"open","sticky":false,"template":"","format":"standard","meta":{"_et_pb_use_builder":"","_et_pb_old_content":"","_et_gb_content_width":"","footnotes":""},"categories":[10],"tags":[],"yoast_head":"<!-- This site is optimized with the Yoast SEO plugin v21.9.1 - https:\/\/yoast.com\/wordpress\/plugins\/seo\/ -->\n<title>Adam B\u0159ez\u00edk obh\u00e1jil lo\u0148sk\u00e9 prvenstv\u00ed | AGROTEC Petronas Rally<\/title>\n<meta name=\"robots\" content=\"index, follow, max-snippet:-1, max-image-preview:large, max-video-preview:-1\" \/>\n<link rel=\"canonical\" href=\"https:\/\/www.agrotecrally.cz\/en\/rally-hustopece\/adam-brezik-obhajil-lonske-prvenstvi\/\" \/>\n<meta property=\"og:locale\" content=\"en_GB\" \/>\n<meta property=\"og:type\" content=\"article\" \/>\n<meta property=\"og:title\" content=\"Adam B\u0159ez\u00edk obh\u00e1jil lo\u0148sk\u00e9 prvenstv\u00ed | AGROTEC Petronas Rally\" \/>\n<meta property=\"og:description\" content=\"A\u017e posledn\u00ed rychlostn\u00ed zkou\u0161ka definitivn\u011b potvrdila jm\u00e9na v\u00edt\u011bzn\u00e9 pos\u00e1dky leto\u0161n\u00ed jubilejn\u00ed 20. AGROTEC PETRONAS Rally Hustope\u010de. Stejn\u011b jako v roce lo\u0148sk\u00e9m se na nejvy\u0161\u0161\u00ed stupe\u0148 v\u00edt\u011bz\u016f na c\u00edlov\u00e9 ramp\u011b postavila dvojice Adam B\u0159ez\u00edk &#8211; Ond\u0159ej Kraj\u010da se \u0160kodou Fabia RS Rally2. O tom, \u017ee se v okol\u00ed Hustope\u010d\u00ed letos op\u011bt bojovalo doslova a\u017e do posledn\u00edho [&hellip;]\" \/>\n<meta property=\"og:url\" content=\"https:\/\/www.agrotecrally.cz\/en\/rally-hustopece\/adam-brezik-obhajil-lonske-prvenstvi\/\" \/>\n<meta property=\"og:site_name\" content=\"AGROTEC Petronas Rally\" \/>\n<meta property=\"article:publisher\" content=\"https:\/\/www.facebook.com\/agrotecrally\" \/>\n<meta property=\"article:published_time\" content=\"2025-06-21T15:13:59+00:00\" \/>\n<meta property=\"article:modified_time\" content=\"2025-06-21T17:27:32+00:00\" \/>\n<meta property=\"og:image\" content=\"https:\/\/www.agrotecrally.cz\/wp-content\/uploads\/2025\/06\/brezik_hustopece25fd2.jpg\" \/>\n\t<meta property=\"og:image:width\" content=\"980\" \/>\n\t<meta property=\"og:image:height\" content=\"654\" \/>\n\t<meta property=\"og:image:type\" content=\"image\/jpeg\" \/>\n<meta name=\"author\" content=\"Tom\u00e1\u0161 Plach\u00fd\" \/>\n<meta name=\"twitter:card\" content=\"summary_large_image\" \/>\n<meta name=\"twitter:label1\" content=\"Written by\" \/>\n\t<meta name=\"twitter:data1\" content=\"Tom\u00e1\u0161 Plach\u00fd\" \/>\n\t<meta name=\"twitter:label2\" content=\"Estimated reading time\" \/>\n\t<meta name=\"twitter:data2\" content=\"3 minutes\" \/>\n<script type=\"application\/ld+json\" class=\"yoast-schema-graph\">{\"@context\":\"https:\/\/schema.org\",\"@graph\":[{\"@type\":\"Article\",\"@id\":\"https:\/\/www.agrotecrally.cz\/rally-hustopece\/adam-brezik-obhajil-lonske-prvenstvi\/#article\",\"isPartOf\":{\"@id\":\"https:\/\/www.agrotecrally.cz\/rally-hustopece\/adam-brezik-obhajil-lonske-prvenstvi\/\"},\"author\":{\"name\":\"Tom\u00e1\u0161 Plach\u00fd\",\"@id\":\"https:\/\/www.agrotecrally.cz\/#\/schema\/person\/38a02deaa1f019e278fc735d03d83f85\"},\"headline\":\"Adam B\u0159ez\u00edk obh\u00e1jil lo\u0148sk\u00e9 prvenstv\u00ed\",\"datePublished\":\"2025-06-21T15:13:59+00:00\",\"dateModified\":\"2025-06-21T17:27:32+00:00\",\"mainEntityOfPage\":{\"@id\":\"https:\/\/www.agrotecrally.cz\/rally-hustopece\/adam-brezik-obhajil-lonske-prvenstvi\/\"},\"wordCount\":590,\"commentCount\":2,\"publisher\":{\"@id\":\"https:\/\/www.agrotecrally.cz\/#organization\"},\"articleSection\":[\"AGROTEC rally Hustope\u010de\"],\"inLanguage\":\"en-GB\",\"potentialAction\":[{\"@type\":\"CommentAction\",\"name\":\"Comment\",\"target\":[\"https:\/\/www.agrotecrally.cz\/rally-hustopece\/adam-brezik-obhajil-lonske-prvenstvi\/#respond\"]}]},{\"@type\":\"WebPage\",\"@id\":\"https:\/\/www.agrotecrally.cz\/rally-hustopece\/adam-brezik-obhajil-lonske-prvenstvi\/\",\"url\":\"https:\/\/www.agrotecrally.cz\/rally-hustopece\/adam-brezik-obhajil-lonske-prvenstvi\/\",\"name\":\"Adam B\u0159ez\u00edk obh\u00e1jil lo\u0148sk\u00e9 prvenstv\u00ed | AGROTEC Petronas Rally\",\"isPartOf\":{\"@id\":\"https:\/\/www.agrotecrally.cz\/#website\"},\"datePublished\":\"2025-06-21T15:13:59+00:00\",\"dateModified\":\"2025-06-21T17:27:32+00:00\",\"breadcrumb\":{\"@id\":\"https:\/\/www.agrotecrally.cz\/rally-hustopece\/adam-brezik-obhajil-lonske-prvenstvi\/#breadcrumb\"},\"inLanguage\":\"en-GB\",\"potentialAction\":[{\"@type\":\"ReadAction\",\"target\":[\"https:\/\/www.agrotecrally.cz\/rally-hustopece\/adam-brezik-obhajil-lonske-prvenstvi\/\"]}]},{\"@type\":\"BreadcrumbList\",\"@id\":\"https:\/\/www.agrotecrally.cz\/rally-hustopece\/adam-brezik-obhajil-lonske-prvenstvi\/#breadcrumb\",\"itemListElement\":[{\"@type\":\"ListItem\",\"position\":1,\"name\":\"Dom\u016f\",\"item\":\"https:\/\/www.agrotecrally.cz\/\"},{\"@type\":\"ListItem\",\"position\":2,\"name\":\"Adam B\u0159ez\u00edk obh\u00e1jil lo\u0148sk\u00e9 prvenstv\u00ed\"}]},{\"@type\":\"WebSite\",\"@id\":\"https:\/\/www.agrotecrally.cz\/#website\",\"url\":\"https:\/\/www.agrotecrally.cz\/\",\"name\":\"AGROTEC Petronas rally\",\"description\":\"Rally mezi vinicemi\",\"publisher\":{\"@id\":\"https:\/\/www.agrotecrally.cz\/#organization\"},\"potentialAction\":[{\"@type\":\"SearchAction\",\"target\":{\"@type\":\"EntryPoint\",\"urlTemplate\":\"https:\/\/www.agrotecrally.cz\/?s={search_term_string}\"},\"query-input\":\"required name=search_term_string\"}],\"inLanguage\":\"en-GB\"},{\"@type\":\"Organization\",\"@id\":\"https:\/\/www.agrotecrally.cz\/#organization\",\"name\":\"AGROTEC Petronas rally\",\"url\":\"https:\/\/www.agrotecrally.cz\/\",\"logo\":{\"@type\":\"ImageObject\",\"inLanguage\":\"en-GB\",\"@id\":\"https:\/\/www.agrotecrally.cz\/#\/schema\/logo\/image\/\",\"url\":\"https:\/\/www.agrotecrally.cz\/wp-content\/uploads\/2021\/05\/AGROTEC-RALLY_16-01-web-2.png\",\"contentUrl\":\"https:\/\/www.agrotecrally.cz\/wp-content\/uploads\/2021\/05\/AGROTEC-RALLY_16-01-web-2.png\",\"width\":459,\"height\":222,\"caption\":\"AGROTEC Petronas rally\"},\"image\":{\"@id\":\"https:\/\/www.agrotecrally.cz\/#\/schema\/logo\/image\/\"},\"sameAs\":[\"https:\/\/www.facebook.com\/agrotecrally\"]},{\"@type\":\"Person\",\"@id\":\"https:\/\/www.agrotecrally.cz\/#\/schema\/person\/38a02deaa1f019e278fc735d03d83f85\",\"name\":\"Tom\u00e1\u0161 Plach\u00fd\",\"image\":{\"@type\":\"ImageObject\",\"inLanguage\":\"en-GB\",\"@id\":\"https:\/\/www.agrotecrally.cz\/#\/schema\/person\/image\/\",\"url\":\"https:\/\/secure.gravatar.com\/avatar\/a7a68eee7fdb2b4f0975cdc024983e22?s=96&d=mm&r=g\",\"contentUrl\":\"https:\/\/secure.gravatar.com\/avatar\/a7a68eee7fdb2b4f0975cdc024983e22?s=96&d=mm&r=g\",\"caption\":\"Tom\u00e1\u0161 Plach\u00fd\"},\"url\":\"https:\/\/www.agrotecrally.cz\/en\/author\/topmediaseznam-cz\/\"}]}<\/script>\n<!-- \/ Yoast SEO plugin. -->","yoast_head_json":{"title":"Adam B\u0159ez\u00edk obh\u00e1jil lo\u0148sk\u00e9 prvenstv\u00ed | AGROTEC Petronas Rally","robots":{"index":"index","follow":"follow","max-snippet":"max-snippet:-1","max-image-preview":"max-image-preview:large","max-video-preview":"max-video-preview:-1"},"canonical":"https:\/\/www.agrotecrally.cz\/en\/rally-hustopece\/adam-brezik-obhajil-lonske-prvenstvi\/","og_locale":"en_GB","og_type":"article","og_title":"Adam B\u0159ez\u00edk obh\u00e1jil lo\u0148sk\u00e9 prvenstv\u00ed | AGROTEC Petronas Rally","og_description":"A\u017e posledn\u00ed rychlostn\u00ed zkou\u0161ka definitivn\u011b potvrdila jm\u00e9na v\u00edt\u011bzn\u00e9 pos\u00e1dky leto\u0161n\u00ed jubilejn\u00ed 20. AGROTEC PETRONAS Rally Hustope\u010de. Stejn\u011b jako v roce lo\u0148sk\u00e9m se na nejvy\u0161\u0161\u00ed stupe\u0148 v\u00edt\u011bz\u016f na c\u00edlov\u00e9 ramp\u011b postavila dvojice Adam B\u0159ez\u00edk &#8211; Ond\u0159ej Kraj\u010da se \u0160kodou Fabia RS Rally2. O tom, \u017ee se v okol\u00ed Hustope\u010d\u00ed letos op\u011bt bojovalo doslova a\u017e do posledn\u00edho [&hellip;]","og_url":"https:\/\/www.agrotecrally.cz\/en\/rally-hustopece\/adam-brezik-obhajil-lonske-prvenstvi\/","og_site_name":"AGROTEC Petronas Rally","article_publisher":"https:\/\/www.facebook.com\/agrotecrally","article_published_time":"2025-06-21T15:13:59+00:00","article_modified_time":"2025-06-21T17:27:32+00:00","og_image":[{"width":980,"height":654,"url":"https:\/\/www.agrotecrally.cz\/wp-content\/uploads\/2025\/06\/brezik_hustopece25fd2.jpg","type":"image\/jpeg"}],"author":"Tom\u00e1\u0161 Plach\u00fd","twitter_card":"summary_large_image","twitter_misc":{"Written by":"Tom\u00e1\u0161 Plach\u00fd","Estimated reading time":"3 minutes"},"schema":{"@context":"https:\/\/schema.org","@graph":[{"@type":"Article","@id":"https:\/\/www.agrotecrally.cz\/rally-hustopece\/adam-brezik-obhajil-lonske-prvenstvi\/#article","isPartOf":{"@id":"https:\/\/www.agrotecrally.cz\/rally-hustopece\/adam-brezik-obhajil-lonske-prvenstvi\/"},"author":{"name":"Tom\u00e1\u0161 Plach\u00fd","@id":"https:\/\/www.agrotecrally.cz\/#\/schema\/person\/38a02deaa1f019e278fc735d03d83f85"},"headline":"Adam B\u0159ez\u00edk obh\u00e1jil lo\u0148sk\u00e9 prvenstv\u00ed","datePublished":"2025-06-21T15:13:59+00:00","dateModified":"2025-06-21T17:27:32+00:00","mainEntityOfPage":{"@id":"https:\/\/www.agrotecrally.cz\/rally-hustopece\/adam-brezik-obhajil-lonske-prvenstvi\/"},"wordCount":590,"commentCount":2,"publisher":{"@id":"https:\/\/www.agrotecrally.cz\/#organization"},"articleSection":["AGROTEC rally Hustope\u010de"],"inLanguage":"en-GB","potentialAction":[{"@type":"CommentAction","name":"Comment","target":["https:\/\/www.agrotecrally.cz\/rally-hustopece\/adam-brezik-obhajil-lonske-prvenstvi\/#respond"]}]},{"@type":"WebPage","@id":"https:\/\/www.agrotecrally.cz\/rally-hustopece\/adam-brezik-obhajil-lonske-prvenstvi\/","url":"https:\/\/www.agrotecrally.cz\/rally-hustopece\/adam-brezik-obhajil-lonske-prvenstvi\/","name":"Adam B\u0159ez\u00edk obh\u00e1jil lo\u0148sk\u00e9 prvenstv\u00ed | AGROTEC Petronas Rally","isPartOf":{"@id":"https:\/\/www.agrotecrally.cz\/#website"},"datePublished":"2025-06-21T15:13:59+00:00","dateModified":"2025-06-21T17:27:32+00:00","breadcrumb":{"@id":"https:\/\/www.agrotecrally.cz\/rally-hustopece\/adam-brezik-obhajil-lonske-prvenstvi\/#breadcrumb"},"inLanguage":"en-GB","potentialAction":[{"@type":"ReadAction","target":["https:\/\/www.agrotecrally.cz\/rally-hustopece\/adam-brezik-obhajil-lonske-prvenstvi\/"]}]},{"@type":"BreadcrumbList","@id":"https:\/\/www.agrotecrally.cz\/rally-hustopece\/adam-brezik-obhajil-lonske-prvenstvi\/#breadcrumb","itemListElement":[{"@type":"ListItem","position":1,"name":"Dom\u016f","item":"https:\/\/www.agrotecrally.cz\/"},{"@type":"ListItem","position":2,"name":"Adam B\u0159ez\u00edk obh\u00e1jil lo\u0148sk\u00e9 prvenstv\u00ed"}]},{"@type":"WebSite","@id":"https:\/\/www.agrotecrally.cz\/#website","url":"https:\/\/www.agrotecrally.cz\/","name":"AGROTEC Petronas rally","description":"Rally mezi vinicemi","publisher":{"@id":"https:\/\/www.agrotecrally.cz\/#organization"},"potentialAction":[{"@type":"SearchAction","target":{"@type":"EntryPoint","urlTemplate":"https:\/\/www.agrotecrally.cz\/?s={search_term_string}"},"query-input":"required name=search_term_string"}],"inLanguage":"en-GB"},{"@type":"Organization","@id":"https:\/\/www.agrotecrally.cz\/#organization","name":"AGROTEC Petronas rally","url":"https:\/\/www.agrotecrally.cz\/","logo":{"@type":"ImageObject","inLanguage":"en-GB","@id":"https:\/\/www.agrotecrally.cz\/#\/schema\/logo\/image\/","url":"https:\/\/www.agrotecrally.cz\/wp-content\/uploads\/2021\/05\/AGROTEC-RALLY_16-01-web-2.png","contentUrl":"https:\/\/www.agrotecrally.cz\/wp-content\/uploads\/2021\/05\/AGROTEC-RALLY_16-01-web-2.png","width":459,"height":222,"caption":"AGROTEC Petronas rally"},"image":{"@id":"https:\/\/www.agrotecrally.cz\/#\/schema\/logo\/image\/"},"sameAs":["https:\/\/www.facebook.com\/agrotecrally"]},{"@type":"Person","@id":"https:\/\/www.agrotecrally.cz\/#\/schema\/person\/38a02deaa1f019e278fc735d03d83f85","name":"Tom\u00e1\u0161 Plach\u00fd","image":{"@type":"ImageObject","inLanguage":"en-GB","@id":"https:\/\/www.agrotecrally.cz\/#\/schema\/person\/image\/","url":"https:\/\/secure.gravatar.com\/avatar\/a7a68eee7fdb2b4f0975cdc024983e22?s=96&d=mm&r=g","contentUrl":"https:\/\/secure.gravatar.com\/avatar\/a7a68eee7fdb2b4f0975cdc024983e22?s=96&d=mm&r=g","caption":"Tom\u00e1\u0161 Plach\u00fd"},"url":"https:\/\/www.agrotecrally.cz\/en\/author\/topmediaseznam-cz\/"}]}},"_links":{"self":[{"href":"https:\/\/www.agrotecrally.cz\/en\/wp-json\/wp\/v2\/posts\/4203"}],"collection":[{"href":"https:\/\/www.agrotecrally.cz\/en\/wp-json\/wp\/v2\/posts"}],"about":[{"href":"https:\/\/www.agrotecrally.cz\/en\/wp-json\/wp\/v2\/types\/post"}],"author":[{"embeddable":true,"href":"https:\/\/www.agrotecrally.cz\/en\/wp-json\/wp\/v2\/users\/2"}],"replies":[{"embeddable":true,"href":"https:\/\/www.agrotecrally.cz\/en\/wp-json\/wp\/v2\/comments?post=4203"}],"version-history":[{"count":2,"href":"https:\/\/www.agrotecrally.cz\/en\/wp-json\/wp\/v2\/posts\/4203\/revisions"}],"predecessor-version":[{"id":4213,"href":"https:\/\/www.agrotecrally.cz\/en\/wp-json\/wp\/v2\/posts\/4203\/revisions\/4213"}],"wp:featuredmedia":[{"embeddable":true,"href":"https:\/\/www.agrotecrally.cz\/en\/wp-json\/wp\/v2\/media\/4204"}],"wp:attachment":[{"href":"https:\/\/www.agrotecrally.cz\/en\/wp-json\/wp\/v2\/media?parent=4203"}],"wp:term":[{"taxonomy":"category","embeddable":true,"href":"https:\/\/www.agrotecrally.cz\/en\/wp-json\/wp\/v2\/categories?post=4203"},{"taxonomy":"post_tag","embeddable":true,"href":"https:\/\/www.agrotecrally.cz\/en\/wp-json\/wp\/v2\/tags?post=4203"}],"curies":[{"name":"wp","href":"https:\/\/api.w.org\/{rel}","templated":true}]}}