{"id":4207,"date":"2025-06-21T18:23:46","date_gmt":"2025-06-21T17:23:46","guid":{"rendered":"https:\/\/www.agrotecrally.cz\/?p=4207"},"modified":"2025-06-21T18:26:21","modified_gmt":"2025-06-21T17:26:21","slug":"ohlasy-z-cile-20-agrotec-petronas-rally-hustopece","status":"publish","type":"post","link":"https:\/\/www.agrotecrally.cz\/en\/rally-hustopece\/ohlasy-z-cile-20-agrotec-petronas-rally-hustopece\/","title":{"rendered":"Ohlasy z c\u00edle 20. AGROTEC PETRONAS Rally Hustope\u010de"},"content":{"rendered":"<p><strong>Na konci 20. AGROTEC PETRONAS Rally jsme samoz\u0159ejm\u011b je\u0161t\u011b jednou vyzpov\u00eddali nejlep\u0161\u00ed protagonisty hustope\u010dsk\u00e9 sout\u011b\u017ee. Jejich z\u00e1v\u011bre\u010dn\u00e9 hodnocen\u00ed leto\u0161n\u00ed jubilejn\u00ed rally mezi vinicemi si tak m\u016f\u017eete p\u0159e\u010d\u00edst na n\u00e1sleduj\u00edc\u00edch \u0159\u00e1dc\u00edch.<\/strong><\/p>\n<p>Adam B\u0159ez\u00edk (1. m\u00edsto): <em><strong>&#8222;Mysl\u00edm, \u017ee to bylo velice vyd\u0159en\u00e9 v\u00edt\u011bzstv\u00ed. Na posledn\u00ed zkou\u0161ce jsme sice Honzu porazili, ale i tak jsme tam byli v poli a nechali tam p\u00e1r vte\u0159in. \u0160li jsme do toho co to \u0161lo. P\u00e1rkr\u00e1t jsme m\u011bli nam\u00e1le, ale to jsou z\u00e1vody. Nepolevili jsme a tohle je odm\u011bna. \u0158\u00edkal jsem si jen, \u017ee by to mohlo b\u00fdt rozhodnut\u00e9 u\u017e p\u0159ed posledn\u00ed zkou\u0161kou. Na \u0160umav\u011b i na Krumlov\u011b jsme jeli blb\u011b, k to mu nen\u00ed co \u0159\u00edci. Mrz\u00ed n\u00e1s to, ale tak to je. Sez\u00f3na je je\u0161t\u011b dlouh\u00e1, zb\u00fdvaj\u00ed t\u0159i z\u00e1vody, tak uvid\u00edme, jestli to dok\u00e1\u017eeme n\u011bjak zlomit. Cht\u011bl bych pod\u011bkovat t\u00fdmu, \u017ee p\u0159i n\u00e1s po\u0159\u00e1d stoj\u00ed, hlavn\u011b za to, co p\u0159edvedli po \u0160umav\u011b. A samoz\u0159ejm\u011b v\u0161em partner\u016fm, bez kter\u00fdch by to ne\u0161lo.&#8220;<\/strong><\/em><\/p>\n<p>Jan Kopeck\u00fd (2. m\u00edsto):<em><strong> &#8222;Byl to kr\u00e1sn\u00fd z\u00e1vod, za kter\u00fd bych cht\u011bl po\u0159adatel\u016fm pod\u011bkovat. Z\u00e1vodili jsme na dvou stech kilometrech n\u00e1dhern\u00fdch zkou\u0161ek. Ty \u0161otoliny jsou samoz\u0159ejm\u011b zaj\u00edmav\u00e9, auta jedou smykem, tak\u017ee i div\u00e1ci jsou ur\u010dit\u011b spokojen\u00ed. Po ob\u011bd\u011b jsme se sna\u017eili tla\u010dit, prvn\u00ed zkou\u0161ku jsme vyhr\u00e1li, ale pak jsem zjistil, \u017ee mi chyb\u00ed pom\u011brn\u011b velk\u00fd kus dez\u00e9nu v lev\u00e9 zadn\u00ed pneumatice. M\u011bnili jsme kolo t\u011bsn\u011b 200 m p\u0159ed startem dal\u0161\u00ed zkou\u0161ky a do jej\u00edho c\u00edle jsme dojeli na pomal\u00e9m defektu, zase vzadu. Na\u0161t\u011bst\u00ed ta pneu bez dez\u00e9nu dr\u017eela tlak, ale je\u010fte s t\u00edm na \u0161otolin\u011b, po t\u011bch ostr\u00fdch kamenech. Tak\u017ee jsem r\u00e1d, \u017ee jsme udr\u017eeli druh\u00e9 m\u00edsto. Jsme za to opravdu \u0161\u0165astn\u00ed. Samoz\u0159ejm\u011b gratulace Adamovi, evidentn\u011b mu to tady sv\u011bd\u010d\u00ed a m\u00e1 tu spoustu prostoru na ten sv\u016fj rozevl\u00e1t\u00fd styl. Jde mu to tu perfektn\u011b. My jsme ale spokojen\u00ed, m\u011bli bychom i nad\u00e1le v\u00e9st mistrovstv\u00ed.&#8220;<\/strong><\/em><\/p>\n<p>Filip Mare\u0161 (3. m\u00edsto): <em><strong>&#8222;Na\u0161e ztr\u00e1ta v c\u00edli na Adama je men\u0161\u00ed ne\u017e deset sekund, tak\u017ee m\u016f\u017eeme b\u00fdt py\u0161n\u00ed na to, \u017ee na trati jsme byli nejrychlej\u0161\u00ed. D\u011bkuji za to i cel\u00e9mu t\u00fdmu, \u017ee jsme to nevzdali a bojovali a\u017e do posledn\u00edho metru. Ta penalizace byla moje chyba, tak\u017ee se m\u016f\u017eu zlobit maxim\u00e1ln\u011b s\u00e1m na sebe. Nav\u00edc jsem hned na prvn\u00ed zkou\u0161ce po servisu, kde byla nejv\u011bt\u0161\u00ed \u0161ance n\u011bco najet a \u0161li jsme do toho, tak mi to zdechlo ve vrac\u00e1ku. Nev\u00edm \u00fapln\u011b pro\u010d, ale nechali jsme tam \u010dty\u0159i p\u011bt vte\u0159in. Mrz\u00ed m\u011b to, ten kontakt bez toho mohl b\u00fdt bli\u017e\u0161\u00ed. Na druhou stranu, kluci jeli fantasticky, od za\u010d\u00e1tku do konce to bylo peklo a pat\u0159\u00ed jim d\u00edk za hezk\u00fd souboj. Pozitivn\u00ed je, \u017ee jsme tu m\u011bli i na v\u00edt\u011bzstv\u00ed a m\u016f\u017eeme odjet se vzty\u010denou hlavou.&#8220;<\/strong><\/em><\/p>\n<p>Erik Cais (4. m\u00edsto): <em><strong>&#8222;Jsem moc r\u00e1d, \u017ee je auto v po\u0159\u00e1dku v c\u00edli, proto\u017ee p\u00e1rkr\u00e1t jsme se taky projeli polem. Ale kdy\u017e vid\u00edm auta ostatn\u00edch, tak je to tu evidentn\u011b zvykem. Nebylo to ale z d\u016fvodu katov\u00e1n\u00ed, ale prost\u011b se vyl\u00e9t\u00e1valo z trati. Asi bychom pot\u0159ebovali v\u011bt\u0161\u00ed porci testovac\u00edch kilometr\u016f, ale nejen na tento z\u00e1vod. Nicm\u00e9n\u011b jsem vd\u011b\u010dn\u00fd za to, \u017ee v\u016fbec m\u016f\u017eu letos z\u00e1vodit a ur\u010dit\u011b si nechci st\u011b\u017eovat, \u017ee m\u00e1lo testuji. Mus\u00edm pod\u011bkovat t\u00fdmu Martina Vl\u010dka, kter\u00fd n\u00e1m moc pom\u00e1h\u00e1 k tomu jet rychle. Mysl\u00edm, \u017ee Hyundai m\u00e9mu jezdeck\u00e9mu stylu sedl, na technick\u00fdch zkou\u0161k\u00e1ch dok\u00e1\u017eeme b\u00fdt velmi rychl\u00ed. V\u00edme tedy, \u017ee to jde, tak\u017ee te\u010f u\u017e je to jen abych p\u0159esn\u011b v\u011bd\u011bl co m\u00e1m d\u011blat v extra rychl\u00fdch m\u00edstech na p\u011btku a dok\u00e1zal to podr\u017eet.&#8220;<\/strong><\/em><\/p>\n<p>Dominik St\u0159\u00edtesk\u00fd (5. m\u00edsto): <em><strong>&#8222;Nen\u00ed to \u00fapln\u011b v\u00fdsledek jak\u00fd by to m\u011bl b\u00fdt, ale kdy\u017e to nejde, tak to nejde. Paradoxn\u011b n\u00e1m tam te\u010f na posledn\u00ed zkou\u0161ce ten \u010das padnul, tak asi budu muset jezdit na ojet\u00fdch kolech, nev\u00edm. \u010cek\u00e1 n\u00e1s \u0158\u00edm a Bohemka, bude to hodn\u011b nabit\u00fd program. Mus\u00edme pracovat na tom, abychom na\u0161li cestu zp\u011bt na vrchol. Douf\u00e1m, \u017ee to bude ot\u00e1zkou dn\u00ed. Pot\u0159ebuji si v\u011b\u0159it jako loni a nem\u016f\u017eu to cht\u00edt hned l\u00e1mat p\u0159es koleno, to by \u0161patn\u011b skon\u010dilo.&#8220;<\/strong><\/em><\/p>\n<p>V\u011broslav Cvr\u010dek (6. m\u00edsto): <em><strong>&#8222;\u0160est\u00e9 m\u00edsto z lo\u0148ska se s t\u00edm leto\u0161n\u00edm asi ned\u00e1 porovn\u00e1vat. Loni byla \u00fapln\u011b jin\u00e1 konkurence. Dneska jsme byli chvilku schopn\u00ed dr\u017eet krok s Dominikem St\u0159\u00edtesk\u00fdm a por\u00e1\u017eet Va\u0161ka Pecha, to pro n\u00e1s znamen\u00e1 v\u00edc ne\u017e \u0161est\u00e9 m\u00edsto. Vlastn\u011b je to pro n\u00e1s v\u00edt\u011bzstv\u00ed, v nic lep\u0161\u00edho bychom doufat ani nemohli. Loni jsem se hodn\u011b b\u00e1l o auto. V\u00edm, kolik to stoj\u00ed a m\u00e1m ho hrozn\u011b r\u00e1d, tak\u017ee jsem mu necht\u011bl nic ud\u011blat. Ne \u017ee by to tak bylo letos, ale u\u017e jsem pochopil, jak funguje. Mo\u017en\u00e1 se bl\u00ed\u017e\u00edme n\u011bjak\u00fdm limit\u016fm, je\u0161t\u011b tam kus cesty je, ale jsme schopn\u00ed to auto vyu\u017e\u00edt. D\u011bkujeme t\u00fdmu i div\u00e1k\u016fm za podporu, moc n\u00e1s to hnalo dop\u0159edu!&#8220;<\/strong><\/em><\/p>\n<p>J\u00e1n Kundl\u00e1k (7. m\u00edsto):<em><strong> &#8222;Dal jsem do toho te\u010f v\u0161echno. Cht\u011bl jsem Simona udr\u017eet za sebou, ale nep\u0159i\u0161lo mi to \u00fapln\u011b re\u00e1ln\u00e9. V\u011bd\u011bl jsem, \u017ee to bude t\u011bsn\u00e9, ale \u017ee to bude a\u017e tak t\u011bsn\u00e9 &#8230; Simon tu rychlostku vyhr\u00e1l, my jsme tam dokonce byli venku v poli, ale nakonec je to o dev\u011bt desetin sekundy v n\u00e1\u0161 prosp\u011bch. L\u00edp to prost\u011b ne\u0161lo! Mysl\u00edm, \u017ee u\u017e jsme se s autem skamar\u00e1dili a v\u00edme, co od sebe o\u010dek\u00e1vat. Je \u00fa\u017easn\u00e9 a jede se mi s n\u00edm skv\u011ble. Na Bohemce si to ale chceme aspo\u0148 jednou vyzkou\u0161et s tou novou technikou, aspo\u0148 jednou v roce. Je to v\u00edc ne\u017e re\u00e1ln\u00e9 a stra\u0161n\u011b se na to t\u011b\u0161\u00edm. Douf\u00e1m, \u017ee to vyjde. Asi to nechci stav\u011bt tak, \u017ee budeme bojovat o nejvy\u0161\u0161\u00ed p\u0159\u00ed\u010dky, ale chceme si to hlavn\u011b vyzkou\u0161et a porovnat a budeme v\u011bd\u011bt, nad \u010d\u00edm p\u0159em\u00fd\u0161let do p\u0159\u00ed\u0161t\u00edho roku.&#8220;<\/strong><\/em><\/p>\n<p>Simon Wagner (8. m\u00edsto): <em><strong>&#8222;Dnes r\u00e1no to za\u010dalo trochu podobn\u011b, jako to v\u010dera kon\u010dilo. M\u011bli jsme n\u011bjak\u00e9 technick\u00e9 probl\u00e9my, sm\u016flu, v\u0161echno dohromady. V poledn\u00edm servisu jsme se ale se v\u0161\u00edm n\u011bjak srovnali a za\u010dali nanovo. Chytili jsme rytmus, z\u00edskali zp\u011bt jistotu a to bylo d\u016fle\u017eit\u00e9. Aspo\u0148 jsme vyhr\u00e1li posledn\u00ed zkou\u0161ku. Tak\u017ee to neskon\u010dilo \u00fapln\u011b nejh\u016f\u0159, ale samoz\u0159ejm\u011b p\u0159ed sout\u011b\u017e\u00ed jsme cht\u011bli bojovat o stupn\u011b v\u00edt\u011bz\u016f. Rychlost ale m\u00e1me, tak\u017ee ji mus\u00edme p\u0159edv\u00e9st na Bohemii. Tady jsem z\u00edskal spoustu zku\u0161enost\u00ed, nikdy jsem neabsolvoval rally jako je tato. A ur\u010dit\u011b to byla moc hezk\u00e1 rally, spousta div\u00e1k\u016f, p\u011bkn\u00e9 po\u010das\u00ed. Ale te\u010f u\u017e se opravdu t\u011b\u0161\u00edme na Bohemii, kterou dob\u0159e zn\u00e1me.&#8220;<\/strong><\/em><\/p>\n<p>David \u0160tefan (1. m\u00edsto kategorie 2WD): <em><strong>&#8222;Dne\u0161ek nebyl \u00fapln\u011b podle na\u0161ich p\u0159edstav. Hned r\u00e1no jsme byli u boura\u010dky Honzy Dvo\u0159\u00e1ka. Nebylo to \u00fapln\u011b hezk\u00e9 a n\u011bjak tam zahaprovala gpeska a ukazov\u00e1n\u00ed po\u0159adatel\u016f a m\u00e1lem jsme do toho vlet\u011bli. Vypadli jsme ven a cel\u00fd den se to s n\u00e1mi tak n\u011bjak t\u00e1hlo. Te\u010f jsme pot\u0159ebovali zat\u00e1hnout, ale Petr Zedn\u00edk m\u011bl asi n\u011bjak\u00fd probl\u00e9m a my ho na \u0161otolin\u011b dojeli a nechali tam moc \u010dasu. T\u00edm jsme p\u0159i\u0161li o body v etap\u011b. \u0158e\u0161\u00edme to, jestli m\u00e1me n\u011bjak\u00fd n\u00e1rok na \u00fapravu \u010dasu. Jinak se mi to tady ale samoz\u0159ejm\u011b l\u00edbilo.&#8220;<\/strong><\/em><\/p>\n<p>Filip Ocelka (2. m\u00edsto kategorie 2WD): <em><strong>&#8222;Byl to perfektn\u00ed z\u00e1vod. Dlouh\u00fd, dv\u011bst\u011b kilometr\u016f zkou\u0161ek, za tak p\u011bkn\u00fd z\u00e1vod pat\u0159\u00ed po\u0159adatel\u016fm pod\u011bkov\u00e1n\u00ed. V \u010desk\u00e9m mistrovstv\u00ed krom\u011b Barumky dlouho nic takov\u00e9ho nebylo. Moc jsme si to u\u017eili. V\u010derej\u0161ek n\u00e1m asi nesednul tolik jako dne\u0161ek, ale bylo to perfektn\u00ed. Kluci vep\u0159edu jeli po oba dny \u00fa\u017easn\u011b, byly to super souboje. Velk\u00e9 pod\u011bkov\u00e1n\u00ed pat\u0159\u00ed t\u00fdmu, rodin\u011b a v\u0161em, kdo se na na\u0161ich startech pod\u00edl\u00ed.&#8220;<\/strong><\/em><\/p>\n<p>Maxmilian Lichtenegger (3. m\u00edsto kategorie 2WD): <em><strong>&#8222;Byla to hodn\u011b n\u00e1ro\u010dn\u00e1 rally, zkou\u0161ky byly opravdovou v\u00fdzvou. P\u0159edev\u0161\u00edm v\u010derej\u0161\u00ed druh\u00e1 sekce byla hodn\u011b t\u011b\u017ek\u00e1, ale zvl\u00e1dli jsme to dob\u0159e. Dnes se n\u00e1m da\u0159ilo o n\u011bco l\u00e9pe ne\u017e v\u010dera, chytili jsme dobr\u00fd rytmus a mysl\u00edm, \u017ee to pro n\u00e1s byla poveden\u00e1 sout\u011b\u017e. U\u017eili jsme si i vz\u00e1jemn\u00fd souboj s na\u0161imi n\u011bmeck\u00fdmi soupe\u0159i.&#8220;<\/strong><\/em><\/p>\n<p>AGROTEC PETRONAS rally Hustope\u010de 2025, tiskov\u00fd servis<br \/>\nJan Va\u0161kovi\u010d \u2013 foto: Franti\u0161ek Du\u0161ek<\/p>","protected":false},"excerpt":{"rendered":"<p>Na konci 20. AGROTEC PETRONAS Rally jsme samoz\u0159ejm\u011b je\u0161t\u011b jednou vyzpov\u00eddali nejlep\u0161\u00ed protagonisty hustope\u010dsk\u00e9 sout\u011b\u017ee. Jejich z\u00e1v\u011bre\u010dn\u00e9 hodnocen\u00ed leto\u0161n\u00ed jubilejn\u00ed rally mezi vinicemi si tak m\u016f\u017eete p\u0159e\u010d\u00edst na n\u00e1sleduj\u00edc\u00edch \u0159\u00e1dc\u00edch. Adam B\u0159ez\u00edk (1. m\u00edsto): &#8222;Mysl\u00edm, \u017ee to bylo velice vyd\u0159en\u00e9 v\u00edt\u011bzstv\u00ed. Na posledn\u00ed zkou\u0161ce jsme sice Honzu porazili, ale i tak jsme tam byli v [&hellip;]<\/p>","protected":false},"author":2,"featured_media":4206,"comment_status":"open","ping_status":"open","sticky":false,"template":"","format":"standard","meta":{"_et_pb_use_builder":"","_et_pb_old_content":"","_et_gb_content_width":"","footnotes":""},"categories":[10],"tags":[],"yoast_head":"<!-- This site is optimized with the Yoast SEO plugin v21.9.1 - https:\/\/yoast.com\/wordpress\/plugins\/seo\/ -->\n<title>Ohlasy z c\u00edle 20. AGROTEC PETRONAS Rally Hustope\u010de | AGROTEC Petronas Rally<\/title>\n<meta name=\"robots\" content=\"index, follow, max-snippet:-1, max-image-preview:large, max-video-preview:-1\" \/>\n<link rel=\"canonical\" href=\"https:\/\/www.agrotecrally.cz\/en\/rally-hustopece\/ohlasy-z-cile-20-agrotec-petronas-rally-hustopece\/\" \/>\n<meta property=\"og:locale\" content=\"en_GB\" \/>\n<meta property=\"og:type\" content=\"article\" \/>\n<meta property=\"og:title\" content=\"Ohlasy z c\u00edle 20. AGROTEC PETRONAS Rally Hustope\u010de | AGROTEC Petronas Rally\" \/>\n<meta property=\"og:description\" content=\"Na konci 20. AGROTEC PETRONAS Rally jsme samoz\u0159ejm\u011b je\u0161t\u011b jednou vyzpov\u00eddali nejlep\u0161\u00ed protagonisty hustope\u010dsk\u00e9 sout\u011b\u017ee. Jejich z\u00e1v\u011bre\u010dn\u00e9 hodnocen\u00ed leto\u0161n\u00ed jubilejn\u00ed rally mezi vinicemi si tak m\u016f\u017eete p\u0159e\u010d\u00edst na n\u00e1sleduj\u00edc\u00edch \u0159\u00e1dc\u00edch. Adam B\u0159ez\u00edk (1. m\u00edsto): &#8222;Mysl\u00edm, \u017ee to bylo velice vyd\u0159en\u00e9 v\u00edt\u011bzstv\u00ed. Na posledn\u00ed zkou\u0161ce jsme sice Honzu porazili, ale i tak jsme tam byli v [&hellip;]\" \/>\n<meta property=\"og:url\" content=\"https:\/\/www.agrotecrally.cz\/en\/rally-hustopece\/ohlasy-z-cile-20-agrotec-petronas-rally-hustopece\/\" \/>\n<meta property=\"og:site_name\" content=\"AGROTEC Petronas Rally\" \/>\n<meta property=\"article:publisher\" content=\"https:\/\/www.facebook.com\/agrotecrally\" \/>\n<meta property=\"article:published_time\" content=\"2025-06-21T17:23:46+00:00\" \/>\n<meta property=\"article:modified_time\" content=\"2025-06-21T17:26:21+00:00\" \/>\n<meta property=\"og:image\" content=\"https:\/\/www.agrotecrally.cz\/wp-content\/uploads\/2025\/06\/cais_hustopece2025.jpg\" \/>\n\t<meta property=\"og:image:width\" content=\"980\" \/>\n\t<meta property=\"og:image:height\" content=\"654\" \/>\n\t<meta property=\"og:image:type\" content=\"image\/jpeg\" \/>\n<meta name=\"author\" content=\"Tom\u00e1\u0161 Plach\u00fd\" \/>\n<meta name=\"twitter:card\" content=\"summary_large_image\" \/>\n<meta name=\"twitter:label1\" content=\"Written by\" \/>\n\t<meta name=\"twitter:data1\" content=\"Tom\u00e1\u0161 Plach\u00fd\" \/>\n\t<meta name=\"twitter:label2\" content=\"Estimated reading time\" \/>\n\t<meta name=\"twitter:data2\" content=\"8 minutes\" \/>\n<script type=\"application\/ld+json\" class=\"yoast-schema-graph\">{\"@context\":\"https:\/\/schema.org\",\"@graph\":[{\"@type\":\"Article\",\"@id\":\"https:\/\/www.agrotecrally.cz\/rally-hustopece\/ohlasy-z-cile-20-agrotec-petronas-rally-hustopece\/#article\",\"isPartOf\":{\"@id\":\"https:\/\/www.agrotecrally.cz\/rally-hustopece\/ohlasy-z-cile-20-agrotec-petronas-rally-hustopece\/\"},\"author\":{\"name\":\"Tom\u00e1\u0161 Plach\u00fd\",\"@id\":\"https:\/\/www.agrotecrally.cz\/#\/schema\/person\/38a02deaa1f019e278fc735d03d83f85\"},\"headline\":\"Ohlasy z c\u00edle 20. AGROTEC PETRONAS Rally Hustope\u010de\",\"datePublished\":\"2025-06-21T17:23:46+00:00\",\"dateModified\":\"2025-06-21T17:26:21+00:00\",\"mainEntityOfPage\":{\"@id\":\"https:\/\/www.agrotecrally.cz\/rally-hustopece\/ohlasy-z-cile-20-agrotec-petronas-rally-hustopece\/\"},\"wordCount\":1665,\"commentCount\":0,\"publisher\":{\"@id\":\"https:\/\/www.agrotecrally.cz\/#organization\"},\"articleSection\":[\"AGROTEC rally Hustope\u010de\"],\"inLanguage\":\"en-GB\",\"potentialAction\":[{\"@type\":\"CommentAction\",\"name\":\"Comment\",\"target\":[\"https:\/\/www.agrotecrally.cz\/rally-hustopece\/ohlasy-z-cile-20-agrotec-petronas-rally-hustopece\/#respond\"]}]},{\"@type\":\"WebPage\",\"@id\":\"https:\/\/www.agrotecrally.cz\/rally-hustopece\/ohlasy-z-cile-20-agrotec-petronas-rally-hustopece\/\",\"url\":\"https:\/\/www.agrotecrally.cz\/rally-hustopece\/ohlasy-z-cile-20-agrotec-petronas-rally-hustopece\/\",\"name\":\"Ohlasy z c\u00edle 20. AGROTEC PETRONAS Rally Hustope\u010de | AGROTEC Petronas Rally\",\"isPartOf\":{\"@id\":\"https:\/\/www.agrotecrally.cz\/#website\"},\"datePublished\":\"2025-06-21T17:23:46+00:00\",\"dateModified\":\"2025-06-21T17:26:21+00:00\",\"breadcrumb\":{\"@id\":\"https:\/\/www.agrotecrally.cz\/rally-hustopece\/ohlasy-z-cile-20-agrotec-petronas-rally-hustopece\/#breadcrumb\"},\"inLanguage\":\"en-GB\",\"potentialAction\":[{\"@type\":\"ReadAction\",\"target\":[\"https:\/\/www.agrotecrally.cz\/rally-hustopece\/ohlasy-z-cile-20-agrotec-petronas-rally-hustopece\/\"]}]},{\"@type\":\"BreadcrumbList\",\"@id\":\"https:\/\/www.agrotecrally.cz\/rally-hustopece\/ohlasy-z-cile-20-agrotec-petronas-rally-hustopece\/#breadcrumb\",\"itemListElement\":[{\"@type\":\"ListItem\",\"position\":1,\"name\":\"Dom\u016f\",\"item\":\"https:\/\/www.agrotecrally.cz\/\"},{\"@type\":\"ListItem\",\"position\":2,\"name\":\"Ohlasy z c\u00edle 20. AGROTEC PETRONAS Rally Hustope\u010de\"}]},{\"@type\":\"WebSite\",\"@id\":\"https:\/\/www.agrotecrally.cz\/#website\",\"url\":\"https:\/\/www.agrotecrally.cz\/\",\"name\":\"AGROTEC Petronas rally\",\"description\":\"Rally mezi vinicemi\",\"publisher\":{\"@id\":\"https:\/\/www.agrotecrally.cz\/#organization\"},\"potentialAction\":[{\"@type\":\"SearchAction\",\"target\":{\"@type\":\"EntryPoint\",\"urlTemplate\":\"https:\/\/www.agrotecrally.cz\/?s={search_term_string}\"},\"query-input\":\"required name=search_term_string\"}],\"inLanguage\":\"en-GB\"},{\"@type\":\"Organization\",\"@id\":\"https:\/\/www.agrotecrally.cz\/#organization\",\"name\":\"AGROTEC Petronas rally\",\"url\":\"https:\/\/www.agrotecrally.cz\/\",\"logo\":{\"@type\":\"ImageObject\",\"inLanguage\":\"en-GB\",\"@id\":\"https:\/\/www.agrotecrally.cz\/#\/schema\/logo\/image\/\",\"url\":\"https:\/\/www.agrotecrally.cz\/wp-content\/uploads\/2021\/05\/AGROTEC-RALLY_16-01-web-2.png\",\"contentUrl\":\"https:\/\/www.agrotecrally.cz\/wp-content\/uploads\/2021\/05\/AGROTEC-RALLY_16-01-web-2.png\",\"width\":459,\"height\":222,\"caption\":\"AGROTEC Petronas rally\"},\"image\":{\"@id\":\"https:\/\/www.agrotecrally.cz\/#\/schema\/logo\/image\/\"},\"sameAs\":[\"https:\/\/www.facebook.com\/agrotecrally\"]},{\"@type\":\"Person\",\"@id\":\"https:\/\/www.agrotecrally.cz\/#\/schema\/person\/38a02deaa1f019e278fc735d03d83f85\",\"name\":\"Tom\u00e1\u0161 Plach\u00fd\",\"image\":{\"@type\":\"ImageObject\",\"inLanguage\":\"en-GB\",\"@id\":\"https:\/\/www.agrotecrally.cz\/#\/schema\/person\/image\/\",\"url\":\"https:\/\/secure.gravatar.com\/avatar\/a7a68eee7fdb2b4f0975cdc024983e22?s=96&d=mm&r=g\",\"contentUrl\":\"https:\/\/secure.gravatar.com\/avatar\/a7a68eee7fdb2b4f0975cdc024983e22?s=96&d=mm&r=g\",\"caption\":\"Tom\u00e1\u0161 Plach\u00fd\"},\"url\":\"https:\/\/www.agrotecrally.cz\/en\/author\/topmediaseznam-cz\/\"}]}<\/script>\n<!-- \/ Yoast SEO plugin. -->","yoast_head_json":{"title":"Ohlasy z c\u00edle 20. AGROTEC PETRONAS Rally Hustope\u010de | AGROTEC Petronas Rally","robots":{"index":"index","follow":"follow","max-snippet":"max-snippet:-1","max-image-preview":"max-image-preview:large","max-video-preview":"max-video-preview:-1"},"canonical":"https:\/\/www.agrotecrally.cz\/en\/rally-hustopece\/ohlasy-z-cile-20-agrotec-petronas-rally-hustopece\/","og_locale":"en_GB","og_type":"article","og_title":"Ohlasy z c\u00edle 20. AGROTEC PETRONAS Rally Hustope\u010de | AGROTEC Petronas Rally","og_description":"Na konci 20. AGROTEC PETRONAS Rally jsme samoz\u0159ejm\u011b je\u0161t\u011b jednou vyzpov\u00eddali nejlep\u0161\u00ed protagonisty hustope\u010dsk\u00e9 sout\u011b\u017ee. Jejich z\u00e1v\u011bre\u010dn\u00e9 hodnocen\u00ed leto\u0161n\u00ed jubilejn\u00ed rally mezi vinicemi si tak m\u016f\u017eete p\u0159e\u010d\u00edst na n\u00e1sleduj\u00edc\u00edch \u0159\u00e1dc\u00edch. Adam B\u0159ez\u00edk (1. m\u00edsto): &#8222;Mysl\u00edm, \u017ee to bylo velice vyd\u0159en\u00e9 v\u00edt\u011bzstv\u00ed. Na posledn\u00ed zkou\u0161ce jsme sice Honzu porazili, ale i tak jsme tam byli v [&hellip;]","og_url":"https:\/\/www.agrotecrally.cz\/en\/rally-hustopece\/ohlasy-z-cile-20-agrotec-petronas-rally-hustopece\/","og_site_name":"AGROTEC Petronas Rally","article_publisher":"https:\/\/www.facebook.com\/agrotecrally","article_published_time":"2025-06-21T17:23:46+00:00","article_modified_time":"2025-06-21T17:26:21+00:00","og_image":[{"width":980,"height":654,"url":"https:\/\/www.agrotecrally.cz\/wp-content\/uploads\/2025\/06\/cais_hustopece2025.jpg","type":"image\/jpeg"}],"author":"Tom\u00e1\u0161 Plach\u00fd","twitter_card":"summary_large_image","twitter_misc":{"Written by":"Tom\u00e1\u0161 Plach\u00fd","Estimated reading time":"8 minutes"},"schema":{"@context":"https:\/\/schema.org","@graph":[{"@type":"Article","@id":"https:\/\/www.agrotecrally.cz\/rally-hustopece\/ohlasy-z-cile-20-agrotec-petronas-rally-hustopece\/#article","isPartOf":{"@id":"https:\/\/www.agrotecrally.cz\/rally-hustopece\/ohlasy-z-cile-20-agrotec-petronas-rally-hustopece\/"},"author":{"name":"Tom\u00e1\u0161 Plach\u00fd","@id":"https:\/\/www.agrotecrally.cz\/#\/schema\/person\/38a02deaa1f019e278fc735d03d83f85"},"headline":"Ohlasy z c\u00edle 20. AGROTEC PETRONAS Rally Hustope\u010de","datePublished":"2025-06-21T17:23:46+00:00","dateModified":"2025-06-21T17:26:21+00:00","mainEntityOfPage":{"@id":"https:\/\/www.agrotecrally.cz\/rally-hustopece\/ohlasy-z-cile-20-agrotec-petronas-rally-hustopece\/"},"wordCount":1665,"commentCount":0,"publisher":{"@id":"https:\/\/www.agrotecrally.cz\/#organization"},"articleSection":["AGROTEC rally Hustope\u010de"],"inLanguage":"en-GB","potentialAction":[{"@type":"CommentAction","name":"Comment","target":["https:\/\/www.agrotecrally.cz\/rally-hustopece\/ohlasy-z-cile-20-agrotec-petronas-rally-hustopece\/#respond"]}]},{"@type":"WebPage","@id":"https:\/\/www.agrotecrally.cz\/rally-hustopece\/ohlasy-z-cile-20-agrotec-petronas-rally-hustopece\/","url":"https:\/\/www.agrotecrally.cz\/rally-hustopece\/ohlasy-z-cile-20-agrotec-petronas-rally-hustopece\/","name":"Ohlasy z c\u00edle 20. AGROTEC PETRONAS Rally Hustope\u010de | AGROTEC Petronas Rally","isPartOf":{"@id":"https:\/\/www.agrotecrally.cz\/#website"},"datePublished":"2025-06-21T17:23:46+00:00","dateModified":"2025-06-21T17:26:21+00:00","breadcrumb":{"@id":"https:\/\/www.agrotecrally.cz\/rally-hustopece\/ohlasy-z-cile-20-agrotec-petronas-rally-hustopece\/#breadcrumb"},"inLanguage":"en-GB","potentialAction":[{"@type":"ReadAction","target":["https:\/\/www.agrotecrally.cz\/rally-hustopece\/ohlasy-z-cile-20-agrotec-petronas-rally-hustopece\/"]}]},{"@type":"BreadcrumbList","@id":"https:\/\/www.agrotecrally.cz\/rally-hustopece\/ohlasy-z-cile-20-agrotec-petronas-rally-hustopece\/#breadcrumb","itemListElement":[{"@type":"ListItem","position":1,"name":"Dom\u016f","item":"https:\/\/www.agrotecrally.cz\/"},{"@type":"ListItem","position":2,"name":"Ohlasy z c\u00edle 20. AGROTEC PETRONAS Rally Hustope\u010de"}]},{"@type":"WebSite","@id":"https:\/\/www.agrotecrally.cz\/#website","url":"https:\/\/www.agrotecrally.cz\/","name":"AGROTEC Petronas rally","description":"Rally mezi vinicemi","publisher":{"@id":"https:\/\/www.agrotecrally.cz\/#organization"},"potentialAction":[{"@type":"SearchAction","target":{"@type":"EntryPoint","urlTemplate":"https:\/\/www.agrotecrally.cz\/?s={search_term_string}"},"query-input":"required name=search_term_string"}],"inLanguage":"en-GB"},{"@type":"Organization","@id":"https:\/\/www.agrotecrally.cz\/#organization","name":"AGROTEC Petronas rally","url":"https:\/\/www.agrotecrally.cz\/","logo":{"@type":"ImageObject","inLanguage":"en-GB","@id":"https:\/\/www.agrotecrally.cz\/#\/schema\/logo\/image\/","url":"https:\/\/www.agrotecrally.cz\/wp-content\/uploads\/2021\/05\/AGROTEC-RALLY_16-01-web-2.png","contentUrl":"https:\/\/www.agrotecrally.cz\/wp-content\/uploads\/2021\/05\/AGROTEC-RALLY_16-01-web-2.png","width":459,"height":222,"caption":"AGROTEC Petronas rally"},"image":{"@id":"https:\/\/www.agrotecrally.cz\/#\/schema\/logo\/image\/"},"sameAs":["https:\/\/www.facebook.com\/agrotecrally"]},{"@type":"Person","@id":"https:\/\/www.agrotecrally.cz\/#\/schema\/person\/38a02deaa1f019e278fc735d03d83f85","name":"Tom\u00e1\u0161 Plach\u00fd","image":{"@type":"ImageObject","inLanguage":"en-GB","@id":"https:\/\/www.agrotecrally.cz\/#\/schema\/person\/image\/","url":"https:\/\/secure.gravatar.com\/avatar\/a7a68eee7fdb2b4f0975cdc024983e22?s=96&d=mm&r=g","contentUrl":"https:\/\/secure.gravatar.com\/avatar\/a7a68eee7fdb2b4f0975cdc024983e22?s=96&d=mm&r=g","caption":"Tom\u00e1\u0161 Plach\u00fd"},"url":"https:\/\/www.agrotecrally.cz\/en\/author\/topmediaseznam-cz\/"}]}},"_links":{"self":[{"href":"https:\/\/www.agrotecrally.cz\/en\/wp-json\/wp\/v2\/posts\/4207"}],"collection":[{"href":"https:\/\/www.agrotecrally.cz\/en\/wp-json\/wp\/v2\/posts"}],"about":[{"href":"https:\/\/www.agrotecrally.cz\/en\/wp-json\/wp\/v2\/types\/post"}],"author":[{"embeddable":true,"href":"https:\/\/www.agrotecrally.cz\/en\/wp-json\/wp\/v2\/users\/2"}],"replies":[{"embeddable":true,"href":"https:\/\/www.agrotecrally.cz\/en\/wp-json\/wp\/v2\/comments?post=4207"}],"version-history":[{"count":5,"href":"https:\/\/www.agrotecrally.cz\/en\/wp-json\/wp\/v2\/posts\/4207\/revisions"}],"predecessor-version":[{"id":4212,"href":"https:\/\/www.agrotecrally.cz\/en\/wp-json\/wp\/v2\/posts\/4207\/revisions\/4212"}],"wp:featuredmedia":[{"embeddable":true,"href":"https:\/\/www.agrotecrally.cz\/en\/wp-json\/wp\/v2\/media\/4206"}],"wp:attachment":[{"href":"https:\/\/www.agrotecrally.cz\/en\/wp-json\/wp\/v2\/media?parent=4207"}],"wp:term":[{"taxonomy":"category","embeddable":true,"href":"https:\/\/www.agrotecrally.cz\/en\/wp-json\/wp\/v2\/categories?post=4207"},{"taxonomy":"post_tag","embeddable":true,"href":"https:\/\/www.agrotecrally.cz\/en\/wp-json\/wp\/v2\/tags?post=4207"}],"curies":[{"name":"wp","href":"https:\/\/api.w.org\/{rel}","templated":true}]}}