{"id":4246,"date":"2026-03-19T14:10:20","date_gmt":"2026-03-19T13:10:20","guid":{"rendered":"https:\/\/www.agrotecrally.cz\/?p=4246"},"modified":"2026-03-19T14:10:21","modified_gmt":"2026-03-19T13:10:21","slug":"pred-ctyrmi-lety-nas-opustil-ruda-kouril","status":"publish","type":"post","link":"https:\/\/www.agrotecrally.cz\/en\/rally-hustopece\/pred-ctyrmi-lety-nas-opustil-ruda-kouril\/","title":{"rendered":"P\u0159ed \u010dty\u0159mi lety n\u00e1s opustil Ruda Kou\u0159il"},"content":{"rendered":"<p>[et_pb_section fb_built=&#8220;1&#8243; _builder_version=&#8220;4.24.0&#8243; _module_preset=&#8220;default&#8220; global_colors_info=&#8220;{}&#8220;][et_pb_row _builder_version=&#8220;4.24.0&#8243; _module_preset=&#8220;default&#8220; hover_enabled=&#8220;0&#8243; global_colors_info=&#8220;{}&#8220; sticky_enabled=&#8220;0&#8243;][et_pb_column type=&#8220;4_4&#8243; _builder_version=&#8220;4.24.0&#8243; _module_preset=&#8220;default&#8220; global_colors_info=&#8220;{}&#8220;][et_pb_text _builder_version=&#8220;4.24.0&#8243; _module_preset=&#8220;default&#8220; hover_enabled=&#8220;0&#8243; global_colors_info=&#8220;{}&#8220; sticky_enabled=&#8220;0&#8243;]<\/p>\n<p><strong>Dnes, 19. b\u0159ezna 2026, si p\u0159ipom\u00edn\u00e1me \u010dty\u0159i roky od tragick\u00e9ho \u00famrt\u00ed Rudy Kou\u0159ila, v\u00fdrazn\u00e9 osobnosti \u010desk\u00e9ho motorsportu. Jeho ne\u010dekan\u00fd odchod zas\u00e1hl nejen rallye komunitu, ale i \u0161irok\u00e9 okol\u00ed lid\u00ed, pro kter\u00e9 byl symbolem nad\u0161en\u00ed, profesionality a lidskosti.<\/strong><\/p>\n<p>[\/et_pb_text][\/et_pb_column][\/et_pb_row][et_pb_row _builder_version=&#8220;4.24.0&#8243; _module_preset=&#8220;default&#8220; global_colors_info=&#8220;{}&#8220;][et_pb_column type=&#8220;4_4&#8243; _builder_version=&#8220;4.24.0&#8243; _module_preset=&#8220;default&#8220; global_colors_info=&#8220;{}&#8220;][et_pb_text _builder_version=&#8220;4.24.0&#8243; _module_preset=&#8220;default&#8220; hover_enabled=&#8220;0&#8243; global_colors_info=&#8220;{}&#8220; sticky_enabled=&#8220;0&#8243;]<\/p>\n<p>K trag\u00e9dii do\u0161lo v roce 2022 b\u011bhem z\u00e1vodu na Slovakia Ringu, kde Kou\u0159il p\u016fsobil jako navig\u00e1tor. P\u0159i hav\u00e1rii v \u00favodn\u00ed rychlostn\u00ed zkou\u0161ce utrp\u011bl zran\u011bn\u00ed, kter\u00fdm na m\u00edst\u011b podlehl. Rallye t\u00edm p\u0159i\u0161la o \u010dlov\u011bka, kter\u00fd j\u00ed zasv\u011btil cel\u00fd \u017eivot \u2013 absolvoval stovky sout\u011b\u017e\u00ed, pod\u00edlel se na organizaci v\u00fdznamn\u00fdch podnik\u016f v\u010detn\u011b toho hustope\u010dsk\u00e9ho, kter\u00fd spoluzakl\u00e1dal, a dlouhodob\u011b pat\u0159il k pil\u00ed\u0159\u016fm rallye sc\u00e9ny.<\/p>\n<p>Ruda Kou\u0159il ale nebyl jen zku\u0161en\u00fd profesion\u00e1l, byl p\u0159edev\u0161\u00edm srdca\u0159, kter\u00fd dok\u00e1zal spojovat lidi a posouvat cel\u00fd sport dop\u0159edu. Jeho odkaz \u017eije d\u00e1l nejen v AGROTEC PETRONAS Rally Hustope\u010de, ale hlavn\u011b v lidech, kter\u00e9 inspiroval. \u010cest jeho pam\u00e1tce.<\/p>\n<p>[\/et_pb_text][\/et_pb_column][\/et_pb_row][\/et_pb_section]<\/p>","protected":false},"excerpt":{"rendered":"<p>Dnes, 19. b\u0159ezna 2026, si p\u0159ipom\u00edn\u00e1me \u010dty\u0159i roky od tragick\u00e9ho \u00famrt\u00ed Rudy Kou\u0159ila, v\u00fdrazn\u00e9 osobnosti \u010desk\u00e9ho motorsportu. Jeho ne\u010dekan\u00fd odchod zas\u00e1hl nejen rallye komunitu, ale i \u0161irok\u00e9 okol\u00ed lid\u00ed, pro kter\u00e9 byl symbolem nad\u0161en\u00ed, profesionality a lidskosti.K trag\u00e9dii do\u0161lo v roce 2022 b\u011bhem z\u00e1vodu na Slovakia Ringu, kde Kou\u0159il p\u016fsobil jako navig\u00e1tor. P\u0159i hav\u00e1rii v [&hellip;]<\/p>","protected":false},"author":5,"featured_media":3786,"comment_status":"open","ping_status":"open","sticky":false,"template":"","format":"standard","meta":{"_et_pb_use_builder":"on","_et_pb_old_content":"","_et_gb_content_width":"","footnotes":""},"categories":[10],"tags":[],"yoast_head":"<!-- This site is optimized with the Yoast SEO plugin v21.9.1 - https:\/\/yoast.com\/wordpress\/plugins\/seo\/ -->\n<title>P\u0159ed \u010dty\u0159mi lety n\u00e1s opustil Ruda Kou\u0159il | AGROTEC Petronas Rally<\/title>\n<meta name=\"robots\" content=\"index, follow, max-snippet:-1, max-image-preview:large, max-video-preview:-1\" \/>\n<link rel=\"canonical\" href=\"https:\/\/www.agrotecrally.cz\/en\/rally-hustopece\/pred-ctyrmi-lety-nas-opustil-ruda-kouril\/\" \/>\n<meta property=\"og:locale\" content=\"en_GB\" \/>\n<meta property=\"og:type\" content=\"article\" \/>\n<meta property=\"og:title\" content=\"P\u0159ed \u010dty\u0159mi lety n\u00e1s opustil Ruda Kou\u0159il | AGROTEC Petronas Rally\" \/>\n<meta property=\"og:description\" content=\"Dnes, 19. b\u0159ezna 2026, si p\u0159ipom\u00edn\u00e1me \u010dty\u0159i roky od tragick\u00e9ho \u00famrt\u00ed Rudy Kou\u0159ila, v\u00fdrazn\u00e9 osobnosti \u010desk\u00e9ho motorsportu. Jeho ne\u010dekan\u00fd odchod zas\u00e1hl nejen rallye komunitu, ale i \u0161irok\u00e9 okol\u00ed lid\u00ed, pro kter\u00e9 byl symbolem nad\u0161en\u00ed, profesionality a lidskosti.K trag\u00e9dii do\u0161lo v roce 2022 b\u011bhem z\u00e1vodu na Slovakia Ringu, kde Kou\u0159il p\u016fsobil jako navig\u00e1tor. P\u0159i hav\u00e1rii v [&hellip;]\" \/>\n<meta property=\"og:url\" content=\"https:\/\/www.agrotecrally.cz\/en\/rally-hustopece\/pred-ctyrmi-lety-nas-opustil-ruda-kouril\/\" \/>\n<meta property=\"og:site_name\" content=\"AGROTEC Petronas Rally\" \/>\n<meta property=\"article:publisher\" content=\"https:\/\/www.facebook.com\/agrotecrally\" \/>\n<meta property=\"article:published_time\" content=\"2026-03-19T13:10:20+00:00\" \/>\n<meta property=\"article:modified_time\" content=\"2026-03-19T13:10:21+00:00\" \/>\n<meta property=\"og:image\" content=\"https:\/\/www.agrotecrally.cz\/wp-content\/uploads\/2025\/04\/kouril.jpg\" \/>\n\t<meta property=\"og:image:width\" content=\"1025\" \/>\n\t<meta property=\"og:image:height\" content=\"675\" \/>\n\t<meta property=\"og:image:type\" content=\"image\/jpeg\" \/>\n<meta name=\"author\" content=\"AGROTEC Group\" \/>\n<meta name=\"twitter:card\" content=\"summary_large_image\" \/>\n<meta name=\"twitter:label1\" content=\"Written by\" \/>\n\t<meta name=\"twitter:data1\" content=\"AGROTEC Group\" \/>\n\t<meta name=\"twitter:label2\" content=\"Estimated reading time\" \/>\n\t<meta name=\"twitter:data2\" content=\"1 minute\" \/>\n<script type=\"application\/ld+json\" class=\"yoast-schema-graph\">{\"@context\":\"https:\/\/schema.org\",\"@graph\":[{\"@type\":\"Article\",\"@id\":\"https:\/\/www.agrotecrally.cz\/rally-hustopece\/pred-ctyrmi-lety-nas-opustil-ruda-kouril\/#article\",\"isPartOf\":{\"@id\":\"https:\/\/www.agrotecrally.cz\/rally-hustopece\/pred-ctyrmi-lety-nas-opustil-ruda-kouril\/\"},\"author\":{\"name\":\"AGROTEC Group\",\"@id\":\"https:\/\/www.agrotecrally.cz\/#\/schema\/person\/a27dc612cf6a78c558f707d1669418ea\"},\"headline\":\"P\u0159ed \u010dty\u0159mi lety n\u00e1s opustil Ruda Kou\u0159il\",\"datePublished\":\"2026-03-19T13:10:20+00:00\",\"dateModified\":\"2026-03-19T13:10:21+00:00\",\"mainEntityOfPage\":{\"@id\":\"https:\/\/www.agrotecrally.cz\/rally-hustopece\/pred-ctyrmi-lety-nas-opustil-ruda-kouril\/\"},\"wordCount\":307,\"commentCount\":0,\"publisher\":{\"@id\":\"https:\/\/www.agrotecrally.cz\/#organization\"},\"articleSection\":[\"AGROTEC rally Hustope\u010de\"],\"inLanguage\":\"en-GB\",\"potentialAction\":[{\"@type\":\"CommentAction\",\"name\":\"Comment\",\"target\":[\"https:\/\/www.agrotecrally.cz\/rally-hustopece\/pred-ctyrmi-lety-nas-opustil-ruda-kouril\/#respond\"]}]},{\"@type\":\"WebPage\",\"@id\":\"https:\/\/www.agrotecrally.cz\/rally-hustopece\/pred-ctyrmi-lety-nas-opustil-ruda-kouril\/\",\"url\":\"https:\/\/www.agrotecrally.cz\/rally-hustopece\/pred-ctyrmi-lety-nas-opustil-ruda-kouril\/\",\"name\":\"P\u0159ed \u010dty\u0159mi lety n\u00e1s opustil Ruda Kou\u0159il | AGROTEC Petronas Rally\",\"isPartOf\":{\"@id\":\"https:\/\/www.agrotecrally.cz\/#website\"},\"datePublished\":\"2026-03-19T13:10:20+00:00\",\"dateModified\":\"2026-03-19T13:10:21+00:00\",\"breadcrumb\":{\"@id\":\"https:\/\/www.agrotecrally.cz\/rally-hustopece\/pred-ctyrmi-lety-nas-opustil-ruda-kouril\/#breadcrumb\"},\"inLanguage\":\"en-GB\",\"potentialAction\":[{\"@type\":\"ReadAction\",\"target\":[\"https:\/\/www.agrotecrally.cz\/rally-hustopece\/pred-ctyrmi-lety-nas-opustil-ruda-kouril\/\"]}]},{\"@type\":\"BreadcrumbList\",\"@id\":\"https:\/\/www.agrotecrally.cz\/rally-hustopece\/pred-ctyrmi-lety-nas-opustil-ruda-kouril\/#breadcrumb\",\"itemListElement\":[{\"@type\":\"ListItem\",\"position\":1,\"name\":\"Dom\u016f\",\"item\":\"https:\/\/www.agrotecrally.cz\/\"},{\"@type\":\"ListItem\",\"position\":2,\"name\":\"P\u0159ed \u010dty\u0159mi lety n\u00e1s opustil Ruda Kou\u0159il\"}]},{\"@type\":\"WebSite\",\"@id\":\"https:\/\/www.agrotecrally.cz\/#website\",\"url\":\"https:\/\/www.agrotecrally.cz\/\",\"name\":\"AGROTEC Petronas rally\",\"description\":\"Rally mezi vinicemi\",\"publisher\":{\"@id\":\"https:\/\/www.agrotecrally.cz\/#organization\"},\"potentialAction\":[{\"@type\":\"SearchAction\",\"target\":{\"@type\":\"EntryPoint\",\"urlTemplate\":\"https:\/\/www.agrotecrally.cz\/?s={search_term_string}\"},\"query-input\":\"required name=search_term_string\"}],\"inLanguage\":\"en-GB\"},{\"@type\":\"Organization\",\"@id\":\"https:\/\/www.agrotecrally.cz\/#organization\",\"name\":\"AGROTEC Petronas rally\",\"url\":\"https:\/\/www.agrotecrally.cz\/\",\"logo\":{\"@type\":\"ImageObject\",\"inLanguage\":\"en-GB\",\"@id\":\"https:\/\/www.agrotecrally.cz\/#\/schema\/logo\/image\/\",\"url\":\"https:\/\/www.agrotecrally.cz\/wp-content\/uploads\/2021\/05\/AGROTEC-RALLY_16-01-web-2.png\",\"contentUrl\":\"https:\/\/www.agrotecrally.cz\/wp-content\/uploads\/2021\/05\/AGROTEC-RALLY_16-01-web-2.png\",\"width\":459,\"height\":222,\"caption\":\"AGROTEC Petronas rally\"},\"image\":{\"@id\":\"https:\/\/www.agrotecrally.cz\/#\/schema\/logo\/image\/\"},\"sameAs\":[\"https:\/\/www.facebook.com\/agrotecrally\"]},{\"@type\":\"Person\",\"@id\":\"https:\/\/www.agrotecrally.cz\/#\/schema\/person\/a27dc612cf6a78c558f707d1669418ea\",\"name\":\"AGROTEC Group\",\"image\":{\"@type\":\"ImageObject\",\"inLanguage\":\"en-GB\",\"@id\":\"https:\/\/www.agrotecrally.cz\/#\/schema\/person\/image\/\",\"url\":\"https:\/\/secure.gravatar.com\/avatar\/5da8e1cb2a1adffcb169cbd61facae29?s=96&d=mm&r=g\",\"contentUrl\":\"https:\/\/secure.gravatar.com\/avatar\/5da8e1cb2a1adffcb169cbd61facae29?s=96&d=mm&r=g\",\"caption\":\"AGROTEC Group\"},\"url\":\"https:\/\/www.agrotecrally.cz\/en\/author\/marketing-agrotec-groupgmail-com\/\"}]}<\/script>\n<!-- \/ Yoast SEO plugin. -->","yoast_head_json":{"title":"P\u0159ed \u010dty\u0159mi lety n\u00e1s opustil Ruda Kou\u0159il | AGROTEC Petronas Rally","robots":{"index":"index","follow":"follow","max-snippet":"max-snippet:-1","max-image-preview":"max-image-preview:large","max-video-preview":"max-video-preview:-1"},"canonical":"https:\/\/www.agrotecrally.cz\/en\/rally-hustopece\/pred-ctyrmi-lety-nas-opustil-ruda-kouril\/","og_locale":"en_GB","og_type":"article","og_title":"P\u0159ed \u010dty\u0159mi lety n\u00e1s opustil Ruda Kou\u0159il | AGROTEC Petronas Rally","og_description":"Dnes, 19. b\u0159ezna 2026, si p\u0159ipom\u00edn\u00e1me \u010dty\u0159i roky od tragick\u00e9ho \u00famrt\u00ed Rudy Kou\u0159ila, v\u00fdrazn\u00e9 osobnosti \u010desk\u00e9ho motorsportu. Jeho ne\u010dekan\u00fd odchod zas\u00e1hl nejen rallye komunitu, ale i \u0161irok\u00e9 okol\u00ed lid\u00ed, pro kter\u00e9 byl symbolem nad\u0161en\u00ed, profesionality a lidskosti.K trag\u00e9dii do\u0161lo v roce 2022 b\u011bhem z\u00e1vodu na Slovakia Ringu, kde Kou\u0159il p\u016fsobil jako navig\u00e1tor. P\u0159i hav\u00e1rii v [&hellip;]","og_url":"https:\/\/www.agrotecrally.cz\/en\/rally-hustopece\/pred-ctyrmi-lety-nas-opustil-ruda-kouril\/","og_site_name":"AGROTEC Petronas Rally","article_publisher":"https:\/\/www.facebook.com\/agrotecrally","article_published_time":"2026-03-19T13:10:20+00:00","article_modified_time":"2026-03-19T13:10:21+00:00","og_image":[{"width":1025,"height":675,"url":"https:\/\/www.agrotecrally.cz\/wp-content\/uploads\/2025\/04\/kouril.jpg","type":"image\/jpeg"}],"author":"AGROTEC Group","twitter_card":"summary_large_image","twitter_misc":{"Written by":"AGROTEC Group","Estimated reading time":"1 minute"},"schema":{"@context":"https:\/\/schema.org","@graph":[{"@type":"Article","@id":"https:\/\/www.agrotecrally.cz\/rally-hustopece\/pred-ctyrmi-lety-nas-opustil-ruda-kouril\/#article","isPartOf":{"@id":"https:\/\/www.agrotecrally.cz\/rally-hustopece\/pred-ctyrmi-lety-nas-opustil-ruda-kouril\/"},"author":{"name":"AGROTEC Group","@id":"https:\/\/www.agrotecrally.cz\/#\/schema\/person\/a27dc612cf6a78c558f707d1669418ea"},"headline":"P\u0159ed \u010dty\u0159mi lety n\u00e1s opustil Ruda Kou\u0159il","datePublished":"2026-03-19T13:10:20+00:00","dateModified":"2026-03-19T13:10:21+00:00","mainEntityOfPage":{"@id":"https:\/\/www.agrotecrally.cz\/rally-hustopece\/pred-ctyrmi-lety-nas-opustil-ruda-kouril\/"},"wordCount":307,"commentCount":0,"publisher":{"@id":"https:\/\/www.agrotecrally.cz\/#organization"},"articleSection":["AGROTEC rally Hustope\u010de"],"inLanguage":"en-GB","potentialAction":[{"@type":"CommentAction","name":"Comment","target":["https:\/\/www.agrotecrally.cz\/rally-hustopece\/pred-ctyrmi-lety-nas-opustil-ruda-kouril\/#respond"]}]},{"@type":"WebPage","@id":"https:\/\/www.agrotecrally.cz\/rally-hustopece\/pred-ctyrmi-lety-nas-opustil-ruda-kouril\/","url":"https:\/\/www.agrotecrally.cz\/rally-hustopece\/pred-ctyrmi-lety-nas-opustil-ruda-kouril\/","name":"P\u0159ed \u010dty\u0159mi lety n\u00e1s opustil Ruda Kou\u0159il | AGROTEC Petronas Rally","isPartOf":{"@id":"https:\/\/www.agrotecrally.cz\/#website"},"datePublished":"2026-03-19T13:10:20+00:00","dateModified":"2026-03-19T13:10:21+00:00","breadcrumb":{"@id":"https:\/\/www.agrotecrally.cz\/rally-hustopece\/pred-ctyrmi-lety-nas-opustil-ruda-kouril\/#breadcrumb"},"inLanguage":"en-GB","potentialAction":[{"@type":"ReadAction","target":["https:\/\/www.agrotecrally.cz\/rally-hustopece\/pred-ctyrmi-lety-nas-opustil-ruda-kouril\/"]}]},{"@type":"BreadcrumbList","@id":"https:\/\/www.agrotecrally.cz\/rally-hustopece\/pred-ctyrmi-lety-nas-opustil-ruda-kouril\/#breadcrumb","itemListElement":[{"@type":"ListItem","position":1,"name":"Dom\u016f","item":"https:\/\/www.agrotecrally.cz\/"},{"@type":"ListItem","position":2,"name":"P\u0159ed \u010dty\u0159mi lety n\u00e1s opustil Ruda Kou\u0159il"}]},{"@type":"WebSite","@id":"https:\/\/www.agrotecrally.cz\/#website","url":"https:\/\/www.agrotecrally.cz\/","name":"AGROTEC Petronas rally","description":"Rally mezi vinicemi","publisher":{"@id":"https:\/\/www.agrotecrally.cz\/#organization"},"potentialAction":[{"@type":"SearchAction","target":{"@type":"EntryPoint","urlTemplate":"https:\/\/www.agrotecrally.cz\/?s={search_term_string}"},"query-input":"required name=search_term_string"}],"inLanguage":"en-GB"},{"@type":"Organization","@id":"https:\/\/www.agrotecrally.cz\/#organization","name":"AGROTEC Petronas rally","url":"https:\/\/www.agrotecrally.cz\/","logo":{"@type":"ImageObject","inLanguage":"en-GB","@id":"https:\/\/www.agrotecrally.cz\/#\/schema\/logo\/image\/","url":"https:\/\/www.agrotecrally.cz\/wp-content\/uploads\/2021\/05\/AGROTEC-RALLY_16-01-web-2.png","contentUrl":"https:\/\/www.agrotecrally.cz\/wp-content\/uploads\/2021\/05\/AGROTEC-RALLY_16-01-web-2.png","width":459,"height":222,"caption":"AGROTEC Petronas rally"},"image":{"@id":"https:\/\/www.agrotecrally.cz\/#\/schema\/logo\/image\/"},"sameAs":["https:\/\/www.facebook.com\/agrotecrally"]},{"@type":"Person","@id":"https:\/\/www.agrotecrally.cz\/#\/schema\/person\/a27dc612cf6a78c558f707d1669418ea","name":"AGROTEC Group","image":{"@type":"ImageObject","inLanguage":"en-GB","@id":"https:\/\/www.agrotecrally.cz\/#\/schema\/person\/image\/","url":"https:\/\/secure.gravatar.com\/avatar\/5da8e1cb2a1adffcb169cbd61facae29?s=96&d=mm&r=g","contentUrl":"https:\/\/secure.gravatar.com\/avatar\/5da8e1cb2a1adffcb169cbd61facae29?s=96&d=mm&r=g","caption":"AGROTEC Group"},"url":"https:\/\/www.agrotecrally.cz\/en\/author\/marketing-agrotec-groupgmail-com\/"}]}},"_links":{"self":[{"href":"https:\/\/www.agrotecrally.cz\/en\/wp-json\/wp\/v2\/posts\/4246"}],"collection":[{"href":"https:\/\/www.agrotecrally.cz\/en\/wp-json\/wp\/v2\/posts"}],"about":[{"href":"https:\/\/www.agrotecrally.cz\/en\/wp-json\/wp\/v2\/types\/post"}],"author":[{"embeddable":true,"href":"https:\/\/www.agrotecrally.cz\/en\/wp-json\/wp\/v2\/users\/5"}],"replies":[{"embeddable":true,"href":"https:\/\/www.agrotecrally.cz\/en\/wp-json\/wp\/v2\/comments?post=4246"}],"version-history":[{"count":3,"href":"https:\/\/www.agrotecrally.cz\/en\/wp-json\/wp\/v2\/posts\/4246\/revisions"}],"predecessor-version":[{"id":4249,"href":"https:\/\/www.agrotecrally.cz\/en\/wp-json\/wp\/v2\/posts\/4246\/revisions\/4249"}],"wp:featuredmedia":[{"embeddable":true,"href":"https:\/\/www.agrotecrally.cz\/en\/wp-json\/wp\/v2\/media\/3786"}],"wp:attachment":[{"href":"https:\/\/www.agrotecrally.cz\/en\/wp-json\/wp\/v2\/media?parent=4246"}],"wp:term":[{"taxonomy":"category","embeddable":true,"href":"https:\/\/www.agrotecrally.cz\/en\/wp-json\/wp\/v2\/categories?post=4246"},{"taxonomy":"post_tag","embeddable":true,"href":"https:\/\/www.agrotecrally.cz\/en\/wp-json\/wp\/v2\/tags?post=4246"}],"curies":[{"name":"wp","href":"https:\/\/api.w.org\/{rel}","templated":true}]}}