{"id":4255,"date":"2026-04-13T13:59:48","date_gmt":"2026-04-13T12:59:48","guid":{"rendered":"https:\/\/www.agrotecrally.cz\/?p=4255"},"modified":"2026-04-13T14:00:46","modified_gmt":"2026-04-13T13:00:46","slug":"rally-hustopece-2026-dvanact-zkousek-a-navrat-k-osvedcenemu-formatu","status":"publish","type":"post","link":"https:\/\/www.agrotecrally.cz\/en\/rally-hustopece\/rally-hustopece-2026-dvanact-zkousek-a-navrat-k-osvedcenemu-formatu\/","title":{"rendered":"Rally Hustope\u010de 2026: dvan\u00e1ct zkou\u0161ek a n\u00e1vrat  k osv\u011bd\u010den\u00e9mu form\u00e1tu"},"content":{"rendered":"<p><strong>AGROTEC PETRONAS Rally Hustope\u010de se jako t\u0159et\u00ed kl\u00e1n\u00ed \u010desk\u00e9ho \u0161ampion\u00e1tu odjede ve dnech 12.\u201313. \u010dervna 2026. Tentokr\u00e1t ov\u0161em bez evropsk\u00fdch z\u00e1po\u010dt\u016f. Fanou\u0161ci se ale i p\u0159esto mohou p\u0159i \u201erally mezi vinohrady\u201c t\u011b\u0161it na dramatick\u00e9 souboje na specifick\u00fdch trat\u00edch s\u00a0vy\u0161\u0161\u00edm pod\u00edlem \u0161otolinov\u00fdch \u00fasek\u016f.<\/strong><\/p>\n<p>Hustope\u010d\u0161t\u00ed po\u0159adatel\u00e9 loni oslavili dvac\u00e1t\u00e9 jubileum z\u00e1vodem, kter\u00fd nab\u00eddl pos\u00e1dk\u00e1m rovn\u00fdch 200 ostr\u00fdch kilometr\u016f. V\u00a0leto\u0161n\u00edm harmonogramu se v\u0161ak po\u010det z\u00e1vodn\u00edch kilometr\u016f vrac\u00ed k\u00a0\u010d\u00edslu 150.<\/p>\n<p>Z\u00e1vodn\u00edci se vydaj\u00ed na dvan\u00e1ct rychlostn\u00edch zkou\u0161ek, \u0161est v\u00a0ka\u017ed\u00e9 etap\u011b. Pojede se tedy ve form\u00e1tu t\u0159\u00ed \u00fasek\u016f dvakr\u00e1t, se servisn\u00ed p\u0159est\u00e1vkou v\u00a0are\u00e1lu spole\u010dnosti MOSS logistics (Bratislavsk\u00e1 ulice, Hustope\u010de), kter\u00e1 je dlouholet\u00fdm partnerem a podporovatelem hustope\u010dsk\u00e9 rally.<\/p>\n<p>AGROTEC PETRONAS Rally se op\u011bt pojede jako Memori\u00e1l Rudolfa Kou\u0159ila, letos v\u0161ak v\u00a0odli\u0161n\u00e9m term\u00ednu, tedy 12. a 13. \u010dervna.<\/p>\n<p><strong><em>\u201eO t\u00fdden pozd\u011bji se jede brn\u011bnsk\u00fd podnik Moto GP. V\u00edme, jak je to s kapacitami ubytov\u00e1n\u00ed v regionu, tak jsme r\u00e1di, \u017ee se m\u016f\u017eeme vr\u00e1tit na tradi\u010dn\u00ed term\u00edn v polovin\u011b \u010dervna. N\u00e1vrat o t\u00fdden v\u0161ak p\u0159inesl term\u00ednovou kolizi se z\u00e1vodem European Rally Trophy v chorvatsk\u00e9m Z\u00e1h\u0159ebu. Proto\u017ee FIA nesouhlasila s t\u00edm, \u017ee se v jednom term\u00ednu uskute\u010dn\u00ed dva podniky European Rally Trophy, museli jsme na za\u0159azen\u00ed do evropsk\u00fdch struktur pro leto\u0161ek rezignovat,\u201c <\/em><\/strong>p\u0159izn\u00e1v\u00e1 \u0161\u00e9f organiza\u010dn\u00edho t\u00fdmu Martin Rada.<\/p>\n<p>Z\u00a0programu AGROTEC PETRONAS Rally nazna\u010dme, \u017ee seznamovac\u00ed j\u00edzdy se uskute\u010dn\u00ed ve dnech 11. a 12. \u010dervna, po p\u00e1te\u010dn\u00ed technick\u00e9 p\u0159ej\u00edmce se odjede testovac\u00ed zkou\u0161ka v\u00a0okol\u00ed Starovic.<br \/>\nRally odstartuje v\u00a0p\u00e1tek 12. \u010dervna v\u00a016:45 hodin z\u00a0Husovy ulice v Hustope\u010d\u00edch, z\u00e1v\u011br dne prob\u011bhne pod sv\u011bteln\u00fdmi rampami z\u00e1vodn\u00edch voz\u016f, kter\u00e9 n\u00e1sledn\u011b p\u0159e\u010dkaj\u00ed noc v uzav\u0159en\u00e9m parkovi\u0161ti (ve 22:15 hod.). Pokra\u010dovat se bude sobotn\u00ed etapou (13. \u010dervna, start 8:30 hodin). V\u00edt\u011bzn\u00e1 pos\u00e1dka bude na c\u00edlov\u00e9 ramp\u011b korunov\u00e1na kr\u00e1tce p\u0159ed \u0161estn\u00e1ctou hodinou.<\/p>\n<p>Na pos\u00e1dky op\u011bt \u010dekaj\u00ed \u00faseky u Starovic, Popic, K\u0159epic, Kurd\u011bjova, N\u011bm\u010di\u010dek, Horn\u00edch Bojanovic, Div\u00e1k\u016f a Nikol\u010dic. Mezi nimi s\u00a0jistotou nebudou chyb\u011bt ani pos\u00e1dky startuj\u00edc\u00ed s\u00a0podporou spole\u010dnosti AGROTEC, tedy dvojice Jan Kopeck\u00fd \u2013 Ji\u0159\u00ed Hovorka v\u00a0barv\u00e1ch dealersk\u00e9ho AGROTEC \u0160KODA Rally Teamu (\u0160koda Fabia RS Rally2) a Martin Rada \u2013 Jaroslav Jugas prezentuj\u00edc\u00ed AGROTEC Czech Abarth Team (Fiat Abarth 124 rally RGT).<\/p>\n<p>Na ofici\u00e1ln\u00ed str\u00e1nce www.agrotecrally.cz a v\u00a0aplikaci Sportity bude brzy zve\u0159ejn\u011bno Zvl\u00e1\u0161tn\u00ed ustanoven\u00ed (heslo: <strong>Hustopece2026<\/strong>), dal\u0161\u00ed informace m\u016f\u017eete sledovat na facebookov\u00e9m profilu <strong>AGROTEC Group<\/strong> a <strong>Agrotec rally Hustope\u010de<\/strong>.<\/p>\n<p>AGROTEC PETRONAS rally, tiskov\u00fd servis<\/p>\n<p>Tom\u00e1\u0161 Plach\u00fd, foto: AGROTEC Group<\/p>","protected":false},"excerpt":{"rendered":"<p>AGROTEC PETRONAS Rally Hustope\u010de se jako t\u0159et\u00ed kl\u00e1n\u00ed \u010desk\u00e9ho \u0161ampion\u00e1tu odjede ve dnech 12.\u201313. \u010dervna 2026. Tentokr\u00e1t ov\u0161em bez evropsk\u00fdch z\u00e1po\u010dt\u016f. Fanou\u0161ci se ale i p\u0159esto mohou p\u0159i \u201erally mezi vinohrady\u201c t\u011b\u0161it na dramatick\u00e9 souboje na specifick\u00fdch trat\u00edch s\u00a0vy\u0161\u0161\u00edm pod\u00edlem \u0161otolinov\u00fdch \u00fasek\u016f. Hustope\u010d\u0161t\u00ed po\u0159adatel\u00e9 loni oslavili dvac\u00e1t\u00e9 jubileum z\u00e1vodem, kter\u00fd nab\u00eddl pos\u00e1dk\u00e1m rovn\u00fdch 200 ostr\u00fdch [&hellip;]<\/p>","protected":false},"author":2,"featured_media":4256,"comment_status":"open","ping_status":"open","sticky":false,"template":"","format":"standard","meta":{"_et_pb_use_builder":"","_et_pb_old_content":"","_et_gb_content_width":"","footnotes":""},"categories":[10,9],"tags":[84,19,23,77,21,75,20],"yoast_head":"<!-- This site is optimized with the Yoast SEO plugin v21.9.1 - https:\/\/yoast.com\/wordpress\/plugins\/seo\/ -->\n<title>Rally Hustope\u010de 2026: dvan\u00e1ct zkou\u0161ek a n\u00e1vrat k osv\u011bd\u010den\u00e9mu form\u00e1tu | AGROTEC Petronas Rally<\/title>\n<meta name=\"robots\" content=\"index, follow, max-snippet:-1, max-image-preview:large, max-video-preview:-1\" \/>\n<link rel=\"canonical\" href=\"https:\/\/www.agrotecrally.cz\/en\/rally-hustopece\/rally-hustopece-2026-dvanact-zkousek-a-navrat-k-osvedcenemu-formatu\/\" \/>\n<meta property=\"og:locale\" content=\"en_GB\" \/>\n<meta property=\"og:type\" content=\"article\" \/>\n<meta property=\"og:title\" content=\"Rally Hustope\u010de 2026: dvan\u00e1ct zkou\u0161ek a n\u00e1vrat k osv\u011bd\u010den\u00e9mu form\u00e1tu | AGROTEC Petronas Rally\" \/>\n<meta property=\"og:description\" content=\"AGROTEC PETRONAS Rally Hustope\u010de se jako t\u0159et\u00ed kl\u00e1n\u00ed \u010desk\u00e9ho \u0161ampion\u00e1tu odjede ve dnech 12.\u201313. \u010dervna 2026. Tentokr\u00e1t ov\u0161em bez evropsk\u00fdch z\u00e1po\u010dt\u016f. Fanou\u0161ci se ale i p\u0159esto mohou p\u0159i \u201erally mezi vinohrady\u201c t\u011b\u0161it na dramatick\u00e9 souboje na specifick\u00fdch trat\u00edch s\u00a0vy\u0161\u0161\u00edm pod\u00edlem \u0161otolinov\u00fdch \u00fasek\u016f. Hustope\u010d\u0161t\u00ed po\u0159adatel\u00e9 loni oslavili dvac\u00e1t\u00e9 jubileum z\u00e1vodem, kter\u00fd nab\u00eddl pos\u00e1dk\u00e1m rovn\u00fdch 200 ostr\u00fdch [&hellip;]\" \/>\n<meta property=\"og:url\" content=\"https:\/\/www.agrotecrally.cz\/en\/rally-hustopece\/rally-hustopece-2026-dvanact-zkousek-a-navrat-k-osvedcenemu-formatu\/\" \/>\n<meta property=\"og:site_name\" content=\"AGROTEC Petronas Rally\" \/>\n<meta property=\"article:publisher\" content=\"https:\/\/www.facebook.com\/agrotecrally\" \/>\n<meta property=\"article:published_time\" content=\"2026-04-13T12:59:48+00:00\" \/>\n<meta property=\"article:modified_time\" content=\"2026-04-13T13:00:46+00:00\" \/>\n<meta property=\"og:image\" content=\"https:\/\/www.agrotecrally.cz\/wp-content\/uploads\/2026\/04\/TK_rally0795.jpg\" \/>\n\t<meta property=\"og:image:width\" content=\"2362\" \/>\n\t<meta property=\"og:image:height\" content=\"1575\" \/>\n\t<meta property=\"og:image:type\" content=\"image\/jpeg\" \/>\n<meta name=\"author\" content=\"Tom\u00e1\u0161 Plach\u00fd\" \/>\n<meta name=\"twitter:card\" content=\"summary_large_image\" \/>\n<meta name=\"twitter:label1\" content=\"Written by\" \/>\n\t<meta name=\"twitter:data1\" content=\"Tom\u00e1\u0161 Plach\u00fd\" \/>\n\t<meta name=\"twitter:label2\" content=\"Estimated reading time\" \/>\n\t<meta name=\"twitter:data2\" content=\"3 minutes\" \/>\n<script type=\"application\/ld+json\" class=\"yoast-schema-graph\">{\"@context\":\"https:\/\/schema.org\",\"@graph\":[{\"@type\":\"Article\",\"@id\":\"https:\/\/www.agrotecrally.cz\/rally-hustopece\/rally-hustopece-2026-dvanact-zkousek-a-navrat-k-osvedcenemu-formatu\/#article\",\"isPartOf\":{\"@id\":\"https:\/\/www.agrotecrally.cz\/rally-hustopece\/rally-hustopece-2026-dvanact-zkousek-a-navrat-k-osvedcenemu-formatu\/\"},\"author\":{\"name\":\"Tom\u00e1\u0161 Plach\u00fd\",\"@id\":\"https:\/\/www.agrotecrally.cz\/#\/schema\/person\/38a02deaa1f019e278fc735d03d83f85\"},\"headline\":\"Rally Hustope\u010de 2026: dvan\u00e1ct zkou\u0161ek a n\u00e1vrat k osv\u011bd\u010den\u00e9mu form\u00e1tu\",\"datePublished\":\"2026-04-13T12:59:48+00:00\",\"dateModified\":\"2026-04-13T13:00:46+00:00\",\"mainEntityOfPage\":{\"@id\":\"https:\/\/www.agrotecrally.cz\/rally-hustopece\/rally-hustopece-2026-dvanact-zkousek-a-navrat-k-osvedcenemu-formatu\/\"},\"wordCount\":534,\"commentCount\":0,\"publisher\":{\"@id\":\"https:\/\/www.agrotecrally.cz\/#organization\"},\"keywords\":[\"Agrotec Petronas rally\",\"Hustope\u010de\",\"Hustope\u010dsko\",\"M\u010cR HA\",\"M\u010cR v rally\",\"rally\",\"rally mezi vinicemi\"],\"articleSection\":[\"AGROTEC rally Hustope\u010de\",\"Rally mezi vinicemi\"],\"inLanguage\":\"en-GB\",\"potentialAction\":[{\"@type\":\"CommentAction\",\"name\":\"Comment\",\"target\":[\"https:\/\/www.agrotecrally.cz\/rally-hustopece\/rally-hustopece-2026-dvanact-zkousek-a-navrat-k-osvedcenemu-formatu\/#respond\"]}]},{\"@type\":\"WebPage\",\"@id\":\"https:\/\/www.agrotecrally.cz\/rally-hustopece\/rally-hustopece-2026-dvanact-zkousek-a-navrat-k-osvedcenemu-formatu\/\",\"url\":\"https:\/\/www.agrotecrally.cz\/rally-hustopece\/rally-hustopece-2026-dvanact-zkousek-a-navrat-k-osvedcenemu-formatu\/\",\"name\":\"Rally Hustope\u010de 2026: dvan\u00e1ct zkou\u0161ek a n\u00e1vrat k osv\u011bd\u010den\u00e9mu form\u00e1tu | AGROTEC Petronas Rally\",\"isPartOf\":{\"@id\":\"https:\/\/www.agrotecrally.cz\/#website\"},\"datePublished\":\"2026-04-13T12:59:48+00:00\",\"dateModified\":\"2026-04-13T13:00:46+00:00\",\"breadcrumb\":{\"@id\":\"https:\/\/www.agrotecrally.cz\/rally-hustopece\/rally-hustopece-2026-dvanact-zkousek-a-navrat-k-osvedcenemu-formatu\/#breadcrumb\"},\"inLanguage\":\"en-GB\",\"potentialAction\":[{\"@type\":\"ReadAction\",\"target\":[\"https:\/\/www.agrotecrally.cz\/rally-hustopece\/rally-hustopece-2026-dvanact-zkousek-a-navrat-k-osvedcenemu-formatu\/\"]}]},{\"@type\":\"BreadcrumbList\",\"@id\":\"https:\/\/www.agrotecrally.cz\/rally-hustopece\/rally-hustopece-2026-dvanact-zkousek-a-navrat-k-osvedcenemu-formatu\/#breadcrumb\",\"itemListElement\":[{\"@type\":\"ListItem\",\"position\":1,\"name\":\"Dom\u016f\",\"item\":\"https:\/\/www.agrotecrally.cz\/\"},{\"@type\":\"ListItem\",\"position\":2,\"name\":\"Rally Hustope\u010de 2026: dvan\u00e1ct zkou\u0161ek a n\u00e1vrat k osv\u011bd\u010den\u00e9mu form\u00e1tu\"}]},{\"@type\":\"WebSite\",\"@id\":\"https:\/\/www.agrotecrally.cz\/#website\",\"url\":\"https:\/\/www.agrotecrally.cz\/\",\"name\":\"AGROTEC Petronas rally\",\"description\":\"Rally mezi vinicemi\",\"publisher\":{\"@id\":\"https:\/\/www.agrotecrally.cz\/#organization\"},\"potentialAction\":[{\"@type\":\"SearchAction\",\"target\":{\"@type\":\"EntryPoint\",\"urlTemplate\":\"https:\/\/www.agrotecrally.cz\/?s={search_term_string}\"},\"query-input\":\"required name=search_term_string\"}],\"inLanguage\":\"en-GB\"},{\"@type\":\"Organization\",\"@id\":\"https:\/\/www.agrotecrally.cz\/#organization\",\"name\":\"AGROTEC Petronas rally\",\"url\":\"https:\/\/www.agrotecrally.cz\/\",\"logo\":{\"@type\":\"ImageObject\",\"inLanguage\":\"en-GB\",\"@id\":\"https:\/\/www.agrotecrally.cz\/#\/schema\/logo\/image\/\",\"url\":\"https:\/\/www.agrotecrally.cz\/wp-content\/uploads\/2021\/05\/AGROTEC-RALLY_16-01-web-2.png\",\"contentUrl\":\"https:\/\/www.agrotecrally.cz\/wp-content\/uploads\/2021\/05\/AGROTEC-RALLY_16-01-web-2.png\",\"width\":459,\"height\":222,\"caption\":\"AGROTEC Petronas rally\"},\"image\":{\"@id\":\"https:\/\/www.agrotecrally.cz\/#\/schema\/logo\/image\/\"},\"sameAs\":[\"https:\/\/www.facebook.com\/agrotecrally\"]},{\"@type\":\"Person\",\"@id\":\"https:\/\/www.agrotecrally.cz\/#\/schema\/person\/38a02deaa1f019e278fc735d03d83f85\",\"name\":\"Tom\u00e1\u0161 Plach\u00fd\",\"image\":{\"@type\":\"ImageObject\",\"inLanguage\":\"en-GB\",\"@id\":\"https:\/\/www.agrotecrally.cz\/#\/schema\/person\/image\/\",\"url\":\"https:\/\/secure.gravatar.com\/avatar\/a7a68eee7fdb2b4f0975cdc024983e22?s=96&d=mm&r=g\",\"contentUrl\":\"https:\/\/secure.gravatar.com\/avatar\/a7a68eee7fdb2b4f0975cdc024983e22?s=96&d=mm&r=g\",\"caption\":\"Tom\u00e1\u0161 Plach\u00fd\"},\"url\":\"https:\/\/www.agrotecrally.cz\/en\/author\/topmediaseznam-cz\/\"}]}<\/script>\n<!-- \/ Yoast SEO plugin. -->","yoast_head_json":{"title":"Rally Hustope\u010de 2026: dvan\u00e1ct zkou\u0161ek a n\u00e1vrat k osv\u011bd\u010den\u00e9mu form\u00e1tu | AGROTEC Petronas Rally","robots":{"index":"index","follow":"follow","max-snippet":"max-snippet:-1","max-image-preview":"max-image-preview:large","max-video-preview":"max-video-preview:-1"},"canonical":"https:\/\/www.agrotecrally.cz\/en\/rally-hustopece\/rally-hustopece-2026-dvanact-zkousek-a-navrat-k-osvedcenemu-formatu\/","og_locale":"en_GB","og_type":"article","og_title":"Rally Hustope\u010de 2026: dvan\u00e1ct zkou\u0161ek a n\u00e1vrat k osv\u011bd\u010den\u00e9mu form\u00e1tu | AGROTEC Petronas Rally","og_description":"AGROTEC PETRONAS Rally Hustope\u010de se jako t\u0159et\u00ed kl\u00e1n\u00ed \u010desk\u00e9ho \u0161ampion\u00e1tu odjede ve dnech 12.\u201313. \u010dervna 2026. Tentokr\u00e1t ov\u0161em bez evropsk\u00fdch z\u00e1po\u010dt\u016f. Fanou\u0161ci se ale i p\u0159esto mohou p\u0159i \u201erally mezi vinohrady\u201c t\u011b\u0161it na dramatick\u00e9 souboje na specifick\u00fdch trat\u00edch s\u00a0vy\u0161\u0161\u00edm pod\u00edlem \u0161otolinov\u00fdch \u00fasek\u016f. Hustope\u010d\u0161t\u00ed po\u0159adatel\u00e9 loni oslavili dvac\u00e1t\u00e9 jubileum z\u00e1vodem, kter\u00fd nab\u00eddl pos\u00e1dk\u00e1m rovn\u00fdch 200 ostr\u00fdch [&hellip;]","og_url":"https:\/\/www.agrotecrally.cz\/en\/rally-hustopece\/rally-hustopece-2026-dvanact-zkousek-a-navrat-k-osvedcenemu-formatu\/","og_site_name":"AGROTEC Petronas Rally","article_publisher":"https:\/\/www.facebook.com\/agrotecrally","article_published_time":"2026-04-13T12:59:48+00:00","article_modified_time":"2026-04-13T13:00:46+00:00","og_image":[{"width":2362,"height":1575,"url":"https:\/\/www.agrotecrally.cz\/wp-content\/uploads\/2026\/04\/TK_rally0795.jpg","type":"image\/jpeg"}],"author":"Tom\u00e1\u0161 Plach\u00fd","twitter_card":"summary_large_image","twitter_misc":{"Written by":"Tom\u00e1\u0161 Plach\u00fd","Estimated reading time":"3 minutes"},"schema":{"@context":"https:\/\/schema.org","@graph":[{"@type":"Article","@id":"https:\/\/www.agrotecrally.cz\/rally-hustopece\/rally-hustopece-2026-dvanact-zkousek-a-navrat-k-osvedcenemu-formatu\/#article","isPartOf":{"@id":"https:\/\/www.agrotecrally.cz\/rally-hustopece\/rally-hustopece-2026-dvanact-zkousek-a-navrat-k-osvedcenemu-formatu\/"},"author":{"name":"Tom\u00e1\u0161 Plach\u00fd","@id":"https:\/\/www.agrotecrally.cz\/#\/schema\/person\/38a02deaa1f019e278fc735d03d83f85"},"headline":"Rally Hustope\u010de 2026: dvan\u00e1ct zkou\u0161ek a n\u00e1vrat k osv\u011bd\u010den\u00e9mu form\u00e1tu","datePublished":"2026-04-13T12:59:48+00:00","dateModified":"2026-04-13T13:00:46+00:00","mainEntityOfPage":{"@id":"https:\/\/www.agrotecrally.cz\/rally-hustopece\/rally-hustopece-2026-dvanact-zkousek-a-navrat-k-osvedcenemu-formatu\/"},"wordCount":534,"commentCount":0,"publisher":{"@id":"https:\/\/www.agrotecrally.cz\/#organization"},"keywords":["Agrotec Petronas rally","Hustope\u010de","Hustope\u010dsko","M\u010cR HA","M\u010cR v rally","rally","rally mezi vinicemi"],"articleSection":["AGROTEC rally Hustope\u010de","Rally mezi vinicemi"],"inLanguage":"en-GB","potentialAction":[{"@type":"CommentAction","name":"Comment","target":["https:\/\/www.agrotecrally.cz\/rally-hustopece\/rally-hustopece-2026-dvanact-zkousek-a-navrat-k-osvedcenemu-formatu\/#respond"]}]},{"@type":"WebPage","@id":"https:\/\/www.agrotecrally.cz\/rally-hustopece\/rally-hustopece-2026-dvanact-zkousek-a-navrat-k-osvedcenemu-formatu\/","url":"https:\/\/www.agrotecrally.cz\/rally-hustopece\/rally-hustopece-2026-dvanact-zkousek-a-navrat-k-osvedcenemu-formatu\/","name":"Rally Hustope\u010de 2026: dvan\u00e1ct zkou\u0161ek a n\u00e1vrat k osv\u011bd\u010den\u00e9mu form\u00e1tu | AGROTEC Petronas Rally","isPartOf":{"@id":"https:\/\/www.agrotecrally.cz\/#website"},"datePublished":"2026-04-13T12:59:48+00:00","dateModified":"2026-04-13T13:00:46+00:00","breadcrumb":{"@id":"https:\/\/www.agrotecrally.cz\/rally-hustopece\/rally-hustopece-2026-dvanact-zkousek-a-navrat-k-osvedcenemu-formatu\/#breadcrumb"},"inLanguage":"en-GB","potentialAction":[{"@type":"ReadAction","target":["https:\/\/www.agrotecrally.cz\/rally-hustopece\/rally-hustopece-2026-dvanact-zkousek-a-navrat-k-osvedcenemu-formatu\/"]}]},{"@type":"BreadcrumbList","@id":"https:\/\/www.agrotecrally.cz\/rally-hustopece\/rally-hustopece-2026-dvanact-zkousek-a-navrat-k-osvedcenemu-formatu\/#breadcrumb","itemListElement":[{"@type":"ListItem","position":1,"name":"Dom\u016f","item":"https:\/\/www.agrotecrally.cz\/"},{"@type":"ListItem","position":2,"name":"Rally Hustope\u010de 2026: dvan\u00e1ct zkou\u0161ek a n\u00e1vrat k osv\u011bd\u010den\u00e9mu form\u00e1tu"}]},{"@type":"WebSite","@id":"https:\/\/www.agrotecrally.cz\/#website","url":"https:\/\/www.agrotecrally.cz\/","name":"AGROTEC Petronas rally","description":"Rally mezi vinicemi","publisher":{"@id":"https:\/\/www.agrotecrally.cz\/#organization"},"potentialAction":[{"@type":"SearchAction","target":{"@type":"EntryPoint","urlTemplate":"https:\/\/www.agrotecrally.cz\/?s={search_term_string}"},"query-input":"required name=search_term_string"}],"inLanguage":"en-GB"},{"@type":"Organization","@id":"https:\/\/www.agrotecrally.cz\/#organization","name":"AGROTEC Petronas rally","url":"https:\/\/www.agrotecrally.cz\/","logo":{"@type":"ImageObject","inLanguage":"en-GB","@id":"https:\/\/www.agrotecrally.cz\/#\/schema\/logo\/image\/","url":"https:\/\/www.agrotecrally.cz\/wp-content\/uploads\/2021\/05\/AGROTEC-RALLY_16-01-web-2.png","contentUrl":"https:\/\/www.agrotecrally.cz\/wp-content\/uploads\/2021\/05\/AGROTEC-RALLY_16-01-web-2.png","width":459,"height":222,"caption":"AGROTEC Petronas rally"},"image":{"@id":"https:\/\/www.agrotecrally.cz\/#\/schema\/logo\/image\/"},"sameAs":["https:\/\/www.facebook.com\/agrotecrally"]},{"@type":"Person","@id":"https:\/\/www.agrotecrally.cz\/#\/schema\/person\/38a02deaa1f019e278fc735d03d83f85","name":"Tom\u00e1\u0161 Plach\u00fd","image":{"@type":"ImageObject","inLanguage":"en-GB","@id":"https:\/\/www.agrotecrally.cz\/#\/schema\/person\/image\/","url":"https:\/\/secure.gravatar.com\/avatar\/a7a68eee7fdb2b4f0975cdc024983e22?s=96&d=mm&r=g","contentUrl":"https:\/\/secure.gravatar.com\/avatar\/a7a68eee7fdb2b4f0975cdc024983e22?s=96&d=mm&r=g","caption":"Tom\u00e1\u0161 Plach\u00fd"},"url":"https:\/\/www.agrotecrally.cz\/en\/author\/topmediaseznam-cz\/"}]}},"_links":{"self":[{"href":"https:\/\/www.agrotecrally.cz\/en\/wp-json\/wp\/v2\/posts\/4255"}],"collection":[{"href":"https:\/\/www.agrotecrally.cz\/en\/wp-json\/wp\/v2\/posts"}],"about":[{"href":"https:\/\/www.agrotecrally.cz\/en\/wp-json\/wp\/v2\/types\/post"}],"author":[{"embeddable":true,"href":"https:\/\/www.agrotecrally.cz\/en\/wp-json\/wp\/v2\/users\/2"}],"replies":[{"embeddable":true,"href":"https:\/\/www.agrotecrally.cz\/en\/wp-json\/wp\/v2\/comments?post=4255"}],"version-history":[{"count":2,"href":"https:\/\/www.agrotecrally.cz\/en\/wp-json\/wp\/v2\/posts\/4255\/revisions"}],"predecessor-version":[{"id":4258,"href":"https:\/\/www.agrotecrally.cz\/en\/wp-json\/wp\/v2\/posts\/4255\/revisions\/4258"}],"wp:featuredmedia":[{"embeddable":true,"href":"https:\/\/www.agrotecrally.cz\/en\/wp-json\/wp\/v2\/media\/4256"}],"wp:attachment":[{"href":"https:\/\/www.agrotecrally.cz\/en\/wp-json\/wp\/v2\/media?parent=4255"}],"wp:term":[{"taxonomy":"category","embeddable":true,"href":"https:\/\/www.agrotecrally.cz\/en\/wp-json\/wp\/v2\/categories?post=4255"},{"taxonomy":"post_tag","embeddable":true,"href":"https:\/\/www.agrotecrally.cz\/en\/wp-json\/wp\/v2\/tags?post=4255"}],"curies":[{"name":"wp","href":"https:\/\/api.w.org\/{rel}","templated":true}]}}