{"id":632,"date":"2021-05-11T06:42:16","date_gmt":"2021-05-11T05:42:16","guid":{"rendered":"https:\/\/www.agrotecrally.cz\/?p=632"},"modified":"2021-05-11T07:48:53","modified_gmt":"2021-05-11T06:48:53","slug":"hustopecska-rally-a-cerven-patri-k-sobe","status":"publish","type":"post","link":"https:\/\/www.agrotecrally.cz\/en\/rally-hustopece\/hustopecska-rally-a-cerven-patri-k-sobe\/","title":{"rendered":"Hustope\u010dsk\u00e1 rally a \u010derven pat\u0159\u00ed k sob\u011b"},"content":{"rendered":"<p><strong>P\u0159\u00edpravy leto\u0161n\u00edho 16. ro\u010dn\u00edku AGROTEC PETRONAS rally, kter\u00fd se uskute\u010dn\u00ed ve dnech 18. \u2013 19. \u010dervna 2021, odstartovaly mo\u017en\u00e1 trochu komplikovan\u011bji a za odli\u0161n\u00e9 situace ne\u017e v\u00a0minul\u00fdch letech, ale jinak zku\u0161en\u00fd po\u0159adatelsk\u00fd t\u00fdm v pln\u00e9m nasazen\u00ed pracuje na n\u00e1vratu \u201erally mezi vinicemi\u201c po ro\u010dn\u00ed p\u0159est\u00e1vce do okol\u00ed Hustope\u010d\u00ed. Sout\u011b\u017e bude hostit \u00fa\u010dastn\u00edky Mistrovstv\u00ed FIA Z\u00f3ny st\u0159edn\u00ed Evropa (CEZ) a u\u017e tradi\u010dn\u011b se poperou o body i pos\u00e1dky v\u00a0r\u00e1mci \u010desk\u00e9ho i slovensk\u00e9ho mistrovstv\u00ed v\u00a0rally 2021.<\/strong><\/p>\n<p>Nad ob\u011bma n\u00e1rodn\u00edmi \u0161ampion\u00e1ty bude ji\u017e pon\u011bkolik\u00e1t\u00e9 v\u00a0\u0159ad\u011b \u010dn\u00edt z\u00e1po\u010det sout\u011b\u017ee do mezin\u00e1rodn\u00edho kalend\u00e1\u0159e Mistrovstv\u00ed FIA Z\u00f3ny st\u0159edn\u00ed Evropa (<a href=\"http:\/\/www.cez-motorsport.com\" target=\"_blank\" rel=\"noopener\">www.cez-motorsport.com<\/a>). Leto\u0161n\u00ed kalend\u00e1\u0159 obsahuje patn\u00e1ct sout\u011b\u017e\u00ed ve st\u0159edn\u00ed a jihov\u00fdchodn\u00ed Evrop\u011b. Po zru\u0161en\u00ed b\u0159eznov\u00e9ho podniku v\u00a0Ma\u010farsku bude hustope\u010dsk\u00e1 sout\u011b\u017e \u0161est\u00fdm podnikem tohoto seri\u00e1lu. AGROTEC PETRONAS rally bude t\u00edm p\u00e1dem ve spole\u010dnosti v\u00fdznamn\u00fdch a nesm\u00edrn\u011b kvalitn\u00edch sout\u011b\u017e\u00ed z\u00a0Rakouska, Ma\u010farska, Slovenska, Polska, Chorvatska, Srbska, Slovinska, Bosny a Hercegoviny a It\u00e1lie.<\/p>\n<p>Organiza\u010dn\u00ed t\u00fdm pracuje na pln\u00e9 obr\u00e1tky a p\u0159ipravuje rally i pro div\u00e1ky. I p\u0159esto, \u017ee situace s pandemi\u00ed koronaviru loni zastavila p\u0159\u00edpravy na\u0161eho podniku, ani to n\u00e1s od p\u0159\u00edprav leto\u0161n\u00edho ro\u010dn\u00edku neodradilo. Nav\u00edc jsme nuceni b\u00fdt p\u0159ipraveni v r\u00e1mci mo\u017en\u00fdch opat\u0159en\u00ed i na alternativn\u00ed varianty tak, aby se sout\u011b\u017e i v t\u00e9to slo\u017eit\u00e9 dob\u011b uskute\u010dnila. Nic se nem\u011bn\u00ed na charakteristice z\u00e1vodu, porci specifick\u00fdch a sportovn\u011b hodnotn\u00fdch asfaltov\u00fdch trat\u00ed s p\u0159\u00edm\u011bs\u00ed \u0161otolinov\u00fdch pas\u00e1\u017e\u00ed. P\u0159esn\u011b to je tah\u00e1k, kv\u016fli kter\u00e9mu m\u00ed\u0159\u00ed na jih Moravy kvalitn\u00ed pos\u00e1dky z \u010desk\u00e9ho i slovensk\u00e9ho mistrovstv\u00ed. V \u010desk\u00e9m \u0161ampion\u00e1tu bude AGROTEC PETRONAS rally 2021 s nejv\u011bt\u0161\u00ed pravd\u011bpodobnost\u00ed t\u0159et\u00edm podnikem sez\u00f3ny, v r\u00e1mci slovensk\u00e9ho seri\u00e1lu rovn\u011b\u017e t\u0159et\u00edm kl\u00e1n\u00edm sez\u00f3ny. Novinkou bude z\u00e1po\u010det do \u010cesk\u00e9 Trofeje v rally historick\u00fdch automobil\u016f. \u010cesk\u00e9 pos\u00e1dky historik\u016f tak budou moci zabojovat o vav\u0159\u00edny v r\u00e1mci nov\u011b vypsan\u00e9 \u010desk\u00e9 s\u00e9rie.<\/p>\n<p><em>\u201eJsme r\u00e1di, \u017ee se n\u00e1m poda\u0159ilo zachovat v\u0161echny z\u00e1po\u010dty sout\u011b\u017ee. Po\u0161est\u00e9 v\u00a0\u0159ad\u011b tak dojde na zaj\u00edmavou konfrontaci \u010desk\u00e9 a slovensk\u00e9 rally sc\u00e9ny a doufejme, \u017ee se na startu objev\u00ed i n\u011bjak\u00fd dal\u0161\u00ed atraktivn\u00ed sout\u011b\u017en\u00ed jezdec ze zahrani\u010d\u00ed.<\/em><\/p>\n<p><em>D\u011bkuji v\u0161em na\u0161im partner\u016fm, dot\u010den\u00fdm org\u00e1n\u016fm, \u00fa\u0159ad\u016fm i obc\u00edm za dosavadn\u00ed p\u0159\u00edstup. Bez jejich podpory bychom sout\u011b\u017e nedok\u00e1zali zorganizovat. Prioritou je op\u011bt postavit velmi kompaktn\u00ed tra\u0165, ve stylu posledn\u00edch let. O\u010dek\u00e1v\u00e1me kolem 140 km rychlostn\u00edch zkou\u0161ek, s\u00a0celkovou d\u00e9lkou sout\u011b\u017ee okolo 300 kilometr\u016f,\u201c<\/em> nazna\u010duje \u0161\u00e9f organiza\u010dn\u00edho t\u00fdmu Martin Rada.<\/p>\n<p><em>\u201eP\u0159ece jen jsme m\u011bli s\u00a0p\u0159\u00edpravou trat\u00ed v\u00edce komplikac\u00ed ne\u017e obvykle. Nov\u00e1 opat\u0159en\u00ed i n\u011bkter\u00e9 uzav\u00edrky silnic jsou d\u016fvodem k\u00a0\u00faprav\u00e1m, kter\u00fdm jsme se museli p\u0159izp\u016fsobit. Aktu\u00e1ln\u011b jsme \u0159\u00edd\u00edc\u00edmu org\u00e1nu zaslali na schv\u00e1len\u00ed Zvl\u00e1\u0161tn\u00ed ustanoven\u00ed, v\u00a0nejbli\u017e\u0161\u00edch dnech prob\u011bhne kontrola trati delegovan\u00fdmi \u010dinovn\u00edky. Podoba rally vych\u00e1z\u00ed z\u00a0kompaktn\u00edho harmonogramu 2019, kdy jsme se sna\u017eili dodr\u017eet tradi\u010dn\u00ed koncept na\u0161\u00ed sout\u011b\u017ee,\u201c<\/em> dopl\u0148uje \u0159editel Rudolf Kou\u0159il.<br \/>\nZ programu AGROTEC PETRONAS rally m\u016f\u017eeme uv\u00e9st, \u017ee ve dnech 17. \u2013 18. \u010dervna se uskute\u010dn\u00ed seznamovac\u00ed j\u00edzdy, po technick\u00e9 a administrativn\u00ed p\u0159ej\u00edmce si budou moci pos\u00e1dky naposledy vyzkou\u0161et z\u00e1vodn\u00ed vozy na testovac\u00ed zkou\u0161ce. Shakedown se op\u011bt odehraje na \u010d\u00e1sti Starovick\u00e9 zkou\u0161ky (p\u00e1tek 18. \u010dervna, 12:30 \u2013 16:00 h). Samotn\u00fd z\u00e1vod se uskute\u010dn\u00ed v p\u00e1tek 18. \u010dervna, s typick\u00fdm startem ve ve\u010dern\u00edch hodin\u00e1ch a pokra\u010dovat bude sobotn\u00ed etapou (19. \u010dervna). Novinkou je servisn\u00ed z\u00e1zem\u00ed ve zcela nov\u00e9m are\u00e1lu spole\u010dnosti MOSS logistics, na Bratislavsk\u00e9 ulici v Hustope\u010d\u00edch. Tato spole\u010dnost je dlouholet\u00fdm partnerem a podporovatelem na\u0161\u00ed rally.<\/p>\n<p>V\u00edce informac\u00ed k\u00a0sout\u011b\u017ei bude postupn\u011b zve\u0159ejn\u011bno na ofici\u00e1ln\u00ed str\u00e1nce <a href=\"https:\/\/www.agrotecrally.cz\/en\/\" target=\"_blank\" rel=\"noopener\">www.agrotecrally.cz<\/a>, \u0159ada novinek bude dostupn\u00e1 i na facebookov\u00e9m profilu <strong>Agrotec rally Hustope\u010de<\/strong>.<\/p>\n<p>AGROTEC PETRONAS rally Hustope\u010de 2021, tiskov\u00fd servis<\/p>","protected":false},"excerpt":{"rendered":"<p>P\u0159\u00edpravy leto\u0161n\u00edho 16. ro\u010dn\u00edku AGROTEC PETRONAS rally, kter\u00fd se uskute\u010dn\u00ed ve dnech 18. \u2013 19. \u010dervna 2021, odstartovaly mo\u017en\u00e1 trochu komplikovan\u011bji a za odli\u0161n\u00e9 situace ne\u017e v\u00a0minul\u00fdch letech, ale jinak zku\u0161en\u00fd po\u0159adatelsk\u00fd t\u00fdm v pln\u00e9m nasazen\u00ed pracuje na n\u00e1vratu \u201erally mezi vinicemi\u201c po ro\u010dn\u00ed p\u0159est\u00e1vce do okol\u00ed Hustope\u010d\u00ed. Sout\u011b\u017e bude hostit \u00fa\u010dastn\u00edky Mistrovstv\u00ed FIA Z\u00f3ny [&hellip;]<\/p>","protected":false},"author":2,"featured_media":633,"comment_status":"open","ping_status":"open","sticky":false,"template":"","format":"standard","meta":{"_et_pb_use_builder":"","_et_pb_old_content":"","_et_gb_content_width":"","footnotes":""},"categories":[10],"tags":[],"yoast_head":"<!-- This site is optimized with the Yoast SEO plugin v21.9.1 - https:\/\/yoast.com\/wordpress\/plugins\/seo\/ -->\n<title>Hustope\u010dsk\u00e1 rally a \u010derven pat\u0159\u00ed k sob\u011b | AGROTEC Petronas Rally<\/title>\n<meta name=\"robots\" content=\"index, follow, max-snippet:-1, max-image-preview:large, max-video-preview:-1\" \/>\n<link rel=\"canonical\" href=\"https:\/\/www.agrotecrally.cz\/en\/rally-hustopece\/hustopecska-rally-a-cerven-patri-k-sobe\/\" \/>\n<meta property=\"og:locale\" content=\"en_GB\" \/>\n<meta property=\"og:type\" content=\"article\" \/>\n<meta property=\"og:title\" content=\"Hustope\u010dsk\u00e1 rally a \u010derven pat\u0159\u00ed k sob\u011b | AGROTEC Petronas Rally\" \/>\n<meta property=\"og:description\" content=\"P\u0159\u00edpravy leto\u0161n\u00edho 16. ro\u010dn\u00edku AGROTEC PETRONAS rally, kter\u00fd se uskute\u010dn\u00ed ve dnech 18. \u2013 19. \u010dervna 2021, odstartovaly mo\u017en\u00e1 trochu komplikovan\u011bji a za odli\u0161n\u00e9 situace ne\u017e v\u00a0minul\u00fdch letech, ale jinak zku\u0161en\u00fd po\u0159adatelsk\u00fd t\u00fdm v pln\u00e9m nasazen\u00ed pracuje na n\u00e1vratu \u201erally mezi vinicemi\u201c po ro\u010dn\u00ed p\u0159est\u00e1vce do okol\u00ed Hustope\u010d\u00ed. Sout\u011b\u017e bude hostit \u00fa\u010dastn\u00edky Mistrovstv\u00ed FIA Z\u00f3ny [&hellip;]\" \/>\n<meta property=\"og:url\" content=\"https:\/\/www.agrotecrally.cz\/en\/rally-hustopece\/hustopecska-rally-a-cerven-patri-k-sobe\/\" \/>\n<meta property=\"og:site_name\" content=\"AGROTEC Petronas Rally\" \/>\n<meta property=\"article:publisher\" content=\"https:\/\/www.facebook.com\/agrotecrally\" \/>\n<meta property=\"article:published_time\" content=\"2021-05-11T05:42:16+00:00\" \/>\n<meta property=\"article:modified_time\" content=\"2021-05-11T06:48:53+00:00\" \/>\n<meta property=\"og:image\" content=\"https:\/\/www.agrotecrally.cz\/wp-content\/uploads\/2021\/05\/33_Rada-3web-e1620713911862.jpg\" \/>\n\t<meta property=\"og:image:width\" content=\"1012\" \/>\n\t<meta property=\"og:image:height\" content=\"647\" \/>\n\t<meta property=\"og:image:type\" content=\"image\/jpeg\" \/>\n<meta name=\"author\" content=\"Tom\u00e1\u0161 Plach\u00fd\" \/>\n<meta name=\"twitter:card\" content=\"summary_large_image\" \/>\n<meta name=\"twitter:label1\" content=\"Written by\" \/>\n\t<meta name=\"twitter:data1\" content=\"Tom\u00e1\u0161 Plach\u00fd\" \/>\n\t<meta name=\"twitter:label2\" content=\"Estimated reading time\" \/>\n\t<meta name=\"twitter:data2\" content=\"4 minutes\" \/>\n<script type=\"application\/ld+json\" class=\"yoast-schema-graph\">{\"@context\":\"https:\/\/schema.org\",\"@graph\":[{\"@type\":\"Article\",\"@id\":\"https:\/\/www.agrotecrally.cz\/en\/rally-hustopece\/hustopecska-rally-a-cerven-patri-k-sobe\/#article\",\"isPartOf\":{\"@id\":\"https:\/\/www.agrotecrally.cz\/en\/rally-hustopece\/hustopecska-rally-a-cerven-patri-k-sobe\/\"},\"author\":{\"name\":\"Tom\u00e1\u0161 Plach\u00fd\",\"@id\":\"https:\/\/www.agrotecrally.cz\/#\/schema\/person\/38a02deaa1f019e278fc735d03d83f85\"},\"headline\":\"Hustope\u010dsk\u00e1 rally a \u010derven pat\u0159\u00ed k sob\u011b\",\"datePublished\":\"2021-05-11T05:42:16+00:00\",\"dateModified\":\"2021-05-11T06:48:53+00:00\",\"mainEntityOfPage\":{\"@id\":\"https:\/\/www.agrotecrally.cz\/en\/rally-hustopece\/hustopecska-rally-a-cerven-patri-k-sobe\/\"},\"wordCount\":775,\"commentCount\":0,\"publisher\":{\"@id\":\"https:\/\/www.agrotecrally.cz\/#organization\"},\"articleSection\":[\"AGROTEC rally Hustope\u010de\"],\"inLanguage\":\"en-GB\",\"potentialAction\":[{\"@type\":\"CommentAction\",\"name\":\"Comment\",\"target\":[\"https:\/\/www.agrotecrally.cz\/en\/rally-hustopece\/hustopecska-rally-a-cerven-patri-k-sobe\/#respond\"]}]},{\"@type\":\"WebPage\",\"@id\":\"https:\/\/www.agrotecrally.cz\/en\/rally-hustopece\/hustopecska-rally-a-cerven-patri-k-sobe\/\",\"url\":\"https:\/\/www.agrotecrally.cz\/en\/rally-hustopece\/hustopecska-rally-a-cerven-patri-k-sobe\/\",\"name\":\"Hustope\u010dsk\u00e1 rally a \u010derven pat\u0159\u00ed k sob\u011b | AGROTEC Petronas Rally\",\"isPartOf\":{\"@id\":\"https:\/\/www.agrotecrally.cz\/#website\"},\"datePublished\":\"2021-05-11T05:42:16+00:00\",\"dateModified\":\"2021-05-11T06:48:53+00:00\",\"breadcrumb\":{\"@id\":\"https:\/\/www.agrotecrally.cz\/en\/rally-hustopece\/hustopecska-rally-a-cerven-patri-k-sobe\/#breadcrumb\"},\"inLanguage\":\"en-GB\",\"potentialAction\":[{\"@type\":\"ReadAction\",\"target\":[\"https:\/\/www.agrotecrally.cz\/en\/rally-hustopece\/hustopecska-rally-a-cerven-patri-k-sobe\/\"]}]},{\"@type\":\"BreadcrumbList\",\"@id\":\"https:\/\/www.agrotecrally.cz\/en\/rally-hustopece\/hustopecska-rally-a-cerven-patri-k-sobe\/#breadcrumb\",\"itemListElement\":[{\"@type\":\"ListItem\",\"position\":1,\"name\":\"Dom\u016f\",\"item\":\"https:\/\/www.agrotecrally.cz\/\"},{\"@type\":\"ListItem\",\"position\":2,\"name\":\"Hustope\u010dsk\u00e1 rally a \u010derven pat\u0159\u00ed k sob\u011b\"}]},{\"@type\":\"WebSite\",\"@id\":\"https:\/\/www.agrotecrally.cz\/#website\",\"url\":\"https:\/\/www.agrotecrally.cz\/\",\"name\":\"AGROTEC Petronas rally\",\"description\":\"Rally mezi vinicemi\",\"publisher\":{\"@id\":\"https:\/\/www.agrotecrally.cz\/#organization\"},\"potentialAction\":[{\"@type\":\"SearchAction\",\"target\":{\"@type\":\"EntryPoint\",\"urlTemplate\":\"https:\/\/www.agrotecrally.cz\/?s={search_term_string}\"},\"query-input\":\"required name=search_term_string\"}],\"inLanguage\":\"en-GB\"},{\"@type\":\"Organization\",\"@id\":\"https:\/\/www.agrotecrally.cz\/#organization\",\"name\":\"AGROTEC Petronas rally\",\"url\":\"https:\/\/www.agrotecrally.cz\/\",\"logo\":{\"@type\":\"ImageObject\",\"inLanguage\":\"en-GB\",\"@id\":\"https:\/\/www.agrotecrally.cz\/#\/schema\/logo\/image\/\",\"url\":\"https:\/\/www.agrotecrally.cz\/wp-content\/uploads\/2021\/05\/AGROTEC-RALLY_16-01-web-2.png\",\"contentUrl\":\"https:\/\/www.agrotecrally.cz\/wp-content\/uploads\/2021\/05\/AGROTEC-RALLY_16-01-web-2.png\",\"width\":459,\"height\":222,\"caption\":\"AGROTEC Petronas rally\"},\"image\":{\"@id\":\"https:\/\/www.agrotecrally.cz\/#\/schema\/logo\/image\/\"},\"sameAs\":[\"https:\/\/www.facebook.com\/agrotecrally\"]},{\"@type\":\"Person\",\"@id\":\"https:\/\/www.agrotecrally.cz\/#\/schema\/person\/38a02deaa1f019e278fc735d03d83f85\",\"name\":\"Tom\u00e1\u0161 Plach\u00fd\",\"image\":{\"@type\":\"ImageObject\",\"inLanguage\":\"en-GB\",\"@id\":\"https:\/\/www.agrotecrally.cz\/#\/schema\/person\/image\/\",\"url\":\"https:\/\/secure.gravatar.com\/avatar\/a7a68eee7fdb2b4f0975cdc024983e22?s=96&d=mm&r=g\",\"contentUrl\":\"https:\/\/secure.gravatar.com\/avatar\/a7a68eee7fdb2b4f0975cdc024983e22?s=96&d=mm&r=g\",\"caption\":\"Tom\u00e1\u0161 Plach\u00fd\"},\"url\":\"https:\/\/www.agrotecrally.cz\/en\/author\/topmediaseznam-cz\/\"}]}<\/script>\n<!-- \/ Yoast SEO plugin. -->","yoast_head_json":{"title":"Hustope\u010dsk\u00e1 rally a \u010derven pat\u0159\u00ed k sob\u011b | AGROTEC Petronas Rally","robots":{"index":"index","follow":"follow","max-snippet":"max-snippet:-1","max-image-preview":"max-image-preview:large","max-video-preview":"max-video-preview:-1"},"canonical":"https:\/\/www.agrotecrally.cz\/en\/rally-hustopece\/hustopecska-rally-a-cerven-patri-k-sobe\/","og_locale":"en_GB","og_type":"article","og_title":"Hustope\u010dsk\u00e1 rally a \u010derven pat\u0159\u00ed k sob\u011b | AGROTEC Petronas Rally","og_description":"P\u0159\u00edpravy leto\u0161n\u00edho 16. ro\u010dn\u00edku AGROTEC PETRONAS rally, kter\u00fd se uskute\u010dn\u00ed ve dnech 18. \u2013 19. \u010dervna 2021, odstartovaly mo\u017en\u00e1 trochu komplikovan\u011bji a za odli\u0161n\u00e9 situace ne\u017e v\u00a0minul\u00fdch letech, ale jinak zku\u0161en\u00fd po\u0159adatelsk\u00fd t\u00fdm v pln\u00e9m nasazen\u00ed pracuje na n\u00e1vratu \u201erally mezi vinicemi\u201c po ro\u010dn\u00ed p\u0159est\u00e1vce do okol\u00ed Hustope\u010d\u00ed. Sout\u011b\u017e bude hostit \u00fa\u010dastn\u00edky Mistrovstv\u00ed FIA Z\u00f3ny [&hellip;]","og_url":"https:\/\/www.agrotecrally.cz\/en\/rally-hustopece\/hustopecska-rally-a-cerven-patri-k-sobe\/","og_site_name":"AGROTEC Petronas Rally","article_publisher":"https:\/\/www.facebook.com\/agrotecrally","article_published_time":"2021-05-11T05:42:16+00:00","article_modified_time":"2021-05-11T06:48:53+00:00","og_image":[{"width":1012,"height":647,"url":"https:\/\/www.agrotecrally.cz\/wp-content\/uploads\/2021\/05\/33_Rada-3web-e1620713911862.jpg","type":"image\/jpeg"}],"author":"Tom\u00e1\u0161 Plach\u00fd","twitter_card":"summary_large_image","twitter_misc":{"Written by":"Tom\u00e1\u0161 Plach\u00fd","Estimated reading time":"4 minutes"},"schema":{"@context":"https:\/\/schema.org","@graph":[{"@type":"Article","@id":"https:\/\/www.agrotecrally.cz\/en\/rally-hustopece\/hustopecska-rally-a-cerven-patri-k-sobe\/#article","isPartOf":{"@id":"https:\/\/www.agrotecrally.cz\/en\/rally-hustopece\/hustopecska-rally-a-cerven-patri-k-sobe\/"},"author":{"name":"Tom\u00e1\u0161 Plach\u00fd","@id":"https:\/\/www.agrotecrally.cz\/#\/schema\/person\/38a02deaa1f019e278fc735d03d83f85"},"headline":"Hustope\u010dsk\u00e1 rally a \u010derven pat\u0159\u00ed k sob\u011b","datePublished":"2021-05-11T05:42:16+00:00","dateModified":"2021-05-11T06:48:53+00:00","mainEntityOfPage":{"@id":"https:\/\/www.agrotecrally.cz\/en\/rally-hustopece\/hustopecska-rally-a-cerven-patri-k-sobe\/"},"wordCount":775,"commentCount":0,"publisher":{"@id":"https:\/\/www.agrotecrally.cz\/#organization"},"articleSection":["AGROTEC rally Hustope\u010de"],"inLanguage":"en-GB","potentialAction":[{"@type":"CommentAction","name":"Comment","target":["https:\/\/www.agrotecrally.cz\/en\/rally-hustopece\/hustopecska-rally-a-cerven-patri-k-sobe\/#respond"]}]},{"@type":"WebPage","@id":"https:\/\/www.agrotecrally.cz\/en\/rally-hustopece\/hustopecska-rally-a-cerven-patri-k-sobe\/","url":"https:\/\/www.agrotecrally.cz\/en\/rally-hustopece\/hustopecska-rally-a-cerven-patri-k-sobe\/","name":"Hustope\u010dsk\u00e1 rally a \u010derven pat\u0159\u00ed k sob\u011b | AGROTEC Petronas Rally","isPartOf":{"@id":"https:\/\/www.agrotecrally.cz\/#website"},"datePublished":"2021-05-11T05:42:16+00:00","dateModified":"2021-05-11T06:48:53+00:00","breadcrumb":{"@id":"https:\/\/www.agrotecrally.cz\/en\/rally-hustopece\/hustopecska-rally-a-cerven-patri-k-sobe\/#breadcrumb"},"inLanguage":"en-GB","potentialAction":[{"@type":"ReadAction","target":["https:\/\/www.agrotecrally.cz\/en\/rally-hustopece\/hustopecska-rally-a-cerven-patri-k-sobe\/"]}]},{"@type":"BreadcrumbList","@id":"https:\/\/www.agrotecrally.cz\/en\/rally-hustopece\/hustopecska-rally-a-cerven-patri-k-sobe\/#breadcrumb","itemListElement":[{"@type":"ListItem","position":1,"name":"Dom\u016f","item":"https:\/\/www.agrotecrally.cz\/"},{"@type":"ListItem","position":2,"name":"Hustope\u010dsk\u00e1 rally a \u010derven pat\u0159\u00ed k sob\u011b"}]},{"@type":"WebSite","@id":"https:\/\/www.agrotecrally.cz\/#website","url":"https:\/\/www.agrotecrally.cz\/","name":"AGROTEC Petronas rally","description":"Rally mezi vinicemi","publisher":{"@id":"https:\/\/www.agrotecrally.cz\/#organization"},"potentialAction":[{"@type":"SearchAction","target":{"@type":"EntryPoint","urlTemplate":"https:\/\/www.agrotecrally.cz\/?s={search_term_string}"},"query-input":"required name=search_term_string"}],"inLanguage":"en-GB"},{"@type":"Organization","@id":"https:\/\/www.agrotecrally.cz\/#organization","name":"AGROTEC Petronas rally","url":"https:\/\/www.agrotecrally.cz\/","logo":{"@type":"ImageObject","inLanguage":"en-GB","@id":"https:\/\/www.agrotecrally.cz\/#\/schema\/logo\/image\/","url":"https:\/\/www.agrotecrally.cz\/wp-content\/uploads\/2021\/05\/AGROTEC-RALLY_16-01-web-2.png","contentUrl":"https:\/\/www.agrotecrally.cz\/wp-content\/uploads\/2021\/05\/AGROTEC-RALLY_16-01-web-2.png","width":459,"height":222,"caption":"AGROTEC Petronas rally"},"image":{"@id":"https:\/\/www.agrotecrally.cz\/#\/schema\/logo\/image\/"},"sameAs":["https:\/\/www.facebook.com\/agrotecrally"]},{"@type":"Person","@id":"https:\/\/www.agrotecrally.cz\/#\/schema\/person\/38a02deaa1f019e278fc735d03d83f85","name":"Tom\u00e1\u0161 Plach\u00fd","image":{"@type":"ImageObject","inLanguage":"en-GB","@id":"https:\/\/www.agrotecrally.cz\/#\/schema\/person\/image\/","url":"https:\/\/secure.gravatar.com\/avatar\/a7a68eee7fdb2b4f0975cdc024983e22?s=96&d=mm&r=g","contentUrl":"https:\/\/secure.gravatar.com\/avatar\/a7a68eee7fdb2b4f0975cdc024983e22?s=96&d=mm&r=g","caption":"Tom\u00e1\u0161 Plach\u00fd"},"url":"https:\/\/www.agrotecrally.cz\/en\/author\/topmediaseznam-cz\/"}]}},"_links":{"self":[{"href":"https:\/\/www.agrotecrally.cz\/en\/wp-json\/wp\/v2\/posts\/632"}],"collection":[{"href":"https:\/\/www.agrotecrally.cz\/en\/wp-json\/wp\/v2\/posts"}],"about":[{"href":"https:\/\/www.agrotecrally.cz\/en\/wp-json\/wp\/v2\/types\/post"}],"author":[{"embeddable":true,"href":"https:\/\/www.agrotecrally.cz\/en\/wp-json\/wp\/v2\/users\/2"}],"replies":[{"embeddable":true,"href":"https:\/\/www.agrotecrally.cz\/en\/wp-json\/wp\/v2\/comments?post=632"}],"version-history":[{"count":4,"href":"https:\/\/www.agrotecrally.cz\/en\/wp-json\/wp\/v2\/posts\/632\/revisions"}],"predecessor-version":[{"id":641,"href":"https:\/\/www.agrotecrally.cz\/en\/wp-json\/wp\/v2\/posts\/632\/revisions\/641"}],"wp:featuredmedia":[{"embeddable":true,"href":"https:\/\/www.agrotecrally.cz\/en\/wp-json\/wp\/v2\/media\/633"}],"wp:attachment":[{"href":"https:\/\/www.agrotecrally.cz\/en\/wp-json\/wp\/v2\/media?parent=632"}],"wp:term":[{"taxonomy":"category","embeddable":true,"href":"https:\/\/www.agrotecrally.cz\/en\/wp-json\/wp\/v2\/categories?post=632"},{"taxonomy":"post_tag","embeddable":true,"href":"https:\/\/www.agrotecrally.cz\/en\/wp-json\/wp\/v2\/tags?post=632"}],"curies":[{"name":"wp","href":"https:\/\/api.w.org\/{rel}","templated":true}]}}