{"id":742,"date":"2021-05-18T05:38:00","date_gmt":"2021-05-18T04:38:00","guid":{"rendered":"https:\/\/www.agrotecrally.cz\/?p=742"},"modified":"2021-06-01T13:58:09","modified_gmt":"2021-06-01T12:58:09","slug":"prijem-prihlasek-na-hustopece-je-v-plnem-proudu","status":"publish","type":"post","link":"https:\/\/www.agrotecrally.cz\/en\/rally-hustopece\/prijem-prihlasek-na-hustopece-je-v-plnem-proudu\/","title":{"rendered":"P\u0159\u00edjem p\u0159ihl\u00e1\u0161ek na Hustope\u010de je v pln\u00e9m proudu"},"content":{"rendered":"<p>[et_pb_section admin_label=&#8220;section&#8220;]<br \/>\n\t\t\t[et_pb_row admin_label=&#8220;row&#8220;]<br \/>\n\t\t\t\t[et_pb_column type=&#8220;4_4&#8243;][et_pb_text admin_label=&#8220;Text&#8220;]<strong>Za\u010d\u00e1tek kv\u011btna byl spojen s\u00a0vyd\u00e1n\u00edm z\u00e1kladn\u00edch dokument\u016f 16. ro\u010dn\u00edku AGROTEC PETRONAS rally. Ty jsou k\u00a0dispozici na re-designovan\u00fdch ofici\u00e1ln\u00edch str\u00e1nk\u00e1ch sout\u011b\u017ee a nab\u00eddnou v\u0161em z\u00e1jemc\u016fm o start v\u0161echny pot\u0159ebn\u00e9 informace. V\u010detn\u011b data uz\u00e1v\u011brky p\u0159ihl\u00e1\u0161ek (7. \u010dervna o p\u016flnoci) a potvrzen\u00ed u\u017e d\u0159\u00edve zn\u00e1m\u00e9ho term\u00ednu sout\u011b\u017ee 18. \u2013 19. \u010dervna 2021.<\/strong><\/p>\n<p><strong>\u00a0<\/strong>Zvl\u00e1\u0161tn\u00ed ustanoven\u00ed tak\u00e9 potvrzuje u\u017e d\u0159\u00edve zve\u0159ejn\u011bn\u00fd z\u00e1po\u010det sout\u011b\u017ee do Mistrovstv\u00ed FIA Z\u00f3ny st\u0159edn\u00ed Evropa (CEZ), SONAX Mistrovstv\u00ed \u010cR v\u00a0rally a Mistrovstv\u00ed SR v\u00a0rally a v\u00a0rally historick\u00fdch automobil\u016f. Novinkou je pak za\u0159azen\u00ed z\u00e1vodu do \u010cesk\u00e9 Trofeje v\u00a0rally historick\u00fdch automobil\u016f.<\/p>\n<p>A co na pos\u00e1dky, sout\u011b\u017en\u00ed t\u00fdmy a v\u011b\u0159me, \u017ee i tradi\u010dn\u00ed fanou\u0161ky hustope\u010dsk\u00e9 sout\u011b\u017ee, \u010dek\u00e1? Celkem dv\u011b z\u00e1vodn\u00ed etapy s\u00a0deseti rychlostn\u00edmi zkou\u0161kami (na p\u011bti \u00fasec\u00edch). Celkov\u00e1 d\u00e9lka rally je navr\u017eena na 361 km, rychlostn\u00ed zkou\u0161ky tvo\u0159\u00ed t\u00e9m\u011b\u0159 \u010dty\u0159icet procent (142,59 km). Do po\u010dtu z\u00e1vodn\u00edch kilometr\u016f bude p\u0159ece jen o n\u011bco del\u0161\u00ed sobotn\u00ed etapa (65 km p\u00e1tek \/ 77 km sobota).<\/p>\n<p><em>\u201eOp\u011bt se n\u00e1m poda\u0159ilo postavit kompaktn\u00ed a n\u00e1ro\u010dnou tra\u0165, na kter\u00e9 nechyb\u00ed nejen \u00faseky mezi vinicemi, ale tak\u00e9 jezdecky obl\u00edben\u00e1 \u0161otolina. V\u00a0p\u00e1tek to bude celkem 3,6 km a v\u00a0sobotu necel\u00fdch \u0161est kilometr\u016f. D\u00edky podpo\u0159e m\u00edstn\u00edch org\u00e1n\u016f i obc\u00ed m\u016f\u017eeme p\u0159edstavit i test \u00b4Hustope\u010dsko\u00b4, kter\u00fd bude nejdel\u0161\u00edm \u00fasekem sout\u011b\u017ee a pojede se v\u00a0z\u00e1v\u011bru obou sobotn\u00edch sekc\u00ed. Co se t\u00fd\u010de epidemiologick\u00e9 situace, st\u00e1le pracujeme na t\u0159ech variant\u00e1ch. Vzhledem k aktu\u00e1ln\u00edmu v\u00fdvoji jsme v\u0161ak optimisti a v\u011b\u0159\u00edme, \u017ee sout\u011b\u017e pojedeme i s div\u00e1ky,\u201c<\/em> nazna\u010duje \u0161\u00e9f organiza\u010dn\u00edho t\u00fdmu Martin Rada.<\/p>\n<p>A pr\u00e1v\u011b jeden z\u00a0tradi\u010dn\u00edch soupe\u0159\u016f Martina Rady na trat\u00edch \u010desk\u00e9ho \u0161ampion\u00e1tu Petr Ne\u0161et\u0159il (Porsche 997 GT3) byl prvn\u00edm p\u0159ihl\u00e1\u0161en\u00fdm jezdcem sout\u011b\u017ee. A hned druh\u00fdm byl obh\u00e1jce prvenstv\u00ed z\u00a0roku 2019 Filip Mare\u0161 (\u0160koda Fabia Rally2 Evo).<\/p>\n<p><em>\u201eNic se nem\u011bn\u00ed na syst\u00e9mu p\u0159ihl\u00e1\u0161ek. Dom\u00e1c\u00ed pos\u00e1dky se mohou hl\u00e1sit p\u0159es licen\u010dn\u00ed syst\u00e9m A\u010cR, slovensk\u00e9 pak p\u0159es port\u00e1l n\u00e1rodn\u00ed motoristick\u00e9 autority SAM\u0160. A douf\u00e1me, \u017ee se v\u00a0dne\u0161n\u00ed dob\u011b objev\u00ed na startu i t\u0159eba n\u011bjak\u00fd kvalitn\u00ed zahrani\u010dn\u00ed jezdec, stejn\u011b jako tomu bylo na Vala\u0161ce v\u00a0podob\u011b Nikolaje Grjazina,\u201c<\/em> v\u011b\u0159\u00ed \u0159editel Rudolf Kou\u0159il.<\/p>\n<p>Ofici\u00e1ln\u00ed start AGROTEC PETRONAS rally prob\u011bhne v Hustope\u010d\u00edch v p\u00e1tek 18. \u010dervna kr\u00e1tce po 17. hodin\u011b. Druhou p\u00e1te\u010dn\u00ed sekci pak u\u017e startovn\u00ed pole bude doj\u00ed\u017ed\u011bt za tmy. Sobotn\u00ed program za\u010dne kr\u00e1tce p\u0159ed des\u00e1tou hodinou, prvn\u00ed vozy lze o\u010dek\u00e1vat v c\u00edli z\u00e1vodu po 17. hodin\u011b.<\/p>\n<p>Servisn\u00ed z\u00e1zem\u00ed je um\u00edst\u011bno do nov\u00e9ho \u00a0are\u00e1lu spole\u010dnosti MOSS logistics, na Bratislavsk\u00e9 ulici v\u00a0Hustope\u010d\u00edch. Tato spole\u010dnost je dlouholet\u00fdm partnerem a podporovatelem na\u0161\u00ed rally.<\/p>\n<p>V\u00edce informac\u00ed k\u00a0sout\u011b\u017ei bude postupn\u011b zve\u0159ejn\u011bno na ofici\u00e1ln\u00ed str\u00e1nce www.agrotecrally.cz, \u0159ada novinek bude dostupn\u00e1 i na facebookov\u00e9m profilu <strong>Agrotec rally Hustope\u010de<\/strong>.<\/p>\n<p>AGROTEC PETRONAS rally Hustope\u010de 2021, tiskov\u00fd servis[\/et_pb_text][\/et_pb_column]<br \/>\n\t\t\t[\/et_pb_row]<br \/>\n\t\t[\/et_pb_section]<\/p>","protected":false},"excerpt":{"rendered":"<p>Za\u010d\u00e1tek kv\u011btna byl spojen s\u00a0vyd\u00e1n\u00edm z\u00e1kladn\u00edch dokument\u016f 16. ro\u010dn\u00edku AGROTEC PETRONAS rally. Ty jsou k\u00a0dispozici na re-designovan\u00fdch ofici\u00e1ln\u00edch str\u00e1nk\u00e1ch sout\u011b\u017ee a nab\u00eddnou v\u0161em z\u00e1jemc\u016fm o start v\u0161echny pot\u0159ebn\u00e9 informace. V\u010detn\u011b data uz\u00e1v\u011brky p\u0159ihl\u00e1\u0161ek (7. \u010dervna o p\u016flnoci) a potvrzen\u00ed u\u017e d\u0159\u00edve zn\u00e1m\u00e9ho term\u00ednu sout\u011b\u017ee 18. \u2013 19. \u010dervna 2021. \u00a0Zvl\u00e1\u0161tn\u00ed ustanoven\u00ed tak\u00e9 potvrzuje u\u017e d\u0159\u00edve [&hellip;]<\/p>","protected":false},"author":2,"featured_media":743,"comment_status":"open","ping_status":"open","sticky":false,"template":"","format":"standard","meta":{"_et_pb_use_builder":"on","_et_pb_old_content":"<strong>Za\u010d\u00e1tek kv\u011btna byl spojen s\u00a0vyd\u00e1n\u00edm z\u00e1kladn\u00edch dokument\u016f 16. ro\u010dn\u00edku AGROTEC PETRONAS rally. Ty jsou k\u00a0dispozici na re-designovan\u00fdch ofici\u00e1ln\u00edch str\u00e1nk\u00e1ch sout\u011b\u017ee a nab\u00eddnou v\u0161em z\u00e1jemc\u016fm o start v\u0161echny pot\u0159ebn\u00e9 informace. V\u010detn\u011b data uz\u00e1v\u011brky p\u0159ihl\u00e1\u0161ek (7. \u010dervna o p\u016flnoci) a potvrzen\u00ed u\u017e d\u0159\u00edve zn\u00e1m\u00e9ho term\u00ednu sout\u011b\u017ee 18. \u2013 19. \u010dervna 2021.<\/strong>\r\n\r\n<strong>\u00a0<\/strong>Zvl\u00e1\u0161tn\u00ed ustanoven\u00ed tak\u00e9 potvrzuje u\u017e d\u0159\u00edve zve\u0159ejn\u011bn\u00fd z\u00e1po\u010det sout\u011b\u017ee do Mistrovstv\u00ed FIA Z\u00f3ny st\u0159edn\u00ed Evropa (CEZ), SONAX Mistrovstv\u00ed \u010cR v\u00a0rally a Mistrovstv\u00ed SR v\u00a0rally a v\u00a0rally historick\u00fdch automobil\u016f. Novinkou je pak za\u0159azen\u00ed z\u00e1vodu do \u010cesk\u00e9 Trofeje v\u00a0rally historick\u00fdch automobil\u016f.\r\n\r\nA co na pos\u00e1dky, sout\u011b\u017en\u00ed t\u00fdmy a v\u011b\u0159me, \u017ee i tradi\u010dn\u00ed fanou\u0161ky hustope\u010dsk\u00e9 sout\u011b\u017ee, \u010dek\u00e1? Celkem dv\u011b z\u00e1vodn\u00ed etapy s\u00a0deseti rychlostn\u00edmi zkou\u0161kami (na p\u011bti \u00fasec\u00edch). Celkov\u00e1 d\u00e9lka rally je navr\u017eena na 361 km, rychlostn\u00ed zkou\u0161ky tvo\u0159\u00ed t\u00e9m\u011b\u0159 \u010dty\u0159icet procent (142,59 km). Do po\u010dtu z\u00e1vodn\u00edch kilometr\u016f bude p\u0159ece jen o n\u011bco del\u0161\u00ed sobotn\u00ed etapa (65 km p\u00e1tek \/ 77 km sobota).\r\n\r\n<em>\u201eOp\u011bt se n\u00e1m poda\u0159ilo postavit kompaktn\u00ed a n\u00e1ro\u010dnou tra\u0165, na kter\u00e9 nechyb\u00ed nejen \u00faseky mezi vinicemi, ale tak\u00e9 jezdecky obl\u00edben\u00e1 \u0161otolina. V\u00a0p\u00e1tek to bude celkem 3,6 km a v\u00a0sobotu necel\u00fdch \u0161est kilometr\u016f. D\u00edky podpo\u0159e m\u00edstn\u00edch org\u00e1n\u016f i obc\u00ed m\u016f\u017eeme p\u0159edstavit i test \u00b4Hustope\u010dsko\u00b4, kter\u00fd bude nejdel\u0161\u00edm \u00fasekem sout\u011b\u017ee a pojede se v\u00a0z\u00e1v\u011bru obou sobotn\u00edch sekc\u00ed. Co se t\u00fd\u010de epidemiologick\u00e9 situace, st\u00e1le pracujeme na t\u0159ech variant\u00e1ch. Vzhledem k aktu\u00e1ln\u00edmu v\u00fdvoji jsme v\u0161ak optimisti a v\u011b\u0159\u00edme, \u017ee sout\u011b\u017e pojedeme i s div\u00e1ky,\u201c<\/em> nazna\u010duje \u0161\u00e9f organiza\u010dn\u00edho t\u00fdmu Martin Rada.\r\n\r\nA pr\u00e1v\u011b jeden z\u00a0tradi\u010dn\u00edch soupe\u0159\u016f Martina Rady na trat\u00edch \u010desk\u00e9ho \u0161ampion\u00e1tu Petr Ne\u0161et\u0159il (Porsche 997 GT3) byl prvn\u00edm p\u0159ihl\u00e1\u0161en\u00fdm jezdcem sout\u011b\u017ee. A hned druh\u00fdm byl obh\u00e1jce prvenstv\u00ed z\u00a0roku 2019 Filip Mare\u0161 (\u0160koda Fabia Rally2 Evo).\r\n\r\n<em>\u201eNic se nem\u011bn\u00ed na syst\u00e9mu p\u0159ihl\u00e1\u0161ek. Dom\u00e1c\u00ed pos\u00e1dky se mohou hl\u00e1sit p\u0159es licen\u010dn\u00ed syst\u00e9m A\u010cR, slovensk\u00e9 pak p\u0159es port\u00e1l n\u00e1rodn\u00ed motoristick\u00e9 autority SAM\u0160. A douf\u00e1me, \u017ee se v\u00a0dne\u0161n\u00ed dob\u011b objev\u00ed na startu i t\u0159eba n\u011bjak\u00fd kvalitn\u00ed zahrani\u010dn\u00ed jezdec, stejn\u011b jako tomu bylo na Vala\u0161ce v\u00a0podob\u011b Nikolaje Grjazina,\u201c<\/em> v\u011b\u0159\u00ed \u0159editel Rudolf Kou\u0159il.\r\n\r\nOfici\u00e1ln\u00ed start AGROTEC PETRONAS rally prob\u011bhne v Hustope\u010d\u00edch v p\u00e1tek 18. \u010dervna kr\u00e1tce po 17. hodin\u011b. Druhou p\u00e1te\u010dn\u00ed sekci pak u\u017e startovn\u00ed pole bude doj\u00ed\u017ed\u011bt za tmy. Sobotn\u00ed program za\u010dne kr\u00e1tce p\u0159ed des\u00e1tou hodinou, prvn\u00ed vozy lze o\u010dek\u00e1vat v c\u00edli z\u00e1vodu po 17. hodin\u011b.\r\n\r\nServisn\u00ed z\u00e1zem\u00ed je um\u00edst\u011bno do nov\u00e9ho \u00a0are\u00e1lu spole\u010dnosti MOSS logistics, na Bratislavsk\u00e9 ulici v\u00a0Hustope\u010d\u00edch. Tato spole\u010dnost je dlouholet\u00fdm partnerem a podporovatelem na\u0161\u00ed rally.\r\n\r\nV\u00edce informac\u00ed k\u00a0sout\u011b\u017ei bude postupn\u011b zve\u0159ejn\u011bno na ofici\u00e1ln\u00ed str\u00e1nce www.agrotecrally.cz, \u0159ada novinek bude dostupn\u00e1 i na facebookov\u00e9m profilu <strong>Agrotec rally Hustope\u010de<\/strong>.\r\n\r\nAGROTEC PETRONAS rally Hustope\u010de 2021, tiskov\u00fd servis","_et_gb_content_width":"","footnotes":""},"categories":[10],"tags":[18,19,23,21,22,20],"yoast_head":"<!-- This site is optimized with the Yoast SEO plugin v21.9.1 - https:\/\/yoast.com\/wordpress\/plugins\/seo\/ -->\n<title>P\u0159\u00edjem p\u0159ihl\u00e1\u0161ek na Hustope\u010de je v pln\u00e9m proudu | AGROTEC Petronas Rally<\/title>\n<meta name=\"description\" content=\"P\u0159\u00edjem p\u0159ihl\u00e1\u0161ek na 16. ro\u010dn\u00edk AGROTEC Petronas rally je v pln\u00e9m proudu. Nev\u00e1hejte a p\u0159ihlaste se na tuto atraktivn\u00ed sout\u011b\u017e.\" \/>\n<meta name=\"robots\" content=\"index, follow, max-snippet:-1, max-image-preview:large, max-video-preview:-1\" \/>\n<link rel=\"canonical\" href=\"https:\/\/www.agrotecrally.cz\/en\/rally-hustopece\/prijem-prihlasek-na-hustopece-je-v-plnem-proudu\/\" \/>\n<meta property=\"og:locale\" content=\"en_GB\" \/>\n<meta property=\"og:type\" content=\"article\" \/>\n<meta property=\"og:title\" content=\"P\u0159\u00edjem p\u0159ihl\u00e1\u0161ek na Hustope\u010de je v pln\u00e9m proudu | AGROTEC Petronas Rally\" \/>\n<meta property=\"og:description\" content=\"P\u0159\u00edjem p\u0159ihl\u00e1\u0161ek na 16. ro\u010dn\u00edk AGROTEC Petronas rally je v pln\u00e9m proudu. Nev\u00e1hejte a p\u0159ihlaste se na tuto atraktivn\u00ed sout\u011b\u017e.\" \/>\n<meta property=\"og:url\" content=\"https:\/\/www.agrotecrally.cz\/en\/rally-hustopece\/prijem-prihlasek-na-hustopece-je-v-plnem-proudu\/\" \/>\n<meta property=\"og:site_name\" content=\"AGROTEC Petronas Rally\" \/>\n<meta property=\"article:publisher\" content=\"https:\/\/www.facebook.com\/agrotecrally\" \/>\n<meta property=\"article:published_time\" content=\"2021-05-18T04:38:00+00:00\" \/>\n<meta property=\"article:modified_time\" content=\"2021-06-01T12:58:09+00:00\" \/>\n<meta property=\"og:image\" content=\"https:\/\/www.agrotecrally.cz\/wp-content\/uploads\/2021\/05\/IMGP1785-Edit.jpg\" \/>\n\t<meta property=\"og:image:width\" content=\"2011\" \/>\n\t<meta property=\"og:image:height\" content=\"1342\" \/>\n\t<meta property=\"og:image:type\" content=\"image\/jpeg\" \/>\n<meta name=\"author\" content=\"Tom\u00e1\u0161 Plach\u00fd\" \/>\n<meta name=\"twitter:card\" content=\"summary_large_image\" \/>\n<meta name=\"twitter:label1\" content=\"Written by\" \/>\n\t<meta name=\"twitter:data1\" content=\"Tom\u00e1\u0161 Plach\u00fd\" \/>\n\t<meta name=\"twitter:label2\" content=\"Estimated reading time\" \/>\n\t<meta name=\"twitter:data2\" content=\"2 minutes\" \/>\n<script type=\"application\/ld+json\" class=\"yoast-schema-graph\">{\"@context\":\"https:\/\/schema.org\",\"@graph\":[{\"@type\":\"Article\",\"@id\":\"https:\/\/www.agrotecrally.cz\/rally-hustopece\/prijem-prihlasek-na-hustopece-je-v-plnem-proudu\/#article\",\"isPartOf\":{\"@id\":\"https:\/\/www.agrotecrally.cz\/rally-hustopece\/prijem-prihlasek-na-hustopece-je-v-plnem-proudu\/\"},\"author\":{\"name\":\"Tom\u00e1\u0161 Plach\u00fd\",\"@id\":\"https:\/\/www.agrotecrally.cz\/#\/schema\/person\/38a02deaa1f019e278fc735d03d83f85\"},\"headline\":\"P\u0159\u00edjem p\u0159ihl\u00e1\u0161ek na Hustope\u010de je v pln\u00e9m proudu\",\"datePublished\":\"2021-05-18T04:38:00+00:00\",\"dateModified\":\"2021-06-01T12:58:09+00:00\",\"mainEntityOfPage\":{\"@id\":\"https:\/\/www.agrotecrally.cz\/rally-hustopece\/prijem-prihlasek-na-hustopece-je-v-plnem-proudu\/\"},\"wordCount\":636,\"commentCount\":2,\"publisher\":{\"@id\":\"https:\/\/www.agrotecrally.cz\/#organization\"},\"keywords\":[\"Agrotec rally\",\"Hustope\u010de\",\"Hustope\u010dsko\",\"M\u010cR v rally\",\"MSR v rally\",\"rally mezi vinicemi\"],\"articleSection\":[\"AGROTEC rally Hustope\u010de\"],\"inLanguage\":\"en-GB\",\"potentialAction\":[{\"@type\":\"CommentAction\",\"name\":\"Comment\",\"target\":[\"https:\/\/www.agrotecrally.cz\/rally-hustopece\/prijem-prihlasek-na-hustopece-je-v-plnem-proudu\/#respond\"]}]},{\"@type\":\"WebPage\",\"@id\":\"https:\/\/www.agrotecrally.cz\/rally-hustopece\/prijem-prihlasek-na-hustopece-je-v-plnem-proudu\/\",\"url\":\"https:\/\/www.agrotecrally.cz\/rally-hustopece\/prijem-prihlasek-na-hustopece-je-v-plnem-proudu\/\",\"name\":\"P\u0159\u00edjem p\u0159ihl\u00e1\u0161ek na Hustope\u010de je v pln\u00e9m proudu | AGROTEC Petronas Rally\",\"isPartOf\":{\"@id\":\"https:\/\/www.agrotecrally.cz\/#website\"},\"datePublished\":\"2021-05-18T04:38:00+00:00\",\"dateModified\":\"2021-06-01T12:58:09+00:00\",\"description\":\"P\u0159\u00edjem p\u0159ihl\u00e1\u0161ek na 16. ro\u010dn\u00edk AGROTEC Petronas rally je v pln\u00e9m proudu. Nev\u00e1hejte a p\u0159ihlaste se na tuto atraktivn\u00ed sout\u011b\u017e.\",\"breadcrumb\":{\"@id\":\"https:\/\/www.agrotecrally.cz\/rally-hustopece\/prijem-prihlasek-na-hustopece-je-v-plnem-proudu\/#breadcrumb\"},\"inLanguage\":\"en-GB\",\"potentialAction\":[{\"@type\":\"ReadAction\",\"target\":[\"https:\/\/www.agrotecrally.cz\/rally-hustopece\/prijem-prihlasek-na-hustopece-je-v-plnem-proudu\/\"]}]},{\"@type\":\"BreadcrumbList\",\"@id\":\"https:\/\/www.agrotecrally.cz\/rally-hustopece\/prijem-prihlasek-na-hustopece-je-v-plnem-proudu\/#breadcrumb\",\"itemListElement\":[{\"@type\":\"ListItem\",\"position\":1,\"name\":\"Dom\u016f\",\"item\":\"https:\/\/www.agrotecrally.cz\/\"},{\"@type\":\"ListItem\",\"position\":2,\"name\":\"P\u0159\u00edjem p\u0159ihl\u00e1\u0161ek na Hustope\u010de je v pln\u00e9m proudu\"}]},{\"@type\":\"WebSite\",\"@id\":\"https:\/\/www.agrotecrally.cz\/#website\",\"url\":\"https:\/\/www.agrotecrally.cz\/\",\"name\":\"AGROTEC Petronas rally\",\"description\":\"Rally mezi vinicemi\",\"publisher\":{\"@id\":\"https:\/\/www.agrotecrally.cz\/#organization\"},\"potentialAction\":[{\"@type\":\"SearchAction\",\"target\":{\"@type\":\"EntryPoint\",\"urlTemplate\":\"https:\/\/www.agrotecrally.cz\/?s={search_term_string}\"},\"query-input\":\"required name=search_term_string\"}],\"inLanguage\":\"en-GB\"},{\"@type\":\"Organization\",\"@id\":\"https:\/\/www.agrotecrally.cz\/#organization\",\"name\":\"AGROTEC Petronas rally\",\"url\":\"https:\/\/www.agrotecrally.cz\/\",\"logo\":{\"@type\":\"ImageObject\",\"inLanguage\":\"en-GB\",\"@id\":\"https:\/\/www.agrotecrally.cz\/#\/schema\/logo\/image\/\",\"url\":\"https:\/\/www.agrotecrally.cz\/wp-content\/uploads\/2021\/05\/AGROTEC-RALLY_16-01-web-2.png\",\"contentUrl\":\"https:\/\/www.agrotecrally.cz\/wp-content\/uploads\/2021\/05\/AGROTEC-RALLY_16-01-web-2.png\",\"width\":459,\"height\":222,\"caption\":\"AGROTEC Petronas rally\"},\"image\":{\"@id\":\"https:\/\/www.agrotecrally.cz\/#\/schema\/logo\/image\/\"},\"sameAs\":[\"https:\/\/www.facebook.com\/agrotecrally\"]},{\"@type\":\"Person\",\"@id\":\"https:\/\/www.agrotecrally.cz\/#\/schema\/person\/38a02deaa1f019e278fc735d03d83f85\",\"name\":\"Tom\u00e1\u0161 Plach\u00fd\",\"image\":{\"@type\":\"ImageObject\",\"inLanguage\":\"en-GB\",\"@id\":\"https:\/\/www.agrotecrally.cz\/#\/schema\/person\/image\/\",\"url\":\"https:\/\/secure.gravatar.com\/avatar\/a7a68eee7fdb2b4f0975cdc024983e22?s=96&d=mm&r=g\",\"contentUrl\":\"https:\/\/secure.gravatar.com\/avatar\/a7a68eee7fdb2b4f0975cdc024983e22?s=96&d=mm&r=g\",\"caption\":\"Tom\u00e1\u0161 Plach\u00fd\"},\"url\":\"https:\/\/www.agrotecrally.cz\/en\/author\/topmediaseznam-cz\/\"}]}<\/script>\n<!-- \/ Yoast SEO plugin. -->","yoast_head_json":{"title":"P\u0159\u00edjem p\u0159ihl\u00e1\u0161ek na Hustope\u010de je v pln\u00e9m proudu | AGROTEC Petronas Rally","description":"P\u0159\u00edjem p\u0159ihl\u00e1\u0161ek na 16. ro\u010dn\u00edk AGROTEC Petronas rally je v pln\u00e9m proudu. Nev\u00e1hejte a p\u0159ihlaste se na tuto atraktivn\u00ed sout\u011b\u017e.","robots":{"index":"index","follow":"follow","max-snippet":"max-snippet:-1","max-image-preview":"max-image-preview:large","max-video-preview":"max-video-preview:-1"},"canonical":"https:\/\/www.agrotecrally.cz\/en\/rally-hustopece\/prijem-prihlasek-na-hustopece-je-v-plnem-proudu\/","og_locale":"en_GB","og_type":"article","og_title":"P\u0159\u00edjem p\u0159ihl\u00e1\u0161ek na Hustope\u010de je v pln\u00e9m proudu | AGROTEC Petronas Rally","og_description":"P\u0159\u00edjem p\u0159ihl\u00e1\u0161ek na 16. ro\u010dn\u00edk AGROTEC Petronas rally je v pln\u00e9m proudu. Nev\u00e1hejte a p\u0159ihlaste se na tuto atraktivn\u00ed sout\u011b\u017e.","og_url":"https:\/\/www.agrotecrally.cz\/en\/rally-hustopece\/prijem-prihlasek-na-hustopece-je-v-plnem-proudu\/","og_site_name":"AGROTEC Petronas Rally","article_publisher":"https:\/\/www.facebook.com\/agrotecrally","article_published_time":"2021-05-18T04:38:00+00:00","article_modified_time":"2021-06-01T12:58:09+00:00","og_image":[{"width":2011,"height":1342,"url":"https:\/\/www.agrotecrally.cz\/wp-content\/uploads\/2021\/05\/IMGP1785-Edit.jpg","type":"image\/jpeg"}],"author":"Tom\u00e1\u0161 Plach\u00fd","twitter_card":"summary_large_image","twitter_misc":{"Written by":"Tom\u00e1\u0161 Plach\u00fd","Estimated reading time":"2 minutes"},"schema":{"@context":"https:\/\/schema.org","@graph":[{"@type":"Article","@id":"https:\/\/www.agrotecrally.cz\/rally-hustopece\/prijem-prihlasek-na-hustopece-je-v-plnem-proudu\/#article","isPartOf":{"@id":"https:\/\/www.agrotecrally.cz\/rally-hustopece\/prijem-prihlasek-na-hustopece-je-v-plnem-proudu\/"},"author":{"name":"Tom\u00e1\u0161 Plach\u00fd","@id":"https:\/\/www.agrotecrally.cz\/#\/schema\/person\/38a02deaa1f019e278fc735d03d83f85"},"headline":"P\u0159\u00edjem p\u0159ihl\u00e1\u0161ek na Hustope\u010de je v pln\u00e9m proudu","datePublished":"2021-05-18T04:38:00+00:00","dateModified":"2021-06-01T12:58:09+00:00","mainEntityOfPage":{"@id":"https:\/\/www.agrotecrally.cz\/rally-hustopece\/prijem-prihlasek-na-hustopece-je-v-plnem-proudu\/"},"wordCount":636,"commentCount":2,"publisher":{"@id":"https:\/\/www.agrotecrally.cz\/#organization"},"keywords":["Agrotec rally","Hustope\u010de","Hustope\u010dsko","M\u010cR v rally","MSR v rally","rally mezi vinicemi"],"articleSection":["AGROTEC rally Hustope\u010de"],"inLanguage":"en-GB","potentialAction":[{"@type":"CommentAction","name":"Comment","target":["https:\/\/www.agrotecrally.cz\/rally-hustopece\/prijem-prihlasek-na-hustopece-je-v-plnem-proudu\/#respond"]}]},{"@type":"WebPage","@id":"https:\/\/www.agrotecrally.cz\/rally-hustopece\/prijem-prihlasek-na-hustopece-je-v-plnem-proudu\/","url":"https:\/\/www.agrotecrally.cz\/rally-hustopece\/prijem-prihlasek-na-hustopece-je-v-plnem-proudu\/","name":"P\u0159\u00edjem p\u0159ihl\u00e1\u0161ek na Hustope\u010de je v pln\u00e9m proudu | AGROTEC Petronas Rally","isPartOf":{"@id":"https:\/\/www.agrotecrally.cz\/#website"},"datePublished":"2021-05-18T04:38:00+00:00","dateModified":"2021-06-01T12:58:09+00:00","description":"P\u0159\u00edjem p\u0159ihl\u00e1\u0161ek na 16. ro\u010dn\u00edk AGROTEC Petronas rally je v pln\u00e9m proudu. Nev\u00e1hejte a p\u0159ihlaste se na tuto atraktivn\u00ed sout\u011b\u017e.","breadcrumb":{"@id":"https:\/\/www.agrotecrally.cz\/rally-hustopece\/prijem-prihlasek-na-hustopece-je-v-plnem-proudu\/#breadcrumb"},"inLanguage":"en-GB","potentialAction":[{"@type":"ReadAction","target":["https:\/\/www.agrotecrally.cz\/rally-hustopece\/prijem-prihlasek-na-hustopece-je-v-plnem-proudu\/"]}]},{"@type":"BreadcrumbList","@id":"https:\/\/www.agrotecrally.cz\/rally-hustopece\/prijem-prihlasek-na-hustopece-je-v-plnem-proudu\/#breadcrumb","itemListElement":[{"@type":"ListItem","position":1,"name":"Dom\u016f","item":"https:\/\/www.agrotecrally.cz\/"},{"@type":"ListItem","position":2,"name":"P\u0159\u00edjem p\u0159ihl\u00e1\u0161ek na Hustope\u010de je v pln\u00e9m proudu"}]},{"@type":"WebSite","@id":"https:\/\/www.agrotecrally.cz\/#website","url":"https:\/\/www.agrotecrally.cz\/","name":"AGROTEC Petronas rally","description":"Rally mezi vinicemi","publisher":{"@id":"https:\/\/www.agrotecrally.cz\/#organization"},"potentialAction":[{"@type":"SearchAction","target":{"@type":"EntryPoint","urlTemplate":"https:\/\/www.agrotecrally.cz\/?s={search_term_string}"},"query-input":"required name=search_term_string"}],"inLanguage":"en-GB"},{"@type":"Organization","@id":"https:\/\/www.agrotecrally.cz\/#organization","name":"AGROTEC Petronas rally","url":"https:\/\/www.agrotecrally.cz\/","logo":{"@type":"ImageObject","inLanguage":"en-GB","@id":"https:\/\/www.agrotecrally.cz\/#\/schema\/logo\/image\/","url":"https:\/\/www.agrotecrally.cz\/wp-content\/uploads\/2021\/05\/AGROTEC-RALLY_16-01-web-2.png","contentUrl":"https:\/\/www.agrotecrally.cz\/wp-content\/uploads\/2021\/05\/AGROTEC-RALLY_16-01-web-2.png","width":459,"height":222,"caption":"AGROTEC Petronas rally"},"image":{"@id":"https:\/\/www.agrotecrally.cz\/#\/schema\/logo\/image\/"},"sameAs":["https:\/\/www.facebook.com\/agrotecrally"]},{"@type":"Person","@id":"https:\/\/www.agrotecrally.cz\/#\/schema\/person\/38a02deaa1f019e278fc735d03d83f85","name":"Tom\u00e1\u0161 Plach\u00fd","image":{"@type":"ImageObject","inLanguage":"en-GB","@id":"https:\/\/www.agrotecrally.cz\/#\/schema\/person\/image\/","url":"https:\/\/secure.gravatar.com\/avatar\/a7a68eee7fdb2b4f0975cdc024983e22?s=96&d=mm&r=g","contentUrl":"https:\/\/secure.gravatar.com\/avatar\/a7a68eee7fdb2b4f0975cdc024983e22?s=96&d=mm&r=g","caption":"Tom\u00e1\u0161 Plach\u00fd"},"url":"https:\/\/www.agrotecrally.cz\/en\/author\/topmediaseznam-cz\/"}]}},"_links":{"self":[{"href":"https:\/\/www.agrotecrally.cz\/en\/wp-json\/wp\/v2\/posts\/742"}],"collection":[{"href":"https:\/\/www.agrotecrally.cz\/en\/wp-json\/wp\/v2\/posts"}],"about":[{"href":"https:\/\/www.agrotecrally.cz\/en\/wp-json\/wp\/v2\/types\/post"}],"author":[{"embeddable":true,"href":"https:\/\/www.agrotecrally.cz\/en\/wp-json\/wp\/v2\/users\/2"}],"replies":[{"embeddable":true,"href":"https:\/\/www.agrotecrally.cz\/en\/wp-json\/wp\/v2\/comments?post=742"}],"version-history":[{"count":2,"href":"https:\/\/www.agrotecrally.cz\/en\/wp-json\/wp\/v2\/posts\/742\/revisions"}],"predecessor-version":[{"id":966,"href":"https:\/\/www.agrotecrally.cz\/en\/wp-json\/wp\/v2\/posts\/742\/revisions\/966"}],"wp:featuredmedia":[{"embeddable":true,"href":"https:\/\/www.agrotecrally.cz\/en\/wp-json\/wp\/v2\/media\/743"}],"wp:attachment":[{"href":"https:\/\/www.agrotecrally.cz\/en\/wp-json\/wp\/v2\/media?parent=742"}],"wp:term":[{"taxonomy":"category","embeddable":true,"href":"https:\/\/www.agrotecrally.cz\/en\/wp-json\/wp\/v2\/categories?post=742"},{"taxonomy":"post_tag","embeddable":true,"href":"https:\/\/www.agrotecrally.cz\/en\/wp-json\/wp\/v2\/tags?post=742"}],"curies":[{"name":"wp","href":"https:\/\/api.w.org\/{rel}","templated":true}]}}